{"id":10187,"date":"2023-10-18T09:37:16","date_gmt":"2023-10-18T12:37:16","guid":{"rendered":"https:\/\/www.blogsoestado.com\/evandrojunior\/?p=10187"},"modified":"2023-10-18T09:37:16","modified_gmt":"2023-10-18T12:37:16","slug":"wine-celebration-chefs-gabaritados-assinarao-menu","status":"publish","type":"post","link":"https:\/\/www.blogsoestado.com\/evandrojunior\/2023\/10\/18\/wine-celebration-chefs-gabaritados-assinarao-menu\/","title":{"rendered":"Wine Celebration: Chefs gabaritados assinar\u00e3o menu"},"content":{"rendered":"\n<div class=\"wp-block-image\"><figure class=\"aligncenter size-large is-resized\"><img fetchpriority=\"high\" decoding=\"async\" src=\"https:\/\/www.blogsoestado.com\/evandrojunior\/files\/2023\/10\/IMG-2030.jpg\" alt=\"\" class=\"wp-image-10188\" width=\"417\" height=\"450\"\/><figcaption><strong>Chef Cl\u00e1udia Vaz \u00e9 uma das que assinar\u00e1 um prato no evento Wine Celebration<\/strong><\/figcaption><\/figure><\/div>\n\n\n\n<p><strong>S\u00e3o Lu\u00eds <\/strong>&#8211; Um time gabaritado de Chefs vai assinar o menu caprichado do Wine Celebration Brasil 2023, evento a ser realizado no pr\u00f3ximo dia 20 de outubro, \u00e0s 21h, no Palazzo Eventos (Ara\u00e7agi), com uma profus\u00e3o de r\u00f3tulos de vinhos e show contagiante do cantor Paulo Ricardo. <\/p>\n\n\n\n<p>Os Chefs convidados foram selecionados a dedo e dar\u00e3o um show \u00e0 parte nas esta\u00e7\u00f5es gastron\u00f4micas, pois cada um deles assinar\u00e1 um prato, que incluir\u00e1 comida vegetariana: uma novidade na edi\u00e7\u00e3o deste ano.<\/p>\n\n\n\n<div class=\"wp-block-image\"><figure class=\"aligncenter size-large is-resized\"><img decoding=\"async\" src=\"https:\/\/www.blogsoestado.com\/evandrojunior\/files\/2023\/10\/image-1.png\" alt=\"\" class=\"wp-image-10189\" width=\"459\" height=\"335\"\/><figcaption><strong>Chef Junior Ayoub tem mais de 25 anos de profiss\u00e3o e foco na culin\u00e1ria \u00e1rabe e maranhense<\/strong><\/figcaption><\/figure><\/div>\n\n\n\n<p>Um dos convidados para o evento \u00e9 o Chef Junior Ayoub, com mais de 25 anos de profiss\u00e3o e foco na culin\u00e1ria \u00e1rabe e maranhense. Ele \u00e9 ganhador de pr\u00eamios e participou de importantes projetos na \u00e1rea de alimentos e bebidas. \u00c9 dele a responsabilidade pela curadoria dos pratos que compor\u00e3o o vasto menu da Wine Celebration.<\/p>\n\n\n\n<p>Quem tamb\u00e9m est\u00e1 na lista \u00e9 a Chef Cl\u00e1udia Vaz, que domina como ningu\u00e9m a arte de elaborar deliciosos pratos \u00e0 base de frutos do mar, com t\u00e9cnicas exclusivas guardadas a sete chaves. <\/p>\n\n\n\n<p>Tamb\u00e9m participar\u00e1 o Chef Warwick Trinta, especializado em gastronomia contempor\u00e2nea. Ele \u00e9 s\u00f3cio do Restaurante Alameda Trinta e tem como um dos pontos fortes fazer releituras de pratos da cozinha cl\u00e1ssica. Trinta passou por conceituados restaurantes, a exemplo do Terra\u00e7o It\u00e1lia, DOM, Due Couchi e Flor de Sal Bistr\u00f4.<\/p>\n\n\n\n<div class=\"wp-block-image\"><figure class=\"aligncenter size-large is-resized\"><img decoding=\"async\" src=\"https:\/\/www.blogsoestado.com\/evandrojunior\/files\/2023\/10\/Warwick-Trinta.jpg\" alt=\"\" class=\"wp-image-10190\" width=\"372\" height=\"471\"\/><figcaption><strong>Chef Warwick Trinta \u00e9 especializado em gastronomia contempor\u00e2nea<\/strong><\/figcaption><\/figure><\/div>\n\n\n\n<p><strong>Culin\u00e1ria francesa<\/strong><\/p>\n\n\n\n<p>Leandro Burnett, gastr\u00f3logo com especializa\u00e7\u00e3o em culin\u00e1ria francesa, \u00e9 outra fera da gastronomia. Ele atualmente est\u00e1 \u00e0 frente do Quartetto Bar. Tem, ainda, Mayara Fonseca, uma sergipana com cora\u00e7\u00e3o maranhense. Ela \u00e9 chef padeira e propriet\u00e1ria da Ser\u00e8 P\u00e3es Artesanais.<\/p>\n\n\n\n<p>Tem mais: com mais de 30 anos de experi\u00eancia, o Chef belga Nicolas Navez \u00e9 outro que participar\u00e1 do evento. Ele \u00e9 um mestre da culin\u00e1ria contempor\u00e2nea e esta ser\u00e1 sua terceira participa\u00e7\u00e3o na Wine Celebration.<\/p>\n\n\n\n<div class=\"wp-block-image\"><figure class=\"aligncenter size-large is-resized\"><img loading=\"lazy\" decoding=\"async\" src=\"https:\/\/www.blogsoestado.com\/evandrojunior\/files\/2023\/10\/image-1-1.png\" alt=\"\" class=\"wp-image-10191\" width=\"427\" height=\"469\"\/><figcaption>Chef belga Nicolas Navez tamb\u00e9m <strong>participar\u00e1 <\/strong>do evento<\/figcaption><\/figure><\/div>\n\n\n\n<p><strong>Prato fitness<\/strong><\/p>\n\n\n\n<p>Uma das novidades desta edi\u00e7\u00e3o ser\u00e1 um prato vegetariano, que ficar\u00e1 aos cuidados do Chef Gopa. Especialista em culin\u00e1ria vegana, ele \u00e9 um colecionador de pr\u00eamios. Em 2018, arrematou o primeiro lugar no concurso do Enchefs Maranh\u00e3o. Em 2020, teve seu talento reconhecido nacionalmente ao receber o Pr\u00eamio D\u00f3lm\u00e3, uma esp\u00e9cie de Oscar da gastronomia brasileira. No mesmo ano, foi nomeado Embaixador da Gastronomia do Maranh\u00e3o, tornando-se o primeiro chef vegano do Brasil a garantir esse t\u00edtulo.<\/p>\n\n\n\n<p>O Chef Valdemir Lopes tamb\u00e9m assinar\u00e1 um prato na Wine Celebration. Ele trabalha com pizzas italianas, especialmente napolitanas de alto padr\u00e3o. Atualmente, comanda o Pizzaiolo Gourmet, um servi\u00e7o premium de rod\u00edzio de pizzas em domic\u00edlio.\u00a0<\/p>\n","protected":false},"excerpt":{"rendered":"<p>S\u00e3o Lu\u00eds &#8211; Um time gabaritado de Chefs vai assinar o menu caprichado do Wine Celebration Brasil 2023, evento a [&hellip;]<\/p>\n","protected":false},"author":4,"featured_media":0,"comment_status":"open","ping_status":"open","sticky":false,"template":"","format":"standard","meta":{"site-sidebar-layout":"default","site-content-layout":"","ast-site-content-layout":"default","site-content-style":"default","site-sidebar-style":"default","ast-global-header-display":"","ast-banner-title-visibility":"","ast-main-header-display":"","ast-hfb-above-header-display":"","ast-hfb-below-header-display":"","ast-hfb-mobile-header-display":"","site-post-title":"","ast-breadcrumbs-content":"","ast-featured-img":"","footer-sml-layout":"","ast-disable-related-posts":"","theme-transparent-header-meta":"","adv-header-id-meta":"","stick-header-meta":"","header-above-stick-meta":"","header-main-stick-meta":"","header-below-stick-meta":"","astra-migrate-meta-layouts":"default","ast-page-background-enabled":"default","ast-page-background-meta":{"desktop":{"background-color":"var(--ast-global-color-5)","background-image":"","background-repeat":"repeat","background-position":"center center","background-size":"auto","background-attachment":"scroll","background-type":"","background-media":"","overlay-type":"","overlay-color":"","overlay-opacity":"","overlay-gradient":""},"tablet":{"background-color":"","background-image":"","background-repeat":"repeat","background-position":"center center","background-size":"auto","background-attachment":"scroll","background-type":"","background-media":"","overlay-type":"","overlay-color":"","overlay-opacity":"","overlay-gradient":""},"mobile":{"background-color":"","background-image":"","background-repeat":"repeat","background-position":"center center","background-size":"auto","background-attachment":"scroll","background-type":"","background-media":"","overlay-type":"","overlay-color":"","overlay-opacity":"","overlay-gradient":""}},"ast-content-background-meta":{"desktop":{"background-color":"var(--ast-global-color-4)","background-image":"","background-repeat":"repeat","background-position":"center center","background-size":"auto","background-attachment":"scroll","background-type":"","background-media":"","overlay-type":"","overlay-color":"","overlay-opacity":"","overlay-gradient":""},"tablet":{"background-color":"var(--ast-global-color-4)","background-image":"","background-repeat":"repeat","background-position":"center center","background-size":"auto","background-attachment":"scroll","background-type":"","background-media":"","overlay-type":"","overlay-color":"","overlay-opacity":"","overlay-gradient":""},"mobile":{"background-color":"var(--ast-global-color-4)","background-image":"","background-repeat":"repeat","background-position":"center center","background-size":"auto","background-attachment":"scroll","background-type":"","background-media":"","overlay-type":"","overlay-color":"","overlay-opacity":"","overlay-gradient":""}},"footnotes":""},"categories":[1],"tags":[],"class_list":["post-10187","post","type-post","status-publish","format-standard","hentry","category-sem-categoria"],"yoast_head":"<!-- This site is optimized with the Yoast SEO plugin v26.6 - https:\/\/yoast.com\/wordpress\/plugins\/seo\/ -->\n<title>Wine Celebration: Chefs gabaritados assinar\u00e3o menu - Evandro Junior<\/title>\n<meta name=\"robots\" content=\"index, follow, max-snippet:-1, max-image-preview:large, max-video-preview:-1\" \/>\n<link rel=\"canonical\" href=\"https:\/\/www.blogsoestado.com\/evandrojunior\/2023\/10\/18\/wine-celebration-chefs-gabaritados-assinarao-menu\/\" \/>\n<meta property=\"og:locale\" content=\"pt_BR\" \/>\n<meta property=\"og:type\" content=\"article\" \/>\n<meta property=\"og:title\" content=\"Wine Celebration: Chefs gabaritados assinar\u00e3o menu - Evandro Junior\" \/>\n<meta property=\"og:description\" content=\"S\u00e3o Lu\u00eds &#8211; Um time gabaritado de Chefs vai assinar o menu caprichado do Wine Celebration Brasil 2023, evento a [&hellip;]\" \/>\n<meta property=\"og:url\" content=\"https:\/\/www.blogsoestado.com\/evandrojunior\/2023\/10\/18\/wine-celebration-chefs-gabaritados-assinarao-menu\/\" \/>\n<meta property=\"og:site_name\" content=\"Evandro Junior\" \/>\n<meta property=\"article:published_time\" content=\"2023-10-18T12:37:16+00:00\" \/>\n<meta property=\"og:image\" content=\"https:\/\/www.blogsoestado.com\/evandrojunior\/files\/2023\/10\/IMG-2030.jpg\" \/>\n<meta name=\"author\" content=\"Evandro Junior\" \/>\n<meta name=\"twitter:card\" content=\"summary_large_image\" \/>\n<meta name=\"twitter:label1\" content=\"Escrito por\" \/>\n\t<meta name=\"twitter:data1\" content=\"Evandro Junior\" \/>\n\t<meta name=\"twitter:label2\" content=\"Est. tempo de leitura\" \/>\n\t<meta name=\"twitter:data2\" content=\"3 minutos\" \/>\n<script type=\"application\/ld+json\" class=\"yoast-schema-graph\">{\"@context\":\"https:\/\/schema.org\",\"@graph\":[{\"@type\":\"WebPage\",\"@id\":\"https:\/\/www.blogsoestado.com\/evandrojunior\/2023\/10\/18\/wine-celebration-chefs-gabaritados-assinarao-menu\/\",\"url\":\"https:\/\/www.blogsoestado.com\/evandrojunior\/2023\/10\/18\/wine-celebration-chefs-gabaritados-assinarao-menu\/\",\"name\":\"Wine Celebration: Chefs gabaritados assinar\u00e3o menu - Evandro Junior\",\"isPartOf\":{\"@id\":\"https:\/\/www.blogsoestado.com\/evandrojunior\/#website\"},\"primaryImageOfPage\":{\"@id\":\"https:\/\/www.blogsoestado.com\/evandrojunior\/2023\/10\/18\/wine-celebration-chefs-gabaritados-assinarao-menu\/#primaryimage\"},\"image\":{\"@id\":\"https:\/\/www.blogsoestado.com\/evandrojunior\/2023\/10\/18\/wine-celebration-chefs-gabaritados-assinarao-menu\/#primaryimage\"},\"thumbnailUrl\":\"https:\/\/www.blogsoestado.com\/evandrojunior\/files\/2023\/10\/IMG-2030.jpg\",\"datePublished\":\"2023-10-18T12:37:16+00:00\",\"author\":{\"@id\":\"https:\/\/www.blogsoestado.com\/evandrojunior\/#\/schema\/person\/3e6c3d8dbb740d1c6878ebc935cfb3be\"},\"breadcrumb\":{\"@id\":\"https:\/\/www.blogsoestado.com\/evandrojunior\/2023\/10\/18\/wine-celebration-chefs-gabaritados-assinarao-menu\/#breadcrumb\"},\"inLanguage\":\"pt-BR\",\"potentialAction\":[{\"@type\":\"ReadAction\",\"target\":[\"https:\/\/www.blogsoestado.com\/evandrojunior\/2023\/10\/18\/wine-celebration-chefs-gabaritados-assinarao-menu\/\"]}]},{\"@type\":\"ImageObject\",\"inLanguage\":\"pt-BR\",\"@id\":\"https:\/\/www.blogsoestado.com\/evandrojunior\/2023\/10\/18\/wine-celebration-chefs-gabaritados-assinarao-menu\/#primaryimage\",\"url\":\"https:\/\/www.blogsoestado.com\/evandrojunior\/files\/2023\/10\/IMG-2030.jpg\",\"contentUrl\":\"https:\/\/www.blogsoestado.com\/evandrojunior\/files\/2023\/10\/IMG-2030.jpg\"},{\"@type\":\"BreadcrumbList\",\"@id\":\"https:\/\/www.blogsoestado.com\/evandrojunior\/2023\/10\/18\/wine-celebration-chefs-gabaritados-assinarao-menu\/#breadcrumb\",\"itemListElement\":[{\"@type\":\"ListItem\",\"position\":1,\"name\":\"In\u00edcio\",\"item\":\"https:\/\/www.blogsoestado.com\/evandrojunior\/\"},{\"@type\":\"ListItem\",\"position\":2,\"name\":\"Wine Celebration: Chefs gabaritados assinar\u00e3o menu\"}]},{\"@type\":\"WebSite\",\"@id\":\"https:\/\/www.blogsoestado.com\/evandrojunior\/#website\",\"url\":\"https:\/\/www.blogsoestado.com\/evandrojunior\/\",\"name\":\"Evandro Junior\",\"description\":\"\",\"potentialAction\":[{\"@type\":\"SearchAction\",\"target\":{\"@type\":\"EntryPoint\",\"urlTemplate\":\"https:\/\/www.blogsoestado.com\/evandrojunior\/?s={search_term_string}\"},\"query-input\":{\"@type\":\"PropertyValueSpecification\",\"valueRequired\":true,\"valueName\":\"search_term_string\"}}],\"inLanguage\":\"pt-BR\"},{\"@type\":\"Person\",\"@id\":\"https:\/\/www.blogsoestado.com\/evandrojunior\/#\/schema\/person\/3e6c3d8dbb740d1c6878ebc935cfb3be\",\"name\":\"Evandro Junior\",\"image\":{\"@type\":\"ImageObject\",\"inLanguage\":\"pt-BR\",\"@id\":\"https:\/\/www.blogsoestado.com\/evandrojunior\/#\/schema\/person\/image\/\",\"url\":\"https:\/\/secure.gravatar.com\/avatar\/f80a03a2294a580cd2318bfb459bf354cfa8be661ef3d95b542cf9a04af8d129?s=96&d=mm&r=g\",\"contentUrl\":\"https:\/\/secure.gravatar.com\/avatar\/f80a03a2294a580cd2318bfb459bf354cfa8be661ef3d95b542cf9a04af8d129?s=96&d=mm&r=g\",\"caption\":\"Evandro Junior\"},\"url\":\"https:\/\/www.blogsoestado.com\/evandrojunior\/author\/evandrojunior\/\"}]}<\/script>\n<!-- \/ Yoast SEO plugin. -->","yoast_head_json":{"title":"Wine Celebration: Chefs gabaritados assinar\u00e3o menu - Evandro Junior","robots":{"index":"index","follow":"follow","max-snippet":"max-snippet:-1","max-image-preview":"max-image-preview:large","max-video-preview":"max-video-preview:-1"},"canonical":"https:\/\/www.blogsoestado.com\/evandrojunior\/2023\/10\/18\/wine-celebration-chefs-gabaritados-assinarao-menu\/","og_locale":"pt_BR","og_type":"article","og_title":"Wine Celebration: Chefs gabaritados assinar\u00e3o menu - Evandro Junior","og_description":"S\u00e3o Lu\u00eds &#8211; Um time gabaritado de Chefs vai assinar o menu caprichado do Wine Celebration Brasil 2023, evento a [&hellip;]","og_url":"https:\/\/www.blogsoestado.com\/evandrojunior\/2023\/10\/18\/wine-celebration-chefs-gabaritados-assinarao-menu\/","og_site_name":"Evandro Junior","article_published_time":"2023-10-18T12:37:16+00:00","og_image":[{"url":"https:\/\/www.blogsoestado.com\/evandrojunior\/files\/2023\/10\/IMG-2030.jpg","type":"","width":"","height":""}],"author":"Evandro Junior","twitter_card":"summary_large_image","twitter_misc":{"Escrito por":"Evandro Junior","Est. tempo de leitura":"3 minutos"},"schema":{"@context":"https:\/\/schema.org","@graph":[{"@type":"WebPage","@id":"https:\/\/www.blogsoestado.com\/evandrojunior\/2023\/10\/18\/wine-celebration-chefs-gabaritados-assinarao-menu\/","url":"https:\/\/www.blogsoestado.com\/evandrojunior\/2023\/10\/18\/wine-celebration-chefs-gabaritados-assinarao-menu\/","name":"Wine Celebration: Chefs gabaritados assinar\u00e3o menu - Evandro Junior","isPartOf":{"@id":"https:\/\/www.blogsoestado.com\/evandrojunior\/#website"},"primaryImageOfPage":{"@id":"https:\/\/www.blogsoestado.com\/evandrojunior\/2023\/10\/18\/wine-celebration-chefs-gabaritados-assinarao-menu\/#primaryimage"},"image":{"@id":"https:\/\/www.blogsoestado.com\/evandrojunior\/2023\/10\/18\/wine-celebration-chefs-gabaritados-assinarao-menu\/#primaryimage"},"thumbnailUrl":"https:\/\/www.blogsoestado.com\/evandrojunior\/files\/2023\/10\/IMG-2030.jpg","datePublished":"2023-10-18T12:37:16+00:00","author":{"@id":"https:\/\/www.blogsoestado.com\/evandrojunior\/#\/schema\/person\/3e6c3d8dbb740d1c6878ebc935cfb3be"},"breadcrumb":{"@id":"https:\/\/www.blogsoestado.com\/evandrojunior\/2023\/10\/18\/wine-celebration-chefs-gabaritados-assinarao-menu\/#breadcrumb"},"inLanguage":"pt-BR","potentialAction":[{"@type":"ReadAction","target":["https:\/\/www.blogsoestado.com\/evandrojunior\/2023\/10\/18\/wine-celebration-chefs-gabaritados-assinarao-menu\/"]}]},{"@type":"ImageObject","inLanguage":"pt-BR","@id":"https:\/\/www.blogsoestado.com\/evandrojunior\/2023\/10\/18\/wine-celebration-chefs-gabaritados-assinarao-menu\/#primaryimage","url":"https:\/\/www.blogsoestado.com\/evandrojunior\/files\/2023\/10\/IMG-2030.jpg","contentUrl":"https:\/\/www.blogsoestado.com\/evandrojunior\/files\/2023\/10\/IMG-2030.jpg"},{"@type":"BreadcrumbList","@id":"https:\/\/www.blogsoestado.com\/evandrojunior\/2023\/10\/18\/wine-celebration-chefs-gabaritados-assinarao-menu\/#breadcrumb","itemListElement":[{"@type":"ListItem","position":1,"name":"In\u00edcio","item":"https:\/\/www.blogsoestado.com\/evandrojunior\/"},{"@type":"ListItem","position":2,"name":"Wine Celebration: Chefs gabaritados assinar\u00e3o menu"}]},{"@type":"WebSite","@id":"https:\/\/www.blogsoestado.com\/evandrojunior\/#website","url":"https:\/\/www.blogsoestado.com\/evandrojunior\/","name":"Evandro Junior","description":"","potentialAction":[{"@type":"SearchAction","target":{"@type":"EntryPoint","urlTemplate":"https:\/\/www.blogsoestado.com\/evandrojunior\/?s={search_term_string}"},"query-input":{"@type":"PropertyValueSpecification","valueRequired":true,"valueName":"search_term_string"}}],"inLanguage":"pt-BR"},{"@type":"Person","@id":"https:\/\/www.blogsoestado.com\/evandrojunior\/#\/schema\/person\/3e6c3d8dbb740d1c6878ebc935cfb3be","name":"Evandro Junior","image":{"@type":"ImageObject","inLanguage":"pt-BR","@id":"https:\/\/www.blogsoestado.com\/evandrojunior\/#\/schema\/person\/image\/","url":"https:\/\/secure.gravatar.com\/avatar\/f80a03a2294a580cd2318bfb459bf354cfa8be661ef3d95b542cf9a04af8d129?s=96&d=mm&r=g","contentUrl":"https:\/\/secure.gravatar.com\/avatar\/f80a03a2294a580cd2318bfb459bf354cfa8be661ef3d95b542cf9a04af8d129?s=96&d=mm&r=g","caption":"Evandro Junior"},"url":"https:\/\/www.blogsoestado.com\/evandrojunior\/author\/evandrojunior\/"}]}},"jetpack_featured_media_url":"","_links":{"self":[{"href":"https:\/\/www.blogsoestado.com\/evandrojunior\/wp-json\/wp\/v2\/posts\/10187","targetHints":{"allow":["GET"]}}],"collection":[{"href":"https:\/\/www.blogsoestado.com\/evandrojunior\/wp-json\/wp\/v2\/posts"}],"about":[{"href":"https:\/\/www.blogsoestado.com\/evandrojunior\/wp-json\/wp\/v2\/types\/post"}],"author":[{"embeddable":true,"href":"https:\/\/www.blogsoestado.com\/evandrojunior\/wp-json\/wp\/v2\/users\/4"}],"replies":[{"embeddable":true,"href":"https:\/\/www.blogsoestado.com\/evandrojunior\/wp-json\/wp\/v2\/comments?post=10187"}],"version-history":[{"count":0,"href":"https:\/\/www.blogsoestado.com\/evandrojunior\/wp-json\/wp\/v2\/posts\/10187\/revisions"}],"wp:attachment":[{"href":"https:\/\/www.blogsoestado.com\/evandrojunior\/wp-json\/wp\/v2\/media?parent=10187"}],"wp:term":[{"taxonomy":"category","embeddable":true,"href":"https:\/\/www.blogsoestado.com\/evandrojunior\/wp-json\/wp\/v2\/categories?post=10187"},{"taxonomy":"post_tag","embeddable":true,"href":"https:\/\/www.blogsoestado.com\/evandrojunior\/wp-json\/wp\/v2\/tags?post=10187"}],"curies":[{"name":"wp","href":"https:\/\/api.w.org\/{rel}","templated":true}]}}