{"id":10206,"date":"2023-10-18T16:09:10","date_gmt":"2023-10-18T19:09:10","guid":{"rendered":"https:\/\/www.blogsoestado.com\/evandrojunior\/?p=10206"},"modified":"2023-10-18T16:09:10","modified_gmt":"2023-10-18T19:09:10","slug":"set-sao-luis-se-reune-com-sindicato-dos-rodoviarios-para-dialogar-sobre-suspensao-da-paralisacao","status":"publish","type":"post","link":"https:\/\/www.blogsoestado.com\/evandrojunior\/2023\/10\/18\/set-sao-luis-se-reune-com-sindicato-dos-rodoviarios-para-dialogar-sobre-suspensao-da-paralisacao\/","title":{"rendered":"SET S\u00e3o Lu\u00eds se re\u00fane com Sindicato dos Rodovi\u00e1rios para dialogar sobre suspens\u00e3o de paralisa\u00e7\u00e3o"},"content":{"rendered":"\n<div class=\"wp-block-image\"><figure class=\"aligncenter size-large is-resized\"><img fetchpriority=\"high\" decoding=\"async\" src=\"https:\/\/www.blogsoestado.com\/evandrojunior\/files\/2023\/10\/WhatsApp-Image-2023-10-18-at-15.43.25-1024x936.jpeg\" alt=\"\" class=\"wp-image-10207\" width=\"504\" height=\"460\"\/><figcaption><strong>Paulo Pires, diretor executivo do SET, recebeu a imprensa nesta quarta-feira<\/strong><\/figcaption><\/figure><\/div>\n\n\n\n<p><strong>S\u00e3o Lu\u00eds <\/strong>&#8211; Nesta quarta-feira (18), o diretor executivo do SET S\u00e3o Lu\u00eds, Paulo Renato Pires, informou \u00e0 imprensa que em raz\u00e3o da paralisa\u00e7\u00e3o anunciada pelo Sindicato dos Rodovi\u00e1rios do Maranh\u00e3o para esta quinta-feira (19), e a pedido da Prefeitura Municipal de S\u00e3o Lu\u00eds, ambos iniciaram di\u00e1logo para negociar a suspens\u00e3o da manifesta\u00e7\u00e3o com vistas a proporcionar uma discuss\u00e3o mais ampla sobre o assunto.<\/p>\n\n\n\n<p>\u201cQueremos ter tempo para analisar as quest\u00f5es com mais calma e podermos chegar a um consenso. A nossa preocupa\u00e7\u00e3o \u00e9 com os milhares de usu\u00e1rios que todos os dias precisam do transporte p\u00fablico para desempenhar suas tarefas cotidianas. O canal de di\u00e1logo sempre esteve aberto e continuamos \u00e0 disposi\u00e7\u00e3o para avaliar todos os cen\u00e1rios\u201d, afirmou Paulo Pires.<\/p>\n\n\n\n<p>Estima-se que cerca de 700 mil pessoas utilizem diariamente as linhas de \u00f4nibus urbanas e semiurbanas da Ilha de S\u00e3o Lu\u00eds, divididos em, aproximadamente, 174 linhas onde operam 912 ve\u00edculos. O impacto de uma paralisa\u00e7\u00e3o afeta diretamente milhares de servi\u00e7os e empregos e a atua\u00e7\u00e3o do SET S\u00e3o Lu\u00eds \u00e9 para evitar que esses transtornos ocorram.<\/p>\n\n\n\n<p>Quanto \u00e0 alegada causa anunciada para a paralisa\u00e7\u00e3o, qual seja, a demiss\u00e3o de cobradores, o SET S\u00e3o Lu\u00eds informa que essa mudan\u00e7a atende \u00e0 pr\u00f3pria rea\u00e7\u00e3o do p\u00fablico usu\u00e1rio que prefere outros meios de pagamento diferentes da utiliza\u00e7\u00e3o de dinheiro em esp\u00e9cie, por uma quest\u00e3o de praticidade e seguran\u00e7a. Com a implanta\u00e7\u00e3o do novo sistema de bilhetagem eletr\u00f4nica, mais possibilidades de aquisi\u00e7\u00e3o de cr\u00e9ditos ser\u00e3o ofertadas e, com isso, redu\u00e7\u00e3o no tempo de embarque e maior fluxo para o usu\u00e1rio.<\/p>\n\n\n\n<p>O novo Sistema de Bilhetagem Eletr\u00f4nica de S\u00e3o Lu\u00eds j\u00e1 est\u00e1 em implanta\u00e7\u00e3o, com sucesso de atendimento aos usu\u00e1rios do sistema p\u00fablico. A entrega dos novos cart\u00f5es para os usu\u00e1rios foi dividida por categorias. Atualmente, o p\u00fablico de aposentados, pessoas com defici\u00eancia e idosos est\u00e1 sendo atendido em dois postos: Terminal da Cohama e Terminal da Praia Grande. Esse p\u00fablico representa um total de 76.630 cart\u00f5es, sendo que 34% j\u00e1 receberam seus cart\u00f5es.<\/p>\n\n\n\n<p>J\u00e1 pessoas jur\u00eddicas est\u00e3o recebendo seus cart\u00f5es para seus funcion\u00e1rios na sede do pr\u00f3prio SET. At\u00e9 o momento, foram entregues 69.651 cart\u00f5es, o que representa 79,53% do universo de empresas, restando apenas 20,47% a serem retirados. <\/p>\n\n\n\n<p>Os servidores p\u00fablicos estaduais e municipais foram divididos em diversas frentes de entrega, sendo que a maioria recebeu o cart\u00e3o em um espa\u00e7o especialmente montado no Parque do Bom Menino.<\/p>\n\n\n\n<p>As entregas v\u00e3o acontecer at\u00e9 o dia 31 de outubro. Quem n\u00e3o comparecer ou perder a data agendada, poder\u00e1 receber o novo cart\u00e3o posteriormente, em novas datas que ser\u00e3o tamb\u00e9m disponibilizadas e informadas.<\/p>\n\n\n\n<p>Al\u00e9m de garantir mais rapidez e seguran\u00e7a aos passageiros, o novo sistema passa a ofertar melhores servi\u00e7os aos usu\u00e1rios, e integra todos os \u00f4nibus urbanos e semiurbanos da capital maranhense.<\/p>\n\n\n\n<p>A implanta\u00e7\u00e3o de todo o sistema envolve a coloca\u00e7\u00e3o de outros validadores nas catracas dos coletivos urbanos e semiurbanos da regi\u00e3o metropolitana de S\u00e3o Lu\u00eds; a troca dos cart\u00f5es de transporte (para p\u00fablicos distintos: gratuidades, estudantes e vale transporte) pelos novos modelos, e inser\u00e7\u00e3o gradativa de outras formas de aquisi\u00e7\u00e3o de cr\u00e9ditos de passagem, que incluem, no futuro breve, a possibilidade de pagamento por PIX, pagamento com QR Code e Carteira Digital.<\/p>\n","protected":false},"excerpt":{"rendered":"<p>S\u00e3o Lu\u00eds &#8211; Nesta quarta-feira (18), o diretor executivo do SET S\u00e3o Lu\u00eds, Paulo Renato Pires, informou \u00e0 imprensa que [&hellip;]<\/p>\n","protected":false},"author":4,"featured_media":0,"comment_status":"open","ping_status":"open","sticky":false,"template":"","format":"standard","meta":{"site-sidebar-layout":"default","site-content-layout":"","ast-site-content-layout":"default","site-content-style":"default","site-sidebar-style":"default","ast-global-header-display":"","ast-banner-title-visibility":"","ast-main-header-display":"","ast-hfb-above-header-display":"","ast-hfb-below-header-display":"","ast-hfb-mobile-header-display":"","site-post-title":"","ast-breadcrumbs-content":"","ast-featured-img":"","footer-sml-layout":"","ast-disable-related-posts":"","theme-transparent-header-meta":"","adv-header-id-meta":"","stick-header-meta":"","header-above-stick-meta":"","header-main-stick-meta":"","header-below-stick-meta":"","astra-migrate-meta-layouts":"default","ast-page-background-enabled":"default","ast-page-background-meta":{"desktop":{"background-color":"var(--ast-global-color-5)","background-image":"","background-repeat":"repeat","background-position":"center center","background-size":"auto","background-attachment":"scroll","background-type":"","background-media":"","overlay-type":"","overlay-color":"","overlay-opacity":"","overlay-gradient":""},"tablet":{"background-color":"","background-image":"","background-repeat":"repeat","background-position":"center center","background-size":"auto","background-attachment":"scroll","background-type":"","background-media":"","overlay-type":"","overlay-color":"","overlay-opacity":"","overlay-gradient":""},"mobile":{"background-color":"","background-image":"","background-repeat":"repeat","background-position":"center center","background-size":"auto","background-attachment":"scroll","background-type":"","background-media":"","overlay-type":"","overlay-color":"","overlay-opacity":"","overlay-gradient":""}},"ast-content-background-meta":{"desktop":{"background-color":"var(--ast-global-color-4)","background-image":"","background-repeat":"repeat","background-position":"center center","background-size":"auto","background-attachment":"scroll","background-type":"","background-media":"","overlay-type":"","overlay-color":"","overlay-opacity":"","overlay-gradient":""},"tablet":{"background-color":"var(--ast-global-color-4)","background-image":"","background-repeat":"repeat","background-position":"center center","background-size":"auto","background-attachment":"scroll","background-type":"","background-media":"","overlay-type":"","overlay-color":"","overlay-opacity":"","overlay-gradient":""},"mobile":{"background-color":"var(--ast-global-color-4)","background-image":"","background-repeat":"repeat","background-position":"center center","background-size":"auto","background-attachment":"scroll","background-type":"","background-media":"","overlay-type":"","overlay-color":"","overlay-opacity":"","overlay-gradient":""}},"footnotes":""},"categories":[1],"tags":[],"class_list":["post-10206","post","type-post","status-publish","format-standard","hentry","category-sem-categoria"],"yoast_head":"<!-- This site is optimized with the Yoast SEO plugin v26.6 - https:\/\/yoast.com\/wordpress\/plugins\/seo\/ -->\n<title>SET S\u00e3o Lu\u00eds se re\u00fane com Sindicato dos Rodovi\u00e1rios para dialogar sobre suspens\u00e3o de paralisa\u00e7\u00e3o - Evandro Junior<\/title>\n<meta name=\"robots\" content=\"index, follow, max-snippet:-1, max-image-preview:large, max-video-preview:-1\" \/>\n<link rel=\"canonical\" href=\"https:\/\/www.blogsoestado.com\/evandrojunior\/2023\/10\/18\/set-sao-luis-se-reune-com-sindicato-dos-rodoviarios-para-dialogar-sobre-suspensao-da-paralisacao\/\" \/>\n<meta property=\"og:locale\" content=\"pt_BR\" \/>\n<meta property=\"og:type\" content=\"article\" \/>\n<meta property=\"og:title\" content=\"SET S\u00e3o Lu\u00eds se re\u00fane com Sindicato dos Rodovi\u00e1rios para dialogar sobre suspens\u00e3o de paralisa\u00e7\u00e3o - Evandro Junior\" \/>\n<meta property=\"og:description\" content=\"S\u00e3o Lu\u00eds &#8211; Nesta quarta-feira (18), o diretor executivo do SET S\u00e3o Lu\u00eds, Paulo Renato Pires, informou \u00e0 imprensa que [&hellip;]\" \/>\n<meta property=\"og:url\" content=\"https:\/\/www.blogsoestado.com\/evandrojunior\/2023\/10\/18\/set-sao-luis-se-reune-com-sindicato-dos-rodoviarios-para-dialogar-sobre-suspensao-da-paralisacao\/\" \/>\n<meta property=\"og:site_name\" content=\"Evandro Junior\" \/>\n<meta property=\"article:published_time\" content=\"2023-10-18T19:09:10+00:00\" \/>\n<meta property=\"og:image\" content=\"https:\/\/www.blogsoestado.com\/evandrojunior\/files\/2023\/10\/WhatsApp-Image-2023-10-18-at-15.43.25-1024x936.jpeg\" \/>\n<meta name=\"author\" content=\"Evandro Junior\" \/>\n<meta name=\"twitter:card\" content=\"summary_large_image\" \/>\n<meta name=\"twitter:label1\" content=\"Escrito por\" \/>\n\t<meta name=\"twitter:data1\" content=\"Evandro Junior\" \/>\n\t<meta name=\"twitter:label2\" content=\"Est. tempo de leitura\" \/>\n\t<meta name=\"twitter:data2\" content=\"3 minutos\" \/>\n<script type=\"application\/ld+json\" class=\"yoast-schema-graph\">{\"@context\":\"https:\/\/schema.org\",\"@graph\":[{\"@type\":\"WebPage\",\"@id\":\"https:\/\/www.blogsoestado.com\/evandrojunior\/2023\/10\/18\/set-sao-luis-se-reune-com-sindicato-dos-rodoviarios-para-dialogar-sobre-suspensao-da-paralisacao\/\",\"url\":\"https:\/\/www.blogsoestado.com\/evandrojunior\/2023\/10\/18\/set-sao-luis-se-reune-com-sindicato-dos-rodoviarios-para-dialogar-sobre-suspensao-da-paralisacao\/\",\"name\":\"SET S\u00e3o Lu\u00eds se re\u00fane com Sindicato dos Rodovi\u00e1rios para dialogar sobre suspens\u00e3o de paralisa\u00e7\u00e3o - Evandro Junior\",\"isPartOf\":{\"@id\":\"https:\/\/www.blogsoestado.com\/evandrojunior\/#website\"},\"primaryImageOfPage\":{\"@id\":\"https:\/\/www.blogsoestado.com\/evandrojunior\/2023\/10\/18\/set-sao-luis-se-reune-com-sindicato-dos-rodoviarios-para-dialogar-sobre-suspensao-da-paralisacao\/#primaryimage\"},\"image\":{\"@id\":\"https:\/\/www.blogsoestado.com\/evandrojunior\/2023\/10\/18\/set-sao-luis-se-reune-com-sindicato-dos-rodoviarios-para-dialogar-sobre-suspensao-da-paralisacao\/#primaryimage\"},\"thumbnailUrl\":\"https:\/\/www.blogsoestado.com\/evandrojunior\/files\/2023\/10\/WhatsApp-Image-2023-10-18-at-15.43.25-1024x936.jpeg\",\"datePublished\":\"2023-10-18T19:09:10+00:00\",\"author\":{\"@id\":\"https:\/\/www.blogsoestado.com\/evandrojunior\/#\/schema\/person\/3e6c3d8dbb740d1c6878ebc935cfb3be\"},\"breadcrumb\":{\"@id\":\"https:\/\/www.blogsoestado.com\/evandrojunior\/2023\/10\/18\/set-sao-luis-se-reune-com-sindicato-dos-rodoviarios-para-dialogar-sobre-suspensao-da-paralisacao\/#breadcrumb\"},\"inLanguage\":\"pt-BR\",\"potentialAction\":[{\"@type\":\"ReadAction\",\"target\":[\"https:\/\/www.blogsoestado.com\/evandrojunior\/2023\/10\/18\/set-sao-luis-se-reune-com-sindicato-dos-rodoviarios-para-dialogar-sobre-suspensao-da-paralisacao\/\"]}]},{\"@type\":\"ImageObject\",\"inLanguage\":\"pt-BR\",\"@id\":\"https:\/\/www.blogsoestado.com\/evandrojunior\/2023\/10\/18\/set-sao-luis-se-reune-com-sindicato-dos-rodoviarios-para-dialogar-sobre-suspensao-da-paralisacao\/#primaryimage\",\"url\":\"https:\/\/www.blogsoestado.com\/evandrojunior\/files\/2023\/10\/WhatsApp-Image-2023-10-18-at-15.43.25-1024x936.jpeg\",\"contentUrl\":\"https:\/\/www.blogsoestado.com\/evandrojunior\/files\/2023\/10\/WhatsApp-Image-2023-10-18-at-15.43.25-1024x936.jpeg\"},{\"@type\":\"BreadcrumbList\",\"@id\":\"https:\/\/www.blogsoestado.com\/evandrojunior\/2023\/10\/18\/set-sao-luis-se-reune-com-sindicato-dos-rodoviarios-para-dialogar-sobre-suspensao-da-paralisacao\/#breadcrumb\",\"itemListElement\":[{\"@type\":\"ListItem\",\"position\":1,\"name\":\"In\u00edcio\",\"item\":\"https:\/\/www.blogsoestado.com\/evandrojunior\/\"},{\"@type\":\"ListItem\",\"position\":2,\"name\":\"SET S\u00e3o Lu\u00eds se re\u00fane com Sindicato dos Rodovi\u00e1rios para dialogar sobre suspens\u00e3o de paralisa\u00e7\u00e3o\"}]},{\"@type\":\"WebSite\",\"@id\":\"https:\/\/www.blogsoestado.com\/evandrojunior\/#website\",\"url\":\"https:\/\/www.blogsoestado.com\/evandrojunior\/\",\"name\":\"Evandro Junior\",\"description\":\"\",\"potentialAction\":[{\"@type\":\"SearchAction\",\"target\":{\"@type\":\"EntryPoint\",\"urlTemplate\":\"https:\/\/www.blogsoestado.com\/evandrojunior\/?s={search_term_string}\"},\"query-input\":{\"@type\":\"PropertyValueSpecification\",\"valueRequired\":true,\"valueName\":\"search_term_string\"}}],\"inLanguage\":\"pt-BR\"},{\"@type\":\"Person\",\"@id\":\"https:\/\/www.blogsoestado.com\/evandrojunior\/#\/schema\/person\/3e6c3d8dbb740d1c6878ebc935cfb3be\",\"name\":\"Evandro Junior\",\"image\":{\"@type\":\"ImageObject\",\"inLanguage\":\"pt-BR\",\"@id\":\"https:\/\/www.blogsoestado.com\/evandrojunior\/#\/schema\/person\/image\/\",\"url\":\"https:\/\/secure.gravatar.com\/avatar\/f80a03a2294a580cd2318bfb459bf354cfa8be661ef3d95b542cf9a04af8d129?s=96&d=mm&r=g\",\"contentUrl\":\"https:\/\/secure.gravatar.com\/avatar\/f80a03a2294a580cd2318bfb459bf354cfa8be661ef3d95b542cf9a04af8d129?s=96&d=mm&r=g\",\"caption\":\"Evandro Junior\"},\"url\":\"https:\/\/www.blogsoestado.com\/evandrojunior\/author\/evandrojunior\/\"}]}<\/script>\n<!-- \/ Yoast SEO plugin. -->","yoast_head_json":{"title":"SET S\u00e3o Lu\u00eds se re\u00fane com Sindicato dos Rodovi\u00e1rios para dialogar sobre suspens\u00e3o de paralisa\u00e7\u00e3o - Evandro Junior","robots":{"index":"index","follow":"follow","max-snippet":"max-snippet:-1","max-image-preview":"max-image-preview:large","max-video-preview":"max-video-preview:-1"},"canonical":"https:\/\/www.blogsoestado.com\/evandrojunior\/2023\/10\/18\/set-sao-luis-se-reune-com-sindicato-dos-rodoviarios-para-dialogar-sobre-suspensao-da-paralisacao\/","og_locale":"pt_BR","og_type":"article","og_title":"SET S\u00e3o Lu\u00eds se re\u00fane com Sindicato dos Rodovi\u00e1rios para dialogar sobre suspens\u00e3o de paralisa\u00e7\u00e3o - Evandro Junior","og_description":"S\u00e3o Lu\u00eds &#8211; Nesta quarta-feira (18), o diretor executivo do SET S\u00e3o Lu\u00eds, Paulo Renato Pires, informou \u00e0 imprensa que [&hellip;]","og_url":"https:\/\/www.blogsoestado.com\/evandrojunior\/2023\/10\/18\/set-sao-luis-se-reune-com-sindicato-dos-rodoviarios-para-dialogar-sobre-suspensao-da-paralisacao\/","og_site_name":"Evandro Junior","article_published_time":"2023-10-18T19:09:10+00:00","og_image":[{"url":"https:\/\/www.blogsoestado.com\/evandrojunior\/files\/2023\/10\/WhatsApp-Image-2023-10-18-at-15.43.25-1024x936.jpeg","type":"","width":"","height":""}],"author":"Evandro Junior","twitter_card":"summary_large_image","twitter_misc":{"Escrito por":"Evandro Junior","Est. tempo de leitura":"3 minutos"},"schema":{"@context":"https:\/\/schema.org","@graph":[{"@type":"WebPage","@id":"https:\/\/www.blogsoestado.com\/evandrojunior\/2023\/10\/18\/set-sao-luis-se-reune-com-sindicato-dos-rodoviarios-para-dialogar-sobre-suspensao-da-paralisacao\/","url":"https:\/\/www.blogsoestado.com\/evandrojunior\/2023\/10\/18\/set-sao-luis-se-reune-com-sindicato-dos-rodoviarios-para-dialogar-sobre-suspensao-da-paralisacao\/","name":"SET S\u00e3o Lu\u00eds se re\u00fane com Sindicato dos Rodovi\u00e1rios para dialogar sobre suspens\u00e3o de paralisa\u00e7\u00e3o - Evandro Junior","isPartOf":{"@id":"https:\/\/www.blogsoestado.com\/evandrojunior\/#website"},"primaryImageOfPage":{"@id":"https:\/\/www.blogsoestado.com\/evandrojunior\/2023\/10\/18\/set-sao-luis-se-reune-com-sindicato-dos-rodoviarios-para-dialogar-sobre-suspensao-da-paralisacao\/#primaryimage"},"image":{"@id":"https:\/\/www.blogsoestado.com\/evandrojunior\/2023\/10\/18\/set-sao-luis-se-reune-com-sindicato-dos-rodoviarios-para-dialogar-sobre-suspensao-da-paralisacao\/#primaryimage"},"thumbnailUrl":"https:\/\/www.blogsoestado.com\/evandrojunior\/files\/2023\/10\/WhatsApp-Image-2023-10-18-at-15.43.25-1024x936.jpeg","datePublished":"2023-10-18T19:09:10+00:00","author":{"@id":"https:\/\/www.blogsoestado.com\/evandrojunior\/#\/schema\/person\/3e6c3d8dbb740d1c6878ebc935cfb3be"},"breadcrumb":{"@id":"https:\/\/www.blogsoestado.com\/evandrojunior\/2023\/10\/18\/set-sao-luis-se-reune-com-sindicato-dos-rodoviarios-para-dialogar-sobre-suspensao-da-paralisacao\/#breadcrumb"},"inLanguage":"pt-BR","potentialAction":[{"@type":"ReadAction","target":["https:\/\/www.blogsoestado.com\/evandrojunior\/2023\/10\/18\/set-sao-luis-se-reune-com-sindicato-dos-rodoviarios-para-dialogar-sobre-suspensao-da-paralisacao\/"]}]},{"@type":"ImageObject","inLanguage":"pt-BR","@id":"https:\/\/www.blogsoestado.com\/evandrojunior\/2023\/10\/18\/set-sao-luis-se-reune-com-sindicato-dos-rodoviarios-para-dialogar-sobre-suspensao-da-paralisacao\/#primaryimage","url":"https:\/\/www.blogsoestado.com\/evandrojunior\/files\/2023\/10\/WhatsApp-Image-2023-10-18-at-15.43.25-1024x936.jpeg","contentUrl":"https:\/\/www.blogsoestado.com\/evandrojunior\/files\/2023\/10\/WhatsApp-Image-2023-10-18-at-15.43.25-1024x936.jpeg"},{"@type":"BreadcrumbList","@id":"https:\/\/www.blogsoestado.com\/evandrojunior\/2023\/10\/18\/set-sao-luis-se-reune-com-sindicato-dos-rodoviarios-para-dialogar-sobre-suspensao-da-paralisacao\/#breadcrumb","itemListElement":[{"@type":"ListItem","position":1,"name":"In\u00edcio","item":"https:\/\/www.blogsoestado.com\/evandrojunior\/"},{"@type":"ListItem","position":2,"name":"SET S\u00e3o Lu\u00eds se re\u00fane com Sindicato dos Rodovi\u00e1rios para dialogar sobre suspens\u00e3o de paralisa\u00e7\u00e3o"}]},{"@type":"WebSite","@id":"https:\/\/www.blogsoestado.com\/evandrojunior\/#website","url":"https:\/\/www.blogsoestado.com\/evandrojunior\/","name":"Evandro Junior","description":"","potentialAction":[{"@type":"SearchAction","target":{"@type":"EntryPoint","urlTemplate":"https:\/\/www.blogsoestado.com\/evandrojunior\/?s={search_term_string}"},"query-input":{"@type":"PropertyValueSpecification","valueRequired":true,"valueName":"search_term_string"}}],"inLanguage":"pt-BR"},{"@type":"Person","@id":"https:\/\/www.blogsoestado.com\/evandrojunior\/#\/schema\/person\/3e6c3d8dbb740d1c6878ebc935cfb3be","name":"Evandro Junior","image":{"@type":"ImageObject","inLanguage":"pt-BR","@id":"https:\/\/www.blogsoestado.com\/evandrojunior\/#\/schema\/person\/image\/","url":"https:\/\/secure.gravatar.com\/avatar\/f80a03a2294a580cd2318bfb459bf354cfa8be661ef3d95b542cf9a04af8d129?s=96&d=mm&r=g","contentUrl":"https:\/\/secure.gravatar.com\/avatar\/f80a03a2294a580cd2318bfb459bf354cfa8be661ef3d95b542cf9a04af8d129?s=96&d=mm&r=g","caption":"Evandro Junior"},"url":"https:\/\/www.blogsoestado.com\/evandrojunior\/author\/evandrojunior\/"}]}},"jetpack_featured_media_url":"","_links":{"self":[{"href":"https:\/\/www.blogsoestado.com\/evandrojunior\/wp-json\/wp\/v2\/posts\/10206","targetHints":{"allow":["GET"]}}],"collection":[{"href":"https:\/\/www.blogsoestado.com\/evandrojunior\/wp-json\/wp\/v2\/posts"}],"about":[{"href":"https:\/\/www.blogsoestado.com\/evandrojunior\/wp-json\/wp\/v2\/types\/post"}],"author":[{"embeddable":true,"href":"https:\/\/www.blogsoestado.com\/evandrojunior\/wp-json\/wp\/v2\/users\/4"}],"replies":[{"embeddable":true,"href":"https:\/\/www.blogsoestado.com\/evandrojunior\/wp-json\/wp\/v2\/comments?post=10206"}],"version-history":[{"count":0,"href":"https:\/\/www.blogsoestado.com\/evandrojunior\/wp-json\/wp\/v2\/posts\/10206\/revisions"}],"wp:attachment":[{"href":"https:\/\/www.blogsoestado.com\/evandrojunior\/wp-json\/wp\/v2\/media?parent=10206"}],"wp:term":[{"taxonomy":"category","embeddable":true,"href":"https:\/\/www.blogsoestado.com\/evandrojunior\/wp-json\/wp\/v2\/categories?post=10206"},{"taxonomy":"post_tag","embeddable":true,"href":"https:\/\/www.blogsoestado.com\/evandrojunior\/wp-json\/wp\/v2\/tags?post=10206"}],"curies":[{"name":"wp","href":"https:\/\/api.w.org\/{rel}","templated":true}]}}