{"id":10222,"date":"2023-10-20T10:20:53","date_gmt":"2023-10-20T13:20:53","guid":{"rendered":"https:\/\/www.blogsoestado.com\/evandrojunior\/?p=10222"},"modified":"2023-10-20T10:20:53","modified_gmt":"2023-10-20T13:20:53","slug":"itau-cultural-lanca-guia-de-aplicacao-para-projetos-culturais-e-criativos","status":"publish","type":"post","link":"https:\/\/www.blogsoestado.com\/evandrojunior\/2023\/10\/20\/itau-cultural-lanca-guia-de-aplicacao-para-projetos-culturais-e-criativos\/","title":{"rendered":"Ita\u00fa Cultural lan\u00e7a guia de aplica\u00e7\u00e3o para projetos culturais e criativos"},"content":{"rendered":"\n<div class=\"wp-block-image\"><figure class=\"aligncenter size-large\"><img decoding=\"async\" src=\"https:\/\/www.blogsoestado.com\/evandrojunior\/files\/2023\/10\/image-4.png\" alt=\"\" class=\"wp-image-10224\"\/><\/figure><\/div>\n\n\n\n<p><strong>S\u00e3o Lu\u00eds<\/strong> &#8211; O Ita\u00fa Cultural disponibiliza a partir do dia 23 de outubro (segunda-feira), em seu site <a href=\"http:\/\/www.itaucultural.org.br\/\">www.itaucultural.org.br<\/a>, o manual &#8216;O Valor da Cultura: rumo a uma nova narrativa&#8217;. Desenvolvido desde 2018, a pesquisa foi conduzida pelos professores Paul Heritage e Leandro Valiati, da People\u2019s Palace Projects do Brasil. O guia tem como objetivo repensar as estruturas tradicionais de mensura\u00e7\u00e3o do valor da cultura, utilizando refer\u00eancias dos campos social, art\u00edstico e econ\u00f4mico.<\/p>\n\n\n\n<p>A pesquisa contribui para a cria\u00e7\u00e3o de uma narrativa que complementa os dados produzidos pelo PIB da Economia da Cultura e das Ind\u00fastrias Culturais (Ecic), e demonstra o valor da cultura para al\u00e9m de medidas exclusivamente econ\u00f4micas ou quantitativas. Assim, incorpora outras dimens\u00f5es que evidenciam como a cultura \u00e9 capaz de alterar, de forma significativa, os envolvidos com ela, seja como realizadores ou consumidores.<\/p>\n\n\n\n<p>Nele, o leitor tem acesso \u00e0 metodologia, aos indicadores propostos e ao processo de elabora\u00e7\u00e3o do pr\u00f3prio manual, feito em conjunto com as organiza\u00e7\u00f5es e os agentes criativos parceiros desses indicadores. Com esses dados, a ideia \u00e9 ampliar o di\u00e1logo a respeito do que se tem realizado e oferecer ferramentas acess\u00edveis para avaliar o impacto do trabalho na \u00e1rea cultural e apresentar os resultados em linguagem compreens\u00edvel e intercambi\u00e1vel entre contextos diversos.<\/p>\n\n\n\n<p><strong>Processo<\/strong><\/p>\n\n\n\n<p>Para chegar \u00e0 metodologia encontrada no guia, em um primeiro momento, a pesquisa foi cocriada junto a cinco projetos selecionados na edi\u00e7\u00e3o 2017-2018 do Rumos Ita\u00fa Cultural: <em>Editora e Gr\u00e1fica Heli\u00f3polis<\/em> e <em>Hip Hop Caboclo<\/em>, ambos de S\u00e3o Paulo (SP), <em>Grupo Ninho<\/em>, do Crato (CE), <em>Verdevez<\/em>, de Teresina (PI) e <em>Retratistas do Morro<\/em>, de Belo Horizonte (MG). O resultado desta fase foi uma s\u00e9rie de indicadores constru\u00eddos conjuntamente.<\/p>\n\n\n\n<p>Em um segundo est\u00e1gio, a pesquisa foi aprimorada e validada em 2022, com 19 projetos da edi\u00e7\u00e3o 2019-2020 do programa de fomento \u00e0 cultura e \u00e0s artes brasileiras da do Ita\u00fa Cultural. Entre eles, &#8217;10 Desertos de Er<em>ros&#8217;<\/em>, de Porto Alegre (RS), &#8216;A Voz da Esperan\u00e7a&#8217;, de Teresina (PI), <em>BREU<\/em>, de Salvador (BA), &#8216;Cinem\u00e1quina: Mem\u00f3ria em movimento&#8217;, de Aracaju (SE) e &#8216;Publica\u00e7\u00e3o do primeiro dicion\u00e1rio bil\u00edngue Kaiow\u00e1-Portugu\u00eas-Kaiow\u00e1&#8217;, de Belo Horizonte (MG). Neste processo, foram discutidos instrumentos de pesquisa e de coleta de dados, bem como os indicadores resultantes da fase anterior do estudo.<\/p>\n\n\n\n<p>O resultado de &#8216;O Valor da Cultura&#8217; \u00e9 um volume dividido em seis se\u00e7\u00f5es, ligadas \u00e0s diferentes etapas de aplica\u00e7\u00e3o da metodologia, que consistem em: &#8216;Contando a sua hist\u00f3ria, Definindo dimens\u00f5es e indicadores de impacto, Elaborando quest\u00f5es, Coletando dados, Analisando seus dados e &#8216;Apresentando os resultados&#8217;. Cada uma \u00e9 dependente da anterior e permite ao pesquisador desenhar sua pr\u00f3pria avalia\u00e7\u00e3o de acordo com as necessidades intr\u00ednsecas ao seu projeto.<\/p>\n","protected":false},"excerpt":{"rendered":"<p>S\u00e3o Lu\u00eds &#8211; O Ita\u00fa Cultural disponibiliza a partir do dia 23 de outubro (segunda-feira), em seu site www.itaucultural.org.br, o [&hellip;]<\/p>\n","protected":false},"author":4,"featured_media":0,"comment_status":"open","ping_status":"open","sticky":false,"template":"","format":"standard","meta":{"site-sidebar-layout":"default","site-content-layout":"","ast-site-content-layout":"default","site-content-style":"default","site-sidebar-style":"default","ast-global-header-display":"","ast-banner-title-visibility":"","ast-main-header-display":"","ast-hfb-above-header-display":"","ast-hfb-below-header-display":"","ast-hfb-mobile-header-display":"","site-post-title":"","ast-breadcrumbs-content":"","ast-featured-img":"","footer-sml-layout":"","ast-disable-related-posts":"","theme-transparent-header-meta":"","adv-header-id-meta":"","stick-header-meta":"","header-above-stick-meta":"","header-main-stick-meta":"","header-below-stick-meta":"","astra-migrate-meta-layouts":"default","ast-page-background-enabled":"default","ast-page-background-meta":{"desktop":{"background-color":"var(--ast-global-color-5)","background-image":"","background-repeat":"repeat","background-position":"center center","background-size":"auto","background-attachment":"scroll","background-type":"","background-media":"","overlay-type":"","overlay-color":"","overlay-opacity":"","overlay-gradient":""},"tablet":{"background-color":"","background-image":"","background-repeat":"repeat","background-position":"center center","background-size":"auto","background-attachment":"scroll","background-type":"","background-media":"","overlay-type":"","overlay-color":"","overlay-opacity":"","overlay-gradient":""},"mobile":{"background-color":"","background-image":"","background-repeat":"repeat","background-position":"center center","background-size":"auto","background-attachment":"scroll","background-type":"","background-media":"","overlay-type":"","overlay-color":"","overlay-opacity":"","overlay-gradient":""}},"ast-content-background-meta":{"desktop":{"background-color":"var(--ast-global-color-4)","background-image":"","background-repeat":"repeat","background-position":"center center","background-size":"auto","background-attachment":"scroll","background-type":"","background-media":"","overlay-type":"","overlay-color":"","overlay-opacity":"","overlay-gradient":""},"tablet":{"background-color":"var(--ast-global-color-4)","background-image":"","background-repeat":"repeat","background-position":"center center","background-size":"auto","background-attachment":"scroll","background-type":"","background-media":"","overlay-type":"","overlay-color":"","overlay-opacity":"","overlay-gradient":""},"mobile":{"background-color":"var(--ast-global-color-4)","background-image":"","background-repeat":"repeat","background-position":"center center","background-size":"auto","background-attachment":"scroll","background-type":"","background-media":"","overlay-type":"","overlay-color":"","overlay-opacity":"","overlay-gradient":""}},"footnotes":""},"categories":[1],"tags":[],"class_list":["post-10222","post","type-post","status-publish","format-standard","hentry","category-sem-categoria"],"yoast_head":"<!-- This site is optimized with the Yoast SEO plugin v26.6 - https:\/\/yoast.com\/wordpress\/plugins\/seo\/ -->\n<title>Ita\u00fa Cultural lan\u00e7a guia de aplica\u00e7\u00e3o para projetos culturais e criativos - Evandro Junior<\/title>\n<meta name=\"robots\" content=\"index, follow, max-snippet:-1, max-image-preview:large, max-video-preview:-1\" \/>\n<link rel=\"canonical\" href=\"https:\/\/www.blogsoestado.com\/evandrojunior\/2023\/10\/20\/itau-cultural-lanca-guia-de-aplicacao-para-projetos-culturais-e-criativos\/\" \/>\n<meta property=\"og:locale\" content=\"pt_BR\" \/>\n<meta property=\"og:type\" content=\"article\" \/>\n<meta property=\"og:title\" content=\"Ita\u00fa Cultural lan\u00e7a guia de aplica\u00e7\u00e3o para projetos culturais e criativos - Evandro Junior\" \/>\n<meta property=\"og:description\" content=\"S\u00e3o Lu\u00eds &#8211; O Ita\u00fa Cultural disponibiliza a partir do dia 23 de outubro (segunda-feira), em seu site www.itaucultural.org.br, o [&hellip;]\" \/>\n<meta property=\"og:url\" content=\"https:\/\/www.blogsoestado.com\/evandrojunior\/2023\/10\/20\/itau-cultural-lanca-guia-de-aplicacao-para-projetos-culturais-e-criativos\/\" \/>\n<meta property=\"og:site_name\" content=\"Evandro Junior\" \/>\n<meta property=\"article:published_time\" content=\"2023-10-20T13:20:53+00:00\" \/>\n<meta property=\"og:image\" content=\"https:\/\/www.blogsoestado.com\/evandrojunior\/files\/2023\/10\/image-4.png\" \/>\n<meta name=\"author\" content=\"Evandro Junior\" \/>\n<meta name=\"twitter:card\" content=\"summary_large_image\" \/>\n<meta name=\"twitter:label1\" content=\"Escrito por\" \/>\n\t<meta name=\"twitter:data1\" content=\"Evandro Junior\" \/>\n\t<meta name=\"twitter:label2\" content=\"Est. tempo de leitura\" \/>\n\t<meta name=\"twitter:data2\" content=\"3 minutos\" \/>\n<script type=\"application\/ld+json\" class=\"yoast-schema-graph\">{\"@context\":\"https:\/\/schema.org\",\"@graph\":[{\"@type\":\"WebPage\",\"@id\":\"https:\/\/www.blogsoestado.com\/evandrojunior\/2023\/10\/20\/itau-cultural-lanca-guia-de-aplicacao-para-projetos-culturais-e-criativos\/\",\"url\":\"https:\/\/www.blogsoestado.com\/evandrojunior\/2023\/10\/20\/itau-cultural-lanca-guia-de-aplicacao-para-projetos-culturais-e-criativos\/\",\"name\":\"Ita\u00fa Cultural lan\u00e7a guia de aplica\u00e7\u00e3o para projetos culturais e criativos - Evandro Junior\",\"isPartOf\":{\"@id\":\"https:\/\/www.blogsoestado.com\/evandrojunior\/#website\"},\"primaryImageOfPage\":{\"@id\":\"https:\/\/www.blogsoestado.com\/evandrojunior\/2023\/10\/20\/itau-cultural-lanca-guia-de-aplicacao-para-projetos-culturais-e-criativos\/#primaryimage\"},\"image\":{\"@id\":\"https:\/\/www.blogsoestado.com\/evandrojunior\/2023\/10\/20\/itau-cultural-lanca-guia-de-aplicacao-para-projetos-culturais-e-criativos\/#primaryimage\"},\"thumbnailUrl\":\"https:\/\/www.blogsoestado.com\/evandrojunior\/files\/2023\/10\/image-4.png\",\"datePublished\":\"2023-10-20T13:20:53+00:00\",\"author\":{\"@id\":\"https:\/\/www.blogsoestado.com\/evandrojunior\/#\/schema\/person\/3e6c3d8dbb740d1c6878ebc935cfb3be\"},\"breadcrumb\":{\"@id\":\"https:\/\/www.blogsoestado.com\/evandrojunior\/2023\/10\/20\/itau-cultural-lanca-guia-de-aplicacao-para-projetos-culturais-e-criativos\/#breadcrumb\"},\"inLanguage\":\"pt-BR\",\"potentialAction\":[{\"@type\":\"ReadAction\",\"target\":[\"https:\/\/www.blogsoestado.com\/evandrojunior\/2023\/10\/20\/itau-cultural-lanca-guia-de-aplicacao-para-projetos-culturais-e-criativos\/\"]}]},{\"@type\":\"ImageObject\",\"inLanguage\":\"pt-BR\",\"@id\":\"https:\/\/www.blogsoestado.com\/evandrojunior\/2023\/10\/20\/itau-cultural-lanca-guia-de-aplicacao-para-projetos-culturais-e-criativos\/#primaryimage\",\"url\":\"https:\/\/www.blogsoestado.com\/evandrojunior\/files\/2023\/10\/image-4.png\",\"contentUrl\":\"https:\/\/www.blogsoestado.com\/evandrojunior\/files\/2023\/10\/image-4.png\"},{\"@type\":\"BreadcrumbList\",\"@id\":\"https:\/\/www.blogsoestado.com\/evandrojunior\/2023\/10\/20\/itau-cultural-lanca-guia-de-aplicacao-para-projetos-culturais-e-criativos\/#breadcrumb\",\"itemListElement\":[{\"@type\":\"ListItem\",\"position\":1,\"name\":\"In\u00edcio\",\"item\":\"https:\/\/www.blogsoestado.com\/evandrojunior\/\"},{\"@type\":\"ListItem\",\"position\":2,\"name\":\"Ita\u00fa Cultural lan\u00e7a guia de aplica\u00e7\u00e3o para projetos culturais e criativos\"}]},{\"@type\":\"WebSite\",\"@id\":\"https:\/\/www.blogsoestado.com\/evandrojunior\/#website\",\"url\":\"https:\/\/www.blogsoestado.com\/evandrojunior\/\",\"name\":\"Evandro Junior\",\"description\":\"\",\"potentialAction\":[{\"@type\":\"SearchAction\",\"target\":{\"@type\":\"EntryPoint\",\"urlTemplate\":\"https:\/\/www.blogsoestado.com\/evandrojunior\/?s={search_term_string}\"},\"query-input\":{\"@type\":\"PropertyValueSpecification\",\"valueRequired\":true,\"valueName\":\"search_term_string\"}}],\"inLanguage\":\"pt-BR\"},{\"@type\":\"Person\",\"@id\":\"https:\/\/www.blogsoestado.com\/evandrojunior\/#\/schema\/person\/3e6c3d8dbb740d1c6878ebc935cfb3be\",\"name\":\"Evandro Junior\",\"image\":{\"@type\":\"ImageObject\",\"inLanguage\":\"pt-BR\",\"@id\":\"https:\/\/www.blogsoestado.com\/evandrojunior\/#\/schema\/person\/image\/\",\"url\":\"https:\/\/secure.gravatar.com\/avatar\/f80a03a2294a580cd2318bfb459bf354cfa8be661ef3d95b542cf9a04af8d129?s=96&d=mm&r=g\",\"contentUrl\":\"https:\/\/secure.gravatar.com\/avatar\/f80a03a2294a580cd2318bfb459bf354cfa8be661ef3d95b542cf9a04af8d129?s=96&d=mm&r=g\",\"caption\":\"Evandro Junior\"},\"url\":\"https:\/\/www.blogsoestado.com\/evandrojunior\/author\/evandrojunior\/\"}]}<\/script>\n<!-- \/ Yoast SEO plugin. -->","yoast_head_json":{"title":"Ita\u00fa Cultural lan\u00e7a guia de aplica\u00e7\u00e3o para projetos culturais e criativos - Evandro Junior","robots":{"index":"index","follow":"follow","max-snippet":"max-snippet:-1","max-image-preview":"max-image-preview:large","max-video-preview":"max-video-preview:-1"},"canonical":"https:\/\/www.blogsoestado.com\/evandrojunior\/2023\/10\/20\/itau-cultural-lanca-guia-de-aplicacao-para-projetos-culturais-e-criativos\/","og_locale":"pt_BR","og_type":"article","og_title":"Ita\u00fa Cultural lan\u00e7a guia de aplica\u00e7\u00e3o para projetos culturais e criativos - Evandro Junior","og_description":"S\u00e3o Lu\u00eds &#8211; O Ita\u00fa Cultural disponibiliza a partir do dia 23 de outubro (segunda-feira), em seu site www.itaucultural.org.br, o [&hellip;]","og_url":"https:\/\/www.blogsoestado.com\/evandrojunior\/2023\/10\/20\/itau-cultural-lanca-guia-de-aplicacao-para-projetos-culturais-e-criativos\/","og_site_name":"Evandro Junior","article_published_time":"2023-10-20T13:20:53+00:00","og_image":[{"url":"https:\/\/www.blogsoestado.com\/evandrojunior\/files\/2023\/10\/image-4.png","type":"","width":"","height":""}],"author":"Evandro Junior","twitter_card":"summary_large_image","twitter_misc":{"Escrito por":"Evandro Junior","Est. tempo de leitura":"3 minutos"},"schema":{"@context":"https:\/\/schema.org","@graph":[{"@type":"WebPage","@id":"https:\/\/www.blogsoestado.com\/evandrojunior\/2023\/10\/20\/itau-cultural-lanca-guia-de-aplicacao-para-projetos-culturais-e-criativos\/","url":"https:\/\/www.blogsoestado.com\/evandrojunior\/2023\/10\/20\/itau-cultural-lanca-guia-de-aplicacao-para-projetos-culturais-e-criativos\/","name":"Ita\u00fa Cultural lan\u00e7a guia de aplica\u00e7\u00e3o para projetos culturais e criativos - Evandro Junior","isPartOf":{"@id":"https:\/\/www.blogsoestado.com\/evandrojunior\/#website"},"primaryImageOfPage":{"@id":"https:\/\/www.blogsoestado.com\/evandrojunior\/2023\/10\/20\/itau-cultural-lanca-guia-de-aplicacao-para-projetos-culturais-e-criativos\/#primaryimage"},"image":{"@id":"https:\/\/www.blogsoestado.com\/evandrojunior\/2023\/10\/20\/itau-cultural-lanca-guia-de-aplicacao-para-projetos-culturais-e-criativos\/#primaryimage"},"thumbnailUrl":"https:\/\/www.blogsoestado.com\/evandrojunior\/files\/2023\/10\/image-4.png","datePublished":"2023-10-20T13:20:53+00:00","author":{"@id":"https:\/\/www.blogsoestado.com\/evandrojunior\/#\/schema\/person\/3e6c3d8dbb740d1c6878ebc935cfb3be"},"breadcrumb":{"@id":"https:\/\/www.blogsoestado.com\/evandrojunior\/2023\/10\/20\/itau-cultural-lanca-guia-de-aplicacao-para-projetos-culturais-e-criativos\/#breadcrumb"},"inLanguage":"pt-BR","potentialAction":[{"@type":"ReadAction","target":["https:\/\/www.blogsoestado.com\/evandrojunior\/2023\/10\/20\/itau-cultural-lanca-guia-de-aplicacao-para-projetos-culturais-e-criativos\/"]}]},{"@type":"ImageObject","inLanguage":"pt-BR","@id":"https:\/\/www.blogsoestado.com\/evandrojunior\/2023\/10\/20\/itau-cultural-lanca-guia-de-aplicacao-para-projetos-culturais-e-criativos\/#primaryimage","url":"https:\/\/www.blogsoestado.com\/evandrojunior\/files\/2023\/10\/image-4.png","contentUrl":"https:\/\/www.blogsoestado.com\/evandrojunior\/files\/2023\/10\/image-4.png"},{"@type":"BreadcrumbList","@id":"https:\/\/www.blogsoestado.com\/evandrojunior\/2023\/10\/20\/itau-cultural-lanca-guia-de-aplicacao-para-projetos-culturais-e-criativos\/#breadcrumb","itemListElement":[{"@type":"ListItem","position":1,"name":"In\u00edcio","item":"https:\/\/www.blogsoestado.com\/evandrojunior\/"},{"@type":"ListItem","position":2,"name":"Ita\u00fa Cultural lan\u00e7a guia de aplica\u00e7\u00e3o para projetos culturais e criativos"}]},{"@type":"WebSite","@id":"https:\/\/www.blogsoestado.com\/evandrojunior\/#website","url":"https:\/\/www.blogsoestado.com\/evandrojunior\/","name":"Evandro Junior","description":"","potentialAction":[{"@type":"SearchAction","target":{"@type":"EntryPoint","urlTemplate":"https:\/\/www.blogsoestado.com\/evandrojunior\/?s={search_term_string}"},"query-input":{"@type":"PropertyValueSpecification","valueRequired":true,"valueName":"search_term_string"}}],"inLanguage":"pt-BR"},{"@type":"Person","@id":"https:\/\/www.blogsoestado.com\/evandrojunior\/#\/schema\/person\/3e6c3d8dbb740d1c6878ebc935cfb3be","name":"Evandro Junior","image":{"@type":"ImageObject","inLanguage":"pt-BR","@id":"https:\/\/www.blogsoestado.com\/evandrojunior\/#\/schema\/person\/image\/","url":"https:\/\/secure.gravatar.com\/avatar\/f80a03a2294a580cd2318bfb459bf354cfa8be661ef3d95b542cf9a04af8d129?s=96&d=mm&r=g","contentUrl":"https:\/\/secure.gravatar.com\/avatar\/f80a03a2294a580cd2318bfb459bf354cfa8be661ef3d95b542cf9a04af8d129?s=96&d=mm&r=g","caption":"Evandro Junior"},"url":"https:\/\/www.blogsoestado.com\/evandrojunior\/author\/evandrojunior\/"}]}},"jetpack_featured_media_url":"","_links":{"self":[{"href":"https:\/\/www.blogsoestado.com\/evandrojunior\/wp-json\/wp\/v2\/posts\/10222","targetHints":{"allow":["GET"]}}],"collection":[{"href":"https:\/\/www.blogsoestado.com\/evandrojunior\/wp-json\/wp\/v2\/posts"}],"about":[{"href":"https:\/\/www.blogsoestado.com\/evandrojunior\/wp-json\/wp\/v2\/types\/post"}],"author":[{"embeddable":true,"href":"https:\/\/www.blogsoestado.com\/evandrojunior\/wp-json\/wp\/v2\/users\/4"}],"replies":[{"embeddable":true,"href":"https:\/\/www.blogsoestado.com\/evandrojunior\/wp-json\/wp\/v2\/comments?post=10222"}],"version-history":[{"count":0,"href":"https:\/\/www.blogsoestado.com\/evandrojunior\/wp-json\/wp\/v2\/posts\/10222\/revisions"}],"wp:attachment":[{"href":"https:\/\/www.blogsoestado.com\/evandrojunior\/wp-json\/wp\/v2\/media?parent=10222"}],"wp:term":[{"taxonomy":"category","embeddable":true,"href":"https:\/\/www.blogsoestado.com\/evandrojunior\/wp-json\/wp\/v2\/categories?post=10222"},{"taxonomy":"post_tag","embeddable":true,"href":"https:\/\/www.blogsoestado.com\/evandrojunior\/wp-json\/wp\/v2\/tags?post=10222"}],"curies":[{"name":"wp","href":"https:\/\/api.w.org\/{rel}","templated":true}]}}