{"id":10245,"date":"2023-10-23T16:20:24","date_gmt":"2023-10-23T19:20:24","guid":{"rendered":"https:\/\/www.blogsoestado.com\/evandrojunior\/?p=10245"},"modified":"2023-10-23T16:20:24","modified_gmt":"2023-10-23T19:20:24","slug":"campanha-educador-de-valor-reconhece-professoras-estudantes-e-escolas","status":"publish","type":"post","link":"https:\/\/www.blogsoestado.com\/evandrojunior\/2023\/10\/23\/campanha-educador-de-valor-reconhece-professoras-estudantes-e-escolas\/","title":{"rendered":"Campanha &#8216;Educador de Valor&#8217; reconhece professoras, estudantes e escolas"},"content":{"rendered":"\n<div class=\"wp-block-image\"><figure class=\"aligncenter size-large is-resized\"><img fetchpriority=\"high\" decoding=\"async\" src=\"https:\/\/www.blogsoestado.com\/evandrojunior\/files\/2023\/10\/WhatsApp-Image-2023-10-23-at-13.31.36.jpeg\" alt=\"\" class=\"wp-image-10246\" width=\"565\" height=\"364\"\/><\/figure><\/div>\n\n\n\n<p><strong>S\u00e3o Lu\u00eds <\/strong>&#8211; No pr\u00f3ximo dia 25 de outubro, \u00e0s 10h, a Campanha Educador de Valor 2023, iniciativa do Instituto Alcoa que visa promover ampla mobiliza\u00e7\u00e3o em seus territ\u00f3rios de atua\u00e7\u00e3o para a valoriza\u00e7\u00e3o dos profissionais da Educa\u00e7\u00e3o, realiza o evento de reconhecimento das duas educadoras mais citadas no desafio de hist\u00f3rias em quadrinhos. Tamb\u00e9m ser\u00e3o reconhecidos um aluno e uma aluna e as escolas com mais participa\u00e7\u00f5es na campanha.<\/p>\n\n\n\n<p>Com o tema \u201cO reconhecimento de estudantes aos educadores de valor\u201d, esta edi\u00e7\u00e3o da campanha recebeu mais de 560 hist\u00f3rias em quadrinhos de S\u00e3o Lu\u00eds (MA), Po\u00e7os de Caldas (MG), Caldas (MG) e Divinol\u00e2ndia (SP), e contou com a participa\u00e7\u00e3o de estudantes de 32 escolas desses munic\u00edpios.<\/p>\n\n\n\n<p>\u201cNeste ano, promovemos algumas mudan\u00e7as na campanha com o objetivo de envolver ainda mais os estudantes, e o resultado foi impressionante. Essas centenas de desenhos trazem a rela\u00e7\u00e3o de alunos e alunas com seus educadores, hist\u00f3rias de vida, relacionamento com a comunidade escolar e o aprendizado no cotidiano. Os estudantes e toda a comunidade se envolveram nas produ\u00e7\u00f5es, que t\u00eam como proposta valorizar aqueles que se dedicam por uma educa\u00e7\u00e3o p\u00fablica de qualidade\u201d, contextualiza Monica Espadaro, diretora executiva de opera\u00e7\u00f5es do Instituto Alcoa.<\/p>\n\n\n\n<p><strong>Homenageados<\/strong><\/p>\n\n\n\n<p>As educadoras que ser\u00e3o reconhecidas no dia 25 de outubro s\u00e3o: Marcelia Leal Silva, com 27 anos na Educa\u00e7\u00e3o e professora do Ensino Fundamental II no Centro de Ensino L\u00facia Chaves e na Escola de Ensino Fundamental Professor Jos\u00e9 da Silva Rosa, em S\u00e3o Lu\u00eds, no Maranh\u00e3o, e Paula Marcela de Junqueira e Silva, educadora h\u00e1 12 anos e professora do Ensino Fundamental II na Escola Municipal Dona Mariquinhas Brochado, em Po\u00e7os de Caldas, Minas Gerais.<br>Tamb\u00e9m ser\u00e3o reconhecidos o aluno Francinaldo Gomes da Silva, de S\u00e3o Lu\u00eds (MA), e a aluna Luana Aparecida de Oliveira, de Po\u00e7os de Caldas (MG).<\/p>\n\n\n\n<p>Em 2023, as unidades de ensino com o maior n\u00famero de participantes na campanha tamb\u00e9m ser\u00e3o celebradas. S\u00e3o elas: Escola Municipal Dona Mariquinhas Brochado, com 153 desenhos (Po\u00e7os de Caldas &#8211; MG), e a Unidade de Ensino B\u00e1sico Prof Jos\u00e9 da Silva Rosa, com 38 desenhos, (S\u00e3o Lu\u00eds &#8211; MA).<\/p>\n\n\n\n<p>As hist\u00f3rias das duas educadoras e os desenhos do aluno e da aluna que ser\u00e3o reconhecidos est\u00e3o no site educadordevalor.com.br. Acompanhe a divulga\u00e7\u00e3o da campanha nas redes sociais do Instituto Alcoa: @institutoalcoa<\/p>\n\n\n\n<p><strong>Valoriza\u00e7\u00e3o<\/strong><\/p>\n\n\n\n<p>Como parte do reconhecimento, as educadoras, o aluno e a aluna e as escolas receber\u00e3o, cada, um tablet, um celular e um notebook, respectivamente, do Instituto Alcoa, divulga\u00e7\u00e3o de suas hist\u00f3rias nos ve\u00edculos de comunica\u00e7\u00e3o do Instituto Alcoa e participa\u00e7\u00e3o em uma atividade virtual e presencial sobre a tem\u00e1tica de valoriza\u00e7\u00e3o de educadores(as), o evento de reconhecimento, a ser realizado no dia 25 de outubro.<\/p>\n\n\n\n<p>O encontro virtual contar\u00e1 com a participa\u00e7\u00e3o de Nat\u00e1lia Sierpinski, mestre em Comunica\u00e7\u00e3o, licenciada em Educomunica\u00e7\u00e3o, roteirista de hist\u00f3ria em quadrinhos e coordenadora educacional, para refletir sobre os desafios do Brasil na valoriza\u00e7\u00e3o dos profissionais de Educa\u00e7\u00e3o e nos inspirar.<\/p>\n\n\n\n<p>O evento \u00e9 aberto aos cidad\u00e3os de todos os territ\u00f3rios de atua\u00e7\u00e3o do Instituto Alcoa e para a sociedade em geral. Al\u00e9m disso, cada localidade est\u00e1 planejando um momento de reconhecimento presencial.<\/p>\n","protected":false},"excerpt":{"rendered":"<p>S\u00e3o Lu\u00eds &#8211; No pr\u00f3ximo dia 25 de outubro, \u00e0s 10h, a Campanha Educador de Valor 2023, iniciativa do Instituto [&hellip;]<\/p>\n","protected":false},"author":4,"featured_media":0,"comment_status":"open","ping_status":"open","sticky":false,"template":"","format":"standard","meta":{"site-sidebar-layout":"default","site-content-layout":"","ast-site-content-layout":"default","site-content-style":"default","site-sidebar-style":"default","ast-global-header-display":"","ast-banner-title-visibility":"","ast-main-header-display":"","ast-hfb-above-header-display":"","ast-hfb-below-header-display":"","ast-hfb-mobile-header-display":"","site-post-title":"","ast-breadcrumbs-content":"","ast-featured-img":"","footer-sml-layout":"","ast-disable-related-posts":"","theme-transparent-header-meta":"","adv-header-id-meta":"","stick-header-meta":"","header-above-stick-meta":"","header-main-stick-meta":"","header-below-stick-meta":"","astra-migrate-meta-layouts":"default","ast-page-background-enabled":"default","ast-page-background-meta":{"desktop":{"background-color":"var(--ast-global-color-5)","background-image":"","background-repeat":"repeat","background-position":"center center","background-size":"auto","background-attachment":"scroll","background-type":"","background-media":"","overlay-type":"","overlay-color":"","overlay-opacity":"","overlay-gradient":""},"tablet":{"background-color":"","background-image":"","background-repeat":"repeat","background-position":"center center","background-size":"auto","background-attachment":"scroll","background-type":"","background-media":"","overlay-type":"","overlay-color":"","overlay-opacity":"","overlay-gradient":""},"mobile":{"background-color":"","background-image":"","background-repeat":"repeat","background-position":"center center","background-size":"auto","background-attachment":"scroll","background-type":"","background-media":"","overlay-type":"","overlay-color":"","overlay-opacity":"","overlay-gradient":""}},"ast-content-background-meta":{"desktop":{"background-color":"var(--ast-global-color-4)","background-image":"","background-repeat":"repeat","background-position":"center center","background-size":"auto","background-attachment":"scroll","background-type":"","background-media":"","overlay-type":"","overlay-color":"","overlay-opacity":"","overlay-gradient":""},"tablet":{"background-color":"var(--ast-global-color-4)","background-image":"","background-repeat":"repeat","background-position":"center center","background-size":"auto","background-attachment":"scroll","background-type":"","background-media":"","overlay-type":"","overlay-color":"","overlay-opacity":"","overlay-gradient":""},"mobile":{"background-color":"var(--ast-global-color-4)","background-image":"","background-repeat":"repeat","background-position":"center center","background-size":"auto","background-attachment":"scroll","background-type":"","background-media":"","overlay-type":"","overlay-color":"","overlay-opacity":"","overlay-gradient":""}},"footnotes":""},"categories":[1],"tags":[],"class_list":["post-10245","post","type-post","status-publish","format-standard","hentry","category-sem-categoria"],"yoast_head":"<!-- This site is optimized with the Yoast SEO plugin v26.6 - https:\/\/yoast.com\/wordpress\/plugins\/seo\/ -->\n<title>Campanha &#039;Educador de Valor&#039; reconhece professoras, estudantes e escolas - Evandro Junior<\/title>\n<meta name=\"robots\" content=\"index, follow, max-snippet:-1, max-image-preview:large, max-video-preview:-1\" \/>\n<link rel=\"canonical\" href=\"https:\/\/www.blogsoestado.com\/evandrojunior\/2023\/10\/23\/campanha-educador-de-valor-reconhece-professoras-estudantes-e-escolas\/\" \/>\n<meta property=\"og:locale\" content=\"pt_BR\" \/>\n<meta property=\"og:type\" content=\"article\" \/>\n<meta property=\"og:title\" content=\"Campanha &#039;Educador de Valor&#039; reconhece professoras, estudantes e escolas - Evandro Junior\" \/>\n<meta property=\"og:description\" content=\"S\u00e3o Lu\u00eds &#8211; No pr\u00f3ximo dia 25 de outubro, \u00e0s 10h, a Campanha Educador de Valor 2023, iniciativa do Instituto [&hellip;]\" \/>\n<meta property=\"og:url\" content=\"https:\/\/www.blogsoestado.com\/evandrojunior\/2023\/10\/23\/campanha-educador-de-valor-reconhece-professoras-estudantes-e-escolas\/\" \/>\n<meta property=\"og:site_name\" content=\"Evandro Junior\" \/>\n<meta property=\"article:published_time\" content=\"2023-10-23T19:20:24+00:00\" \/>\n<meta property=\"og:image\" content=\"https:\/\/www.blogsoestado.com\/evandrojunior\/files\/2023\/10\/WhatsApp-Image-2023-10-23-at-13.31.36.jpeg\" \/>\n<meta name=\"author\" content=\"Evandro Junior\" \/>\n<meta name=\"twitter:card\" content=\"summary_large_image\" \/>\n<meta name=\"twitter:label1\" content=\"Escrito por\" \/>\n\t<meta name=\"twitter:data1\" content=\"Evandro Junior\" \/>\n\t<meta name=\"twitter:label2\" content=\"Est. tempo de leitura\" \/>\n\t<meta name=\"twitter:data2\" content=\"3 minutos\" \/>\n<script type=\"application\/ld+json\" class=\"yoast-schema-graph\">{\"@context\":\"https:\/\/schema.org\",\"@graph\":[{\"@type\":\"WebPage\",\"@id\":\"https:\/\/www.blogsoestado.com\/evandrojunior\/2023\/10\/23\/campanha-educador-de-valor-reconhece-professoras-estudantes-e-escolas\/\",\"url\":\"https:\/\/www.blogsoestado.com\/evandrojunior\/2023\/10\/23\/campanha-educador-de-valor-reconhece-professoras-estudantes-e-escolas\/\",\"name\":\"Campanha 'Educador de Valor' reconhece professoras, estudantes e escolas - Evandro Junior\",\"isPartOf\":{\"@id\":\"https:\/\/www.blogsoestado.com\/evandrojunior\/#website\"},\"primaryImageOfPage\":{\"@id\":\"https:\/\/www.blogsoestado.com\/evandrojunior\/2023\/10\/23\/campanha-educador-de-valor-reconhece-professoras-estudantes-e-escolas\/#primaryimage\"},\"image\":{\"@id\":\"https:\/\/www.blogsoestado.com\/evandrojunior\/2023\/10\/23\/campanha-educador-de-valor-reconhece-professoras-estudantes-e-escolas\/#primaryimage\"},\"thumbnailUrl\":\"https:\/\/www.blogsoestado.com\/evandrojunior\/files\/2023\/10\/WhatsApp-Image-2023-10-23-at-13.31.36.jpeg\",\"datePublished\":\"2023-10-23T19:20:24+00:00\",\"author\":{\"@id\":\"https:\/\/www.blogsoestado.com\/evandrojunior\/#\/schema\/person\/3e6c3d8dbb740d1c6878ebc935cfb3be\"},\"breadcrumb\":{\"@id\":\"https:\/\/www.blogsoestado.com\/evandrojunior\/2023\/10\/23\/campanha-educador-de-valor-reconhece-professoras-estudantes-e-escolas\/#breadcrumb\"},\"inLanguage\":\"pt-BR\",\"potentialAction\":[{\"@type\":\"ReadAction\",\"target\":[\"https:\/\/www.blogsoestado.com\/evandrojunior\/2023\/10\/23\/campanha-educador-de-valor-reconhece-professoras-estudantes-e-escolas\/\"]}]},{\"@type\":\"ImageObject\",\"inLanguage\":\"pt-BR\",\"@id\":\"https:\/\/www.blogsoestado.com\/evandrojunior\/2023\/10\/23\/campanha-educador-de-valor-reconhece-professoras-estudantes-e-escolas\/#primaryimage\",\"url\":\"https:\/\/www.blogsoestado.com\/evandrojunior\/files\/2023\/10\/WhatsApp-Image-2023-10-23-at-13.31.36.jpeg\",\"contentUrl\":\"https:\/\/www.blogsoestado.com\/evandrojunior\/files\/2023\/10\/WhatsApp-Image-2023-10-23-at-13.31.36.jpeg\"},{\"@type\":\"BreadcrumbList\",\"@id\":\"https:\/\/www.blogsoestado.com\/evandrojunior\/2023\/10\/23\/campanha-educador-de-valor-reconhece-professoras-estudantes-e-escolas\/#breadcrumb\",\"itemListElement\":[{\"@type\":\"ListItem\",\"position\":1,\"name\":\"In\u00edcio\",\"item\":\"https:\/\/www.blogsoestado.com\/evandrojunior\/\"},{\"@type\":\"ListItem\",\"position\":2,\"name\":\"Campanha &#8216;Educador de Valor&#8217; reconhece professoras, estudantes e escolas\"}]},{\"@type\":\"WebSite\",\"@id\":\"https:\/\/www.blogsoestado.com\/evandrojunior\/#website\",\"url\":\"https:\/\/www.blogsoestado.com\/evandrojunior\/\",\"name\":\"Evandro Junior\",\"description\":\"\",\"potentialAction\":[{\"@type\":\"SearchAction\",\"target\":{\"@type\":\"EntryPoint\",\"urlTemplate\":\"https:\/\/www.blogsoestado.com\/evandrojunior\/?s={search_term_string}\"},\"query-input\":{\"@type\":\"PropertyValueSpecification\",\"valueRequired\":true,\"valueName\":\"search_term_string\"}}],\"inLanguage\":\"pt-BR\"},{\"@type\":\"Person\",\"@id\":\"https:\/\/www.blogsoestado.com\/evandrojunior\/#\/schema\/person\/3e6c3d8dbb740d1c6878ebc935cfb3be\",\"name\":\"Evandro Junior\",\"image\":{\"@type\":\"ImageObject\",\"inLanguage\":\"pt-BR\",\"@id\":\"https:\/\/www.blogsoestado.com\/evandrojunior\/#\/schema\/person\/image\/\",\"url\":\"https:\/\/secure.gravatar.com\/avatar\/f80a03a2294a580cd2318bfb459bf354cfa8be661ef3d95b542cf9a04af8d129?s=96&d=mm&r=g\",\"contentUrl\":\"https:\/\/secure.gravatar.com\/avatar\/f80a03a2294a580cd2318bfb459bf354cfa8be661ef3d95b542cf9a04af8d129?s=96&d=mm&r=g\",\"caption\":\"Evandro Junior\"},\"url\":\"https:\/\/www.blogsoestado.com\/evandrojunior\/author\/evandrojunior\/\"}]}<\/script>\n<!-- \/ Yoast SEO plugin. -->","yoast_head_json":{"title":"Campanha 'Educador de Valor' reconhece professoras, estudantes e escolas - Evandro Junior","robots":{"index":"index","follow":"follow","max-snippet":"max-snippet:-1","max-image-preview":"max-image-preview:large","max-video-preview":"max-video-preview:-1"},"canonical":"https:\/\/www.blogsoestado.com\/evandrojunior\/2023\/10\/23\/campanha-educador-de-valor-reconhece-professoras-estudantes-e-escolas\/","og_locale":"pt_BR","og_type":"article","og_title":"Campanha 'Educador de Valor' reconhece professoras, estudantes e escolas - Evandro Junior","og_description":"S\u00e3o Lu\u00eds &#8211; No pr\u00f3ximo dia 25 de outubro, \u00e0s 10h, a Campanha Educador de Valor 2023, iniciativa do Instituto [&hellip;]","og_url":"https:\/\/www.blogsoestado.com\/evandrojunior\/2023\/10\/23\/campanha-educador-de-valor-reconhece-professoras-estudantes-e-escolas\/","og_site_name":"Evandro Junior","article_published_time":"2023-10-23T19:20:24+00:00","og_image":[{"url":"https:\/\/www.blogsoestado.com\/evandrojunior\/files\/2023\/10\/WhatsApp-Image-2023-10-23-at-13.31.36.jpeg","type":"","width":"","height":""}],"author":"Evandro Junior","twitter_card":"summary_large_image","twitter_misc":{"Escrito por":"Evandro Junior","Est. tempo de leitura":"3 minutos"},"schema":{"@context":"https:\/\/schema.org","@graph":[{"@type":"WebPage","@id":"https:\/\/www.blogsoestado.com\/evandrojunior\/2023\/10\/23\/campanha-educador-de-valor-reconhece-professoras-estudantes-e-escolas\/","url":"https:\/\/www.blogsoestado.com\/evandrojunior\/2023\/10\/23\/campanha-educador-de-valor-reconhece-professoras-estudantes-e-escolas\/","name":"Campanha 'Educador de Valor' reconhece professoras, estudantes e escolas - Evandro Junior","isPartOf":{"@id":"https:\/\/www.blogsoestado.com\/evandrojunior\/#website"},"primaryImageOfPage":{"@id":"https:\/\/www.blogsoestado.com\/evandrojunior\/2023\/10\/23\/campanha-educador-de-valor-reconhece-professoras-estudantes-e-escolas\/#primaryimage"},"image":{"@id":"https:\/\/www.blogsoestado.com\/evandrojunior\/2023\/10\/23\/campanha-educador-de-valor-reconhece-professoras-estudantes-e-escolas\/#primaryimage"},"thumbnailUrl":"https:\/\/www.blogsoestado.com\/evandrojunior\/files\/2023\/10\/WhatsApp-Image-2023-10-23-at-13.31.36.jpeg","datePublished":"2023-10-23T19:20:24+00:00","author":{"@id":"https:\/\/www.blogsoestado.com\/evandrojunior\/#\/schema\/person\/3e6c3d8dbb740d1c6878ebc935cfb3be"},"breadcrumb":{"@id":"https:\/\/www.blogsoestado.com\/evandrojunior\/2023\/10\/23\/campanha-educador-de-valor-reconhece-professoras-estudantes-e-escolas\/#breadcrumb"},"inLanguage":"pt-BR","potentialAction":[{"@type":"ReadAction","target":["https:\/\/www.blogsoestado.com\/evandrojunior\/2023\/10\/23\/campanha-educador-de-valor-reconhece-professoras-estudantes-e-escolas\/"]}]},{"@type":"ImageObject","inLanguage":"pt-BR","@id":"https:\/\/www.blogsoestado.com\/evandrojunior\/2023\/10\/23\/campanha-educador-de-valor-reconhece-professoras-estudantes-e-escolas\/#primaryimage","url":"https:\/\/www.blogsoestado.com\/evandrojunior\/files\/2023\/10\/WhatsApp-Image-2023-10-23-at-13.31.36.jpeg","contentUrl":"https:\/\/www.blogsoestado.com\/evandrojunior\/files\/2023\/10\/WhatsApp-Image-2023-10-23-at-13.31.36.jpeg"},{"@type":"BreadcrumbList","@id":"https:\/\/www.blogsoestado.com\/evandrojunior\/2023\/10\/23\/campanha-educador-de-valor-reconhece-professoras-estudantes-e-escolas\/#breadcrumb","itemListElement":[{"@type":"ListItem","position":1,"name":"In\u00edcio","item":"https:\/\/www.blogsoestado.com\/evandrojunior\/"},{"@type":"ListItem","position":2,"name":"Campanha &#8216;Educador de Valor&#8217; reconhece professoras, estudantes e escolas"}]},{"@type":"WebSite","@id":"https:\/\/www.blogsoestado.com\/evandrojunior\/#website","url":"https:\/\/www.blogsoestado.com\/evandrojunior\/","name":"Evandro Junior","description":"","potentialAction":[{"@type":"SearchAction","target":{"@type":"EntryPoint","urlTemplate":"https:\/\/www.blogsoestado.com\/evandrojunior\/?s={search_term_string}"},"query-input":{"@type":"PropertyValueSpecification","valueRequired":true,"valueName":"search_term_string"}}],"inLanguage":"pt-BR"},{"@type":"Person","@id":"https:\/\/www.blogsoestado.com\/evandrojunior\/#\/schema\/person\/3e6c3d8dbb740d1c6878ebc935cfb3be","name":"Evandro Junior","image":{"@type":"ImageObject","inLanguage":"pt-BR","@id":"https:\/\/www.blogsoestado.com\/evandrojunior\/#\/schema\/person\/image\/","url":"https:\/\/secure.gravatar.com\/avatar\/f80a03a2294a580cd2318bfb459bf354cfa8be661ef3d95b542cf9a04af8d129?s=96&d=mm&r=g","contentUrl":"https:\/\/secure.gravatar.com\/avatar\/f80a03a2294a580cd2318bfb459bf354cfa8be661ef3d95b542cf9a04af8d129?s=96&d=mm&r=g","caption":"Evandro Junior"},"url":"https:\/\/www.blogsoestado.com\/evandrojunior\/author\/evandrojunior\/"}]}},"jetpack_featured_media_url":"","_links":{"self":[{"href":"https:\/\/www.blogsoestado.com\/evandrojunior\/wp-json\/wp\/v2\/posts\/10245","targetHints":{"allow":["GET"]}}],"collection":[{"href":"https:\/\/www.blogsoestado.com\/evandrojunior\/wp-json\/wp\/v2\/posts"}],"about":[{"href":"https:\/\/www.blogsoestado.com\/evandrojunior\/wp-json\/wp\/v2\/types\/post"}],"author":[{"embeddable":true,"href":"https:\/\/www.blogsoestado.com\/evandrojunior\/wp-json\/wp\/v2\/users\/4"}],"replies":[{"embeddable":true,"href":"https:\/\/www.blogsoestado.com\/evandrojunior\/wp-json\/wp\/v2\/comments?post=10245"}],"version-history":[{"count":0,"href":"https:\/\/www.blogsoestado.com\/evandrojunior\/wp-json\/wp\/v2\/posts\/10245\/revisions"}],"wp:attachment":[{"href":"https:\/\/www.blogsoestado.com\/evandrojunior\/wp-json\/wp\/v2\/media?parent=10245"}],"wp:term":[{"taxonomy":"category","embeddable":true,"href":"https:\/\/www.blogsoestado.com\/evandrojunior\/wp-json\/wp\/v2\/categories?post=10245"},{"taxonomy":"post_tag","embeddable":true,"href":"https:\/\/www.blogsoestado.com\/evandrojunior\/wp-json\/wp\/v2\/tags?post=10245"}],"curies":[{"name":"wp","href":"https:\/\/api.w.org\/{rel}","templated":true}]}}