{"id":10248,"date":"2023-10-23T16:38:44","date_gmt":"2023-10-23T19:38:44","guid":{"rendered":"https:\/\/www.blogsoestado.com\/evandrojunior\/?p=10248"},"modified":"2023-10-23T16:38:44","modified_gmt":"2023-10-23T19:38:44","slug":"set-participa-de-mesa-de-dialogo-com-rodoviarios-na-sede-do-ministerio-publico-do-trabalho","status":"publish","type":"post","link":"https:\/\/www.blogsoestado.com\/evandrojunior\/2023\/10\/23\/set-participa-de-mesa-de-dialogo-com-rodoviarios-na-sede-do-ministerio-publico-do-trabalho\/","title":{"rendered":"SET participa de mesa de di\u00e1logo com rodovi\u00e1rios na sede do Minist\u00e9rio P\u00fablico do Trabalho"},"content":{"rendered":"\n<div class=\"wp-block-image\"><figure class=\"aligncenter size-large is-resized\"><img fetchpriority=\"high\" decoding=\"async\" src=\"https:\/\/www.blogsoestado.com\/evandrojunior\/files\/2023\/10\/WhatsApp-Image-2023-10-23-at-16.26.52-904x1024.jpeg\" alt=\"\" class=\"wp-image-10249\" width=\"506\" height=\"572\"\/><figcaption>Paulo Pires participou de mesa de di\u00e1logo com rodovi\u00e1rios na sede do Minist\u00e9rio P\u00fablico do Trabalho<\/figcaption><\/figure><\/div>\n\n\n\n<p><strong>S\u00e3o Lu\u00eds <\/strong>&#8211; Adotando a disposi\u00e7\u00e3o para o di\u00e1logo e concilia\u00e7\u00e3o, o diretor executivo do Sindicato das Empresas de Transporte de Passageiros de S\u00e3o Lu\u00eds (SET). Paulo Pires, esteve, na tarde desta segunda-feira (23), na sede do Minist\u00e9rio P\u00fablico do Trabalho (MPT) para uma mesa de di\u00e1logo com representantes dos rodovi\u00e1rios.<\/p>\n\n\n\n<p>Demonstrando com n\u00fameros e dados atualizados, ele relatou que, desde 2019, iniciou-se um estudo de como o passageiro se comporta em rela\u00e7\u00e3o \u00e0 forma de pagamento de passagens.<\/p>\n\n\n\n<p>&#8220;Foi detectado que existia uma tend\u00eancia muito grande quanto ao uso de cart\u00f5es. Primeiro, pela praticidade e seguran\u00e7a em torno do cart\u00e3o. Segundo, pela integra\u00e7\u00e3o temporal que permite aos passageiros, sem precisarem se utilizar de dinheiro, se deslocarem em v\u00e1rios trechos, o que gera uma economia de tempo e recurso&#8221;, informou.<\/p>\n\n\n\n<p>Com base nesses dados, o diretor disse que se chegou a uma conclus\u00e3o: tudo que o usu\u00e1rio quer \u00e9 a conveni\u00eancia e praticidade. &#8220;\u00c9 um caminho sem retorno, como em v\u00e1rias outras cidades do pa\u00eds. As empresas precisam se adequar \u00e0 vontade dos passageiros, que buscam comodidade e ganho de tempo&#8221;, afirmou.<\/p>\n\n\n\n<p>O diretor falou tamb\u00e9m sobre a tend\u00eancia de diminui\u00e7\u00e3o de circula\u00e7\u00e3o de moedas. &#8220;Em 2019, t\u00ednhamos 36% de moedas circulando. Hoje, esse percentual caiu para 20% e a tend\u00eancia \u00e9 cair ainda mais. Temos que nos adaptar \u00e0 realidade e entender que os cr\u00e9ditos s\u00e3o muito mais pr\u00e1ticos e seguros&#8221;, afirmou.<\/p>\n","protected":false},"excerpt":{"rendered":"<p>S\u00e3o Lu\u00eds &#8211; Adotando a disposi\u00e7\u00e3o para o di\u00e1logo e concilia\u00e7\u00e3o, o diretor executivo do Sindicato das Empresas de Transporte [&hellip;]<\/p>\n","protected":false},"author":4,"featured_media":0,"comment_status":"open","ping_status":"open","sticky":false,"template":"","format":"standard","meta":{"site-sidebar-layout":"default","site-content-layout":"","ast-site-content-layout":"default","site-content-style":"default","site-sidebar-style":"default","ast-global-header-display":"","ast-banner-title-visibility":"","ast-main-header-display":"","ast-hfb-above-header-display":"","ast-hfb-below-header-display":"","ast-hfb-mobile-header-display":"","site-post-title":"","ast-breadcrumbs-content":"","ast-featured-img":"","footer-sml-layout":"","ast-disable-related-posts":"","theme-transparent-header-meta":"","adv-header-id-meta":"","stick-header-meta":"","header-above-stick-meta":"","header-main-stick-meta":"","header-below-stick-meta":"","astra-migrate-meta-layouts":"default","ast-page-background-enabled":"default","ast-page-background-meta":{"desktop":{"background-color":"var(--ast-global-color-5)","background-image":"","background-repeat":"repeat","background-position":"center center","background-size":"auto","background-attachment":"scroll","background-type":"","background-media":"","overlay-type":"","overlay-color":"","overlay-opacity":"","overlay-gradient":""},"tablet":{"background-color":"","background-image":"","background-repeat":"repeat","background-position":"center center","background-size":"auto","background-attachment":"scroll","background-type":"","background-media":"","overlay-type":"","overlay-color":"","overlay-opacity":"","overlay-gradient":""},"mobile":{"background-color":"","background-image":"","background-repeat":"repeat","background-position":"center center","background-size":"auto","background-attachment":"scroll","background-type":"","background-media":"","overlay-type":"","overlay-color":"","overlay-opacity":"","overlay-gradient":""}},"ast-content-background-meta":{"desktop":{"background-color":"var(--ast-global-color-4)","background-image":"","background-repeat":"repeat","background-position":"center center","background-size":"auto","background-attachment":"scroll","background-type":"","background-media":"","overlay-type":"","overlay-color":"","overlay-opacity":"","overlay-gradient":""},"tablet":{"background-color":"var(--ast-global-color-4)","background-image":"","background-repeat":"repeat","background-position":"center center","background-size":"auto","background-attachment":"scroll","background-type":"","background-media":"","overlay-type":"","overlay-color":"","overlay-opacity":"","overlay-gradient":""},"mobile":{"background-color":"var(--ast-global-color-4)","background-image":"","background-repeat":"repeat","background-position":"center center","background-size":"auto","background-attachment":"scroll","background-type":"","background-media":"","overlay-type":"","overlay-color":"","overlay-opacity":"","overlay-gradient":""}},"footnotes":""},"categories":[1],"tags":[],"class_list":["post-10248","post","type-post","status-publish","format-standard","hentry","category-sem-categoria"],"yoast_head":"<!-- This site is optimized with the Yoast SEO plugin v26.6 - https:\/\/yoast.com\/wordpress\/plugins\/seo\/ -->\n<title>SET participa de mesa de di\u00e1logo com rodovi\u00e1rios na sede do Minist\u00e9rio P\u00fablico do Trabalho - Evandro Junior<\/title>\n<meta name=\"robots\" content=\"index, follow, max-snippet:-1, max-image-preview:large, max-video-preview:-1\" \/>\n<link rel=\"canonical\" href=\"https:\/\/www.blogsoestado.com\/evandrojunior\/2023\/10\/23\/set-participa-de-mesa-de-dialogo-com-rodoviarios-na-sede-do-ministerio-publico-do-trabalho\/\" \/>\n<meta property=\"og:locale\" content=\"pt_BR\" \/>\n<meta property=\"og:type\" content=\"article\" \/>\n<meta property=\"og:title\" content=\"SET participa de mesa de di\u00e1logo com rodovi\u00e1rios na sede do Minist\u00e9rio P\u00fablico do Trabalho - Evandro Junior\" \/>\n<meta property=\"og:description\" content=\"S\u00e3o Lu\u00eds &#8211; Adotando a disposi\u00e7\u00e3o para o di\u00e1logo e concilia\u00e7\u00e3o, o diretor executivo do Sindicato das Empresas de Transporte [&hellip;]\" \/>\n<meta property=\"og:url\" content=\"https:\/\/www.blogsoestado.com\/evandrojunior\/2023\/10\/23\/set-participa-de-mesa-de-dialogo-com-rodoviarios-na-sede-do-ministerio-publico-do-trabalho\/\" \/>\n<meta property=\"og:site_name\" content=\"Evandro Junior\" \/>\n<meta property=\"article:published_time\" content=\"2023-10-23T19:38:44+00:00\" \/>\n<meta property=\"og:image\" content=\"https:\/\/www.blogsoestado.com\/evandrojunior\/files\/2023\/10\/WhatsApp-Image-2023-10-23-at-16.26.52-904x1024.jpeg\" \/>\n<meta name=\"author\" content=\"Evandro Junior\" \/>\n<meta name=\"twitter:card\" content=\"summary_large_image\" \/>\n<meta name=\"twitter:label1\" content=\"Escrito por\" \/>\n\t<meta name=\"twitter:data1\" content=\"Evandro Junior\" \/>\n\t<meta name=\"twitter:label2\" content=\"Est. tempo de leitura\" \/>\n\t<meta name=\"twitter:data2\" content=\"2 minutos\" \/>\n<script type=\"application\/ld+json\" class=\"yoast-schema-graph\">{\"@context\":\"https:\/\/schema.org\",\"@graph\":[{\"@type\":\"WebPage\",\"@id\":\"https:\/\/www.blogsoestado.com\/evandrojunior\/2023\/10\/23\/set-participa-de-mesa-de-dialogo-com-rodoviarios-na-sede-do-ministerio-publico-do-trabalho\/\",\"url\":\"https:\/\/www.blogsoestado.com\/evandrojunior\/2023\/10\/23\/set-participa-de-mesa-de-dialogo-com-rodoviarios-na-sede-do-ministerio-publico-do-trabalho\/\",\"name\":\"SET participa de mesa de di\u00e1logo com rodovi\u00e1rios na sede do Minist\u00e9rio P\u00fablico do Trabalho - Evandro Junior\",\"isPartOf\":{\"@id\":\"https:\/\/www.blogsoestado.com\/evandrojunior\/#website\"},\"primaryImageOfPage\":{\"@id\":\"https:\/\/www.blogsoestado.com\/evandrojunior\/2023\/10\/23\/set-participa-de-mesa-de-dialogo-com-rodoviarios-na-sede-do-ministerio-publico-do-trabalho\/#primaryimage\"},\"image\":{\"@id\":\"https:\/\/www.blogsoestado.com\/evandrojunior\/2023\/10\/23\/set-participa-de-mesa-de-dialogo-com-rodoviarios-na-sede-do-ministerio-publico-do-trabalho\/#primaryimage\"},\"thumbnailUrl\":\"https:\/\/www.blogsoestado.com\/evandrojunior\/files\/2023\/10\/WhatsApp-Image-2023-10-23-at-16.26.52-904x1024.jpeg\",\"datePublished\":\"2023-10-23T19:38:44+00:00\",\"author\":{\"@id\":\"https:\/\/www.blogsoestado.com\/evandrojunior\/#\/schema\/person\/3e6c3d8dbb740d1c6878ebc935cfb3be\"},\"breadcrumb\":{\"@id\":\"https:\/\/www.blogsoestado.com\/evandrojunior\/2023\/10\/23\/set-participa-de-mesa-de-dialogo-com-rodoviarios-na-sede-do-ministerio-publico-do-trabalho\/#breadcrumb\"},\"inLanguage\":\"pt-BR\",\"potentialAction\":[{\"@type\":\"ReadAction\",\"target\":[\"https:\/\/www.blogsoestado.com\/evandrojunior\/2023\/10\/23\/set-participa-de-mesa-de-dialogo-com-rodoviarios-na-sede-do-ministerio-publico-do-trabalho\/\"]}]},{\"@type\":\"ImageObject\",\"inLanguage\":\"pt-BR\",\"@id\":\"https:\/\/www.blogsoestado.com\/evandrojunior\/2023\/10\/23\/set-participa-de-mesa-de-dialogo-com-rodoviarios-na-sede-do-ministerio-publico-do-trabalho\/#primaryimage\",\"url\":\"https:\/\/www.blogsoestado.com\/evandrojunior\/files\/2023\/10\/WhatsApp-Image-2023-10-23-at-16.26.52-904x1024.jpeg\",\"contentUrl\":\"https:\/\/www.blogsoestado.com\/evandrojunior\/files\/2023\/10\/WhatsApp-Image-2023-10-23-at-16.26.52-904x1024.jpeg\"},{\"@type\":\"BreadcrumbList\",\"@id\":\"https:\/\/www.blogsoestado.com\/evandrojunior\/2023\/10\/23\/set-participa-de-mesa-de-dialogo-com-rodoviarios-na-sede-do-ministerio-publico-do-trabalho\/#breadcrumb\",\"itemListElement\":[{\"@type\":\"ListItem\",\"position\":1,\"name\":\"In\u00edcio\",\"item\":\"https:\/\/www.blogsoestado.com\/evandrojunior\/\"},{\"@type\":\"ListItem\",\"position\":2,\"name\":\"SET participa de mesa de di\u00e1logo com rodovi\u00e1rios na sede do Minist\u00e9rio P\u00fablico do Trabalho\"}]},{\"@type\":\"WebSite\",\"@id\":\"https:\/\/www.blogsoestado.com\/evandrojunior\/#website\",\"url\":\"https:\/\/www.blogsoestado.com\/evandrojunior\/\",\"name\":\"Evandro Junior\",\"description\":\"\",\"potentialAction\":[{\"@type\":\"SearchAction\",\"target\":{\"@type\":\"EntryPoint\",\"urlTemplate\":\"https:\/\/www.blogsoestado.com\/evandrojunior\/?s={search_term_string}\"},\"query-input\":{\"@type\":\"PropertyValueSpecification\",\"valueRequired\":true,\"valueName\":\"search_term_string\"}}],\"inLanguage\":\"pt-BR\"},{\"@type\":\"Person\",\"@id\":\"https:\/\/www.blogsoestado.com\/evandrojunior\/#\/schema\/person\/3e6c3d8dbb740d1c6878ebc935cfb3be\",\"name\":\"Evandro Junior\",\"image\":{\"@type\":\"ImageObject\",\"inLanguage\":\"pt-BR\",\"@id\":\"https:\/\/www.blogsoestado.com\/evandrojunior\/#\/schema\/person\/image\/\",\"url\":\"https:\/\/secure.gravatar.com\/avatar\/f80a03a2294a580cd2318bfb459bf354cfa8be661ef3d95b542cf9a04af8d129?s=96&d=mm&r=g\",\"contentUrl\":\"https:\/\/secure.gravatar.com\/avatar\/f80a03a2294a580cd2318bfb459bf354cfa8be661ef3d95b542cf9a04af8d129?s=96&d=mm&r=g\",\"caption\":\"Evandro Junior\"},\"url\":\"https:\/\/www.blogsoestado.com\/evandrojunior\/author\/evandrojunior\/\"}]}<\/script>\n<!-- \/ Yoast SEO plugin. -->","yoast_head_json":{"title":"SET participa de mesa de di\u00e1logo com rodovi\u00e1rios na sede do Minist\u00e9rio P\u00fablico do Trabalho - Evandro Junior","robots":{"index":"index","follow":"follow","max-snippet":"max-snippet:-1","max-image-preview":"max-image-preview:large","max-video-preview":"max-video-preview:-1"},"canonical":"https:\/\/www.blogsoestado.com\/evandrojunior\/2023\/10\/23\/set-participa-de-mesa-de-dialogo-com-rodoviarios-na-sede-do-ministerio-publico-do-trabalho\/","og_locale":"pt_BR","og_type":"article","og_title":"SET participa de mesa de di\u00e1logo com rodovi\u00e1rios na sede do Minist\u00e9rio P\u00fablico do Trabalho - Evandro Junior","og_description":"S\u00e3o Lu\u00eds &#8211; Adotando a disposi\u00e7\u00e3o para o di\u00e1logo e concilia\u00e7\u00e3o, o diretor executivo do Sindicato das Empresas de Transporte [&hellip;]","og_url":"https:\/\/www.blogsoestado.com\/evandrojunior\/2023\/10\/23\/set-participa-de-mesa-de-dialogo-com-rodoviarios-na-sede-do-ministerio-publico-do-trabalho\/","og_site_name":"Evandro Junior","article_published_time":"2023-10-23T19:38:44+00:00","og_image":[{"url":"https:\/\/www.blogsoestado.com\/evandrojunior\/files\/2023\/10\/WhatsApp-Image-2023-10-23-at-16.26.52-904x1024.jpeg","type":"","width":"","height":""}],"author":"Evandro Junior","twitter_card":"summary_large_image","twitter_misc":{"Escrito por":"Evandro Junior","Est. tempo de leitura":"2 minutos"},"schema":{"@context":"https:\/\/schema.org","@graph":[{"@type":"WebPage","@id":"https:\/\/www.blogsoestado.com\/evandrojunior\/2023\/10\/23\/set-participa-de-mesa-de-dialogo-com-rodoviarios-na-sede-do-ministerio-publico-do-trabalho\/","url":"https:\/\/www.blogsoestado.com\/evandrojunior\/2023\/10\/23\/set-participa-de-mesa-de-dialogo-com-rodoviarios-na-sede-do-ministerio-publico-do-trabalho\/","name":"SET participa de mesa de di\u00e1logo com rodovi\u00e1rios na sede do Minist\u00e9rio P\u00fablico do Trabalho - Evandro Junior","isPartOf":{"@id":"https:\/\/www.blogsoestado.com\/evandrojunior\/#website"},"primaryImageOfPage":{"@id":"https:\/\/www.blogsoestado.com\/evandrojunior\/2023\/10\/23\/set-participa-de-mesa-de-dialogo-com-rodoviarios-na-sede-do-ministerio-publico-do-trabalho\/#primaryimage"},"image":{"@id":"https:\/\/www.blogsoestado.com\/evandrojunior\/2023\/10\/23\/set-participa-de-mesa-de-dialogo-com-rodoviarios-na-sede-do-ministerio-publico-do-trabalho\/#primaryimage"},"thumbnailUrl":"https:\/\/www.blogsoestado.com\/evandrojunior\/files\/2023\/10\/WhatsApp-Image-2023-10-23-at-16.26.52-904x1024.jpeg","datePublished":"2023-10-23T19:38:44+00:00","author":{"@id":"https:\/\/www.blogsoestado.com\/evandrojunior\/#\/schema\/person\/3e6c3d8dbb740d1c6878ebc935cfb3be"},"breadcrumb":{"@id":"https:\/\/www.blogsoestado.com\/evandrojunior\/2023\/10\/23\/set-participa-de-mesa-de-dialogo-com-rodoviarios-na-sede-do-ministerio-publico-do-trabalho\/#breadcrumb"},"inLanguage":"pt-BR","potentialAction":[{"@type":"ReadAction","target":["https:\/\/www.blogsoestado.com\/evandrojunior\/2023\/10\/23\/set-participa-de-mesa-de-dialogo-com-rodoviarios-na-sede-do-ministerio-publico-do-trabalho\/"]}]},{"@type":"ImageObject","inLanguage":"pt-BR","@id":"https:\/\/www.blogsoestado.com\/evandrojunior\/2023\/10\/23\/set-participa-de-mesa-de-dialogo-com-rodoviarios-na-sede-do-ministerio-publico-do-trabalho\/#primaryimage","url":"https:\/\/www.blogsoestado.com\/evandrojunior\/files\/2023\/10\/WhatsApp-Image-2023-10-23-at-16.26.52-904x1024.jpeg","contentUrl":"https:\/\/www.blogsoestado.com\/evandrojunior\/files\/2023\/10\/WhatsApp-Image-2023-10-23-at-16.26.52-904x1024.jpeg"},{"@type":"BreadcrumbList","@id":"https:\/\/www.blogsoestado.com\/evandrojunior\/2023\/10\/23\/set-participa-de-mesa-de-dialogo-com-rodoviarios-na-sede-do-ministerio-publico-do-trabalho\/#breadcrumb","itemListElement":[{"@type":"ListItem","position":1,"name":"In\u00edcio","item":"https:\/\/www.blogsoestado.com\/evandrojunior\/"},{"@type":"ListItem","position":2,"name":"SET participa de mesa de di\u00e1logo com rodovi\u00e1rios na sede do Minist\u00e9rio P\u00fablico do Trabalho"}]},{"@type":"WebSite","@id":"https:\/\/www.blogsoestado.com\/evandrojunior\/#website","url":"https:\/\/www.blogsoestado.com\/evandrojunior\/","name":"Evandro Junior","description":"","potentialAction":[{"@type":"SearchAction","target":{"@type":"EntryPoint","urlTemplate":"https:\/\/www.blogsoestado.com\/evandrojunior\/?s={search_term_string}"},"query-input":{"@type":"PropertyValueSpecification","valueRequired":true,"valueName":"search_term_string"}}],"inLanguage":"pt-BR"},{"@type":"Person","@id":"https:\/\/www.blogsoestado.com\/evandrojunior\/#\/schema\/person\/3e6c3d8dbb740d1c6878ebc935cfb3be","name":"Evandro Junior","image":{"@type":"ImageObject","inLanguage":"pt-BR","@id":"https:\/\/www.blogsoestado.com\/evandrojunior\/#\/schema\/person\/image\/","url":"https:\/\/secure.gravatar.com\/avatar\/f80a03a2294a580cd2318bfb459bf354cfa8be661ef3d95b542cf9a04af8d129?s=96&d=mm&r=g","contentUrl":"https:\/\/secure.gravatar.com\/avatar\/f80a03a2294a580cd2318bfb459bf354cfa8be661ef3d95b542cf9a04af8d129?s=96&d=mm&r=g","caption":"Evandro Junior"},"url":"https:\/\/www.blogsoestado.com\/evandrojunior\/author\/evandrojunior\/"}]}},"jetpack_featured_media_url":"","_links":{"self":[{"href":"https:\/\/www.blogsoestado.com\/evandrojunior\/wp-json\/wp\/v2\/posts\/10248","targetHints":{"allow":["GET"]}}],"collection":[{"href":"https:\/\/www.blogsoestado.com\/evandrojunior\/wp-json\/wp\/v2\/posts"}],"about":[{"href":"https:\/\/www.blogsoestado.com\/evandrojunior\/wp-json\/wp\/v2\/types\/post"}],"author":[{"embeddable":true,"href":"https:\/\/www.blogsoestado.com\/evandrojunior\/wp-json\/wp\/v2\/users\/4"}],"replies":[{"embeddable":true,"href":"https:\/\/www.blogsoestado.com\/evandrojunior\/wp-json\/wp\/v2\/comments?post=10248"}],"version-history":[{"count":0,"href":"https:\/\/www.blogsoestado.com\/evandrojunior\/wp-json\/wp\/v2\/posts\/10248\/revisions"}],"wp:attachment":[{"href":"https:\/\/www.blogsoestado.com\/evandrojunior\/wp-json\/wp\/v2\/media?parent=10248"}],"wp:term":[{"taxonomy":"category","embeddable":true,"href":"https:\/\/www.blogsoestado.com\/evandrojunior\/wp-json\/wp\/v2\/categories?post=10248"},{"taxonomy":"post_tag","embeddable":true,"href":"https:\/\/www.blogsoestado.com\/evandrojunior\/wp-json\/wp\/v2\/tags?post=10248"}],"curies":[{"name":"wp","href":"https:\/\/api.w.org\/{rel}","templated":true}]}}