{"id":10264,"date":"2023-10-23T17:24:10","date_gmt":"2023-10-23T20:24:10","guid":{"rendered":"https:\/\/www.blogsoestado.com\/evandrojunior\/?p=10264"},"modified":"2023-10-23T17:24:10","modified_gmt":"2023-10-23T20:24:10","slug":"citeenel-2023-debate-inovacao-do-setor-eletrico-sob-perspectiva","status":"publish","type":"post","link":"https:\/\/www.blogsoestado.com\/evandrojunior\/2023\/10\/23\/citeenel-2023-debate-inovacao-do-setor-eletrico-sob-perspectiva\/","title":{"rendered":"Citeenel 2023 debate inova\u00e7\u00e3o do setor el\u00e9trico sob perspectiva"},"content":{"rendered":"\n<div class=\"wp-block-image\"><figure class=\"aligncenter size-large is-resized\"><img fetchpriority=\"high\" decoding=\"async\" src=\"https:\/\/www.blogsoestado.com\/evandrojunior\/files\/2023\/10\/WhatsApp-Image-2023-10-23-at-17.16.46.jpeg\" alt=\"\" class=\"wp-image-10265\" width=\"624\" height=\"350\"\/><\/figure><\/div>\n\n\n\n<p><strong>S\u00e3o Lu\u00eds <\/strong>&#8211; Nos pr\u00f3ximos dias 25, 26 e 27 de outubro, ser\u00e1 realizada em S\u00e3o Lu\u00eds a 11\u00aa edi\u00e7\u00e3o do Congresso de Inova\u00e7\u00e3o Tecnol\u00f3gica e Efici\u00eancia Energ\u00e9tica do Setor El\u00e9trico: o Citeenel 2023. Com o tema \u201cInova\u00e7\u00e3o sob a perspectiva ESG: ambiental, social e governan\u00e7a\u201d, o tradicional evento reunir\u00e1 autoridades do governo, representantes do setor e especialistas nacionais e internacionais para discutir a moderniza\u00e7\u00e3o e as oportunidades, al\u00e9m dos resultados e desafios de promover uma transi\u00e7\u00e3o energ\u00e9tica mais sustent\u00e1vel.<\/p>\n\n\n\n<p>O evento ser\u00e1 palco para discutir as tend\u00eancias do setor e para a apresenta\u00e7\u00e3o de iniciativas inovadoras dos Programas de Pesquisa, Desenvolvimento e Inova\u00e7\u00e3o (PDI) e de Efici\u00eancia Energ\u00e9tica (EE) desenvolvidos por empresas do setor el\u00e9trico e regulados pela Ag\u00eancia Nacional de Energia El\u00e9trica (ANEEL). Ser\u00e3o tr\u00eas dias de imers\u00e3o, entre pain\u00e9is, workshops e visitas t\u00e9cnicas em que entusiastas da inova\u00e7\u00e3o v\u00e3o compartilhar conhecimentos e vis\u00f5es de futuro sob a \u00f3tica do ESG. O formul\u00e1rio de inscri\u00e7\u00e3o e a programa\u00e7\u00e3o completa est\u00e3o no site www.citeenel2023.com.br.<\/p>\n\n\n\n<p><strong>Por que discutir a agenda ESG?<\/strong><\/p>\n\n\n\n<p>O setor el\u00e9trico, bem como a maioria dos servi\u00e7os de utilidade p\u00fablica, caminha para uma nova era de sustentabilidade. Nesse contexto, repensar os impactos ambientais causados pelas pr\u00e1ticas de gera\u00e7\u00e3o, transmiss\u00e3o e distribui\u00e7\u00e3o de energia, se torna desafio priorit\u00e1rio para as companhias e mesmo aos stakeholders externos \u00e0 essa ind\u00fastria.<\/p>\n\n\n\n<p>Para enfrentar tais desafios, as empresas devem investir em solu\u00e7\u00f5es multifacetadas que invoquem pr\u00e1ticas mais sustent\u00e1veis e que sejam capazes de atender a r\u00e1pida evolu\u00e7\u00e3o do setor. Al\u00e9m disso, \u00e9 importante que o debate e iniciativas criadas estejam alinhadas com a agenda ESG \u2013 prisma que re\u00fane recomenda\u00e7\u00f5es de pr\u00e1ticas e comportamentos voltados a tr\u00eas pilares fundamentais: ambiental, social e governan\u00e7a corporativa.<\/p>\n\n\n\n<p>No Brasil, a agenda ESG voltada para o setor el\u00e9trico \u00e9 o principal pilar da Agenda Regulat\u00f3ria da ANEEL para o bi\u00eanio 2024-2025, a qual prev\u00ea sete eixos de atua\u00e7\u00e3o: Combate \u00e0 Pobreza Energ\u00e9tica; Fontes Renov\u00e1veis; Baixo Carbono; Efici\u00eancia Energ\u00e9tica; Modicidade e Equil\u00edbrio Tarif\u00e1rio; Seguran\u00e7a Energ\u00e9tica e; Atividade Empresarial.<\/p>\n\n\n\n<p>No Maranh\u00e3o, o evento ser\u00e1 Carbono Neutro \u2013 A Equatorial Maranh\u00e3o, empresa respons\u00e1vel pela distribui\u00e7\u00e3o de energia no estado e anfitri\u00e3 do Citeenel 2023, tem investido em solu\u00e7\u00f5es ambientais e tem a honra de anunciar que a 11\u00aa edi\u00e7\u00e3o do Congresso de Inova\u00e7\u00e3o Tecnol\u00f3gica e Efici\u00eancia Energ\u00e9tica do Setor El\u00e9trico ser\u00e1 um Evento Carbono Neutro.<\/p>\n\n\n\n<p>Para garantir a compensa\u00e7\u00e3o das emiss\u00f5es de carbono geradas durante o evento, o Citeenel fechou parceria com a startup \u201cCompensei\u201d, empresa especializada em medir e compensar emiss\u00f5es de carbono. Juntas, as duas iniciativas est\u00e3o calculando e compensando as emiss\u00f5es de carbono em projetos socioambientais de conserva\u00e7\u00e3o e recupera\u00e7\u00e3o de \u00e1reas de manguezal no Maranh\u00e3o.<\/p>\n\n\n\n<p>Este movimento refor\u00e7a o compromisso da Equatorial Energia em promover uma transi\u00e7\u00e3o energ\u00e9tica mais limpa e sustent\u00e1vel e solidifica as pautas levantadas pelo congresso, que em 2023 abrir\u00e1 espa\u00e7o para a discuss\u00e3o de iniciativas inovadoras e da agenda ESG (ambiental, social e governan\u00e7a) prevista para o setor el\u00e9trico.<\/p>\n\n\n\n<p><strong>Sobre o Citeenel<\/strong><\/p>\n\n\n\n<p>O Citeenel, realizado bienalmente pela ANEEL em parceria com as distribuidoras, \u00e9 o principal canal para discuss\u00e3o dos resultados e impactos dos Programas de Pesquisa, Desenvolvimento e Inova\u00e7\u00e3o (PDI) e de Efici\u00eancia Energ\u00e9tica (EE) regulados pela Ag\u00eancia e implementados pelas empresas geradoras, transmissoras e distribuidoras de energia.<\/p>\n\n\n\n<p>O evento consiste em uma oportunidade para que empresas de energia el\u00e9trica e institui\u00e7\u00f5es divulguem as inova\u00e7\u00f5es tecnol\u00f3gicas desenvolvidas no \u00e2mbito dos programas de PDI e EE regulados pela ANEEL, al\u00e9m de ser um momento para discuss\u00e3o da regulamenta\u00e7\u00e3o ora vigente. Tamb\u00e9m \u00e9 um canal para discutir as tend\u00eancias de moderniza\u00e7\u00e3o do setor el\u00e9trico, as transforma\u00e7\u00f5es do mercado de energia, inova\u00e7\u00e3o e efici\u00eancia energ\u00e9tica, entre outros temas.<\/p>\n\n\n\n<p>O Congresso \u00e9 voltado para profissionais do setor el\u00e9trico, fabricantes, universidades, startups, institui\u00e7\u00f5es de pesquisa e profissionais de inova\u00e7\u00e3o. E nesta edi\u00e7\u00e3o conta com a realiza\u00e7\u00e3o da ANEEL em parceria com o Grupo Equatorial Energia.<\/p>\n","protected":false},"excerpt":{"rendered":"<p>S\u00e3o Lu\u00eds &#8211; Nos pr\u00f3ximos dias 25, 26 e 27 de outubro, ser\u00e1 realizada em S\u00e3o Lu\u00eds a 11\u00aa edi\u00e7\u00e3o [&hellip;]<\/p>\n","protected":false},"author":4,"featured_media":0,"comment_status":"open","ping_status":"open","sticky":false,"template":"","format":"standard","meta":{"site-sidebar-layout":"default","site-content-layout":"","ast-site-content-layout":"default","site-content-style":"default","site-sidebar-style":"default","ast-global-header-display":"","ast-banner-title-visibility":"","ast-main-header-display":"","ast-hfb-above-header-display":"","ast-hfb-below-header-display":"","ast-hfb-mobile-header-display":"","site-post-title":"","ast-breadcrumbs-content":"","ast-featured-img":"","footer-sml-layout":"","ast-disable-related-posts":"","theme-transparent-header-meta":"","adv-header-id-meta":"","stick-header-meta":"","header-above-stick-meta":"","header-main-stick-meta":"","header-below-stick-meta":"","astra-migrate-meta-layouts":"default","ast-page-background-enabled":"default","ast-page-background-meta":{"desktop":{"background-color":"var(--ast-global-color-5)","background-image":"","background-repeat":"repeat","background-position":"center center","background-size":"auto","background-attachment":"scroll","background-type":"","background-media":"","overlay-type":"","overlay-color":"","overlay-opacity":"","overlay-gradient":""},"tablet":{"background-color":"","background-image":"","background-repeat":"repeat","background-position":"center center","background-size":"auto","background-attachment":"scroll","background-type":"","background-media":"","overlay-type":"","overlay-color":"","overlay-opacity":"","overlay-gradient":""},"mobile":{"background-color":"","background-image":"","background-repeat":"repeat","background-position":"center center","background-size":"auto","background-attachment":"scroll","background-type":"","background-media":"","overlay-type":"","overlay-color":"","overlay-opacity":"","overlay-gradient":""}},"ast-content-background-meta":{"desktop":{"background-color":"var(--ast-global-color-4)","background-image":"","background-repeat":"repeat","background-position":"center center","background-size":"auto","background-attachment":"scroll","background-type":"","background-media":"","overlay-type":"","overlay-color":"","overlay-opacity":"","overlay-gradient":""},"tablet":{"background-color":"var(--ast-global-color-4)","background-image":"","background-repeat":"repeat","background-position":"center center","background-size":"auto","background-attachment":"scroll","background-type":"","background-media":"","overlay-type":"","overlay-color":"","overlay-opacity":"","overlay-gradient":""},"mobile":{"background-color":"var(--ast-global-color-4)","background-image":"","background-repeat":"repeat","background-position":"center center","background-size":"auto","background-attachment":"scroll","background-type":"","background-media":"","overlay-type":"","overlay-color":"","overlay-opacity":"","overlay-gradient":""}},"footnotes":""},"categories":[1],"tags":[],"class_list":["post-10264","post","type-post","status-publish","format-standard","hentry","category-sem-categoria"],"yoast_head":"<!-- This site is optimized with the Yoast SEO plugin v26.6 - https:\/\/yoast.com\/wordpress\/plugins\/seo\/ -->\n<title>Citeenel 2023 debate inova\u00e7\u00e3o do setor el\u00e9trico sob perspectiva - Evandro Junior<\/title>\n<meta name=\"robots\" content=\"index, follow, max-snippet:-1, max-image-preview:large, max-video-preview:-1\" \/>\n<link rel=\"canonical\" href=\"https:\/\/www.blogsoestado.com\/evandrojunior\/2023\/10\/23\/citeenel-2023-debate-inovacao-do-setor-eletrico-sob-perspectiva\/\" \/>\n<meta property=\"og:locale\" content=\"pt_BR\" \/>\n<meta property=\"og:type\" content=\"article\" \/>\n<meta property=\"og:title\" content=\"Citeenel 2023 debate inova\u00e7\u00e3o do setor el\u00e9trico sob perspectiva - Evandro Junior\" \/>\n<meta property=\"og:description\" content=\"S\u00e3o Lu\u00eds &#8211; Nos pr\u00f3ximos dias 25, 26 e 27 de outubro, ser\u00e1 realizada em S\u00e3o Lu\u00eds a 11\u00aa edi\u00e7\u00e3o [&hellip;]\" \/>\n<meta property=\"og:url\" content=\"https:\/\/www.blogsoestado.com\/evandrojunior\/2023\/10\/23\/citeenel-2023-debate-inovacao-do-setor-eletrico-sob-perspectiva\/\" \/>\n<meta property=\"og:site_name\" content=\"Evandro Junior\" \/>\n<meta property=\"article:published_time\" content=\"2023-10-23T20:24:10+00:00\" \/>\n<meta property=\"og:image\" content=\"https:\/\/www.blogsoestado.com\/evandrojunior\/files\/2023\/10\/WhatsApp-Image-2023-10-23-at-17.16.46.jpeg\" \/>\n<meta name=\"author\" content=\"Evandro Junior\" \/>\n<meta name=\"twitter:card\" content=\"summary_large_image\" \/>\n<meta name=\"twitter:label1\" content=\"Escrito por\" \/>\n\t<meta name=\"twitter:data1\" content=\"Evandro Junior\" \/>\n\t<meta name=\"twitter:label2\" content=\"Est. tempo de leitura\" \/>\n\t<meta name=\"twitter:data2\" content=\"3 minutos\" \/>\n<script type=\"application\/ld+json\" class=\"yoast-schema-graph\">{\"@context\":\"https:\/\/schema.org\",\"@graph\":[{\"@type\":\"WebPage\",\"@id\":\"https:\/\/www.blogsoestado.com\/evandrojunior\/2023\/10\/23\/citeenel-2023-debate-inovacao-do-setor-eletrico-sob-perspectiva\/\",\"url\":\"https:\/\/www.blogsoestado.com\/evandrojunior\/2023\/10\/23\/citeenel-2023-debate-inovacao-do-setor-eletrico-sob-perspectiva\/\",\"name\":\"Citeenel 2023 debate inova\u00e7\u00e3o do setor el\u00e9trico sob perspectiva - Evandro Junior\",\"isPartOf\":{\"@id\":\"https:\/\/www.blogsoestado.com\/evandrojunior\/#website\"},\"primaryImageOfPage\":{\"@id\":\"https:\/\/www.blogsoestado.com\/evandrojunior\/2023\/10\/23\/citeenel-2023-debate-inovacao-do-setor-eletrico-sob-perspectiva\/#primaryimage\"},\"image\":{\"@id\":\"https:\/\/www.blogsoestado.com\/evandrojunior\/2023\/10\/23\/citeenel-2023-debate-inovacao-do-setor-eletrico-sob-perspectiva\/#primaryimage\"},\"thumbnailUrl\":\"https:\/\/www.blogsoestado.com\/evandrojunior\/files\/2023\/10\/WhatsApp-Image-2023-10-23-at-17.16.46.jpeg\",\"datePublished\":\"2023-10-23T20:24:10+00:00\",\"author\":{\"@id\":\"https:\/\/www.blogsoestado.com\/evandrojunior\/#\/schema\/person\/3e6c3d8dbb740d1c6878ebc935cfb3be\"},\"breadcrumb\":{\"@id\":\"https:\/\/www.blogsoestado.com\/evandrojunior\/2023\/10\/23\/citeenel-2023-debate-inovacao-do-setor-eletrico-sob-perspectiva\/#breadcrumb\"},\"inLanguage\":\"pt-BR\",\"potentialAction\":[{\"@type\":\"ReadAction\",\"target\":[\"https:\/\/www.blogsoestado.com\/evandrojunior\/2023\/10\/23\/citeenel-2023-debate-inovacao-do-setor-eletrico-sob-perspectiva\/\"]}]},{\"@type\":\"ImageObject\",\"inLanguage\":\"pt-BR\",\"@id\":\"https:\/\/www.blogsoestado.com\/evandrojunior\/2023\/10\/23\/citeenel-2023-debate-inovacao-do-setor-eletrico-sob-perspectiva\/#primaryimage\",\"url\":\"https:\/\/www.blogsoestado.com\/evandrojunior\/files\/2023\/10\/WhatsApp-Image-2023-10-23-at-17.16.46.jpeg\",\"contentUrl\":\"https:\/\/www.blogsoestado.com\/evandrojunior\/files\/2023\/10\/WhatsApp-Image-2023-10-23-at-17.16.46.jpeg\"},{\"@type\":\"BreadcrumbList\",\"@id\":\"https:\/\/www.blogsoestado.com\/evandrojunior\/2023\/10\/23\/citeenel-2023-debate-inovacao-do-setor-eletrico-sob-perspectiva\/#breadcrumb\",\"itemListElement\":[{\"@type\":\"ListItem\",\"position\":1,\"name\":\"In\u00edcio\",\"item\":\"https:\/\/www.blogsoestado.com\/evandrojunior\/\"},{\"@type\":\"ListItem\",\"position\":2,\"name\":\"Citeenel 2023 debate inova\u00e7\u00e3o do setor el\u00e9trico sob perspectiva\"}]},{\"@type\":\"WebSite\",\"@id\":\"https:\/\/www.blogsoestado.com\/evandrojunior\/#website\",\"url\":\"https:\/\/www.blogsoestado.com\/evandrojunior\/\",\"name\":\"Evandro Junior\",\"description\":\"\",\"potentialAction\":[{\"@type\":\"SearchAction\",\"target\":{\"@type\":\"EntryPoint\",\"urlTemplate\":\"https:\/\/www.blogsoestado.com\/evandrojunior\/?s={search_term_string}\"},\"query-input\":{\"@type\":\"PropertyValueSpecification\",\"valueRequired\":true,\"valueName\":\"search_term_string\"}}],\"inLanguage\":\"pt-BR\"},{\"@type\":\"Person\",\"@id\":\"https:\/\/www.blogsoestado.com\/evandrojunior\/#\/schema\/person\/3e6c3d8dbb740d1c6878ebc935cfb3be\",\"name\":\"Evandro Junior\",\"image\":{\"@type\":\"ImageObject\",\"inLanguage\":\"pt-BR\",\"@id\":\"https:\/\/www.blogsoestado.com\/evandrojunior\/#\/schema\/person\/image\/\",\"url\":\"https:\/\/secure.gravatar.com\/avatar\/f80a03a2294a580cd2318bfb459bf354cfa8be661ef3d95b542cf9a04af8d129?s=96&d=mm&r=g\",\"contentUrl\":\"https:\/\/secure.gravatar.com\/avatar\/f80a03a2294a580cd2318bfb459bf354cfa8be661ef3d95b542cf9a04af8d129?s=96&d=mm&r=g\",\"caption\":\"Evandro Junior\"},\"url\":\"https:\/\/www.blogsoestado.com\/evandrojunior\/author\/evandrojunior\/\"}]}<\/script>\n<!-- \/ Yoast SEO plugin. -->","yoast_head_json":{"title":"Citeenel 2023 debate inova\u00e7\u00e3o do setor el\u00e9trico sob perspectiva - Evandro Junior","robots":{"index":"index","follow":"follow","max-snippet":"max-snippet:-1","max-image-preview":"max-image-preview:large","max-video-preview":"max-video-preview:-1"},"canonical":"https:\/\/www.blogsoestado.com\/evandrojunior\/2023\/10\/23\/citeenel-2023-debate-inovacao-do-setor-eletrico-sob-perspectiva\/","og_locale":"pt_BR","og_type":"article","og_title":"Citeenel 2023 debate inova\u00e7\u00e3o do setor el\u00e9trico sob perspectiva - Evandro Junior","og_description":"S\u00e3o Lu\u00eds &#8211; Nos pr\u00f3ximos dias 25, 26 e 27 de outubro, ser\u00e1 realizada em S\u00e3o Lu\u00eds a 11\u00aa edi\u00e7\u00e3o [&hellip;]","og_url":"https:\/\/www.blogsoestado.com\/evandrojunior\/2023\/10\/23\/citeenel-2023-debate-inovacao-do-setor-eletrico-sob-perspectiva\/","og_site_name":"Evandro Junior","article_published_time":"2023-10-23T20:24:10+00:00","og_image":[{"url":"https:\/\/www.blogsoestado.com\/evandrojunior\/files\/2023\/10\/WhatsApp-Image-2023-10-23-at-17.16.46.jpeg","type":"","width":"","height":""}],"author":"Evandro Junior","twitter_card":"summary_large_image","twitter_misc":{"Escrito por":"Evandro Junior","Est. tempo de leitura":"3 minutos"},"schema":{"@context":"https:\/\/schema.org","@graph":[{"@type":"WebPage","@id":"https:\/\/www.blogsoestado.com\/evandrojunior\/2023\/10\/23\/citeenel-2023-debate-inovacao-do-setor-eletrico-sob-perspectiva\/","url":"https:\/\/www.blogsoestado.com\/evandrojunior\/2023\/10\/23\/citeenel-2023-debate-inovacao-do-setor-eletrico-sob-perspectiva\/","name":"Citeenel 2023 debate inova\u00e7\u00e3o do setor el\u00e9trico sob perspectiva - Evandro Junior","isPartOf":{"@id":"https:\/\/www.blogsoestado.com\/evandrojunior\/#website"},"primaryImageOfPage":{"@id":"https:\/\/www.blogsoestado.com\/evandrojunior\/2023\/10\/23\/citeenel-2023-debate-inovacao-do-setor-eletrico-sob-perspectiva\/#primaryimage"},"image":{"@id":"https:\/\/www.blogsoestado.com\/evandrojunior\/2023\/10\/23\/citeenel-2023-debate-inovacao-do-setor-eletrico-sob-perspectiva\/#primaryimage"},"thumbnailUrl":"https:\/\/www.blogsoestado.com\/evandrojunior\/files\/2023\/10\/WhatsApp-Image-2023-10-23-at-17.16.46.jpeg","datePublished":"2023-10-23T20:24:10+00:00","author":{"@id":"https:\/\/www.blogsoestado.com\/evandrojunior\/#\/schema\/person\/3e6c3d8dbb740d1c6878ebc935cfb3be"},"breadcrumb":{"@id":"https:\/\/www.blogsoestado.com\/evandrojunior\/2023\/10\/23\/citeenel-2023-debate-inovacao-do-setor-eletrico-sob-perspectiva\/#breadcrumb"},"inLanguage":"pt-BR","potentialAction":[{"@type":"ReadAction","target":["https:\/\/www.blogsoestado.com\/evandrojunior\/2023\/10\/23\/citeenel-2023-debate-inovacao-do-setor-eletrico-sob-perspectiva\/"]}]},{"@type":"ImageObject","inLanguage":"pt-BR","@id":"https:\/\/www.blogsoestado.com\/evandrojunior\/2023\/10\/23\/citeenel-2023-debate-inovacao-do-setor-eletrico-sob-perspectiva\/#primaryimage","url":"https:\/\/www.blogsoestado.com\/evandrojunior\/files\/2023\/10\/WhatsApp-Image-2023-10-23-at-17.16.46.jpeg","contentUrl":"https:\/\/www.blogsoestado.com\/evandrojunior\/files\/2023\/10\/WhatsApp-Image-2023-10-23-at-17.16.46.jpeg"},{"@type":"BreadcrumbList","@id":"https:\/\/www.blogsoestado.com\/evandrojunior\/2023\/10\/23\/citeenel-2023-debate-inovacao-do-setor-eletrico-sob-perspectiva\/#breadcrumb","itemListElement":[{"@type":"ListItem","position":1,"name":"In\u00edcio","item":"https:\/\/www.blogsoestado.com\/evandrojunior\/"},{"@type":"ListItem","position":2,"name":"Citeenel 2023 debate inova\u00e7\u00e3o do setor el\u00e9trico sob perspectiva"}]},{"@type":"WebSite","@id":"https:\/\/www.blogsoestado.com\/evandrojunior\/#website","url":"https:\/\/www.blogsoestado.com\/evandrojunior\/","name":"Evandro Junior","description":"","potentialAction":[{"@type":"SearchAction","target":{"@type":"EntryPoint","urlTemplate":"https:\/\/www.blogsoestado.com\/evandrojunior\/?s={search_term_string}"},"query-input":{"@type":"PropertyValueSpecification","valueRequired":true,"valueName":"search_term_string"}}],"inLanguage":"pt-BR"},{"@type":"Person","@id":"https:\/\/www.blogsoestado.com\/evandrojunior\/#\/schema\/person\/3e6c3d8dbb740d1c6878ebc935cfb3be","name":"Evandro Junior","image":{"@type":"ImageObject","inLanguage":"pt-BR","@id":"https:\/\/www.blogsoestado.com\/evandrojunior\/#\/schema\/person\/image\/","url":"https:\/\/secure.gravatar.com\/avatar\/f80a03a2294a580cd2318bfb459bf354cfa8be661ef3d95b542cf9a04af8d129?s=96&d=mm&r=g","contentUrl":"https:\/\/secure.gravatar.com\/avatar\/f80a03a2294a580cd2318bfb459bf354cfa8be661ef3d95b542cf9a04af8d129?s=96&d=mm&r=g","caption":"Evandro Junior"},"url":"https:\/\/www.blogsoestado.com\/evandrojunior\/author\/evandrojunior\/"}]}},"jetpack_featured_media_url":"","_links":{"self":[{"href":"https:\/\/www.blogsoestado.com\/evandrojunior\/wp-json\/wp\/v2\/posts\/10264","targetHints":{"allow":["GET"]}}],"collection":[{"href":"https:\/\/www.blogsoestado.com\/evandrojunior\/wp-json\/wp\/v2\/posts"}],"about":[{"href":"https:\/\/www.blogsoestado.com\/evandrojunior\/wp-json\/wp\/v2\/types\/post"}],"author":[{"embeddable":true,"href":"https:\/\/www.blogsoestado.com\/evandrojunior\/wp-json\/wp\/v2\/users\/4"}],"replies":[{"embeddable":true,"href":"https:\/\/www.blogsoestado.com\/evandrojunior\/wp-json\/wp\/v2\/comments?post=10264"}],"version-history":[{"count":0,"href":"https:\/\/www.blogsoestado.com\/evandrojunior\/wp-json\/wp\/v2\/posts\/10264\/revisions"}],"wp:attachment":[{"href":"https:\/\/www.blogsoestado.com\/evandrojunior\/wp-json\/wp\/v2\/media?parent=10264"}],"wp:term":[{"taxonomy":"category","embeddable":true,"href":"https:\/\/www.blogsoestado.com\/evandrojunior\/wp-json\/wp\/v2\/categories?post=10264"},{"taxonomy":"post_tag","embeddable":true,"href":"https:\/\/www.blogsoestado.com\/evandrojunior\/wp-json\/wp\/v2\/tags?post=10264"}],"curies":[{"name":"wp","href":"https:\/\/api.w.org\/{rel}","templated":true}]}}