{"id":10292,"date":"2023-10-27T12:07:41","date_gmt":"2023-10-27T15:07:41","guid":{"rendered":"https:\/\/www.blogsoestado.com\/evandrojunior\/?p=10292"},"modified":"2023-10-27T12:07:41","modified_gmt":"2023-10-27T15:07:41","slug":"eu-falei-forro-acontece-neste-e-joao-gomes-e-uma-das-atracoes","status":"publish","type":"post","link":"https:\/\/www.blogsoestado.com\/evandrojunior\/2023\/10\/27\/eu-falei-forro-acontece-neste-e-joao-gomes-e-uma-das-atracoes\/","title":{"rendered":"\u201cEu Falei Forr\u00f3\u201d acontece neste e Jo\u00e3o Gomes \u00e9 uma das atra\u00e7\u00f5es"},"content":{"rendered":"\n<div class=\"wp-block-image\"><figure class=\"aligncenter size-large\"><img decoding=\"async\" src=\"https:\/\/www.blogsoestado.com\/evandrojunior\/files\/2023\/10\/Joao-Gomes-01.jpeg\" alt=\"\" class=\"wp-image-10293\"\/><figcaption><strong>Jo\u00e3o Gomes \u00e9 esperado para show no estacionamento do S\u00e3o Lu\u00eds Shopping<\/strong><\/figcaption><\/figure><\/div>\n\n\n\n<p><strong>S\u00e3o Lu\u00eds<\/strong> &#8211; A capital maranhense vai receber, neste s\u00e1bado (28), grandes nomes do forr\u00f3 e piseiro, como Vitor Fernandes, Tarc\u00edsio do Acordeon, Iguinho e Lulinha e Jo\u00e3o Gomes. O evento ser\u00e1 realizado no estacionamento do S\u00e3o Lu\u00eds Shopping e promete ser um dos maiores da hist\u00f3ria da cidade.<\/p>\n\n\n\n<p>Vitor Fernandes, um dos artistas mais populares do Brasil, \u00e9 conhecido por seus hits rom\u00e2nticos e dan\u00e7antes, como \u201cSaudade e Solid\u00e3o\u201d e \u201cVou falar que n\u00e3o quero\u201d. Tarc\u00edsio do Acordeon, outro fen\u00f4meno do forr\u00f3, \u00e9 um dos maiores representantes da nova gera\u00e7\u00e3o do g\u00eanero e da pisadinha, com hits como \u201cMeia Noite\u201d, \u201cHoje D\u00f3i\u201d e \u201cEu gosto \u00e9 de problema\u201d.<\/p>\n\n\n\n<div class=\"wp-block-image\"><figure class=\"aligncenter size-large\"><img decoding=\"async\" src=\"https:\/\/www.blogsoestado.com\/evandrojunior\/files\/2023\/10\/image-8.png\" alt=\"\" class=\"wp-image-10276\"\/><figcaption><strong>Vitor Fernandes \u00e9 outra atra\u00e7\u00e3o do evento<\/strong><\/figcaption><\/figure><\/div>\n\n\n\n<p>Iguinho e Lulinha, dupla de irm\u00e3os de Sergipe, s\u00e3o uma das revela\u00e7\u00f5es do forr\u00f3 e piseiro atual. Com hits como \u201cFesta no Interior\u201d, \u201cEu e Voc\u00ea\u201d e \u201cVolta Morena\u201d, a dupla j\u00e1 conquistou o p\u00fablico maranhense e est\u00e1 conquistando o Brasil.<\/p>\n\n\n\n<p>Jo\u00e3o Gomes tornou-se o cantor mais ouvido do Brasil em 2021. Com hits como \u201cDengo\u201d, \u201cSonho Lindo\u201d e \u201cPode Maltratar&#8221;, al\u00e9m de \u201cS\u00f3 voc\u00ea e eu e Amado\u201d, can\u00e7\u00e3o que tem feat com a cantora Vanessa da Mata. Ele \u00e9 um dos principais nomes do forr\u00f3 atual, por sua simplicidade, alegria e maneira em transformar o palco em um espa\u00e7o de realiza\u00e7\u00e3o pessoal com amor, gratid\u00e3o e reconhecimento do p\u00fablico por ter lhe proporcionado momentos especiais at\u00e9 hoje.<\/p>\n\n\n\n<div class=\"wp-block-image\"><figure class=\"aligncenter size-large is-resized\"><img fetchpriority=\"high\" decoding=\"async\" src=\"https:\/\/www.blogsoestado.com\/evandrojunior\/files\/2023\/10\/tarcisio_do_acordeon_redes_sociais.jpg\" alt=\"\" class=\"wp-image-10295\" width=\"511\" height=\"340\"\/><figcaption><strong>Tarc\u00edsio do Acordeon<\/strong><\/figcaption><\/figure><\/div>\n\n\n\n<p>O evento, que tem classifica\u00e7\u00e3o et\u00e1ria de 16 anos, vai come\u00e7ar \u00e0s 19h, com DJ Rog\u00e9rio Mix nos intervalos. Os ingressos est\u00e3o \u00e0 venda na 4M\u00e3os Store, no www.ingresso.tech e no\u00a0<a href=\"http:\/\/padrao4maos.com.br.com\/\" target=\"_blank\" rel=\"noreferrer noopener\">padrao4maos.com.br<\/a>, para mais informa\u00e7\u00f5es. Os ingressos na bilheteria do evento, a partir das 18h, no s\u00e1bado (28).<\/p>\n\n\n\n<div class=\"wp-block-image\"><figure class=\"aligncenter size-large is-resized\"><img decoding=\"async\" src=\"https:\/\/www.blogsoestado.com\/evandrojunior\/files\/2023\/10\/image-10.png\" alt=\"\" class=\"wp-image-10297\" width=\"485\" height=\"319\"\/><figcaption><strong>Iguinho e Lulinha<\/strong><\/figcaption><\/figure><\/div>\n\n\n\n<p>\u201cEstamos muito felizes em trazer esse evento para S\u00e3o Lu\u00eds\u201d, disse o empres\u00e1rio Marcelo Arag\u00e3o, um dos organizadores. \u201cO forr\u00f3 \u00e9 um g\u00eanero muito popular na nossa regi\u00e3o e estamos certos de que o p\u00fablico vai aproveitar muito\u201d, completou.<\/p>\n","protected":false},"excerpt":{"rendered":"<p>S\u00e3o Lu\u00eds &#8211; A capital maranhense vai receber, neste s\u00e1bado (28), grandes nomes do forr\u00f3 e piseiro, como Vitor Fernandes, [&hellip;]<\/p>\n","protected":false},"author":4,"featured_media":0,"comment_status":"open","ping_status":"open","sticky":false,"template":"","format":"standard","meta":{"site-sidebar-layout":"default","site-content-layout":"","ast-site-content-layout":"default","site-content-style":"default","site-sidebar-style":"default","ast-global-header-display":"","ast-banner-title-visibility":"","ast-main-header-display":"","ast-hfb-above-header-display":"","ast-hfb-below-header-display":"","ast-hfb-mobile-header-display":"","site-post-title":"","ast-breadcrumbs-content":"","ast-featured-img":"","footer-sml-layout":"","ast-disable-related-posts":"","theme-transparent-header-meta":"","adv-header-id-meta":"","stick-header-meta":"","header-above-stick-meta":"","header-main-stick-meta":"","header-below-stick-meta":"","astra-migrate-meta-layouts":"default","ast-page-background-enabled":"default","ast-page-background-meta":{"desktop":{"background-color":"var(--ast-global-color-5)","background-image":"","background-repeat":"repeat","background-position":"center center","background-size":"auto","background-attachment":"scroll","background-type":"","background-media":"","overlay-type":"","overlay-color":"","overlay-opacity":"","overlay-gradient":""},"tablet":{"background-color":"","background-image":"","background-repeat":"repeat","background-position":"center center","background-size":"auto","background-attachment":"scroll","background-type":"","background-media":"","overlay-type":"","overlay-color":"","overlay-opacity":"","overlay-gradient":""},"mobile":{"background-color":"","background-image":"","background-repeat":"repeat","background-position":"center center","background-size":"auto","background-attachment":"scroll","background-type":"","background-media":"","overlay-type":"","overlay-color":"","overlay-opacity":"","overlay-gradient":""}},"ast-content-background-meta":{"desktop":{"background-color":"var(--ast-global-color-4)","background-image":"","background-repeat":"repeat","background-position":"center center","background-size":"auto","background-attachment":"scroll","background-type":"","background-media":"","overlay-type":"","overlay-color":"","overlay-opacity":"","overlay-gradient":""},"tablet":{"background-color":"var(--ast-global-color-4)","background-image":"","background-repeat":"repeat","background-position":"center center","background-size":"auto","background-attachment":"scroll","background-type":"","background-media":"","overlay-type":"","overlay-color":"","overlay-opacity":"","overlay-gradient":""},"mobile":{"background-color":"var(--ast-global-color-4)","background-image":"","background-repeat":"repeat","background-position":"center center","background-size":"auto","background-attachment":"scroll","background-type":"","background-media":"","overlay-type":"","overlay-color":"","overlay-opacity":"","overlay-gradient":""}},"footnotes":""},"categories":[1],"tags":[],"class_list":["post-10292","post","type-post","status-publish","format-standard","hentry","category-sem-categoria"],"yoast_head":"<!-- This site is optimized with the Yoast SEO plugin v26.6 - https:\/\/yoast.com\/wordpress\/plugins\/seo\/ -->\n<title>\u201cEu Falei Forr\u00f3\u201d acontece neste e Jo\u00e3o Gomes \u00e9 uma das atra\u00e7\u00f5es - Evandro Junior<\/title>\n<meta name=\"robots\" content=\"index, follow, max-snippet:-1, max-image-preview:large, max-video-preview:-1\" \/>\n<link rel=\"canonical\" href=\"https:\/\/www.blogsoestado.com\/evandrojunior\/2023\/10\/27\/eu-falei-forro-acontece-neste-e-joao-gomes-e-uma-das-atracoes\/\" \/>\n<meta property=\"og:locale\" content=\"pt_BR\" \/>\n<meta property=\"og:type\" content=\"article\" \/>\n<meta property=\"og:title\" content=\"\u201cEu Falei Forr\u00f3\u201d acontece neste e Jo\u00e3o Gomes \u00e9 uma das atra\u00e7\u00f5es - Evandro Junior\" \/>\n<meta property=\"og:description\" content=\"S\u00e3o Lu\u00eds &#8211; A capital maranhense vai receber, neste s\u00e1bado (28), grandes nomes do forr\u00f3 e piseiro, como Vitor Fernandes, [&hellip;]\" \/>\n<meta property=\"og:url\" content=\"https:\/\/www.blogsoestado.com\/evandrojunior\/2023\/10\/27\/eu-falei-forro-acontece-neste-e-joao-gomes-e-uma-das-atracoes\/\" \/>\n<meta property=\"og:site_name\" content=\"Evandro Junior\" \/>\n<meta property=\"article:published_time\" content=\"2023-10-27T15:07:41+00:00\" \/>\n<meta property=\"og:image\" content=\"https:\/\/www.blogsoestado.com\/evandrojunior\/files\/2023\/10\/Joao-Gomes-01.jpeg\" \/>\n<meta name=\"author\" content=\"Evandro Junior\" \/>\n<meta name=\"twitter:card\" content=\"summary_large_image\" \/>\n<meta name=\"twitter:label1\" content=\"Escrito por\" \/>\n\t<meta name=\"twitter:data1\" content=\"Evandro Junior\" \/>\n\t<meta name=\"twitter:label2\" content=\"Est. tempo de leitura\" \/>\n\t<meta name=\"twitter:data2\" content=\"3 minutos\" \/>\n<script type=\"application\/ld+json\" class=\"yoast-schema-graph\">{\"@context\":\"https:\/\/schema.org\",\"@graph\":[{\"@type\":\"WebPage\",\"@id\":\"https:\/\/www.blogsoestado.com\/evandrojunior\/2023\/10\/27\/eu-falei-forro-acontece-neste-e-joao-gomes-e-uma-das-atracoes\/\",\"url\":\"https:\/\/www.blogsoestado.com\/evandrojunior\/2023\/10\/27\/eu-falei-forro-acontece-neste-e-joao-gomes-e-uma-das-atracoes\/\",\"name\":\"\u201cEu Falei Forr\u00f3\u201d acontece neste e Jo\u00e3o Gomes \u00e9 uma das atra\u00e7\u00f5es - Evandro Junior\",\"isPartOf\":{\"@id\":\"https:\/\/www.blogsoestado.com\/evandrojunior\/#website\"},\"primaryImageOfPage\":{\"@id\":\"https:\/\/www.blogsoestado.com\/evandrojunior\/2023\/10\/27\/eu-falei-forro-acontece-neste-e-joao-gomes-e-uma-das-atracoes\/#primaryimage\"},\"image\":{\"@id\":\"https:\/\/www.blogsoestado.com\/evandrojunior\/2023\/10\/27\/eu-falei-forro-acontece-neste-e-joao-gomes-e-uma-das-atracoes\/#primaryimage\"},\"thumbnailUrl\":\"https:\/\/www.blogsoestado.com\/evandrojunior\/files\/2023\/10\/Joao-Gomes-01.jpeg\",\"datePublished\":\"2023-10-27T15:07:41+00:00\",\"author\":{\"@id\":\"https:\/\/www.blogsoestado.com\/evandrojunior\/#\/schema\/person\/3e6c3d8dbb740d1c6878ebc935cfb3be\"},\"breadcrumb\":{\"@id\":\"https:\/\/www.blogsoestado.com\/evandrojunior\/2023\/10\/27\/eu-falei-forro-acontece-neste-e-joao-gomes-e-uma-das-atracoes\/#breadcrumb\"},\"inLanguage\":\"pt-BR\",\"potentialAction\":[{\"@type\":\"ReadAction\",\"target\":[\"https:\/\/www.blogsoestado.com\/evandrojunior\/2023\/10\/27\/eu-falei-forro-acontece-neste-e-joao-gomes-e-uma-das-atracoes\/\"]}]},{\"@type\":\"ImageObject\",\"inLanguage\":\"pt-BR\",\"@id\":\"https:\/\/www.blogsoestado.com\/evandrojunior\/2023\/10\/27\/eu-falei-forro-acontece-neste-e-joao-gomes-e-uma-das-atracoes\/#primaryimage\",\"url\":\"https:\/\/www.blogsoestado.com\/evandrojunior\/files\/2023\/10\/Joao-Gomes-01.jpeg\",\"contentUrl\":\"https:\/\/www.blogsoestado.com\/evandrojunior\/files\/2023\/10\/Joao-Gomes-01.jpeg\"},{\"@type\":\"BreadcrumbList\",\"@id\":\"https:\/\/www.blogsoestado.com\/evandrojunior\/2023\/10\/27\/eu-falei-forro-acontece-neste-e-joao-gomes-e-uma-das-atracoes\/#breadcrumb\",\"itemListElement\":[{\"@type\":\"ListItem\",\"position\":1,\"name\":\"In\u00edcio\",\"item\":\"https:\/\/www.blogsoestado.com\/evandrojunior\/\"},{\"@type\":\"ListItem\",\"position\":2,\"name\":\"\u201cEu Falei Forr\u00f3\u201d acontece neste e Jo\u00e3o Gomes \u00e9 uma das atra\u00e7\u00f5es\"}]},{\"@type\":\"WebSite\",\"@id\":\"https:\/\/www.blogsoestado.com\/evandrojunior\/#website\",\"url\":\"https:\/\/www.blogsoestado.com\/evandrojunior\/\",\"name\":\"Evandro Junior\",\"description\":\"\",\"potentialAction\":[{\"@type\":\"SearchAction\",\"target\":{\"@type\":\"EntryPoint\",\"urlTemplate\":\"https:\/\/www.blogsoestado.com\/evandrojunior\/?s={search_term_string}\"},\"query-input\":{\"@type\":\"PropertyValueSpecification\",\"valueRequired\":true,\"valueName\":\"search_term_string\"}}],\"inLanguage\":\"pt-BR\"},{\"@type\":\"Person\",\"@id\":\"https:\/\/www.blogsoestado.com\/evandrojunior\/#\/schema\/person\/3e6c3d8dbb740d1c6878ebc935cfb3be\",\"name\":\"Evandro Junior\",\"image\":{\"@type\":\"ImageObject\",\"inLanguage\":\"pt-BR\",\"@id\":\"https:\/\/www.blogsoestado.com\/evandrojunior\/#\/schema\/person\/image\/\",\"url\":\"https:\/\/secure.gravatar.com\/avatar\/f80a03a2294a580cd2318bfb459bf354cfa8be661ef3d95b542cf9a04af8d129?s=96&d=mm&r=g\",\"contentUrl\":\"https:\/\/secure.gravatar.com\/avatar\/f80a03a2294a580cd2318bfb459bf354cfa8be661ef3d95b542cf9a04af8d129?s=96&d=mm&r=g\",\"caption\":\"Evandro Junior\"},\"url\":\"https:\/\/www.blogsoestado.com\/evandrojunior\/author\/evandrojunior\/\"}]}<\/script>\n<!-- \/ Yoast SEO plugin. -->","yoast_head_json":{"title":"\u201cEu Falei Forr\u00f3\u201d acontece neste e Jo\u00e3o Gomes \u00e9 uma das atra\u00e7\u00f5es - Evandro Junior","robots":{"index":"index","follow":"follow","max-snippet":"max-snippet:-1","max-image-preview":"max-image-preview:large","max-video-preview":"max-video-preview:-1"},"canonical":"https:\/\/www.blogsoestado.com\/evandrojunior\/2023\/10\/27\/eu-falei-forro-acontece-neste-e-joao-gomes-e-uma-das-atracoes\/","og_locale":"pt_BR","og_type":"article","og_title":"\u201cEu Falei Forr\u00f3\u201d acontece neste e Jo\u00e3o Gomes \u00e9 uma das atra\u00e7\u00f5es - Evandro Junior","og_description":"S\u00e3o Lu\u00eds &#8211; A capital maranhense vai receber, neste s\u00e1bado (28), grandes nomes do forr\u00f3 e piseiro, como Vitor Fernandes, [&hellip;]","og_url":"https:\/\/www.blogsoestado.com\/evandrojunior\/2023\/10\/27\/eu-falei-forro-acontece-neste-e-joao-gomes-e-uma-das-atracoes\/","og_site_name":"Evandro Junior","article_published_time":"2023-10-27T15:07:41+00:00","og_image":[{"url":"https:\/\/www.blogsoestado.com\/evandrojunior\/files\/2023\/10\/Joao-Gomes-01.jpeg","type":"","width":"","height":""}],"author":"Evandro Junior","twitter_card":"summary_large_image","twitter_misc":{"Escrito por":"Evandro Junior","Est. tempo de leitura":"3 minutos"},"schema":{"@context":"https:\/\/schema.org","@graph":[{"@type":"WebPage","@id":"https:\/\/www.blogsoestado.com\/evandrojunior\/2023\/10\/27\/eu-falei-forro-acontece-neste-e-joao-gomes-e-uma-das-atracoes\/","url":"https:\/\/www.blogsoestado.com\/evandrojunior\/2023\/10\/27\/eu-falei-forro-acontece-neste-e-joao-gomes-e-uma-das-atracoes\/","name":"\u201cEu Falei Forr\u00f3\u201d acontece neste e Jo\u00e3o Gomes \u00e9 uma das atra\u00e7\u00f5es - Evandro Junior","isPartOf":{"@id":"https:\/\/www.blogsoestado.com\/evandrojunior\/#website"},"primaryImageOfPage":{"@id":"https:\/\/www.blogsoestado.com\/evandrojunior\/2023\/10\/27\/eu-falei-forro-acontece-neste-e-joao-gomes-e-uma-das-atracoes\/#primaryimage"},"image":{"@id":"https:\/\/www.blogsoestado.com\/evandrojunior\/2023\/10\/27\/eu-falei-forro-acontece-neste-e-joao-gomes-e-uma-das-atracoes\/#primaryimage"},"thumbnailUrl":"https:\/\/www.blogsoestado.com\/evandrojunior\/files\/2023\/10\/Joao-Gomes-01.jpeg","datePublished":"2023-10-27T15:07:41+00:00","author":{"@id":"https:\/\/www.blogsoestado.com\/evandrojunior\/#\/schema\/person\/3e6c3d8dbb740d1c6878ebc935cfb3be"},"breadcrumb":{"@id":"https:\/\/www.blogsoestado.com\/evandrojunior\/2023\/10\/27\/eu-falei-forro-acontece-neste-e-joao-gomes-e-uma-das-atracoes\/#breadcrumb"},"inLanguage":"pt-BR","potentialAction":[{"@type":"ReadAction","target":["https:\/\/www.blogsoestado.com\/evandrojunior\/2023\/10\/27\/eu-falei-forro-acontece-neste-e-joao-gomes-e-uma-das-atracoes\/"]}]},{"@type":"ImageObject","inLanguage":"pt-BR","@id":"https:\/\/www.blogsoestado.com\/evandrojunior\/2023\/10\/27\/eu-falei-forro-acontece-neste-e-joao-gomes-e-uma-das-atracoes\/#primaryimage","url":"https:\/\/www.blogsoestado.com\/evandrojunior\/files\/2023\/10\/Joao-Gomes-01.jpeg","contentUrl":"https:\/\/www.blogsoestado.com\/evandrojunior\/files\/2023\/10\/Joao-Gomes-01.jpeg"},{"@type":"BreadcrumbList","@id":"https:\/\/www.blogsoestado.com\/evandrojunior\/2023\/10\/27\/eu-falei-forro-acontece-neste-e-joao-gomes-e-uma-das-atracoes\/#breadcrumb","itemListElement":[{"@type":"ListItem","position":1,"name":"In\u00edcio","item":"https:\/\/www.blogsoestado.com\/evandrojunior\/"},{"@type":"ListItem","position":2,"name":"\u201cEu Falei Forr\u00f3\u201d acontece neste e Jo\u00e3o Gomes \u00e9 uma das atra\u00e7\u00f5es"}]},{"@type":"WebSite","@id":"https:\/\/www.blogsoestado.com\/evandrojunior\/#website","url":"https:\/\/www.blogsoestado.com\/evandrojunior\/","name":"Evandro Junior","description":"","potentialAction":[{"@type":"SearchAction","target":{"@type":"EntryPoint","urlTemplate":"https:\/\/www.blogsoestado.com\/evandrojunior\/?s={search_term_string}"},"query-input":{"@type":"PropertyValueSpecification","valueRequired":true,"valueName":"search_term_string"}}],"inLanguage":"pt-BR"},{"@type":"Person","@id":"https:\/\/www.blogsoestado.com\/evandrojunior\/#\/schema\/person\/3e6c3d8dbb740d1c6878ebc935cfb3be","name":"Evandro Junior","image":{"@type":"ImageObject","inLanguage":"pt-BR","@id":"https:\/\/www.blogsoestado.com\/evandrojunior\/#\/schema\/person\/image\/","url":"https:\/\/secure.gravatar.com\/avatar\/f80a03a2294a580cd2318bfb459bf354cfa8be661ef3d95b542cf9a04af8d129?s=96&d=mm&r=g","contentUrl":"https:\/\/secure.gravatar.com\/avatar\/f80a03a2294a580cd2318bfb459bf354cfa8be661ef3d95b542cf9a04af8d129?s=96&d=mm&r=g","caption":"Evandro Junior"},"url":"https:\/\/www.blogsoestado.com\/evandrojunior\/author\/evandrojunior\/"}]}},"jetpack_featured_media_url":"","_links":{"self":[{"href":"https:\/\/www.blogsoestado.com\/evandrojunior\/wp-json\/wp\/v2\/posts\/10292","targetHints":{"allow":["GET"]}}],"collection":[{"href":"https:\/\/www.blogsoestado.com\/evandrojunior\/wp-json\/wp\/v2\/posts"}],"about":[{"href":"https:\/\/www.blogsoestado.com\/evandrojunior\/wp-json\/wp\/v2\/types\/post"}],"author":[{"embeddable":true,"href":"https:\/\/www.blogsoestado.com\/evandrojunior\/wp-json\/wp\/v2\/users\/4"}],"replies":[{"embeddable":true,"href":"https:\/\/www.blogsoestado.com\/evandrojunior\/wp-json\/wp\/v2\/comments?post=10292"}],"version-history":[{"count":0,"href":"https:\/\/www.blogsoestado.com\/evandrojunior\/wp-json\/wp\/v2\/posts\/10292\/revisions"}],"wp:attachment":[{"href":"https:\/\/www.blogsoestado.com\/evandrojunior\/wp-json\/wp\/v2\/media?parent=10292"}],"wp:term":[{"taxonomy":"category","embeddable":true,"href":"https:\/\/www.blogsoestado.com\/evandrojunior\/wp-json\/wp\/v2\/categories?post=10292"},{"taxonomy":"post_tag","embeddable":true,"href":"https:\/\/www.blogsoestado.com\/evandrojunior\/wp-json\/wp\/v2\/tags?post=10292"}],"curies":[{"name":"wp","href":"https:\/\/api.w.org\/{rel}","templated":true}]}}