{"id":10304,"date":"2023-10-29T16:26:11","date_gmt":"2023-10-29T19:26:11","guid":{"rendered":"https:\/\/www.blogsoestado.com\/evandrojunior\/?p=10304"},"modified":"2023-10-29T16:26:11","modified_gmt":"2023-10-29T19:26:11","slug":"4maos-da-show-em-evento-realizado-no-estacionamento-do-sao-luis-shopping","status":"publish","type":"post","link":"https:\/\/www.blogsoestado.com\/evandrojunior\/2023\/10\/29\/4maos-da-show-em-evento-realizado-no-estacionamento-do-sao-luis-shopping\/","title":{"rendered":"4M\u00e3os d\u00e1 show em evento realizado no estacionamento do S\u00e3o Lu\u00eds Shopping"},"content":{"rendered":"\n<div class=\"wp-block-image\"><figure class=\"aligncenter size-large is-resized\"><img fetchpriority=\"high\" decoding=\"async\" src=\"https:\/\/www.blogsoestado.com\/evandrojunior\/files\/2023\/10\/2e432c84-db38-4de2-8912-0d2451343be7.jpg\" alt=\"\" class=\"wp-image-10305\" width=\"681\" height=\"383\"\/><figcaption><strong>Pl\u00e1stica impec\u00e1vel de &#8220;Eu Falei Forr\u00f3&#8221;, realizado na noite de s\u00e1bado no estacionamento do S\u00e3o Lu\u00eds Shopping<\/strong><\/figcaption><\/figure><\/div>\n\n\n\n<p><strong>S\u00e3o Lu\u00eds <\/strong>&#8211; A empresa de show business 4M\u00e3os, dos empres\u00e1rios Marcelo Arag\u00e3o e Roberto Gurgel, recebeu a nota m\u00e1xima no evento &#8220;Eu Falei Forr\u00f3&#8221;, realizado s\u00e1bado (28), no estacionamento do S\u00e3o Lu\u00eds Shopping. <\/p>\n\n\n\n<p>Foi uma grande homenagem ao forr\u00f3 e ao piseiro, dois g\u00eaneros musicais que fazem muito sucesso, principalmente, no Nordeste. O estacionamento do shopping transbordou de gente, o que foi um grande presente aos artistas convidados. <\/p>\n\n\n\n<p>A caprichada produ\u00e7\u00e3o recebeu os melhores elogios de quem marcou presen\u00e7a. Foi um espet\u00e1culo de luzes e cores, garantindo uma atmosfera que inclui a capital maranhense na rota dos melhores shows do Brasil. <\/p>\n\n\n\n<div class=\"wp-block-image\"><figure class=\"aligncenter size-large\"><img decoding=\"async\" src=\"https:\/\/www.blogsoestado.com\/evandrojunior\/files\/2023\/10\/image-17-1024x578.png\" alt=\"\" class=\"wp-image-10315\"\/><figcaption><strong>Numeroso p\u00fablico dan\u00e7ou e cantou com os astros do forr\u00f3 e do piseiro em grande evento realizado em S\u00e3o Lu\u00eds<\/strong><\/figcaption><\/figure><\/div>\n\n\n\n<p>O evento contou com seguran\u00e7a refor\u00e7ada e apoio da Pol\u00edcia Militar e Corpo de Bombeiros. O diretor da 4M\u00e3os Entretenimento, Marcelo Arag\u00e3o, comemorou o sucesso. &#8220;Ficamos muito felizes com a repercuss\u00e3o do evento. A seguran\u00e7a, a programa\u00e7\u00e3o e a atmosfera da noite foram impec\u00e1veis&#8221;, disse.<\/p>\n\n\n\n<p>Uma megaestrutura garantiu horas de muita m\u00fasica e descontra\u00e7\u00e3o com uma mistura de forr\u00f3 e piseiro. O evento reuniu Vitor Fernandes, Jo\u00e3o Gomes, Tarc\u00edsio do Acordeon e Iguinho e Lulinha.<\/p>\n\n\n\n<div class=\"wp-block-image\"><figure class=\"aligncenter size-large is-resized\"><img decoding=\"async\" src=\"https:\/\/www.blogsoestado.com\/evandrojunior\/files\/2023\/10\/f5b1ca33-56cf-4cae-a4ad-2f407584797a-1024x683.jpg\" alt=\"\" class=\"wp-image-10306\" width=\"588\" height=\"392\"\/><figcaption><strong>Vitor Fernandes abriu a programa\u00e7\u00e3o e encantou a multid\u00e3o <\/strong><\/figcaption><\/figure><\/div>\n\n\n\n<p>O astro Vitor Fernandes abriu a programa\u00e7\u00e3o com os sucessos &#8220;Ai C\u00ea Liga&#8221;, &#8220;Minha Saudade&#8221;, &#8220;Se For Amor&#8221;, entre outros. O artista mostrou carisma e energia, levando o p\u00fablico a cantar e dan\u00e7ar com ele. &#8220;Foi uma noite incr\u00edvel, com um p\u00fablico maravilhoso. A energia da galera foi contagiante&#8221;, disse Vitor Fernandes.<\/p>\n\n\n\n<div class=\"wp-block-image\"><figure class=\"aligncenter size-large is-resized\"><img decoding=\"async\" src=\"https:\/\/www.blogsoestado.com\/evandrojunior\/files\/2023\/10\/image-12-1024x672.png\" alt=\"\" class=\"wp-image-10308\" width=\"652\" height=\"428\"\/><figcaption><strong>Tarc\u00edsio do Acordeon mostrou sua versatilidade na sanfona<\/strong><\/figcaption><\/figure><\/div>\n\n\n\n<p>Em seguida, a simpatia de Tarc\u00edsio do Acordeon entrou em cena. O artista, que \u00e9 um dos principais nomes do forr\u00f3, levou o p\u00fablico a cantar seus maiores sucessos, como &#8220;Deixa eu te superar&#8221; e &#8220;Amor Proibido&#8221;. &#8220;O p\u00fablico de S\u00e3o Lu\u00eds \u00e9 sempre muito receptivo. Foi um prazer tocar aqui&#8221;, afirmou Tarc\u00edsio do Acordeon.<\/p>\n\n\n\n<div class=\"wp-block-image\"><figure class=\"aligncenter size-large\"><img decoding=\"async\" src=\"https:\/\/www.blogsoestado.com\/evandrojunior\/files\/2023\/10\/image-13.png\" alt=\"\" class=\"wp-image-10309\"\/><figcaption><strong>Iguinho e Lulinha tamb\u00e9m fizeram um show animado<\/strong><\/figcaption><\/figure><\/div>\n\n\n\n<p>Os sergipanos Iguinho e Lulinha deram um show animado, levando o p\u00fablico a cantar sucessos como &#8220;Quero ser seu amor&#8221; e &#8220;Beijinho de Mel&#8221;. &#8220;Agradecemos a oportunidade de fazer parte desse evento. Foi uma noite inesquec\u00edvel&#8221;, disseram Iguinho e Lulinha. A dupla ainda recebeu o cantor maranhense Bruno Shinoda no palco.<\/p>\n\n\n\n<p>Jo\u00e3o Gomes roubou a cena com seu vozeir\u00e3o, encerrando a noite com um show irretoc\u00e1vel. O artista, que \u00e9 um dos principais nomes do piseiro, se emocionou v\u00e1rias vezes na passarela em forma de T. &#8220;Foi um momento muito especial para mim. Obrigado a todos que estiveram presentes&#8221;, disse Jo\u00e3o Gomes nos bastidores do evento.<\/p>\n\n\n\n<div class=\"wp-block-image\"><figure class=\"aligncenter size-large is-resized\"><img loading=\"lazy\" decoding=\"async\" src=\"https:\/\/www.blogsoestado.com\/evandrojunior\/files\/2023\/10\/image-15-1024x677.png\" alt=\"\" class=\"wp-image-10311\" width=\"705\" height=\"466\"\/><figcaption><strong>Jo\u00e3o Gomes roubou a cena com seu vozeir\u00e3o, encerrando a noite com um show emocionante<\/strong><\/figcaption><\/figure><\/div>\n\n\n\n<p>A 4M\u00e3os Entretenimento realizar\u00e1 ainda em 2023 o show do cantor Ney Matogrosso, dia 18 de novembro, o \u201cEmbaixador In S\u00e3o Lu\u00eds\u201d, no dia 16 de dezembro, e dia 17 do mesmo m\u00eas o \u201cEncontro\u201d dos Tit\u00e3s. Tamb\u00e9m j\u00e1 confirmaram o primeiro evento de 2024: o Baile da Santinha, dia 20 de janeiro. Todas as informa\u00e7\u00f5es no\u00a0<a href=\"http:\/\/www.padrao4maos.com.br\/\" target=\"_blank\" rel=\"noreferrer noopener\">www.padrao4maos.com.br<\/a>.\u00a0<\/p>\n","protected":false},"excerpt":{"rendered":"<p>S\u00e3o Lu\u00eds &#8211; A empresa de show business 4M\u00e3os, dos empres\u00e1rios Marcelo Arag\u00e3o e Roberto Gurgel, recebeu a nota m\u00e1xima [&hellip;]<\/p>\n","protected":false},"author":4,"featured_media":0,"comment_status":"open","ping_status":"open","sticky":false,"template":"","format":"standard","meta":{"site-sidebar-layout":"default","site-content-layout":"","ast-site-content-layout":"default","site-content-style":"default","site-sidebar-style":"default","ast-global-header-display":"","ast-banner-title-visibility":"","ast-main-header-display":"","ast-hfb-above-header-display":"","ast-hfb-below-header-display":"","ast-hfb-mobile-header-display":"","site-post-title":"","ast-breadcrumbs-content":"","ast-featured-img":"","footer-sml-layout":"","ast-disable-related-posts":"","theme-transparent-header-meta":"","adv-header-id-meta":"","stick-header-meta":"","header-above-stick-meta":"","header-main-stick-meta":"","header-below-stick-meta":"","astra-migrate-meta-layouts":"default","ast-page-background-enabled":"default","ast-page-background-meta":{"desktop":{"background-color":"var(--ast-global-color-5)","background-image":"","background-repeat":"repeat","background-position":"center center","background-size":"auto","background-attachment":"scroll","background-type":"","background-media":"","overlay-type":"","overlay-color":"","overlay-opacity":"","overlay-gradient":""},"tablet":{"background-color":"","background-image":"","background-repeat":"repeat","background-position":"center center","background-size":"auto","background-attachment":"scroll","background-type":"","background-media":"","overlay-type":"","overlay-color":"","overlay-opacity":"","overlay-gradient":""},"mobile":{"background-color":"","background-image":"","background-repeat":"repeat","background-position":"center center","background-size":"auto","background-attachment":"scroll","background-type":"","background-media":"","overlay-type":"","overlay-color":"","overlay-opacity":"","overlay-gradient":""}},"ast-content-background-meta":{"desktop":{"background-color":"var(--ast-global-color-4)","background-image":"","background-repeat":"repeat","background-position":"center center","background-size":"auto","background-attachment":"scroll","background-type":"","background-media":"","overlay-type":"","overlay-color":"","overlay-opacity":"","overlay-gradient":""},"tablet":{"background-color":"var(--ast-global-color-4)","background-image":"","background-repeat":"repeat","background-position":"center center","background-size":"auto","background-attachment":"scroll","background-type":"","background-media":"","overlay-type":"","overlay-color":"","overlay-opacity":"","overlay-gradient":""},"mobile":{"background-color":"var(--ast-global-color-4)","background-image":"","background-repeat":"repeat","background-position":"center center","background-size":"auto","background-attachment":"scroll","background-type":"","background-media":"","overlay-type":"","overlay-color":"","overlay-opacity":"","overlay-gradient":""}},"footnotes":""},"categories":[1],"tags":[],"class_list":["post-10304","post","type-post","status-publish","format-standard","hentry","category-sem-categoria"],"yoast_head":"<!-- This site is optimized with the Yoast SEO plugin v26.6 - https:\/\/yoast.com\/wordpress\/plugins\/seo\/ -->\n<title>4M\u00e3os d\u00e1 show em evento realizado no estacionamento do S\u00e3o Lu\u00eds Shopping - Evandro Junior<\/title>\n<meta name=\"robots\" content=\"index, follow, max-snippet:-1, max-image-preview:large, max-video-preview:-1\" \/>\n<link rel=\"canonical\" href=\"https:\/\/www.blogsoestado.com\/evandrojunior\/2023\/10\/29\/4maos-da-show-em-evento-realizado-no-estacionamento-do-sao-luis-shopping\/\" \/>\n<meta property=\"og:locale\" content=\"pt_BR\" \/>\n<meta property=\"og:type\" content=\"article\" \/>\n<meta property=\"og:title\" content=\"4M\u00e3os d\u00e1 show em evento realizado no estacionamento do S\u00e3o Lu\u00eds Shopping - Evandro Junior\" \/>\n<meta property=\"og:description\" content=\"S\u00e3o Lu\u00eds &#8211; A empresa de show business 4M\u00e3os, dos empres\u00e1rios Marcelo Arag\u00e3o e Roberto Gurgel, recebeu a nota m\u00e1xima [&hellip;]\" \/>\n<meta property=\"og:url\" content=\"https:\/\/www.blogsoestado.com\/evandrojunior\/2023\/10\/29\/4maos-da-show-em-evento-realizado-no-estacionamento-do-sao-luis-shopping\/\" \/>\n<meta property=\"og:site_name\" content=\"Evandro Junior\" \/>\n<meta property=\"article:published_time\" content=\"2023-10-29T19:26:11+00:00\" \/>\n<meta property=\"og:image\" content=\"https:\/\/www.blogsoestado.com\/evandrojunior\/files\/2023\/10\/2e432c84-db38-4de2-8912-0d2451343be7.jpg\" \/>\n<meta name=\"author\" content=\"Evandro Junior\" \/>\n<meta name=\"twitter:card\" content=\"summary_large_image\" \/>\n<meta name=\"twitter:label1\" content=\"Escrito por\" \/>\n\t<meta name=\"twitter:data1\" content=\"Evandro Junior\" \/>\n\t<meta name=\"twitter:label2\" content=\"Est. tempo de leitura\" \/>\n\t<meta name=\"twitter:data2\" content=\"4 minutos\" \/>\n<script type=\"application\/ld+json\" class=\"yoast-schema-graph\">{\"@context\":\"https:\/\/schema.org\",\"@graph\":[{\"@type\":\"WebPage\",\"@id\":\"https:\/\/www.blogsoestado.com\/evandrojunior\/2023\/10\/29\/4maos-da-show-em-evento-realizado-no-estacionamento-do-sao-luis-shopping\/\",\"url\":\"https:\/\/www.blogsoestado.com\/evandrojunior\/2023\/10\/29\/4maos-da-show-em-evento-realizado-no-estacionamento-do-sao-luis-shopping\/\",\"name\":\"4M\u00e3os d\u00e1 show em evento realizado no estacionamento do S\u00e3o Lu\u00eds Shopping - Evandro Junior\",\"isPartOf\":{\"@id\":\"https:\/\/www.blogsoestado.com\/evandrojunior\/#website\"},\"primaryImageOfPage\":{\"@id\":\"https:\/\/www.blogsoestado.com\/evandrojunior\/2023\/10\/29\/4maos-da-show-em-evento-realizado-no-estacionamento-do-sao-luis-shopping\/#primaryimage\"},\"image\":{\"@id\":\"https:\/\/www.blogsoestado.com\/evandrojunior\/2023\/10\/29\/4maos-da-show-em-evento-realizado-no-estacionamento-do-sao-luis-shopping\/#primaryimage\"},\"thumbnailUrl\":\"https:\/\/www.blogsoestado.com\/evandrojunior\/files\/2023\/10\/2e432c84-db38-4de2-8912-0d2451343be7.jpg\",\"datePublished\":\"2023-10-29T19:26:11+00:00\",\"author\":{\"@id\":\"https:\/\/www.blogsoestado.com\/evandrojunior\/#\/schema\/person\/3e6c3d8dbb740d1c6878ebc935cfb3be\"},\"breadcrumb\":{\"@id\":\"https:\/\/www.blogsoestado.com\/evandrojunior\/2023\/10\/29\/4maos-da-show-em-evento-realizado-no-estacionamento-do-sao-luis-shopping\/#breadcrumb\"},\"inLanguage\":\"pt-BR\",\"potentialAction\":[{\"@type\":\"ReadAction\",\"target\":[\"https:\/\/www.blogsoestado.com\/evandrojunior\/2023\/10\/29\/4maos-da-show-em-evento-realizado-no-estacionamento-do-sao-luis-shopping\/\"]}]},{\"@type\":\"ImageObject\",\"inLanguage\":\"pt-BR\",\"@id\":\"https:\/\/www.blogsoestado.com\/evandrojunior\/2023\/10\/29\/4maos-da-show-em-evento-realizado-no-estacionamento-do-sao-luis-shopping\/#primaryimage\",\"url\":\"https:\/\/www.blogsoestado.com\/evandrojunior\/files\/2023\/10\/2e432c84-db38-4de2-8912-0d2451343be7.jpg\",\"contentUrl\":\"https:\/\/www.blogsoestado.com\/evandrojunior\/files\/2023\/10\/2e432c84-db38-4de2-8912-0d2451343be7.jpg\"},{\"@type\":\"BreadcrumbList\",\"@id\":\"https:\/\/www.blogsoestado.com\/evandrojunior\/2023\/10\/29\/4maos-da-show-em-evento-realizado-no-estacionamento-do-sao-luis-shopping\/#breadcrumb\",\"itemListElement\":[{\"@type\":\"ListItem\",\"position\":1,\"name\":\"In\u00edcio\",\"item\":\"https:\/\/www.blogsoestado.com\/evandrojunior\/\"},{\"@type\":\"ListItem\",\"position\":2,\"name\":\"4M\u00e3os d\u00e1 show em evento realizado no estacionamento do S\u00e3o Lu\u00eds Shopping\"}]},{\"@type\":\"WebSite\",\"@id\":\"https:\/\/www.blogsoestado.com\/evandrojunior\/#website\",\"url\":\"https:\/\/www.blogsoestado.com\/evandrojunior\/\",\"name\":\"Evandro Junior\",\"description\":\"\",\"potentialAction\":[{\"@type\":\"SearchAction\",\"target\":{\"@type\":\"EntryPoint\",\"urlTemplate\":\"https:\/\/www.blogsoestado.com\/evandrojunior\/?s={search_term_string}\"},\"query-input\":{\"@type\":\"PropertyValueSpecification\",\"valueRequired\":true,\"valueName\":\"search_term_string\"}}],\"inLanguage\":\"pt-BR\"},{\"@type\":\"Person\",\"@id\":\"https:\/\/www.blogsoestado.com\/evandrojunior\/#\/schema\/person\/3e6c3d8dbb740d1c6878ebc935cfb3be\",\"name\":\"Evandro Junior\",\"image\":{\"@type\":\"ImageObject\",\"inLanguage\":\"pt-BR\",\"@id\":\"https:\/\/www.blogsoestado.com\/evandrojunior\/#\/schema\/person\/image\/\",\"url\":\"https:\/\/secure.gravatar.com\/avatar\/f80a03a2294a580cd2318bfb459bf354cfa8be661ef3d95b542cf9a04af8d129?s=96&d=mm&r=g\",\"contentUrl\":\"https:\/\/secure.gravatar.com\/avatar\/f80a03a2294a580cd2318bfb459bf354cfa8be661ef3d95b542cf9a04af8d129?s=96&d=mm&r=g\",\"caption\":\"Evandro Junior\"},\"url\":\"https:\/\/www.blogsoestado.com\/evandrojunior\/author\/evandrojunior\/\"}]}<\/script>\n<!-- \/ Yoast SEO plugin. -->","yoast_head_json":{"title":"4M\u00e3os d\u00e1 show em evento realizado no estacionamento do S\u00e3o Lu\u00eds Shopping - Evandro Junior","robots":{"index":"index","follow":"follow","max-snippet":"max-snippet:-1","max-image-preview":"max-image-preview:large","max-video-preview":"max-video-preview:-1"},"canonical":"https:\/\/www.blogsoestado.com\/evandrojunior\/2023\/10\/29\/4maos-da-show-em-evento-realizado-no-estacionamento-do-sao-luis-shopping\/","og_locale":"pt_BR","og_type":"article","og_title":"4M\u00e3os d\u00e1 show em evento realizado no estacionamento do S\u00e3o Lu\u00eds Shopping - Evandro Junior","og_description":"S\u00e3o Lu\u00eds &#8211; A empresa de show business 4M\u00e3os, dos empres\u00e1rios Marcelo Arag\u00e3o e Roberto Gurgel, recebeu a nota m\u00e1xima [&hellip;]","og_url":"https:\/\/www.blogsoestado.com\/evandrojunior\/2023\/10\/29\/4maos-da-show-em-evento-realizado-no-estacionamento-do-sao-luis-shopping\/","og_site_name":"Evandro Junior","article_published_time":"2023-10-29T19:26:11+00:00","og_image":[{"url":"https:\/\/www.blogsoestado.com\/evandrojunior\/files\/2023\/10\/2e432c84-db38-4de2-8912-0d2451343be7.jpg","type":"","width":"","height":""}],"author":"Evandro Junior","twitter_card":"summary_large_image","twitter_misc":{"Escrito por":"Evandro Junior","Est. tempo de leitura":"4 minutos"},"schema":{"@context":"https:\/\/schema.org","@graph":[{"@type":"WebPage","@id":"https:\/\/www.blogsoestado.com\/evandrojunior\/2023\/10\/29\/4maos-da-show-em-evento-realizado-no-estacionamento-do-sao-luis-shopping\/","url":"https:\/\/www.blogsoestado.com\/evandrojunior\/2023\/10\/29\/4maos-da-show-em-evento-realizado-no-estacionamento-do-sao-luis-shopping\/","name":"4M\u00e3os d\u00e1 show em evento realizado no estacionamento do S\u00e3o Lu\u00eds Shopping - Evandro Junior","isPartOf":{"@id":"https:\/\/www.blogsoestado.com\/evandrojunior\/#website"},"primaryImageOfPage":{"@id":"https:\/\/www.blogsoestado.com\/evandrojunior\/2023\/10\/29\/4maos-da-show-em-evento-realizado-no-estacionamento-do-sao-luis-shopping\/#primaryimage"},"image":{"@id":"https:\/\/www.blogsoestado.com\/evandrojunior\/2023\/10\/29\/4maos-da-show-em-evento-realizado-no-estacionamento-do-sao-luis-shopping\/#primaryimage"},"thumbnailUrl":"https:\/\/www.blogsoestado.com\/evandrojunior\/files\/2023\/10\/2e432c84-db38-4de2-8912-0d2451343be7.jpg","datePublished":"2023-10-29T19:26:11+00:00","author":{"@id":"https:\/\/www.blogsoestado.com\/evandrojunior\/#\/schema\/person\/3e6c3d8dbb740d1c6878ebc935cfb3be"},"breadcrumb":{"@id":"https:\/\/www.blogsoestado.com\/evandrojunior\/2023\/10\/29\/4maos-da-show-em-evento-realizado-no-estacionamento-do-sao-luis-shopping\/#breadcrumb"},"inLanguage":"pt-BR","potentialAction":[{"@type":"ReadAction","target":["https:\/\/www.blogsoestado.com\/evandrojunior\/2023\/10\/29\/4maos-da-show-em-evento-realizado-no-estacionamento-do-sao-luis-shopping\/"]}]},{"@type":"ImageObject","inLanguage":"pt-BR","@id":"https:\/\/www.blogsoestado.com\/evandrojunior\/2023\/10\/29\/4maos-da-show-em-evento-realizado-no-estacionamento-do-sao-luis-shopping\/#primaryimage","url":"https:\/\/www.blogsoestado.com\/evandrojunior\/files\/2023\/10\/2e432c84-db38-4de2-8912-0d2451343be7.jpg","contentUrl":"https:\/\/www.blogsoestado.com\/evandrojunior\/files\/2023\/10\/2e432c84-db38-4de2-8912-0d2451343be7.jpg"},{"@type":"BreadcrumbList","@id":"https:\/\/www.blogsoestado.com\/evandrojunior\/2023\/10\/29\/4maos-da-show-em-evento-realizado-no-estacionamento-do-sao-luis-shopping\/#breadcrumb","itemListElement":[{"@type":"ListItem","position":1,"name":"In\u00edcio","item":"https:\/\/www.blogsoestado.com\/evandrojunior\/"},{"@type":"ListItem","position":2,"name":"4M\u00e3os d\u00e1 show em evento realizado no estacionamento do S\u00e3o Lu\u00eds Shopping"}]},{"@type":"WebSite","@id":"https:\/\/www.blogsoestado.com\/evandrojunior\/#website","url":"https:\/\/www.blogsoestado.com\/evandrojunior\/","name":"Evandro Junior","description":"","potentialAction":[{"@type":"SearchAction","target":{"@type":"EntryPoint","urlTemplate":"https:\/\/www.blogsoestado.com\/evandrojunior\/?s={search_term_string}"},"query-input":{"@type":"PropertyValueSpecification","valueRequired":true,"valueName":"search_term_string"}}],"inLanguage":"pt-BR"},{"@type":"Person","@id":"https:\/\/www.blogsoestado.com\/evandrojunior\/#\/schema\/person\/3e6c3d8dbb740d1c6878ebc935cfb3be","name":"Evandro Junior","image":{"@type":"ImageObject","inLanguage":"pt-BR","@id":"https:\/\/www.blogsoestado.com\/evandrojunior\/#\/schema\/person\/image\/","url":"https:\/\/secure.gravatar.com\/avatar\/f80a03a2294a580cd2318bfb459bf354cfa8be661ef3d95b542cf9a04af8d129?s=96&d=mm&r=g","contentUrl":"https:\/\/secure.gravatar.com\/avatar\/f80a03a2294a580cd2318bfb459bf354cfa8be661ef3d95b542cf9a04af8d129?s=96&d=mm&r=g","caption":"Evandro Junior"},"url":"https:\/\/www.blogsoestado.com\/evandrojunior\/author\/evandrojunior\/"}]}},"jetpack_featured_media_url":"","_links":{"self":[{"href":"https:\/\/www.blogsoestado.com\/evandrojunior\/wp-json\/wp\/v2\/posts\/10304","targetHints":{"allow":["GET"]}}],"collection":[{"href":"https:\/\/www.blogsoestado.com\/evandrojunior\/wp-json\/wp\/v2\/posts"}],"about":[{"href":"https:\/\/www.blogsoestado.com\/evandrojunior\/wp-json\/wp\/v2\/types\/post"}],"author":[{"embeddable":true,"href":"https:\/\/www.blogsoestado.com\/evandrojunior\/wp-json\/wp\/v2\/users\/4"}],"replies":[{"embeddable":true,"href":"https:\/\/www.blogsoestado.com\/evandrojunior\/wp-json\/wp\/v2\/comments?post=10304"}],"version-history":[{"count":0,"href":"https:\/\/www.blogsoestado.com\/evandrojunior\/wp-json\/wp\/v2\/posts\/10304\/revisions"}],"wp:attachment":[{"href":"https:\/\/www.blogsoestado.com\/evandrojunior\/wp-json\/wp\/v2\/media?parent=10304"}],"wp:term":[{"taxonomy":"category","embeddable":true,"href":"https:\/\/www.blogsoestado.com\/evandrojunior\/wp-json\/wp\/v2\/categories?post=10304"},{"taxonomy":"post_tag","embeddable":true,"href":"https:\/\/www.blogsoestado.com\/evandrojunior\/wp-json\/wp\/v2\/tags?post=10304"}],"curies":[{"name":"wp","href":"https:\/\/api.w.org\/{rel}","templated":true}]}}