{"id":11009,"date":"2024-02-08T17:41:20","date_gmt":"2024-02-08T20:41:20","guid":{"rendered":"https:\/\/www.blogsoestado.com\/evandrojunior\/?p=11009"},"modified":"2024-02-08T17:41:20","modified_gmt":"2024-02-08T20:41:20","slug":"boticario-estara-presente-na-folia-de-mais-de-56-milhoes-de-brasileiros-em-blocos-pelo-pais","status":"publish","type":"post","link":"https:\/\/www.blogsoestado.com\/evandrojunior\/2024\/02\/08\/boticario-estara-presente-na-folia-de-mais-de-56-milhoes-de-brasileiros-em-blocos-pelo-pais\/","title":{"rendered":"Botic\u00e1rio estar\u00e1 presente na folia de mais de 5,6 milh\u00f5es de brasileiros em blocos pelo pa\u00eds"},"content":{"rendered":"\n<div class=\"wp-block-image\"><figure class=\"aligncenter size-large is-resized\"><img fetchpriority=\"high\" decoding=\"async\" src=\"https:\/\/www.blogsoestado.com\/evandrojunior\/files\/2024\/02\/WhatsApp-Image-2024-02-08-at-15.27.51-1024x682.jpeg\" alt=\"\" class=\"wp-image-11010\" width=\"561\" height=\"373\"\/><\/figure><\/div>\n\n\n\n<p><strong>S\u00e3o Lu\u00eds <\/strong>&#8211; Na maior festa popular do Brasil, o Botic\u00e1rio estar\u00e1 presente em blocos e camarotes de rua em Belo Horizonte (MG), Olinda (PE), Recife (PE), Rio de Janeiro (RJ), S\u00e3o Paulo (SP), Goi\u00e2nia (GO), Salvador (BA) e S\u00e3o Lu\u00eds (MA) para celebrar a beleza e a singularidade de como o carnaval \u00e9 festejado em diferentes localidades do pa\u00eds. <\/p>\n\n\n\n<p>Este \u00e9 o maior carnaval da hist\u00f3ria da marca, que estar\u00e1 presente em festas que estimam receber mais de 5.6 milh\u00f5es de foli\u00f5es nas pr\u00f3ximas semanas, saindo de oito folias em 2023 para 19 neste ano. Com sua ampla presen\u00e7a em territ\u00f3rio nacional, sendo a maior rede franqueada de beleza e em 1.650 munic\u00edpios, o Botic\u00e1rio busca se conectar com os consumidores em a\u00e7\u00f5es regionais que exaltam a auto express\u00e3o de cada indiv\u00edduo.<\/p>\n\n\n\n<p>Em S\u00e3o Lu\u00eds (MA), a marca \u00e9 patrocinadora oficial dos camarotes Ilha e Orla, no Circuito Litor\u00e2nea, durante os cinco dias de folia. O Botic\u00e1rio traz experi\u00eancias exclusivas para os foli\u00f5es expressarem a sua beleza, como experimenta\u00e7\u00e3o de produtos e servi\u00e7o de make em espa\u00e7o instagram\u00e1vel.<\/p>\n\n\n\n<p>A partir do conceito\u00a0<strong>A BELEZA DO SEU CARNAVAL<\/strong>, idealizado pela ag\u00eancia Druid Creative Gaming, a marca refor\u00e7a as diferentes formas que cada pessoa tem para vivenciar o carnaval e a singularidade das festividades em cada regi\u00e3o do pa\u00eds. <\/p>\n\n\n\n<p>\u201cPreparamos o maior carnaval de rua da hist\u00f3ria do Botic\u00e1rio para representar todas as formas de express\u00e3o, valorizar a cultura local, assim como os comportamentos regionalizados. Como a marca de beleza mais amada pelos brasileiros* queremos abrir uma conversa sobre a individualidade, as diferen\u00e7as e a pluralidade que juntas fazem a beleza do carnaval, que s\u00f3 existe no nosso pa\u00eds\u201d ressalta\u00a0a diretora de Marketing Regional do Botic\u00e1rio, Jacqueline Tobaru.<\/p>\n\n\n\n<p>No total, s\u00e3o 19 blocos de rua &#8211; Ent\u00e3o, Brilha!, Seu Vizinho, Quando Come se Lambuza, Bei\u00e7o do Wando, Angola Janga, Havayanas Usadas, E o Am\u00f4 e Juventude Bronzeada (Belo Horizonte); Carnaval dos Amigos (Goi\u00e2nia); Patusco (Olinda); Galo da Madrugada (Recife); Chame Gente e Bangalafumenga (Rio de Janeiro); Pipoca do Saulo e Camale\u00e3o do Bell Marques (Salvador); Abrava, Bangalafumenga, Latinha Mix, Galo da Madrugada (S\u00e3o Paulo) e os camarotes Orla e Ilha (S\u00e3o Lu\u00eds) &#8211; que receber\u00e3o patroc\u00ednios e diferentes ativa\u00e7\u00f5es que envolvem photo opportunity, a\u00e7\u00f5es volantes, distribui\u00e7\u00e3o de brindes e experimenta\u00e7\u00e3o de produtos.<\/p>\n\n\n\n<p>Em 2024, o Botic\u00e1rio amplia a sua presen\u00e7a nos carnavais pelo Brasil com a\u00e7\u00f5es que abrangem exposi\u00e7\u00e3o da marca em trios el\u00e9tricos, p\u00f3rticos na entrada de avenidas e mini trio el\u00e9trico voltado \u00e0 experimenta\u00e7\u00e3o e distribui\u00e7\u00e3o de brindes e \u00e0 oferta de servi\u00e7o de maquiagem. <\/p>\n\n\n\n<p>As a\u00e7\u00f5es levar\u00e3o aos foli\u00f5es produtos do Botic\u00e1rio em sintonia com a festa, como a linha de prote\u00e7\u00e3o solar Boti.Sun, fragr\u00e2ncias como Arbo Puro e Floratta Romance de Ver\u00e3o, a linha de maquiagem Make.B e entre os itens de cuidados est\u00e1 Cuide-se Bem Maracuj\u00e1.<br><br>\u201cEm 2023, Botic\u00e1rio esteve entre as marcas mais citadas durante o Carnaval, segundo Knewin, PR Tech Latina.\u00a0\u00a0Para este ano, estamos investindo ainda mais na presen\u00e7a de marca em diferentes carnavais de rua. Tamb\u00e9m desenvolvemos ativa\u00e7\u00f5es potentes, diferenciadas e imersivas com o intuito de valorizar e participar ativamente da beleza do carnaval em diferentes regi\u00f5es do Brasil\u201d afirma a diretora de Marketing Regional do Botic\u00e1rio, Jacqueline Tobaru.\u00a0<\/p>\n","protected":false},"excerpt":{"rendered":"<p>S\u00e3o Lu\u00eds &#8211; Na maior festa popular do Brasil, o Botic\u00e1rio estar\u00e1 presente em blocos e camarotes de rua em [&hellip;]<\/p>\n","protected":false},"author":4,"featured_media":0,"comment_status":"open","ping_status":"open","sticky":false,"template":"","format":"standard","meta":{"site-sidebar-layout":"default","site-content-layout":"","ast-site-content-layout":"default","site-content-style":"default","site-sidebar-style":"default","ast-global-header-display":"","ast-banner-title-visibility":"","ast-main-header-display":"","ast-hfb-above-header-display":"","ast-hfb-below-header-display":"","ast-hfb-mobile-header-display":"","site-post-title":"","ast-breadcrumbs-content":"","ast-featured-img":"","footer-sml-layout":"","ast-disable-related-posts":"","theme-transparent-header-meta":"","adv-header-id-meta":"","stick-header-meta":"","header-above-stick-meta":"","header-main-stick-meta":"","header-below-stick-meta":"","astra-migrate-meta-layouts":"default","ast-page-background-enabled":"default","ast-page-background-meta":{"desktop":{"background-color":"var(--ast-global-color-5)","background-image":"","background-repeat":"repeat","background-position":"center center","background-size":"auto","background-attachment":"scroll","background-type":"","background-media":"","overlay-type":"","overlay-color":"","overlay-opacity":"","overlay-gradient":""},"tablet":{"background-color":"","background-image":"","background-repeat":"repeat","background-position":"center center","background-size":"auto","background-attachment":"scroll","background-type":"","background-media":"","overlay-type":"","overlay-color":"","overlay-opacity":"","overlay-gradient":""},"mobile":{"background-color":"","background-image":"","background-repeat":"repeat","background-position":"center center","background-size":"auto","background-attachment":"scroll","background-type":"","background-media":"","overlay-type":"","overlay-color":"","overlay-opacity":"","overlay-gradient":""}},"ast-content-background-meta":{"desktop":{"background-color":"var(--ast-global-color-4)","background-image":"","background-repeat":"repeat","background-position":"center center","background-size":"auto","background-attachment":"scroll","background-type":"","background-media":"","overlay-type":"","overlay-color":"","overlay-opacity":"","overlay-gradient":""},"tablet":{"background-color":"var(--ast-global-color-4)","background-image":"","background-repeat":"repeat","background-position":"center center","background-size":"auto","background-attachment":"scroll","background-type":"","background-media":"","overlay-type":"","overlay-color":"","overlay-opacity":"","overlay-gradient":""},"mobile":{"background-color":"var(--ast-global-color-4)","background-image":"","background-repeat":"repeat","background-position":"center center","background-size":"auto","background-attachment":"scroll","background-type":"","background-media":"","overlay-type":"","overlay-color":"","overlay-opacity":"","overlay-gradient":""}},"footnotes":""},"categories":[1],"tags":[],"class_list":["post-11009","post","type-post","status-publish","format-standard","hentry","category-sem-categoria"],"yoast_head":"<!-- This site is optimized with the Yoast SEO plugin v26.6 - https:\/\/yoast.com\/wordpress\/plugins\/seo\/ -->\n<title>Botic\u00e1rio estar\u00e1 presente na folia de mais de 5,6 milh\u00f5es de brasileiros em blocos pelo pa\u00eds - Evandro Junior<\/title>\n<meta name=\"robots\" content=\"index, follow, max-snippet:-1, max-image-preview:large, max-video-preview:-1\" \/>\n<link rel=\"canonical\" href=\"https:\/\/www.blogsoestado.com\/evandrojunior\/2024\/02\/08\/boticario-estara-presente-na-folia-de-mais-de-56-milhoes-de-brasileiros-em-blocos-pelo-pais\/\" \/>\n<meta property=\"og:locale\" content=\"pt_BR\" \/>\n<meta property=\"og:type\" content=\"article\" \/>\n<meta property=\"og:title\" content=\"Botic\u00e1rio estar\u00e1 presente na folia de mais de 5,6 milh\u00f5es de brasileiros em blocos pelo pa\u00eds - Evandro Junior\" \/>\n<meta property=\"og:description\" content=\"S\u00e3o Lu\u00eds &#8211; Na maior festa popular do Brasil, o Botic\u00e1rio estar\u00e1 presente em blocos e camarotes de rua em [&hellip;]\" \/>\n<meta property=\"og:url\" content=\"https:\/\/www.blogsoestado.com\/evandrojunior\/2024\/02\/08\/boticario-estara-presente-na-folia-de-mais-de-56-milhoes-de-brasileiros-em-blocos-pelo-pais\/\" \/>\n<meta property=\"og:site_name\" content=\"Evandro Junior\" \/>\n<meta property=\"article:published_time\" content=\"2024-02-08T20:41:20+00:00\" \/>\n<meta property=\"og:image\" content=\"https:\/\/www.blogsoestado.com\/evandrojunior\/files\/2024\/02\/WhatsApp-Image-2024-02-08-at-15.27.51-1024x682.jpeg\" \/>\n<meta name=\"author\" content=\"Evandro Junior\" \/>\n<meta name=\"twitter:card\" content=\"summary_large_image\" \/>\n<meta name=\"twitter:label1\" content=\"Escrito por\" \/>\n\t<meta name=\"twitter:data1\" content=\"Evandro Junior\" \/>\n\t<meta name=\"twitter:label2\" content=\"Est. tempo de leitura\" \/>\n\t<meta name=\"twitter:data2\" content=\"3 minutos\" \/>\n<script type=\"application\/ld+json\" class=\"yoast-schema-graph\">{\"@context\":\"https:\/\/schema.org\",\"@graph\":[{\"@type\":\"WebPage\",\"@id\":\"https:\/\/www.blogsoestado.com\/evandrojunior\/2024\/02\/08\/boticario-estara-presente-na-folia-de-mais-de-56-milhoes-de-brasileiros-em-blocos-pelo-pais\/\",\"url\":\"https:\/\/www.blogsoestado.com\/evandrojunior\/2024\/02\/08\/boticario-estara-presente-na-folia-de-mais-de-56-milhoes-de-brasileiros-em-blocos-pelo-pais\/\",\"name\":\"Botic\u00e1rio estar\u00e1 presente na folia de mais de 5,6 milh\u00f5es de brasileiros em blocos pelo pa\u00eds - Evandro Junior\",\"isPartOf\":{\"@id\":\"https:\/\/www.blogsoestado.com\/evandrojunior\/#website\"},\"primaryImageOfPage\":{\"@id\":\"https:\/\/www.blogsoestado.com\/evandrojunior\/2024\/02\/08\/boticario-estara-presente-na-folia-de-mais-de-56-milhoes-de-brasileiros-em-blocos-pelo-pais\/#primaryimage\"},\"image\":{\"@id\":\"https:\/\/www.blogsoestado.com\/evandrojunior\/2024\/02\/08\/boticario-estara-presente-na-folia-de-mais-de-56-milhoes-de-brasileiros-em-blocos-pelo-pais\/#primaryimage\"},\"thumbnailUrl\":\"https:\/\/www.blogsoestado.com\/evandrojunior\/files\/2024\/02\/WhatsApp-Image-2024-02-08-at-15.27.51-1024x682.jpeg\",\"datePublished\":\"2024-02-08T20:41:20+00:00\",\"author\":{\"@id\":\"https:\/\/www.blogsoestado.com\/evandrojunior\/#\/schema\/person\/3e6c3d8dbb740d1c6878ebc935cfb3be\"},\"breadcrumb\":{\"@id\":\"https:\/\/www.blogsoestado.com\/evandrojunior\/2024\/02\/08\/boticario-estara-presente-na-folia-de-mais-de-56-milhoes-de-brasileiros-em-blocos-pelo-pais\/#breadcrumb\"},\"inLanguage\":\"pt-BR\",\"potentialAction\":[{\"@type\":\"ReadAction\",\"target\":[\"https:\/\/www.blogsoestado.com\/evandrojunior\/2024\/02\/08\/boticario-estara-presente-na-folia-de-mais-de-56-milhoes-de-brasileiros-em-blocos-pelo-pais\/\"]}]},{\"@type\":\"ImageObject\",\"inLanguage\":\"pt-BR\",\"@id\":\"https:\/\/www.blogsoestado.com\/evandrojunior\/2024\/02\/08\/boticario-estara-presente-na-folia-de-mais-de-56-milhoes-de-brasileiros-em-blocos-pelo-pais\/#primaryimage\",\"url\":\"https:\/\/www.blogsoestado.com\/evandrojunior\/files\/2024\/02\/WhatsApp-Image-2024-02-08-at-15.27.51-1024x682.jpeg\",\"contentUrl\":\"https:\/\/www.blogsoestado.com\/evandrojunior\/files\/2024\/02\/WhatsApp-Image-2024-02-08-at-15.27.51-1024x682.jpeg\"},{\"@type\":\"BreadcrumbList\",\"@id\":\"https:\/\/www.blogsoestado.com\/evandrojunior\/2024\/02\/08\/boticario-estara-presente-na-folia-de-mais-de-56-milhoes-de-brasileiros-em-blocos-pelo-pais\/#breadcrumb\",\"itemListElement\":[{\"@type\":\"ListItem\",\"position\":1,\"name\":\"In\u00edcio\",\"item\":\"https:\/\/www.blogsoestado.com\/evandrojunior\/\"},{\"@type\":\"ListItem\",\"position\":2,\"name\":\"Botic\u00e1rio estar\u00e1 presente na folia de mais de 5,6 milh\u00f5es de brasileiros em blocos pelo pa\u00eds\"}]},{\"@type\":\"WebSite\",\"@id\":\"https:\/\/www.blogsoestado.com\/evandrojunior\/#website\",\"url\":\"https:\/\/www.blogsoestado.com\/evandrojunior\/\",\"name\":\"Evandro Junior\",\"description\":\"\",\"potentialAction\":[{\"@type\":\"SearchAction\",\"target\":{\"@type\":\"EntryPoint\",\"urlTemplate\":\"https:\/\/www.blogsoestado.com\/evandrojunior\/?s={search_term_string}\"},\"query-input\":{\"@type\":\"PropertyValueSpecification\",\"valueRequired\":true,\"valueName\":\"search_term_string\"}}],\"inLanguage\":\"pt-BR\"},{\"@type\":\"Person\",\"@id\":\"https:\/\/www.blogsoestado.com\/evandrojunior\/#\/schema\/person\/3e6c3d8dbb740d1c6878ebc935cfb3be\",\"name\":\"Evandro Junior\",\"image\":{\"@type\":\"ImageObject\",\"inLanguage\":\"pt-BR\",\"@id\":\"https:\/\/www.blogsoestado.com\/evandrojunior\/#\/schema\/person\/image\/\",\"url\":\"https:\/\/secure.gravatar.com\/avatar\/f80a03a2294a580cd2318bfb459bf354cfa8be661ef3d95b542cf9a04af8d129?s=96&d=mm&r=g\",\"contentUrl\":\"https:\/\/secure.gravatar.com\/avatar\/f80a03a2294a580cd2318bfb459bf354cfa8be661ef3d95b542cf9a04af8d129?s=96&d=mm&r=g\",\"caption\":\"Evandro Junior\"},\"url\":\"https:\/\/www.blogsoestado.com\/evandrojunior\/author\/evandrojunior\/\"}]}<\/script>\n<!-- \/ Yoast SEO plugin. -->","yoast_head_json":{"title":"Botic\u00e1rio estar\u00e1 presente na folia de mais de 5,6 milh\u00f5es de brasileiros em blocos pelo pa\u00eds - Evandro Junior","robots":{"index":"index","follow":"follow","max-snippet":"max-snippet:-1","max-image-preview":"max-image-preview:large","max-video-preview":"max-video-preview:-1"},"canonical":"https:\/\/www.blogsoestado.com\/evandrojunior\/2024\/02\/08\/boticario-estara-presente-na-folia-de-mais-de-56-milhoes-de-brasileiros-em-blocos-pelo-pais\/","og_locale":"pt_BR","og_type":"article","og_title":"Botic\u00e1rio estar\u00e1 presente na folia de mais de 5,6 milh\u00f5es de brasileiros em blocos pelo pa\u00eds - Evandro Junior","og_description":"S\u00e3o Lu\u00eds &#8211; Na maior festa popular do Brasil, o Botic\u00e1rio estar\u00e1 presente em blocos e camarotes de rua em [&hellip;]","og_url":"https:\/\/www.blogsoestado.com\/evandrojunior\/2024\/02\/08\/boticario-estara-presente-na-folia-de-mais-de-56-milhoes-de-brasileiros-em-blocos-pelo-pais\/","og_site_name":"Evandro Junior","article_published_time":"2024-02-08T20:41:20+00:00","og_image":[{"url":"https:\/\/www.blogsoestado.com\/evandrojunior\/files\/2024\/02\/WhatsApp-Image-2024-02-08-at-15.27.51-1024x682.jpeg","type":"","width":"","height":""}],"author":"Evandro Junior","twitter_card":"summary_large_image","twitter_misc":{"Escrito por":"Evandro Junior","Est. tempo de leitura":"3 minutos"},"schema":{"@context":"https:\/\/schema.org","@graph":[{"@type":"WebPage","@id":"https:\/\/www.blogsoestado.com\/evandrojunior\/2024\/02\/08\/boticario-estara-presente-na-folia-de-mais-de-56-milhoes-de-brasileiros-em-blocos-pelo-pais\/","url":"https:\/\/www.blogsoestado.com\/evandrojunior\/2024\/02\/08\/boticario-estara-presente-na-folia-de-mais-de-56-milhoes-de-brasileiros-em-blocos-pelo-pais\/","name":"Botic\u00e1rio estar\u00e1 presente na folia de mais de 5,6 milh\u00f5es de brasileiros em blocos pelo pa\u00eds - Evandro Junior","isPartOf":{"@id":"https:\/\/www.blogsoestado.com\/evandrojunior\/#website"},"primaryImageOfPage":{"@id":"https:\/\/www.blogsoestado.com\/evandrojunior\/2024\/02\/08\/boticario-estara-presente-na-folia-de-mais-de-56-milhoes-de-brasileiros-em-blocos-pelo-pais\/#primaryimage"},"image":{"@id":"https:\/\/www.blogsoestado.com\/evandrojunior\/2024\/02\/08\/boticario-estara-presente-na-folia-de-mais-de-56-milhoes-de-brasileiros-em-blocos-pelo-pais\/#primaryimage"},"thumbnailUrl":"https:\/\/www.blogsoestado.com\/evandrojunior\/files\/2024\/02\/WhatsApp-Image-2024-02-08-at-15.27.51-1024x682.jpeg","datePublished":"2024-02-08T20:41:20+00:00","author":{"@id":"https:\/\/www.blogsoestado.com\/evandrojunior\/#\/schema\/person\/3e6c3d8dbb740d1c6878ebc935cfb3be"},"breadcrumb":{"@id":"https:\/\/www.blogsoestado.com\/evandrojunior\/2024\/02\/08\/boticario-estara-presente-na-folia-de-mais-de-56-milhoes-de-brasileiros-em-blocos-pelo-pais\/#breadcrumb"},"inLanguage":"pt-BR","potentialAction":[{"@type":"ReadAction","target":["https:\/\/www.blogsoestado.com\/evandrojunior\/2024\/02\/08\/boticario-estara-presente-na-folia-de-mais-de-56-milhoes-de-brasileiros-em-blocos-pelo-pais\/"]}]},{"@type":"ImageObject","inLanguage":"pt-BR","@id":"https:\/\/www.blogsoestado.com\/evandrojunior\/2024\/02\/08\/boticario-estara-presente-na-folia-de-mais-de-56-milhoes-de-brasileiros-em-blocos-pelo-pais\/#primaryimage","url":"https:\/\/www.blogsoestado.com\/evandrojunior\/files\/2024\/02\/WhatsApp-Image-2024-02-08-at-15.27.51-1024x682.jpeg","contentUrl":"https:\/\/www.blogsoestado.com\/evandrojunior\/files\/2024\/02\/WhatsApp-Image-2024-02-08-at-15.27.51-1024x682.jpeg"},{"@type":"BreadcrumbList","@id":"https:\/\/www.blogsoestado.com\/evandrojunior\/2024\/02\/08\/boticario-estara-presente-na-folia-de-mais-de-56-milhoes-de-brasileiros-em-blocos-pelo-pais\/#breadcrumb","itemListElement":[{"@type":"ListItem","position":1,"name":"In\u00edcio","item":"https:\/\/www.blogsoestado.com\/evandrojunior\/"},{"@type":"ListItem","position":2,"name":"Botic\u00e1rio estar\u00e1 presente na folia de mais de 5,6 milh\u00f5es de brasileiros em blocos pelo pa\u00eds"}]},{"@type":"WebSite","@id":"https:\/\/www.blogsoestado.com\/evandrojunior\/#website","url":"https:\/\/www.blogsoestado.com\/evandrojunior\/","name":"Evandro Junior","description":"","potentialAction":[{"@type":"SearchAction","target":{"@type":"EntryPoint","urlTemplate":"https:\/\/www.blogsoestado.com\/evandrojunior\/?s={search_term_string}"},"query-input":{"@type":"PropertyValueSpecification","valueRequired":true,"valueName":"search_term_string"}}],"inLanguage":"pt-BR"},{"@type":"Person","@id":"https:\/\/www.blogsoestado.com\/evandrojunior\/#\/schema\/person\/3e6c3d8dbb740d1c6878ebc935cfb3be","name":"Evandro Junior","image":{"@type":"ImageObject","inLanguage":"pt-BR","@id":"https:\/\/www.blogsoestado.com\/evandrojunior\/#\/schema\/person\/image\/","url":"https:\/\/secure.gravatar.com\/avatar\/f80a03a2294a580cd2318bfb459bf354cfa8be661ef3d95b542cf9a04af8d129?s=96&d=mm&r=g","contentUrl":"https:\/\/secure.gravatar.com\/avatar\/f80a03a2294a580cd2318bfb459bf354cfa8be661ef3d95b542cf9a04af8d129?s=96&d=mm&r=g","caption":"Evandro Junior"},"url":"https:\/\/www.blogsoestado.com\/evandrojunior\/author\/evandrojunior\/"}]}},"jetpack_featured_media_url":"","_links":{"self":[{"href":"https:\/\/www.blogsoestado.com\/evandrojunior\/wp-json\/wp\/v2\/posts\/11009","targetHints":{"allow":["GET"]}}],"collection":[{"href":"https:\/\/www.blogsoestado.com\/evandrojunior\/wp-json\/wp\/v2\/posts"}],"about":[{"href":"https:\/\/www.blogsoestado.com\/evandrojunior\/wp-json\/wp\/v2\/types\/post"}],"author":[{"embeddable":true,"href":"https:\/\/www.blogsoestado.com\/evandrojunior\/wp-json\/wp\/v2\/users\/4"}],"replies":[{"embeddable":true,"href":"https:\/\/www.blogsoestado.com\/evandrojunior\/wp-json\/wp\/v2\/comments?post=11009"}],"version-history":[{"count":0,"href":"https:\/\/www.blogsoestado.com\/evandrojunior\/wp-json\/wp\/v2\/posts\/11009\/revisions"}],"wp:attachment":[{"href":"https:\/\/www.blogsoestado.com\/evandrojunior\/wp-json\/wp\/v2\/media?parent=11009"}],"wp:term":[{"taxonomy":"category","embeddable":true,"href":"https:\/\/www.blogsoestado.com\/evandrojunior\/wp-json\/wp\/v2\/categories?post=11009"},{"taxonomy":"post_tag","embeddable":true,"href":"https:\/\/www.blogsoestado.com\/evandrojunior\/wp-json\/wp\/v2\/tags?post=11009"}],"curies":[{"name":"wp","href":"https:\/\/api.w.org\/{rel}","templated":true}]}}