{"id":11096,"date":"2024-02-27T17:33:37","date_gmt":"2024-02-27T20:33:37","guid":{"rendered":"https:\/\/www.blogsoestado.com\/evandrojunior\/?p=11096"},"modified":"2024-02-27T17:33:37","modified_gmt":"2024-02-27T20:33:37","slug":"sao-luis-vai-reviver-magia-das-micaretas-com-o-vumbora-10-anos","status":"publish","type":"post","link":"https:\/\/www.blogsoestado.com\/evandrojunior\/2024\/02\/27\/sao-luis-vai-reviver-magia-das-micaretas-com-o-vumbora-10-anos\/","title":{"rendered":"S\u00e3o Lu\u00eds vai reviver magia das micaretas com o Vumbora &#8211; 10 Anos"},"content":{"rendered":"\n<div class=\"wp-block-image\"><figure class=\"aligncenter size-large is-resized\"><img fetchpriority=\"high\" decoding=\"async\" src=\"https:\/\/www.blogsoestado.com\/evandrojunior\/files\/2024\/02\/WhatsApp-Image-2024-02-27-at-17.21.59.jpeg\" alt=\"\" class=\"wp-image-11097\" width=\"503\" height=\"335\"\/><figcaption><strong>Bell Marques \u00e9 presen\u00e7a confirmada no Vumbora<\/strong><\/figcaption><\/figure><\/div>\n\n\n\n<p><strong>S\u00e3o Lu\u00eds <\/strong>&#8211; O saudosismo da micareta volta a tomar conta de S\u00e3o Lu\u00eds nos dias 16 e 17 de mar\u00e7o, com a realiza\u00e7\u00e3o do Vumbora &#8211; 10 Anos, no estacionamento do S\u00e3o Lu\u00eds Shopping. <\/p>\n\n\n\n<p>O evento, que reunir\u00e1 destacados nomes do ax\u00e9 music, como Bell Marques, Durval Lelys, Timbalada, Xanddy Harmonia, Banda Eva e Rafa e Pipo Marques, promete reviver a energia contagiante das micaretas que marcaram \u00e9poca em todo o Maranh\u00e3o.<\/p>\n\n\n\n<div class=\"wp-block-image\"><figure class=\"aligncenter size-large is-resized\"><img decoding=\"async\" src=\"https:\/\/www.blogsoestado.com\/evandrojunior\/files\/2024\/02\/WhatsApp-Image-2024-02-27-at-17.22.01-1024x682.jpeg\" alt=\"\" class=\"wp-image-11098\" width=\"552\" height=\"367\"\/><figcaption><strong>Xanddy Harmonia \u00e9 outra atra\u00e7\u00e3o do evento<\/strong><\/figcaption><\/figure><\/div>\n\n\n\n<p>Todas as apresenta\u00e7\u00f5es ser\u00e3o realizadas no trio el\u00e9trico, proporcionando ao p\u00fablico a experi\u00eancia aut\u00eantica da folia baiana. Os abad\u00e1s e camisas vips est\u00e3o \u00e0 venda na 4M\u00e3os Store, no S\u00e3o Lu\u00eds Shopping e on-line no site www.padrao4maos.com.br, ou no site e app da Bilheteria Digital. <\/p>\n\n\n\n<p>Para adquirir o Camarote Empresarial, \u00e9 necess\u00e1rio entrar em contato por meio do n\u00famero (98) 98113-4289, ou comprar diretamente na loja 4M\u00e3os Store.<\/p>\n\n\n\n<div class=\"wp-block-image\"><figure class=\"aligncenter size-large is-resized\"><img decoding=\"async\" src=\"https:\/\/www.blogsoestado.com\/evandrojunior\/files\/2024\/02\/WhatsApp-Image-2024-02-27-at-17.22.02.jpeg\" alt=\"\" class=\"wp-image-11099\" width=\"418\" height=\"627\"\/><figcaption><strong>Felipe Pezzoni, da Banda Eva, vai agitar os f\u00e3s durante a festa<\/strong><\/figcaption><\/figure><\/div>\n\n\n\n<p>Uma megaestrutura ser\u00e1 montada na \u00e1rea do estacionamento do S\u00e3o Lu\u00eds Shopping, com camarotes empresariais em um lado do evento, proporcionando uma experi\u00eancia \u00fanica para cada foli\u00e3o que deseja aproveitar os dois dias de folia de uma maneira mais privativa. J\u00e1 no outro lado, o setor vip, com centenas de ativa\u00e7\u00f5es dos patrocinadores, servi\u00e7os da 4M\u00e3os Experience e muita sofistica\u00e7\u00e3o.<\/p>\n\n\n\n<div class=\"wp-block-image\"><figure class=\"aligncenter size-large is-resized\"><img loading=\"lazy\" decoding=\"async\" src=\"https:\/\/www.blogsoestado.com\/evandrojunior\/files\/2024\/02\/WhatsApp-Image-2024-02-27-at-17.22.02-1-1024x994.jpeg\" alt=\"\" class=\"wp-image-11100\" width=\"497\" height=\"482\"\/><figcaption>Rafa e Pipo Marques<\/figcaption><\/figure><\/div>\n\n\n\n<p>Marcelo Arag\u00e3o, um dos s\u00f3cios-diretores da 4M\u00e3os, destaca a import\u00e2ncia do Vumbora para o calend\u00e1rio de eventos de S\u00e3o Lu\u00eds. \u201cO Vumbora j\u00e1 faz parte da hist\u00f3ria da cidade e, neste ano, com a comemora\u00e7\u00e3o dos 10 anos de carreira solo de Bell Marques, a festa ser\u00e1 ainda mais especial. Preparamos uma grande estrutura para receber o p\u00fablico e proporcionar uma experi\u00eancia inesquec\u00edvel&#8221;.<\/p>\n\n\n\n<div class=\"wp-block-image\"><figure class=\"aligncenter size-large is-resized\"><img loading=\"lazy\" decoding=\"async\" src=\"https:\/\/www.blogsoestado.com\/evandrojunior\/files\/2024\/02\/WhatsApp-Image-2024-02-27-at-17.22.01-1.jpeg\" alt=\"\" class=\"wp-image-11101\" width=\"569\" height=\"296\"\/><figcaption>Durval L\u00e9lys agitava o Marafolia com o Asa de \u00c1guia<\/figcaption><\/figure><\/div>\n\n\n\n<p>Bell Marques, por sua vez, refor\u00e7a o seu amor por S\u00e3o Lu\u00eds e a alegria em realizar mais uma vez o projeto Vumbora na cidade. \u201cS\u00e3o Lu\u00eds sempre foi uma cidade muito especial para mim. A energia do p\u00fablico maranhense \u00e9 contagiante e me motiva a dar o meu melhor em cada apresenta\u00e7\u00e3o. O Vumbora &#8211; 10 Anos ser\u00e1 uma grande festa para celebrar a m\u00fasica, a alegria e a energia do ax\u00e9\u201d.<\/p>\n\n\n\n<p><strong>A programa\u00e7\u00e3o est\u00e1 dividida por dia:<\/strong><\/p>\n\n\n\n<p><strong>S\u00e1bado (16), \u00e0s 18h:<\/strong><\/p>\n\n\n\n<p>Durval Lelys<\/p>\n\n\n\n<p>Rafa e Pipo Marques<\/p>\n\n\n\n<p>Bell Marques<\/p>\n\n\n\n<p><strong>Domingo (17), \u00e0s 16h:<\/strong><\/p>\n\n\n\n<p>Banda Eva<\/p>\n\n\n\n<p>Bell Marques<\/p>\n\n\n\n<p>Xanddy Harmonia<\/p>\n\n\n\n<p>Timbalada<\/p>\n\n\n\n<p>Estrutura<\/p>\n\n\n\n<p><strong>Servi\u00e7o<\/strong><\/p>\n\n\n\n<p>O qu\u00ea: Vumbora &#8211; 10 Anos<\/p>\n\n\n\n<p>Quando: 16 e 17 de mar\u00e7o<\/p>\n\n\n\n<p>Onde: Estacionamento do S\u00e3o Lu\u00eds Shopping<\/p>\n\n\n\n<p>Pontos de venda: 4M\u00e3os Store (Piso L2 &#8211; S\u00e3o Lu\u00eds Shopping)<\/p>\n","protected":false},"excerpt":{"rendered":"<p>S\u00e3o Lu\u00eds &#8211; O saudosismo da micareta volta a tomar conta de S\u00e3o Lu\u00eds nos dias 16 e 17 de [&hellip;]<\/p>\n","protected":false},"author":4,"featured_media":0,"comment_status":"open","ping_status":"open","sticky":false,"template":"","format":"standard","meta":{"site-sidebar-layout":"default","site-content-layout":"","ast-site-content-layout":"default","site-content-style":"default","site-sidebar-style":"default","ast-global-header-display":"","ast-banner-title-visibility":"","ast-main-header-display":"","ast-hfb-above-header-display":"","ast-hfb-below-header-display":"","ast-hfb-mobile-header-display":"","site-post-title":"","ast-breadcrumbs-content":"","ast-featured-img":"","footer-sml-layout":"","ast-disable-related-posts":"","theme-transparent-header-meta":"","adv-header-id-meta":"","stick-header-meta":"","header-above-stick-meta":"","header-main-stick-meta":"","header-below-stick-meta":"","astra-migrate-meta-layouts":"default","ast-page-background-enabled":"default","ast-page-background-meta":{"desktop":{"background-color":"var(--ast-global-color-5)","background-image":"","background-repeat":"repeat","background-position":"center center","background-size":"auto","background-attachment":"scroll","background-type":"","background-media":"","overlay-type":"","overlay-color":"","overlay-opacity":"","overlay-gradient":""},"tablet":{"background-color":"","background-image":"","background-repeat":"repeat","background-position":"center center","background-size":"auto","background-attachment":"scroll","background-type":"","background-media":"","overlay-type":"","overlay-color":"","overlay-opacity":"","overlay-gradient":""},"mobile":{"background-color":"","background-image":"","background-repeat":"repeat","background-position":"center center","background-size":"auto","background-attachment":"scroll","background-type":"","background-media":"","overlay-type":"","overlay-color":"","overlay-opacity":"","overlay-gradient":""}},"ast-content-background-meta":{"desktop":{"background-color":"var(--ast-global-color-4)","background-image":"","background-repeat":"repeat","background-position":"center center","background-size":"auto","background-attachment":"scroll","background-type":"","background-media":"","overlay-type":"","overlay-color":"","overlay-opacity":"","overlay-gradient":""},"tablet":{"background-color":"var(--ast-global-color-4)","background-image":"","background-repeat":"repeat","background-position":"center center","background-size":"auto","background-attachment":"scroll","background-type":"","background-media":"","overlay-type":"","overlay-color":"","overlay-opacity":"","overlay-gradient":""},"mobile":{"background-color":"var(--ast-global-color-4)","background-image":"","background-repeat":"repeat","background-position":"center center","background-size":"auto","background-attachment":"scroll","background-type":"","background-media":"","overlay-type":"","overlay-color":"","overlay-opacity":"","overlay-gradient":""}},"footnotes":""},"categories":[1],"tags":[],"class_list":["post-11096","post","type-post","status-publish","format-standard","hentry","category-sem-categoria"],"yoast_head":"<!-- This site is optimized with the Yoast SEO plugin v26.6 - https:\/\/yoast.com\/wordpress\/plugins\/seo\/ -->\n<title>S\u00e3o Lu\u00eds vai reviver magia das micaretas com o Vumbora - 10 Anos - Evandro Junior<\/title>\n<meta name=\"robots\" content=\"index, follow, max-snippet:-1, max-image-preview:large, max-video-preview:-1\" \/>\n<link rel=\"canonical\" href=\"https:\/\/www.blogsoestado.com\/evandrojunior\/2024\/02\/27\/sao-luis-vai-reviver-magia-das-micaretas-com-o-vumbora-10-anos\/\" \/>\n<meta property=\"og:locale\" content=\"pt_BR\" \/>\n<meta property=\"og:type\" content=\"article\" \/>\n<meta property=\"og:title\" content=\"S\u00e3o Lu\u00eds vai reviver magia das micaretas com o Vumbora - 10 Anos - Evandro Junior\" \/>\n<meta property=\"og:description\" content=\"S\u00e3o Lu\u00eds &#8211; O saudosismo da micareta volta a tomar conta de S\u00e3o Lu\u00eds nos dias 16 e 17 de [&hellip;]\" \/>\n<meta property=\"og:url\" content=\"https:\/\/www.blogsoestado.com\/evandrojunior\/2024\/02\/27\/sao-luis-vai-reviver-magia-das-micaretas-com-o-vumbora-10-anos\/\" \/>\n<meta property=\"og:site_name\" content=\"Evandro Junior\" \/>\n<meta property=\"article:published_time\" content=\"2024-02-27T20:33:37+00:00\" \/>\n<meta property=\"og:image\" content=\"https:\/\/www.blogsoestado.com\/evandrojunior\/files\/2024\/02\/WhatsApp-Image-2024-02-27-at-17.21.59.jpeg\" \/>\n<meta name=\"author\" content=\"Evandro Junior\" \/>\n<meta name=\"twitter:card\" content=\"summary_large_image\" \/>\n<meta name=\"twitter:label1\" content=\"Escrito por\" \/>\n\t<meta name=\"twitter:data1\" content=\"Evandro Junior\" \/>\n\t<meta name=\"twitter:label2\" content=\"Est. tempo de leitura\" \/>\n\t<meta name=\"twitter:data2\" content=\"3 minutos\" \/>\n<script type=\"application\/ld+json\" class=\"yoast-schema-graph\">{\"@context\":\"https:\/\/schema.org\",\"@graph\":[{\"@type\":\"WebPage\",\"@id\":\"https:\/\/www.blogsoestado.com\/evandrojunior\/2024\/02\/27\/sao-luis-vai-reviver-magia-das-micaretas-com-o-vumbora-10-anos\/\",\"url\":\"https:\/\/www.blogsoestado.com\/evandrojunior\/2024\/02\/27\/sao-luis-vai-reviver-magia-das-micaretas-com-o-vumbora-10-anos\/\",\"name\":\"S\u00e3o Lu\u00eds vai reviver magia das micaretas com o Vumbora - 10 Anos - Evandro Junior\",\"isPartOf\":{\"@id\":\"https:\/\/www.blogsoestado.com\/evandrojunior\/#website\"},\"primaryImageOfPage\":{\"@id\":\"https:\/\/www.blogsoestado.com\/evandrojunior\/2024\/02\/27\/sao-luis-vai-reviver-magia-das-micaretas-com-o-vumbora-10-anos\/#primaryimage\"},\"image\":{\"@id\":\"https:\/\/www.blogsoestado.com\/evandrojunior\/2024\/02\/27\/sao-luis-vai-reviver-magia-das-micaretas-com-o-vumbora-10-anos\/#primaryimage\"},\"thumbnailUrl\":\"https:\/\/www.blogsoestado.com\/evandrojunior\/files\/2024\/02\/WhatsApp-Image-2024-02-27-at-17.21.59.jpeg\",\"datePublished\":\"2024-02-27T20:33:37+00:00\",\"author\":{\"@id\":\"https:\/\/www.blogsoestado.com\/evandrojunior\/#\/schema\/person\/3e6c3d8dbb740d1c6878ebc935cfb3be\"},\"breadcrumb\":{\"@id\":\"https:\/\/www.blogsoestado.com\/evandrojunior\/2024\/02\/27\/sao-luis-vai-reviver-magia-das-micaretas-com-o-vumbora-10-anos\/#breadcrumb\"},\"inLanguage\":\"pt-BR\",\"potentialAction\":[{\"@type\":\"ReadAction\",\"target\":[\"https:\/\/www.blogsoestado.com\/evandrojunior\/2024\/02\/27\/sao-luis-vai-reviver-magia-das-micaretas-com-o-vumbora-10-anos\/\"]}]},{\"@type\":\"ImageObject\",\"inLanguage\":\"pt-BR\",\"@id\":\"https:\/\/www.blogsoestado.com\/evandrojunior\/2024\/02\/27\/sao-luis-vai-reviver-magia-das-micaretas-com-o-vumbora-10-anos\/#primaryimage\",\"url\":\"https:\/\/www.blogsoestado.com\/evandrojunior\/files\/2024\/02\/WhatsApp-Image-2024-02-27-at-17.21.59.jpeg\",\"contentUrl\":\"https:\/\/www.blogsoestado.com\/evandrojunior\/files\/2024\/02\/WhatsApp-Image-2024-02-27-at-17.21.59.jpeg\"},{\"@type\":\"BreadcrumbList\",\"@id\":\"https:\/\/www.blogsoestado.com\/evandrojunior\/2024\/02\/27\/sao-luis-vai-reviver-magia-das-micaretas-com-o-vumbora-10-anos\/#breadcrumb\",\"itemListElement\":[{\"@type\":\"ListItem\",\"position\":1,\"name\":\"In\u00edcio\",\"item\":\"https:\/\/www.blogsoestado.com\/evandrojunior\/\"},{\"@type\":\"ListItem\",\"position\":2,\"name\":\"S\u00e3o Lu\u00eds vai reviver magia das micaretas com o Vumbora &#8211; 10 Anos\"}]},{\"@type\":\"WebSite\",\"@id\":\"https:\/\/www.blogsoestado.com\/evandrojunior\/#website\",\"url\":\"https:\/\/www.blogsoestado.com\/evandrojunior\/\",\"name\":\"Evandro Junior\",\"description\":\"\",\"potentialAction\":[{\"@type\":\"SearchAction\",\"target\":{\"@type\":\"EntryPoint\",\"urlTemplate\":\"https:\/\/www.blogsoestado.com\/evandrojunior\/?s={search_term_string}\"},\"query-input\":{\"@type\":\"PropertyValueSpecification\",\"valueRequired\":true,\"valueName\":\"search_term_string\"}}],\"inLanguage\":\"pt-BR\"},{\"@type\":\"Person\",\"@id\":\"https:\/\/www.blogsoestado.com\/evandrojunior\/#\/schema\/person\/3e6c3d8dbb740d1c6878ebc935cfb3be\",\"name\":\"Evandro Junior\",\"image\":{\"@type\":\"ImageObject\",\"inLanguage\":\"pt-BR\",\"@id\":\"https:\/\/www.blogsoestado.com\/evandrojunior\/#\/schema\/person\/image\/\",\"url\":\"https:\/\/secure.gravatar.com\/avatar\/f80a03a2294a580cd2318bfb459bf354cfa8be661ef3d95b542cf9a04af8d129?s=96&d=mm&r=g\",\"contentUrl\":\"https:\/\/secure.gravatar.com\/avatar\/f80a03a2294a580cd2318bfb459bf354cfa8be661ef3d95b542cf9a04af8d129?s=96&d=mm&r=g\",\"caption\":\"Evandro Junior\"},\"url\":\"https:\/\/www.blogsoestado.com\/evandrojunior\/author\/evandrojunior\/\"}]}<\/script>\n<!-- \/ Yoast SEO plugin. -->","yoast_head_json":{"title":"S\u00e3o Lu\u00eds vai reviver magia das micaretas com o Vumbora - 10 Anos - Evandro Junior","robots":{"index":"index","follow":"follow","max-snippet":"max-snippet:-1","max-image-preview":"max-image-preview:large","max-video-preview":"max-video-preview:-1"},"canonical":"https:\/\/www.blogsoestado.com\/evandrojunior\/2024\/02\/27\/sao-luis-vai-reviver-magia-das-micaretas-com-o-vumbora-10-anos\/","og_locale":"pt_BR","og_type":"article","og_title":"S\u00e3o Lu\u00eds vai reviver magia das micaretas com o Vumbora - 10 Anos - Evandro Junior","og_description":"S\u00e3o Lu\u00eds &#8211; O saudosismo da micareta volta a tomar conta de S\u00e3o Lu\u00eds nos dias 16 e 17 de [&hellip;]","og_url":"https:\/\/www.blogsoestado.com\/evandrojunior\/2024\/02\/27\/sao-luis-vai-reviver-magia-das-micaretas-com-o-vumbora-10-anos\/","og_site_name":"Evandro Junior","article_published_time":"2024-02-27T20:33:37+00:00","og_image":[{"url":"https:\/\/www.blogsoestado.com\/evandrojunior\/files\/2024\/02\/WhatsApp-Image-2024-02-27-at-17.21.59.jpeg","type":"","width":"","height":""}],"author":"Evandro Junior","twitter_card":"summary_large_image","twitter_misc":{"Escrito por":"Evandro Junior","Est. tempo de leitura":"3 minutos"},"schema":{"@context":"https:\/\/schema.org","@graph":[{"@type":"WebPage","@id":"https:\/\/www.blogsoestado.com\/evandrojunior\/2024\/02\/27\/sao-luis-vai-reviver-magia-das-micaretas-com-o-vumbora-10-anos\/","url":"https:\/\/www.blogsoestado.com\/evandrojunior\/2024\/02\/27\/sao-luis-vai-reviver-magia-das-micaretas-com-o-vumbora-10-anos\/","name":"S\u00e3o Lu\u00eds vai reviver magia das micaretas com o Vumbora - 10 Anos - Evandro Junior","isPartOf":{"@id":"https:\/\/www.blogsoestado.com\/evandrojunior\/#website"},"primaryImageOfPage":{"@id":"https:\/\/www.blogsoestado.com\/evandrojunior\/2024\/02\/27\/sao-luis-vai-reviver-magia-das-micaretas-com-o-vumbora-10-anos\/#primaryimage"},"image":{"@id":"https:\/\/www.blogsoestado.com\/evandrojunior\/2024\/02\/27\/sao-luis-vai-reviver-magia-das-micaretas-com-o-vumbora-10-anos\/#primaryimage"},"thumbnailUrl":"https:\/\/www.blogsoestado.com\/evandrojunior\/files\/2024\/02\/WhatsApp-Image-2024-02-27-at-17.21.59.jpeg","datePublished":"2024-02-27T20:33:37+00:00","author":{"@id":"https:\/\/www.blogsoestado.com\/evandrojunior\/#\/schema\/person\/3e6c3d8dbb740d1c6878ebc935cfb3be"},"breadcrumb":{"@id":"https:\/\/www.blogsoestado.com\/evandrojunior\/2024\/02\/27\/sao-luis-vai-reviver-magia-das-micaretas-com-o-vumbora-10-anos\/#breadcrumb"},"inLanguage":"pt-BR","potentialAction":[{"@type":"ReadAction","target":["https:\/\/www.blogsoestado.com\/evandrojunior\/2024\/02\/27\/sao-luis-vai-reviver-magia-das-micaretas-com-o-vumbora-10-anos\/"]}]},{"@type":"ImageObject","inLanguage":"pt-BR","@id":"https:\/\/www.blogsoestado.com\/evandrojunior\/2024\/02\/27\/sao-luis-vai-reviver-magia-das-micaretas-com-o-vumbora-10-anos\/#primaryimage","url":"https:\/\/www.blogsoestado.com\/evandrojunior\/files\/2024\/02\/WhatsApp-Image-2024-02-27-at-17.21.59.jpeg","contentUrl":"https:\/\/www.blogsoestado.com\/evandrojunior\/files\/2024\/02\/WhatsApp-Image-2024-02-27-at-17.21.59.jpeg"},{"@type":"BreadcrumbList","@id":"https:\/\/www.blogsoestado.com\/evandrojunior\/2024\/02\/27\/sao-luis-vai-reviver-magia-das-micaretas-com-o-vumbora-10-anos\/#breadcrumb","itemListElement":[{"@type":"ListItem","position":1,"name":"In\u00edcio","item":"https:\/\/www.blogsoestado.com\/evandrojunior\/"},{"@type":"ListItem","position":2,"name":"S\u00e3o Lu\u00eds vai reviver magia das micaretas com o Vumbora &#8211; 10 Anos"}]},{"@type":"WebSite","@id":"https:\/\/www.blogsoestado.com\/evandrojunior\/#website","url":"https:\/\/www.blogsoestado.com\/evandrojunior\/","name":"Evandro Junior","description":"","potentialAction":[{"@type":"SearchAction","target":{"@type":"EntryPoint","urlTemplate":"https:\/\/www.blogsoestado.com\/evandrojunior\/?s={search_term_string}"},"query-input":{"@type":"PropertyValueSpecification","valueRequired":true,"valueName":"search_term_string"}}],"inLanguage":"pt-BR"},{"@type":"Person","@id":"https:\/\/www.blogsoestado.com\/evandrojunior\/#\/schema\/person\/3e6c3d8dbb740d1c6878ebc935cfb3be","name":"Evandro Junior","image":{"@type":"ImageObject","inLanguage":"pt-BR","@id":"https:\/\/www.blogsoestado.com\/evandrojunior\/#\/schema\/person\/image\/","url":"https:\/\/secure.gravatar.com\/avatar\/f80a03a2294a580cd2318bfb459bf354cfa8be661ef3d95b542cf9a04af8d129?s=96&d=mm&r=g","contentUrl":"https:\/\/secure.gravatar.com\/avatar\/f80a03a2294a580cd2318bfb459bf354cfa8be661ef3d95b542cf9a04af8d129?s=96&d=mm&r=g","caption":"Evandro Junior"},"url":"https:\/\/www.blogsoestado.com\/evandrojunior\/author\/evandrojunior\/"}]}},"jetpack_featured_media_url":"","_links":{"self":[{"href":"https:\/\/www.blogsoestado.com\/evandrojunior\/wp-json\/wp\/v2\/posts\/11096","targetHints":{"allow":["GET"]}}],"collection":[{"href":"https:\/\/www.blogsoestado.com\/evandrojunior\/wp-json\/wp\/v2\/posts"}],"about":[{"href":"https:\/\/www.blogsoestado.com\/evandrojunior\/wp-json\/wp\/v2\/types\/post"}],"author":[{"embeddable":true,"href":"https:\/\/www.blogsoestado.com\/evandrojunior\/wp-json\/wp\/v2\/users\/4"}],"replies":[{"embeddable":true,"href":"https:\/\/www.blogsoestado.com\/evandrojunior\/wp-json\/wp\/v2\/comments?post=11096"}],"version-history":[{"count":0,"href":"https:\/\/www.blogsoestado.com\/evandrojunior\/wp-json\/wp\/v2\/posts\/11096\/revisions"}],"wp:attachment":[{"href":"https:\/\/www.blogsoestado.com\/evandrojunior\/wp-json\/wp\/v2\/media?parent=11096"}],"wp:term":[{"taxonomy":"category","embeddable":true,"href":"https:\/\/www.blogsoestado.com\/evandrojunior\/wp-json\/wp\/v2\/categories?post=11096"},{"taxonomy":"post_tag","embeddable":true,"href":"https:\/\/www.blogsoestado.com\/evandrojunior\/wp-json\/wp\/v2\/tags?post=11096"}],"curies":[{"name":"wp","href":"https:\/\/api.w.org\/{rel}","templated":true}]}}