{"id":11104,"date":"2024-02-28T12:31:58","date_gmt":"2024-02-28T15:31:58","guid":{"rendered":"https:\/\/www.blogsoestado.com\/evandrojunior\/?p=11104"},"modified":"2024-02-28T12:31:58","modified_gmt":"2024-02-28T15:31:58","slug":"sao-luis-ganha-clinica-de-estetica-avancada-polyana-dominici-nesta-sexta-feira","status":"publish","type":"post","link":"https:\/\/www.blogsoestado.com\/evandrojunior\/2024\/02\/28\/sao-luis-ganha-clinica-de-estetica-avancada-polyana-dominici-nesta-sexta-feira\/","title":{"rendered":"S\u00e3o Lu\u00eds ganha cl\u00ednica de est\u00e9tica avan\u00e7ada Polyana Dominici nesta sexta-feira"},"content":{"rendered":"\n<div class=\"wp-block-image\"><figure class=\"aligncenter size-large is-resized\"><img fetchpriority=\"high\" decoding=\"async\" src=\"https:\/\/www.blogsoestado.com\/evandrojunior\/files\/2024\/02\/image-3.png\" alt=\"\" class=\"wp-image-11111\" width=\"459\" height=\"535\"\/><figcaption><strong>Polyana Dominici est\u00e1 \u00e0 frente do projeto, associada a diversos profissionais gabaritados<\/strong><br><\/figcaption><\/figure><\/div>\n\n\n\n<p><strong>S\u00c3O LU\u00cdS<\/strong> &#8211; A capital maranhense ganha, nesta sexta-feira (1), um novo espa\u00e7o voltado para a beleza. Trata-se da Polyana Dominici Cl\u00ednica de Est\u00e9tica Avan\u00e7ada, que abrir\u00e1 as portas no Edif\u00edcio Millenium, na Avenida dos Holandeses, na Ponta do Farol, com coquetel de inaugura\u00e7\u00e3o confirmado para as 19h.  <\/p>\n\n\n\n<p>A cl\u00ednica n\u00e3o \u00e9 apenas mais um espa\u00e7o do g\u00eanero a ser inaugurado em S\u00e3o Lu\u00eds. Ao contr\u00e1rio, \u00e9 um cuidadoso e amplo projeto de excel\u00eancia que englobar\u00e1 a expertise de diversos profissionais gabaritados, incluindo dentistas especializados em harmoniza\u00e7\u00e3o, m\u00e9dicos, biom\u00e9dicos e psic\u00f3logos. <\/p>\n\n\n\n<div class=\"wp-block-image\"><figure class=\"aligncenter size-large is-resized\"><img decoding=\"async\" src=\"https:\/\/www.blogsoestado.com\/evandrojunior\/files\/2024\/02\/WhatsApp-Image-2024-02-28-at-11.01.10-768x1024.jpeg\" alt=\"\" class=\"wp-image-11106\" width=\"444\" height=\"592\"\/><figcaption><strong>Polyana Dominici Cl\u00ednica de Est\u00e9tica Avan\u00e7ada ser\u00e1 inaugurada na Avenida dos Holandeses, na Ponta do Farol<\/strong><\/figcaption><\/figure><\/div>\n\n\n\n<p>&#8220;Nosso compromisso vai al\u00e9m de apenas aprimorar a apar\u00eancia f\u00edsica. N\u00f3s buscamos promover uma sensa\u00e7\u00e3o duradoura de confian\u00e7a e bem-estar a cada cliente que nos procura&#8221;, destaca a administradora e estudante de Medicina Polyana Dominici.<\/p>\n\n\n\n<p>A cl\u00ednica oferecer\u00e1 ampla gama de tratamentos est\u00e9ticos, desde cuidados faciais e corporais at\u00e9 procedimentos avan\u00e7ados de rejuvenescimento, todos realizados por especialistas de alta qualifica\u00e7\u00e3o que utilizam somente tecnologias de ponta. <\/p>\n\n\n\n<div class=\"wp-block-image\"><figure class=\"aligncenter size-large is-resized\"><img decoding=\"async\" src=\"https:\/\/www.blogsoestado.com\/evandrojunior\/files\/2024\/02\/WhatsApp-Image-2024-02-28-at-11.01.09-768x1024.jpeg\" alt=\"\" class=\"wp-image-11107\" width=\"474\" height=\"632\"\/><figcaption><strong>Cl\u00ednica oferecer\u00e1 procedimentos avan\u00e7ados realizados por especialistas de alta qualifica\u00e7\u00e3o que utilizam somente tecnologias de ponta<\/strong><\/figcaption><\/figure><\/div>\n\n\n\n<p>Os aparelhos mais eficientes estar\u00e3o naquele espa\u00e7o como um diferencial em benef\u00edcio da cidade. &#8220;Os tratamentos de harmoniza\u00e7\u00e3o facial e corporal, por exemplo, ter\u00e3o acompanhamento de psic\u00f3logos&#8221;, frisa Polyana Dominici.<\/p>\n\n\n\n<p>Polyana Dominici \u00e9 administradora e estudante de Medicina. Ela empregou toda sua garra e determina\u00e7\u00e3o para inaugurar uma nova era no campo da est\u00e9tica no Maranh\u00e3o. Por onde passou, ali\u00e1s, imprimiu sua marca de ousadia  e efic\u00e1cia, a exemplo de seu trabalho como gerente de concession\u00e1rias como Mercedes-Benz, Audi e BMW, \u00e0s quais associou seu nome por mais de uma d\u00e9cada.<\/p>\n\n\n\n<p>.<\/p>\n","protected":false},"excerpt":{"rendered":"<p>S\u00c3O LU\u00cdS &#8211; A capital maranhense ganha, nesta sexta-feira (1), um novo espa\u00e7o voltado para a beleza. Trata-se da Polyana [&hellip;]<\/p>\n","protected":false},"author":4,"featured_media":0,"comment_status":"open","ping_status":"open","sticky":false,"template":"","format":"standard","meta":{"site-sidebar-layout":"default","site-content-layout":"","ast-site-content-layout":"default","site-content-style":"default","site-sidebar-style":"default","ast-global-header-display":"","ast-banner-title-visibility":"","ast-main-header-display":"","ast-hfb-above-header-display":"","ast-hfb-below-header-display":"","ast-hfb-mobile-header-display":"","site-post-title":"","ast-breadcrumbs-content":"","ast-featured-img":"","footer-sml-layout":"","ast-disable-related-posts":"","theme-transparent-header-meta":"","adv-header-id-meta":"","stick-header-meta":"","header-above-stick-meta":"","header-main-stick-meta":"","header-below-stick-meta":"","astra-migrate-meta-layouts":"default","ast-page-background-enabled":"default","ast-page-background-meta":{"desktop":{"background-color":"var(--ast-global-color-5)","background-image":"","background-repeat":"repeat","background-position":"center center","background-size":"auto","background-attachment":"scroll","background-type":"","background-media":"","overlay-type":"","overlay-color":"","overlay-opacity":"","overlay-gradient":""},"tablet":{"background-color":"","background-image":"","background-repeat":"repeat","background-position":"center center","background-size":"auto","background-attachment":"scroll","background-type":"","background-media":"","overlay-type":"","overlay-color":"","overlay-opacity":"","overlay-gradient":""},"mobile":{"background-color":"","background-image":"","background-repeat":"repeat","background-position":"center center","background-size":"auto","background-attachment":"scroll","background-type":"","background-media":"","overlay-type":"","overlay-color":"","overlay-opacity":"","overlay-gradient":""}},"ast-content-background-meta":{"desktop":{"background-color":"var(--ast-global-color-4)","background-image":"","background-repeat":"repeat","background-position":"center center","background-size":"auto","background-attachment":"scroll","background-type":"","background-media":"","overlay-type":"","overlay-color":"","overlay-opacity":"","overlay-gradient":""},"tablet":{"background-color":"var(--ast-global-color-4)","background-image":"","background-repeat":"repeat","background-position":"center center","background-size":"auto","background-attachment":"scroll","background-type":"","background-media":"","overlay-type":"","overlay-color":"","overlay-opacity":"","overlay-gradient":""},"mobile":{"background-color":"var(--ast-global-color-4)","background-image":"","background-repeat":"repeat","background-position":"center center","background-size":"auto","background-attachment":"scroll","background-type":"","background-media":"","overlay-type":"","overlay-color":"","overlay-opacity":"","overlay-gradient":""}},"footnotes":""},"categories":[1],"tags":[],"class_list":["post-11104","post","type-post","status-publish","format-standard","hentry","category-sem-categoria"],"yoast_head":"<!-- This site is optimized with the Yoast SEO plugin v26.6 - https:\/\/yoast.com\/wordpress\/plugins\/seo\/ -->\n<title>S\u00e3o Lu\u00eds ganha cl\u00ednica de est\u00e9tica avan\u00e7ada Polyana Dominici nesta sexta-feira - Evandro Junior<\/title>\n<meta name=\"robots\" content=\"index, follow, max-snippet:-1, max-image-preview:large, max-video-preview:-1\" \/>\n<link rel=\"canonical\" href=\"https:\/\/www.blogsoestado.com\/evandrojunior\/2024\/02\/28\/sao-luis-ganha-clinica-de-estetica-avancada-polyana-dominici-nesta-sexta-feira\/\" \/>\n<meta property=\"og:locale\" content=\"pt_BR\" \/>\n<meta property=\"og:type\" content=\"article\" \/>\n<meta property=\"og:title\" content=\"S\u00e3o Lu\u00eds ganha cl\u00ednica de est\u00e9tica avan\u00e7ada Polyana Dominici nesta sexta-feira - Evandro Junior\" \/>\n<meta property=\"og:description\" content=\"S\u00c3O LU\u00cdS &#8211; A capital maranhense ganha, nesta sexta-feira (1), um novo espa\u00e7o voltado para a beleza. Trata-se da Polyana [&hellip;]\" \/>\n<meta property=\"og:url\" content=\"https:\/\/www.blogsoestado.com\/evandrojunior\/2024\/02\/28\/sao-luis-ganha-clinica-de-estetica-avancada-polyana-dominici-nesta-sexta-feira\/\" \/>\n<meta property=\"og:site_name\" content=\"Evandro Junior\" \/>\n<meta property=\"article:published_time\" content=\"2024-02-28T15:31:58+00:00\" \/>\n<meta property=\"og:image\" content=\"https:\/\/www.blogsoestado.com\/evandrojunior\/files\/2024\/02\/image-3.png\" \/>\n<meta name=\"author\" content=\"Evandro Junior\" \/>\n<meta name=\"twitter:card\" content=\"summary_large_image\" \/>\n<meta name=\"twitter:label1\" content=\"Escrito por\" \/>\n\t<meta name=\"twitter:data1\" content=\"Evandro Junior\" \/>\n\t<meta name=\"twitter:label2\" content=\"Est. tempo de leitura\" \/>\n\t<meta name=\"twitter:data2\" content=\"2 minutos\" \/>\n<script type=\"application\/ld+json\" class=\"yoast-schema-graph\">{\"@context\":\"https:\/\/schema.org\",\"@graph\":[{\"@type\":\"WebPage\",\"@id\":\"https:\/\/www.blogsoestado.com\/evandrojunior\/2024\/02\/28\/sao-luis-ganha-clinica-de-estetica-avancada-polyana-dominici-nesta-sexta-feira\/\",\"url\":\"https:\/\/www.blogsoestado.com\/evandrojunior\/2024\/02\/28\/sao-luis-ganha-clinica-de-estetica-avancada-polyana-dominici-nesta-sexta-feira\/\",\"name\":\"S\u00e3o Lu\u00eds ganha cl\u00ednica de est\u00e9tica avan\u00e7ada Polyana Dominici nesta sexta-feira - Evandro Junior\",\"isPartOf\":{\"@id\":\"https:\/\/www.blogsoestado.com\/evandrojunior\/#website\"},\"primaryImageOfPage\":{\"@id\":\"https:\/\/www.blogsoestado.com\/evandrojunior\/2024\/02\/28\/sao-luis-ganha-clinica-de-estetica-avancada-polyana-dominici-nesta-sexta-feira\/#primaryimage\"},\"image\":{\"@id\":\"https:\/\/www.blogsoestado.com\/evandrojunior\/2024\/02\/28\/sao-luis-ganha-clinica-de-estetica-avancada-polyana-dominici-nesta-sexta-feira\/#primaryimage\"},\"thumbnailUrl\":\"https:\/\/www.blogsoestado.com\/evandrojunior\/files\/2024\/02\/image-3.png\",\"datePublished\":\"2024-02-28T15:31:58+00:00\",\"author\":{\"@id\":\"https:\/\/www.blogsoestado.com\/evandrojunior\/#\/schema\/person\/3e6c3d8dbb740d1c6878ebc935cfb3be\"},\"breadcrumb\":{\"@id\":\"https:\/\/www.blogsoestado.com\/evandrojunior\/2024\/02\/28\/sao-luis-ganha-clinica-de-estetica-avancada-polyana-dominici-nesta-sexta-feira\/#breadcrumb\"},\"inLanguage\":\"pt-BR\",\"potentialAction\":[{\"@type\":\"ReadAction\",\"target\":[\"https:\/\/www.blogsoestado.com\/evandrojunior\/2024\/02\/28\/sao-luis-ganha-clinica-de-estetica-avancada-polyana-dominici-nesta-sexta-feira\/\"]}]},{\"@type\":\"ImageObject\",\"inLanguage\":\"pt-BR\",\"@id\":\"https:\/\/www.blogsoestado.com\/evandrojunior\/2024\/02\/28\/sao-luis-ganha-clinica-de-estetica-avancada-polyana-dominici-nesta-sexta-feira\/#primaryimage\",\"url\":\"https:\/\/www.blogsoestado.com\/evandrojunior\/files\/2024\/02\/image-3.png\",\"contentUrl\":\"https:\/\/www.blogsoestado.com\/evandrojunior\/files\/2024\/02\/image-3.png\"},{\"@type\":\"BreadcrumbList\",\"@id\":\"https:\/\/www.blogsoestado.com\/evandrojunior\/2024\/02\/28\/sao-luis-ganha-clinica-de-estetica-avancada-polyana-dominici-nesta-sexta-feira\/#breadcrumb\",\"itemListElement\":[{\"@type\":\"ListItem\",\"position\":1,\"name\":\"In\u00edcio\",\"item\":\"https:\/\/www.blogsoestado.com\/evandrojunior\/\"},{\"@type\":\"ListItem\",\"position\":2,\"name\":\"S\u00e3o Lu\u00eds ganha cl\u00ednica de est\u00e9tica avan\u00e7ada Polyana Dominici nesta sexta-feira\"}]},{\"@type\":\"WebSite\",\"@id\":\"https:\/\/www.blogsoestado.com\/evandrojunior\/#website\",\"url\":\"https:\/\/www.blogsoestado.com\/evandrojunior\/\",\"name\":\"Evandro Junior\",\"description\":\"\",\"potentialAction\":[{\"@type\":\"SearchAction\",\"target\":{\"@type\":\"EntryPoint\",\"urlTemplate\":\"https:\/\/www.blogsoestado.com\/evandrojunior\/?s={search_term_string}\"},\"query-input\":{\"@type\":\"PropertyValueSpecification\",\"valueRequired\":true,\"valueName\":\"search_term_string\"}}],\"inLanguage\":\"pt-BR\"},{\"@type\":\"Person\",\"@id\":\"https:\/\/www.blogsoestado.com\/evandrojunior\/#\/schema\/person\/3e6c3d8dbb740d1c6878ebc935cfb3be\",\"name\":\"Evandro Junior\",\"image\":{\"@type\":\"ImageObject\",\"inLanguage\":\"pt-BR\",\"@id\":\"https:\/\/www.blogsoestado.com\/evandrojunior\/#\/schema\/person\/image\/\",\"url\":\"https:\/\/secure.gravatar.com\/avatar\/f80a03a2294a580cd2318bfb459bf354cfa8be661ef3d95b542cf9a04af8d129?s=96&d=mm&r=g\",\"contentUrl\":\"https:\/\/secure.gravatar.com\/avatar\/f80a03a2294a580cd2318bfb459bf354cfa8be661ef3d95b542cf9a04af8d129?s=96&d=mm&r=g\",\"caption\":\"Evandro Junior\"},\"url\":\"https:\/\/www.blogsoestado.com\/evandrojunior\/author\/evandrojunior\/\"}]}<\/script>\n<!-- \/ Yoast SEO plugin. -->","yoast_head_json":{"title":"S\u00e3o Lu\u00eds ganha cl\u00ednica de est\u00e9tica avan\u00e7ada Polyana Dominici nesta sexta-feira - Evandro Junior","robots":{"index":"index","follow":"follow","max-snippet":"max-snippet:-1","max-image-preview":"max-image-preview:large","max-video-preview":"max-video-preview:-1"},"canonical":"https:\/\/www.blogsoestado.com\/evandrojunior\/2024\/02\/28\/sao-luis-ganha-clinica-de-estetica-avancada-polyana-dominici-nesta-sexta-feira\/","og_locale":"pt_BR","og_type":"article","og_title":"S\u00e3o Lu\u00eds ganha cl\u00ednica de est\u00e9tica avan\u00e7ada Polyana Dominici nesta sexta-feira - Evandro Junior","og_description":"S\u00c3O LU\u00cdS &#8211; A capital maranhense ganha, nesta sexta-feira (1), um novo espa\u00e7o voltado para a beleza. Trata-se da Polyana [&hellip;]","og_url":"https:\/\/www.blogsoestado.com\/evandrojunior\/2024\/02\/28\/sao-luis-ganha-clinica-de-estetica-avancada-polyana-dominici-nesta-sexta-feira\/","og_site_name":"Evandro Junior","article_published_time":"2024-02-28T15:31:58+00:00","og_image":[{"url":"https:\/\/www.blogsoestado.com\/evandrojunior\/files\/2024\/02\/image-3.png","type":"","width":"","height":""}],"author":"Evandro Junior","twitter_card":"summary_large_image","twitter_misc":{"Escrito por":"Evandro Junior","Est. tempo de leitura":"2 minutos"},"schema":{"@context":"https:\/\/schema.org","@graph":[{"@type":"WebPage","@id":"https:\/\/www.blogsoestado.com\/evandrojunior\/2024\/02\/28\/sao-luis-ganha-clinica-de-estetica-avancada-polyana-dominici-nesta-sexta-feira\/","url":"https:\/\/www.blogsoestado.com\/evandrojunior\/2024\/02\/28\/sao-luis-ganha-clinica-de-estetica-avancada-polyana-dominici-nesta-sexta-feira\/","name":"S\u00e3o Lu\u00eds ganha cl\u00ednica de est\u00e9tica avan\u00e7ada Polyana Dominici nesta sexta-feira - Evandro Junior","isPartOf":{"@id":"https:\/\/www.blogsoestado.com\/evandrojunior\/#website"},"primaryImageOfPage":{"@id":"https:\/\/www.blogsoestado.com\/evandrojunior\/2024\/02\/28\/sao-luis-ganha-clinica-de-estetica-avancada-polyana-dominici-nesta-sexta-feira\/#primaryimage"},"image":{"@id":"https:\/\/www.blogsoestado.com\/evandrojunior\/2024\/02\/28\/sao-luis-ganha-clinica-de-estetica-avancada-polyana-dominici-nesta-sexta-feira\/#primaryimage"},"thumbnailUrl":"https:\/\/www.blogsoestado.com\/evandrojunior\/files\/2024\/02\/image-3.png","datePublished":"2024-02-28T15:31:58+00:00","author":{"@id":"https:\/\/www.blogsoestado.com\/evandrojunior\/#\/schema\/person\/3e6c3d8dbb740d1c6878ebc935cfb3be"},"breadcrumb":{"@id":"https:\/\/www.blogsoestado.com\/evandrojunior\/2024\/02\/28\/sao-luis-ganha-clinica-de-estetica-avancada-polyana-dominici-nesta-sexta-feira\/#breadcrumb"},"inLanguage":"pt-BR","potentialAction":[{"@type":"ReadAction","target":["https:\/\/www.blogsoestado.com\/evandrojunior\/2024\/02\/28\/sao-luis-ganha-clinica-de-estetica-avancada-polyana-dominici-nesta-sexta-feira\/"]}]},{"@type":"ImageObject","inLanguage":"pt-BR","@id":"https:\/\/www.blogsoestado.com\/evandrojunior\/2024\/02\/28\/sao-luis-ganha-clinica-de-estetica-avancada-polyana-dominici-nesta-sexta-feira\/#primaryimage","url":"https:\/\/www.blogsoestado.com\/evandrojunior\/files\/2024\/02\/image-3.png","contentUrl":"https:\/\/www.blogsoestado.com\/evandrojunior\/files\/2024\/02\/image-3.png"},{"@type":"BreadcrumbList","@id":"https:\/\/www.blogsoestado.com\/evandrojunior\/2024\/02\/28\/sao-luis-ganha-clinica-de-estetica-avancada-polyana-dominici-nesta-sexta-feira\/#breadcrumb","itemListElement":[{"@type":"ListItem","position":1,"name":"In\u00edcio","item":"https:\/\/www.blogsoestado.com\/evandrojunior\/"},{"@type":"ListItem","position":2,"name":"S\u00e3o Lu\u00eds ganha cl\u00ednica de est\u00e9tica avan\u00e7ada Polyana Dominici nesta sexta-feira"}]},{"@type":"WebSite","@id":"https:\/\/www.blogsoestado.com\/evandrojunior\/#website","url":"https:\/\/www.blogsoestado.com\/evandrojunior\/","name":"Evandro Junior","description":"","potentialAction":[{"@type":"SearchAction","target":{"@type":"EntryPoint","urlTemplate":"https:\/\/www.blogsoestado.com\/evandrojunior\/?s={search_term_string}"},"query-input":{"@type":"PropertyValueSpecification","valueRequired":true,"valueName":"search_term_string"}}],"inLanguage":"pt-BR"},{"@type":"Person","@id":"https:\/\/www.blogsoestado.com\/evandrojunior\/#\/schema\/person\/3e6c3d8dbb740d1c6878ebc935cfb3be","name":"Evandro Junior","image":{"@type":"ImageObject","inLanguage":"pt-BR","@id":"https:\/\/www.blogsoestado.com\/evandrojunior\/#\/schema\/person\/image\/","url":"https:\/\/secure.gravatar.com\/avatar\/f80a03a2294a580cd2318bfb459bf354cfa8be661ef3d95b542cf9a04af8d129?s=96&d=mm&r=g","contentUrl":"https:\/\/secure.gravatar.com\/avatar\/f80a03a2294a580cd2318bfb459bf354cfa8be661ef3d95b542cf9a04af8d129?s=96&d=mm&r=g","caption":"Evandro Junior"},"url":"https:\/\/www.blogsoestado.com\/evandrojunior\/author\/evandrojunior\/"}]}},"jetpack_featured_media_url":"","_links":{"self":[{"href":"https:\/\/www.blogsoestado.com\/evandrojunior\/wp-json\/wp\/v2\/posts\/11104","targetHints":{"allow":["GET"]}}],"collection":[{"href":"https:\/\/www.blogsoestado.com\/evandrojunior\/wp-json\/wp\/v2\/posts"}],"about":[{"href":"https:\/\/www.blogsoestado.com\/evandrojunior\/wp-json\/wp\/v2\/types\/post"}],"author":[{"embeddable":true,"href":"https:\/\/www.blogsoestado.com\/evandrojunior\/wp-json\/wp\/v2\/users\/4"}],"replies":[{"embeddable":true,"href":"https:\/\/www.blogsoestado.com\/evandrojunior\/wp-json\/wp\/v2\/comments?post=11104"}],"version-history":[{"count":0,"href":"https:\/\/www.blogsoestado.com\/evandrojunior\/wp-json\/wp\/v2\/posts\/11104\/revisions"}],"wp:attachment":[{"href":"https:\/\/www.blogsoestado.com\/evandrojunior\/wp-json\/wp\/v2\/media?parent=11104"}],"wp:term":[{"taxonomy":"category","embeddable":true,"href":"https:\/\/www.blogsoestado.com\/evandrojunior\/wp-json\/wp\/v2\/categories?post=11104"},{"taxonomy":"post_tag","embeddable":true,"href":"https:\/\/www.blogsoestado.com\/evandrojunior\/wp-json\/wp\/v2\/tags?post=11104"}],"curies":[{"name":"wp","href":"https:\/\/api.w.org\/{rel}","templated":true}]}}