{"id":11115,"date":"2024-02-28T14:49:15","date_gmt":"2024-02-28T17:49:15","guid":{"rendered":"https:\/\/www.blogsoestado.com\/evandrojunior\/?p=11115"},"modified":"2024-02-28T14:49:15","modified_gmt":"2024-02-28T17:49:15","slug":"show-em-sao-luis-alexandre-pires-e-spc-se-despedem-em-o-ultimo-encontro","status":"publish","type":"post","link":"https:\/\/www.blogsoestado.com\/evandrojunior\/2024\/02\/28\/show-em-sao-luis-alexandre-pires-e-spc-se-despedem-em-o-ultimo-encontro\/","title":{"rendered":"Show em S\u00e3o Lu\u00eds: Alexandre Pires e SPC se despedem em &#8220;O \u00daltimo Encontro&#8221;"},"content":{"rendered":"\n<div class=\"wp-block-image\"><figure class=\"aligncenter size-large is-resized\"><img fetchpriority=\"high\" decoding=\"async\" src=\"https:\/\/www.blogsoestado.com\/evandrojunior\/files\/2024\/02\/WhatsApp-Image-2024-02-28-at-14.39.56.jpeg\" alt=\"\" class=\"wp-image-11116\" width=\"538\" height=\"358\"\/><figcaption><strong><em>Apresenta\u00e7\u00e3o ser\u00e1 realizada na \u00e1rea externa do S\u00e3o Lu\u00eds Shopping, dia 6 de julho; ingressos j\u00e1 est\u00e3o dispon\u00edveis para venda<\/em><\/strong><\/figcaption><\/figure><\/div>\n\n\n\n<p><strong>S\u00e3o Lu\u00eds <\/strong>&#8211; Uma das maiores bandas de pagode do Brasil, &#8216;S\u00f3 Pra Contrariar&#8217; chega com a turn\u00ea &#8220;O \u00daltimo Encontro&#8221;, que marcar\u00e1 a despedida de Alexandre Pires do grupo, e a emo\u00e7\u00e3o paira no ar. Esse grande espet\u00e1culo ser\u00e1 realizado no dia 6 de julho. Os ingressos est\u00e3o \u00e0 venda no site www.spcaustico.com.br , Bilheteria Digital e na Loja 4M\u00e3os Store (Piso L2 \u2013 S\u00e3o Lu\u00eds Shopping).<\/p>\n\n\n\n<p>Com a produ\u00e7\u00e3o local da 4M\u00e3os Entretenimento, em parceria com a Opus Entretenimento, Ame Entretenimento e R2, o p\u00fablico pode adquirir os ingressos para dois setores, \u201cTerra\u00e7o Vip\u201d, ou se preferir assistir em mesas numeradas pode optar por tr\u00eas modalidade, \u201cMesa Diamante\u201d, \u201cMesa Ouro\u201d ou \u201cMesa Prata\u201d, comprando um acesso \u00e0 cadeira. J\u00e1 o setor \u201cArena\u201d, encontra-se esgotado.<\/p>\n\n\n\n<p><strong>O \u00daLTIMO ENCONTRO<\/strong><\/p>\n\n\n\n<p>Luzes se acender\u00e3o, cora\u00e7\u00f5es palpitar\u00e3o. Alexandre Pires, Fernando Pires, Hamilton Faria, Juliano Pires, Lu\u00eds Fernando, S\u00e9rgio Sales e Alexandre Pop\u00f3 subir\u00e3o ao palco, e a multid\u00e3o explodir\u00e1 em aplausos. A nostalgia tomar\u00e1 conta do ambiente enquanto as primeiras notas de &#8220;Essa Tal Liberdade&#8221; ecoar\u00e3o pelo local.<\/p>\n\n\n\n<p>Ao longo da noite, um verdadeiro show de sentimentos promete emocionar. Hits como &#8220;Mineirinho&#8221;, &#8220;Depois do Prazer&#8221; e &#8220;S\u00f3 Pra Contrariar&#8221; embalar\u00e3o o p\u00fablico em uma viagem no tempo. Momentos de pura alegria se misturar\u00e3o com a tristeza da despedida. Mas a noite n\u00e3o ser\u00e1 apenas sobre nostalgia. Ser\u00e1 tamb\u00e9m sobre celebrar a hist\u00f3ria de um grupo que marcou a vida de milhares de pessoas. Ser\u00e1 sobre a amizade que unir\u00e1 os integrantes do SPC por tantos anos.<\/p>\n\n\n\n<p>E quando as \u00faltimas notas de &#8220;Essa Tal Liberdade&#8221; silenciarem, a sensa\u00e7\u00e3o ser\u00e1 de que algo \u00fanico e especial aconteceu. Uma noite que ficar\u00e1 para sempre guardada na mem\u00f3ria de todos que presenciarem &#8220;O \u00daltimo Encontro&#8221;. Mas a hist\u00f3ria do SPC n\u00e3o terminar\u00e1 aqui. As m\u00fasicas continuar\u00e3o a tocar, as mem\u00f3rias continuar\u00e3o vivas, e a paix\u00e3o pelo pagode jamais se apagar\u00e1. Uma noite que marcar\u00e1 o fim de uma era, mas tamb\u00e9m o in\u00edcio de novas hist\u00f3rias.<\/p>\n\n\n\n<p>A \u00faltima chance de ver o SPC em sua forma\u00e7\u00e3o original. A \u00faltima chance de cantar junto com Alexandre Pires e sentir a energia contagiante do grupo. A \u00faltima chance de viver a magia do pagode em uma noite hist\u00f3rica.<\/p>\n\n\n\n<p><strong>Mesas<\/strong><\/p>\n\n\n\n<p>Para quem busca uma experi\u00eancia ainda mais exclusiva, o setor Mesa oferece a oportunidade de viver o show de uma maneira \u00fanica e inesquec\u00edvel. Desfrute de uma vista privilegiada com conforto e atendimento personalizado, tudo em um ambiente elegante e acolhedor. As mesas s\u00e3o limitadas e garantem a voc\u00ea e seus amigos uma noite memor\u00e1vel, com a melhor vis\u00e3o do show e a oportunidade de se sentirem ainda mais pr\u00f3ximos de Alexandre Pires e do SPC.<\/p>\n\n\n\n<p><strong>Servi\u00e7o<\/strong><\/p>\n\n\n\n<p>Show: Alexandre Pires e S\u00f3 Pra Contrariar \u2013 Turn\u00ea \u201cO \u00daltimo Encontro\u201d<\/p>\n\n\n\n<p>Data: 6 de julho<\/p>\n\n\n\n<p>Local: \u00c1rea Externa do S\u00e3o Lu\u00eds Shopping<\/p>\n\n\n\n<p>Abertura dos port\u00f5es: 18h<\/p>\n\n\n\n<p>Ingressos: www.spcaustico.com.br e Loja 4M\u00e3os Store<\/p>\n\n\n\n<p>Informa\u00e7\u00f5es: www.padrao4maos.com.br ou @4maos<\/p>\n\n\n\n<p>Realiza\u00e7\u00e3o: 4M\u00e3os Entretenimento, Opus Entretenimento, Ame Entretenimento e R2<\/p>\n","protected":false},"excerpt":{"rendered":"<p>S\u00e3o Lu\u00eds &#8211; Uma das maiores bandas de pagode do Brasil, &#8216;S\u00f3 Pra Contrariar&#8217; chega com a turn\u00ea &#8220;O \u00daltimo [&hellip;]<\/p>\n","protected":false},"author":4,"featured_media":0,"comment_status":"open","ping_status":"open","sticky":false,"template":"","format":"standard","meta":{"site-sidebar-layout":"default","site-content-layout":"","ast-site-content-layout":"default","site-content-style":"default","site-sidebar-style":"default","ast-global-header-display":"","ast-banner-title-visibility":"","ast-main-header-display":"","ast-hfb-above-header-display":"","ast-hfb-below-header-display":"","ast-hfb-mobile-header-display":"","site-post-title":"","ast-breadcrumbs-content":"","ast-featured-img":"","footer-sml-layout":"","ast-disable-related-posts":"","theme-transparent-header-meta":"","adv-header-id-meta":"","stick-header-meta":"","header-above-stick-meta":"","header-main-stick-meta":"","header-below-stick-meta":"","astra-migrate-meta-layouts":"default","ast-page-background-enabled":"default","ast-page-background-meta":{"desktop":{"background-color":"var(--ast-global-color-5)","background-image":"","background-repeat":"repeat","background-position":"center center","background-size":"auto","background-attachment":"scroll","background-type":"","background-media":"","overlay-type":"","overlay-color":"","overlay-opacity":"","overlay-gradient":""},"tablet":{"background-color":"","background-image":"","background-repeat":"repeat","background-position":"center center","background-size":"auto","background-attachment":"scroll","background-type":"","background-media":"","overlay-type":"","overlay-color":"","overlay-opacity":"","overlay-gradient":""},"mobile":{"background-color":"","background-image":"","background-repeat":"repeat","background-position":"center center","background-size":"auto","background-attachment":"scroll","background-type":"","background-media":"","overlay-type":"","overlay-color":"","overlay-opacity":"","overlay-gradient":""}},"ast-content-background-meta":{"desktop":{"background-color":"var(--ast-global-color-4)","background-image":"","background-repeat":"repeat","background-position":"center center","background-size":"auto","background-attachment":"scroll","background-type":"","background-media":"","overlay-type":"","overlay-color":"","overlay-opacity":"","overlay-gradient":""},"tablet":{"background-color":"var(--ast-global-color-4)","background-image":"","background-repeat":"repeat","background-position":"center center","background-size":"auto","background-attachment":"scroll","background-type":"","background-media":"","overlay-type":"","overlay-color":"","overlay-opacity":"","overlay-gradient":""},"mobile":{"background-color":"var(--ast-global-color-4)","background-image":"","background-repeat":"repeat","background-position":"center center","background-size":"auto","background-attachment":"scroll","background-type":"","background-media":"","overlay-type":"","overlay-color":"","overlay-opacity":"","overlay-gradient":""}},"footnotes":""},"categories":[1],"tags":[],"class_list":["post-11115","post","type-post","status-publish","format-standard","hentry","category-sem-categoria"],"yoast_head":"<!-- This site is optimized with the Yoast SEO plugin v26.6 - https:\/\/yoast.com\/wordpress\/plugins\/seo\/ -->\n<title>Show em S\u00e3o Lu\u00eds: Alexandre Pires e SPC se despedem em &quot;O \u00daltimo Encontro&quot; - Evandro Junior<\/title>\n<meta name=\"robots\" content=\"index, follow, max-snippet:-1, max-image-preview:large, max-video-preview:-1\" \/>\n<link rel=\"canonical\" href=\"https:\/\/www.blogsoestado.com\/evandrojunior\/2024\/02\/28\/show-em-sao-luis-alexandre-pires-e-spc-se-despedem-em-o-ultimo-encontro\/\" \/>\n<meta property=\"og:locale\" content=\"pt_BR\" \/>\n<meta property=\"og:type\" content=\"article\" \/>\n<meta property=\"og:title\" content=\"Show em S\u00e3o Lu\u00eds: Alexandre Pires e SPC se despedem em &quot;O \u00daltimo Encontro&quot; - Evandro Junior\" \/>\n<meta property=\"og:description\" content=\"S\u00e3o Lu\u00eds &#8211; Uma das maiores bandas de pagode do Brasil, &#8216;S\u00f3 Pra Contrariar&#8217; chega com a turn\u00ea &#8220;O \u00daltimo [&hellip;]\" \/>\n<meta property=\"og:url\" content=\"https:\/\/www.blogsoestado.com\/evandrojunior\/2024\/02\/28\/show-em-sao-luis-alexandre-pires-e-spc-se-despedem-em-o-ultimo-encontro\/\" \/>\n<meta property=\"og:site_name\" content=\"Evandro Junior\" \/>\n<meta property=\"article:published_time\" content=\"2024-02-28T17:49:15+00:00\" \/>\n<meta property=\"og:image\" content=\"https:\/\/www.blogsoestado.com\/evandrojunior\/files\/2024\/02\/WhatsApp-Image-2024-02-28-at-14.39.56.jpeg\" \/>\n<meta name=\"author\" content=\"Evandro Junior\" \/>\n<meta name=\"twitter:card\" content=\"summary_large_image\" \/>\n<meta name=\"twitter:label1\" content=\"Escrito por\" \/>\n\t<meta name=\"twitter:data1\" content=\"Evandro Junior\" \/>\n\t<meta name=\"twitter:label2\" content=\"Est. tempo de leitura\" \/>\n\t<meta name=\"twitter:data2\" content=\"3 minutos\" \/>\n<script type=\"application\/ld+json\" class=\"yoast-schema-graph\">{\"@context\":\"https:\/\/schema.org\",\"@graph\":[{\"@type\":\"WebPage\",\"@id\":\"https:\/\/www.blogsoestado.com\/evandrojunior\/2024\/02\/28\/show-em-sao-luis-alexandre-pires-e-spc-se-despedem-em-o-ultimo-encontro\/\",\"url\":\"https:\/\/www.blogsoestado.com\/evandrojunior\/2024\/02\/28\/show-em-sao-luis-alexandre-pires-e-spc-se-despedem-em-o-ultimo-encontro\/\",\"name\":\"Show em S\u00e3o Lu\u00eds: Alexandre Pires e SPC se despedem em \\\"O \u00daltimo Encontro\\\" - Evandro Junior\",\"isPartOf\":{\"@id\":\"https:\/\/www.blogsoestado.com\/evandrojunior\/#website\"},\"primaryImageOfPage\":{\"@id\":\"https:\/\/www.blogsoestado.com\/evandrojunior\/2024\/02\/28\/show-em-sao-luis-alexandre-pires-e-spc-se-despedem-em-o-ultimo-encontro\/#primaryimage\"},\"image\":{\"@id\":\"https:\/\/www.blogsoestado.com\/evandrojunior\/2024\/02\/28\/show-em-sao-luis-alexandre-pires-e-spc-se-despedem-em-o-ultimo-encontro\/#primaryimage\"},\"thumbnailUrl\":\"https:\/\/www.blogsoestado.com\/evandrojunior\/files\/2024\/02\/WhatsApp-Image-2024-02-28-at-14.39.56.jpeg\",\"datePublished\":\"2024-02-28T17:49:15+00:00\",\"author\":{\"@id\":\"https:\/\/www.blogsoestado.com\/evandrojunior\/#\/schema\/person\/3e6c3d8dbb740d1c6878ebc935cfb3be\"},\"breadcrumb\":{\"@id\":\"https:\/\/www.blogsoestado.com\/evandrojunior\/2024\/02\/28\/show-em-sao-luis-alexandre-pires-e-spc-se-despedem-em-o-ultimo-encontro\/#breadcrumb\"},\"inLanguage\":\"pt-BR\",\"potentialAction\":[{\"@type\":\"ReadAction\",\"target\":[\"https:\/\/www.blogsoestado.com\/evandrojunior\/2024\/02\/28\/show-em-sao-luis-alexandre-pires-e-spc-se-despedem-em-o-ultimo-encontro\/\"]}]},{\"@type\":\"ImageObject\",\"inLanguage\":\"pt-BR\",\"@id\":\"https:\/\/www.blogsoestado.com\/evandrojunior\/2024\/02\/28\/show-em-sao-luis-alexandre-pires-e-spc-se-despedem-em-o-ultimo-encontro\/#primaryimage\",\"url\":\"https:\/\/www.blogsoestado.com\/evandrojunior\/files\/2024\/02\/WhatsApp-Image-2024-02-28-at-14.39.56.jpeg\",\"contentUrl\":\"https:\/\/www.blogsoestado.com\/evandrojunior\/files\/2024\/02\/WhatsApp-Image-2024-02-28-at-14.39.56.jpeg\"},{\"@type\":\"BreadcrumbList\",\"@id\":\"https:\/\/www.blogsoestado.com\/evandrojunior\/2024\/02\/28\/show-em-sao-luis-alexandre-pires-e-spc-se-despedem-em-o-ultimo-encontro\/#breadcrumb\",\"itemListElement\":[{\"@type\":\"ListItem\",\"position\":1,\"name\":\"In\u00edcio\",\"item\":\"https:\/\/www.blogsoestado.com\/evandrojunior\/\"},{\"@type\":\"ListItem\",\"position\":2,\"name\":\"Show em S\u00e3o Lu\u00eds: Alexandre Pires e SPC se despedem em &#8220;O \u00daltimo Encontro&#8221;\"}]},{\"@type\":\"WebSite\",\"@id\":\"https:\/\/www.blogsoestado.com\/evandrojunior\/#website\",\"url\":\"https:\/\/www.blogsoestado.com\/evandrojunior\/\",\"name\":\"Evandro Junior\",\"description\":\"\",\"potentialAction\":[{\"@type\":\"SearchAction\",\"target\":{\"@type\":\"EntryPoint\",\"urlTemplate\":\"https:\/\/www.blogsoestado.com\/evandrojunior\/?s={search_term_string}\"},\"query-input\":{\"@type\":\"PropertyValueSpecification\",\"valueRequired\":true,\"valueName\":\"search_term_string\"}}],\"inLanguage\":\"pt-BR\"},{\"@type\":\"Person\",\"@id\":\"https:\/\/www.blogsoestado.com\/evandrojunior\/#\/schema\/person\/3e6c3d8dbb740d1c6878ebc935cfb3be\",\"name\":\"Evandro Junior\",\"image\":{\"@type\":\"ImageObject\",\"inLanguage\":\"pt-BR\",\"@id\":\"https:\/\/www.blogsoestado.com\/evandrojunior\/#\/schema\/person\/image\/\",\"url\":\"https:\/\/secure.gravatar.com\/avatar\/f80a03a2294a580cd2318bfb459bf354cfa8be661ef3d95b542cf9a04af8d129?s=96&d=mm&r=g\",\"contentUrl\":\"https:\/\/secure.gravatar.com\/avatar\/f80a03a2294a580cd2318bfb459bf354cfa8be661ef3d95b542cf9a04af8d129?s=96&d=mm&r=g\",\"caption\":\"Evandro Junior\"},\"url\":\"https:\/\/www.blogsoestado.com\/evandrojunior\/author\/evandrojunior\/\"}]}<\/script>\n<!-- \/ Yoast SEO plugin. -->","yoast_head_json":{"title":"Show em S\u00e3o Lu\u00eds: Alexandre Pires e SPC se despedem em \"O \u00daltimo Encontro\" - Evandro Junior","robots":{"index":"index","follow":"follow","max-snippet":"max-snippet:-1","max-image-preview":"max-image-preview:large","max-video-preview":"max-video-preview:-1"},"canonical":"https:\/\/www.blogsoestado.com\/evandrojunior\/2024\/02\/28\/show-em-sao-luis-alexandre-pires-e-spc-se-despedem-em-o-ultimo-encontro\/","og_locale":"pt_BR","og_type":"article","og_title":"Show em S\u00e3o Lu\u00eds: Alexandre Pires e SPC se despedem em \"O \u00daltimo Encontro\" - Evandro Junior","og_description":"S\u00e3o Lu\u00eds &#8211; Uma das maiores bandas de pagode do Brasil, &#8216;S\u00f3 Pra Contrariar&#8217; chega com a turn\u00ea &#8220;O \u00daltimo [&hellip;]","og_url":"https:\/\/www.blogsoestado.com\/evandrojunior\/2024\/02\/28\/show-em-sao-luis-alexandre-pires-e-spc-se-despedem-em-o-ultimo-encontro\/","og_site_name":"Evandro Junior","article_published_time":"2024-02-28T17:49:15+00:00","og_image":[{"url":"https:\/\/www.blogsoestado.com\/evandrojunior\/files\/2024\/02\/WhatsApp-Image-2024-02-28-at-14.39.56.jpeg","type":"","width":"","height":""}],"author":"Evandro Junior","twitter_card":"summary_large_image","twitter_misc":{"Escrito por":"Evandro Junior","Est. tempo de leitura":"3 minutos"},"schema":{"@context":"https:\/\/schema.org","@graph":[{"@type":"WebPage","@id":"https:\/\/www.blogsoestado.com\/evandrojunior\/2024\/02\/28\/show-em-sao-luis-alexandre-pires-e-spc-se-despedem-em-o-ultimo-encontro\/","url":"https:\/\/www.blogsoestado.com\/evandrojunior\/2024\/02\/28\/show-em-sao-luis-alexandre-pires-e-spc-se-despedem-em-o-ultimo-encontro\/","name":"Show em S\u00e3o Lu\u00eds: Alexandre Pires e SPC se despedem em \"O \u00daltimo Encontro\" - Evandro Junior","isPartOf":{"@id":"https:\/\/www.blogsoestado.com\/evandrojunior\/#website"},"primaryImageOfPage":{"@id":"https:\/\/www.blogsoestado.com\/evandrojunior\/2024\/02\/28\/show-em-sao-luis-alexandre-pires-e-spc-se-despedem-em-o-ultimo-encontro\/#primaryimage"},"image":{"@id":"https:\/\/www.blogsoestado.com\/evandrojunior\/2024\/02\/28\/show-em-sao-luis-alexandre-pires-e-spc-se-despedem-em-o-ultimo-encontro\/#primaryimage"},"thumbnailUrl":"https:\/\/www.blogsoestado.com\/evandrojunior\/files\/2024\/02\/WhatsApp-Image-2024-02-28-at-14.39.56.jpeg","datePublished":"2024-02-28T17:49:15+00:00","author":{"@id":"https:\/\/www.blogsoestado.com\/evandrojunior\/#\/schema\/person\/3e6c3d8dbb740d1c6878ebc935cfb3be"},"breadcrumb":{"@id":"https:\/\/www.blogsoestado.com\/evandrojunior\/2024\/02\/28\/show-em-sao-luis-alexandre-pires-e-spc-se-despedem-em-o-ultimo-encontro\/#breadcrumb"},"inLanguage":"pt-BR","potentialAction":[{"@type":"ReadAction","target":["https:\/\/www.blogsoestado.com\/evandrojunior\/2024\/02\/28\/show-em-sao-luis-alexandre-pires-e-spc-se-despedem-em-o-ultimo-encontro\/"]}]},{"@type":"ImageObject","inLanguage":"pt-BR","@id":"https:\/\/www.blogsoestado.com\/evandrojunior\/2024\/02\/28\/show-em-sao-luis-alexandre-pires-e-spc-se-despedem-em-o-ultimo-encontro\/#primaryimage","url":"https:\/\/www.blogsoestado.com\/evandrojunior\/files\/2024\/02\/WhatsApp-Image-2024-02-28-at-14.39.56.jpeg","contentUrl":"https:\/\/www.blogsoestado.com\/evandrojunior\/files\/2024\/02\/WhatsApp-Image-2024-02-28-at-14.39.56.jpeg"},{"@type":"BreadcrumbList","@id":"https:\/\/www.blogsoestado.com\/evandrojunior\/2024\/02\/28\/show-em-sao-luis-alexandre-pires-e-spc-se-despedem-em-o-ultimo-encontro\/#breadcrumb","itemListElement":[{"@type":"ListItem","position":1,"name":"In\u00edcio","item":"https:\/\/www.blogsoestado.com\/evandrojunior\/"},{"@type":"ListItem","position":2,"name":"Show em S\u00e3o Lu\u00eds: Alexandre Pires e SPC se despedem em &#8220;O \u00daltimo Encontro&#8221;"}]},{"@type":"WebSite","@id":"https:\/\/www.blogsoestado.com\/evandrojunior\/#website","url":"https:\/\/www.blogsoestado.com\/evandrojunior\/","name":"Evandro Junior","description":"","potentialAction":[{"@type":"SearchAction","target":{"@type":"EntryPoint","urlTemplate":"https:\/\/www.blogsoestado.com\/evandrojunior\/?s={search_term_string}"},"query-input":{"@type":"PropertyValueSpecification","valueRequired":true,"valueName":"search_term_string"}}],"inLanguage":"pt-BR"},{"@type":"Person","@id":"https:\/\/www.blogsoestado.com\/evandrojunior\/#\/schema\/person\/3e6c3d8dbb740d1c6878ebc935cfb3be","name":"Evandro Junior","image":{"@type":"ImageObject","inLanguage":"pt-BR","@id":"https:\/\/www.blogsoestado.com\/evandrojunior\/#\/schema\/person\/image\/","url":"https:\/\/secure.gravatar.com\/avatar\/f80a03a2294a580cd2318bfb459bf354cfa8be661ef3d95b542cf9a04af8d129?s=96&d=mm&r=g","contentUrl":"https:\/\/secure.gravatar.com\/avatar\/f80a03a2294a580cd2318bfb459bf354cfa8be661ef3d95b542cf9a04af8d129?s=96&d=mm&r=g","caption":"Evandro Junior"},"url":"https:\/\/www.blogsoestado.com\/evandrojunior\/author\/evandrojunior\/"}]}},"jetpack_featured_media_url":"","_links":{"self":[{"href":"https:\/\/www.blogsoestado.com\/evandrojunior\/wp-json\/wp\/v2\/posts\/11115","targetHints":{"allow":["GET"]}}],"collection":[{"href":"https:\/\/www.blogsoestado.com\/evandrojunior\/wp-json\/wp\/v2\/posts"}],"about":[{"href":"https:\/\/www.blogsoestado.com\/evandrojunior\/wp-json\/wp\/v2\/types\/post"}],"author":[{"embeddable":true,"href":"https:\/\/www.blogsoestado.com\/evandrojunior\/wp-json\/wp\/v2\/users\/4"}],"replies":[{"embeddable":true,"href":"https:\/\/www.blogsoestado.com\/evandrojunior\/wp-json\/wp\/v2\/comments?post=11115"}],"version-history":[{"count":0,"href":"https:\/\/www.blogsoestado.com\/evandrojunior\/wp-json\/wp\/v2\/posts\/11115\/revisions"}],"wp:attachment":[{"href":"https:\/\/www.blogsoestado.com\/evandrojunior\/wp-json\/wp\/v2\/media?parent=11115"}],"wp:term":[{"taxonomy":"category","embeddable":true,"href":"https:\/\/www.blogsoestado.com\/evandrojunior\/wp-json\/wp\/v2\/categories?post=11115"},{"taxonomy":"post_tag","embeddable":true,"href":"https:\/\/www.blogsoestado.com\/evandrojunior\/wp-json\/wp\/v2\/tags?post=11115"}],"curies":[{"name":"wp","href":"https:\/\/api.w.org\/{rel}","templated":true}]}}