{"id":11119,"date":"2024-02-28T15:38:00","date_gmt":"2024-02-28T18:38:00","guid":{"rendered":"https:\/\/www.blogsoestado.com\/evandrojunior\/?p=11119"},"modified":"2024-02-28T15:38:00","modified_gmt":"2024-02-28T18:38:00","slug":"grupo-potiguar-abre-unidade-em-santa-ines","status":"publish","type":"post","link":"https:\/\/www.blogsoestado.com\/evandrojunior\/2024\/02\/28\/grupo-potiguar-abre-unidade-em-santa-ines\/","title":{"rendered":"Grupo Potiguar abre unidade em Santa In\u00eas"},"content":{"rendered":"\n<div class=\"wp-block-image\"><figure class=\"aligncenter size-large is-resized\"><img fetchpriority=\"high\" decoding=\"async\" src=\"https:\/\/www.blogsoestado.com\/evandrojunior\/files\/2024\/02\/WhatsApp-Image-2024-02-28-at-13.04.03-1024x683.jpeg\" alt=\"\" class=\"wp-image-11120\" width=\"549\" height=\"366\"\/><figcaption>Diretora de Marketing e s\u00f3cia Camila Brasil com o pai e presidente do Grupo Potiguar, Marcelo Brasil, e parte do time comercial<\/figcaption><\/figure><\/div>\n\n\n\n<p>S\u00e3o Lu\u00eds &#8211; De parab\u00e9ns o Grupo Potiguar pela abertura de sua nona loja, na \u00faltima sexta-feira (23), em Santa In\u00eas (MA).<\/p>\n\n\n\n<p>A nova unidade simboliza mais um passo significativo na expans\u00e3o da empresa, que \u00e9 sin\u00f4nimo de respeito ao cliente e excel\u00eancia no atendimento em todas as suas opera\u00e7\u00f5es nas cidades de S\u00e3o Lu\u00eds, Imperatriz e Bacabal.<\/p>\n\n\n\n<p>Sob a lideran\u00e7a do empres\u00e1rio e presidente do Grupo, Marcelo J\u00falio Vieira Brasil, a Potiguar tem se destacado por oferecer um mix completo de produtos como materiais de constru\u00e7\u00e3o e utens\u00edlios e produtos para o lar em geral. <\/p>\n\n\n\n<div class=\"wp-block-image\"><figure class=\"aligncenter size-large is-resized\"><img decoding=\"async\" src=\"https:\/\/www.blogsoestado.com\/evandrojunior\/files\/2024\/02\/WhatsApp-Image-2024-02-28-at-13.04.03-1-1024x683.jpeg\" alt=\"\" class=\"wp-image-11121\" width=\"559\" height=\"372\"\/><figcaption><strong>Mascote Potiboy fez sucesso entre os clientes na aberturada loja de Santa In\u00eas<\/strong><\/figcaption><\/figure><\/div>\n\n\n\n<p>A empresa \u00e9 reconhecida por manter os melhores pre\u00e7os e a alta qualidade no amplo mix de produtos, al\u00e9m de marcas registradas que a diferenciam no mercado.<\/p>\n\n\n\n<p>Nessa que \u00e9 a nona loja Potiguar, os clientes de Santa In\u00eas j\u00e1 contam com mais de 11 mil itens e o mais completo mix de produtos; distribu\u00eddos em uma \u00e1rea de 2.300 metros quadrados, no moderno showroom localizado na Avenida Castelo Branco, no bairro S\u00e3o Crist\u00f3v\u00e3o, com f\u00e1cil acesso e estacionamento gratuito.<\/p>\n","protected":false},"excerpt":{"rendered":"<p>S\u00e3o Lu\u00eds &#8211; De parab\u00e9ns o Grupo Potiguar pela abertura de sua nona loja, na \u00faltima sexta-feira (23), em Santa [&hellip;]<\/p>\n","protected":false},"author":4,"featured_media":0,"comment_status":"open","ping_status":"open","sticky":false,"template":"","format":"standard","meta":{"site-sidebar-layout":"default","site-content-layout":"","ast-site-content-layout":"default","site-content-style":"default","site-sidebar-style":"default","ast-global-header-display":"","ast-banner-title-visibility":"","ast-main-header-display":"","ast-hfb-above-header-display":"","ast-hfb-below-header-display":"","ast-hfb-mobile-header-display":"","site-post-title":"","ast-breadcrumbs-content":"","ast-featured-img":"","footer-sml-layout":"","ast-disable-related-posts":"","theme-transparent-header-meta":"","adv-header-id-meta":"","stick-header-meta":"","header-above-stick-meta":"","header-main-stick-meta":"","header-below-stick-meta":"","astra-migrate-meta-layouts":"default","ast-page-background-enabled":"default","ast-page-background-meta":{"desktop":{"background-color":"var(--ast-global-color-5)","background-image":"","background-repeat":"repeat","background-position":"center center","background-size":"auto","background-attachment":"scroll","background-type":"","background-media":"","overlay-type":"","overlay-color":"","overlay-opacity":"","overlay-gradient":""},"tablet":{"background-color":"","background-image":"","background-repeat":"repeat","background-position":"center center","background-size":"auto","background-attachment":"scroll","background-type":"","background-media":"","overlay-type":"","overlay-color":"","overlay-opacity":"","overlay-gradient":""},"mobile":{"background-color":"","background-image":"","background-repeat":"repeat","background-position":"center center","background-size":"auto","background-attachment":"scroll","background-type":"","background-media":"","overlay-type":"","overlay-color":"","overlay-opacity":"","overlay-gradient":""}},"ast-content-background-meta":{"desktop":{"background-color":"var(--ast-global-color-4)","background-image":"","background-repeat":"repeat","background-position":"center center","background-size":"auto","background-attachment":"scroll","background-type":"","background-media":"","overlay-type":"","overlay-color":"","overlay-opacity":"","overlay-gradient":""},"tablet":{"background-color":"var(--ast-global-color-4)","background-image":"","background-repeat":"repeat","background-position":"center center","background-size":"auto","background-attachment":"scroll","background-type":"","background-media":"","overlay-type":"","overlay-color":"","overlay-opacity":"","overlay-gradient":""},"mobile":{"background-color":"var(--ast-global-color-4)","background-image":"","background-repeat":"repeat","background-position":"center center","background-size":"auto","background-attachment":"scroll","background-type":"","background-media":"","overlay-type":"","overlay-color":"","overlay-opacity":"","overlay-gradient":""}},"footnotes":""},"categories":[1],"tags":[],"class_list":["post-11119","post","type-post","status-publish","format-standard","hentry","category-sem-categoria"],"yoast_head":"<!-- This site is optimized with the Yoast SEO plugin v26.6 - https:\/\/yoast.com\/wordpress\/plugins\/seo\/ -->\n<title>Grupo Potiguar abre unidade em Santa In\u00eas - Evandro Junior<\/title>\n<meta name=\"robots\" content=\"index, follow, max-snippet:-1, max-image-preview:large, max-video-preview:-1\" \/>\n<link rel=\"canonical\" href=\"https:\/\/www.blogsoestado.com\/evandrojunior\/2024\/02\/28\/grupo-potiguar-abre-unidade-em-santa-ines\/\" \/>\n<meta property=\"og:locale\" content=\"pt_BR\" \/>\n<meta property=\"og:type\" content=\"article\" \/>\n<meta property=\"og:title\" content=\"Grupo Potiguar abre unidade em Santa In\u00eas - Evandro Junior\" \/>\n<meta property=\"og:description\" content=\"S\u00e3o Lu\u00eds &#8211; De parab\u00e9ns o Grupo Potiguar pela abertura de sua nona loja, na \u00faltima sexta-feira (23), em Santa [&hellip;]\" \/>\n<meta property=\"og:url\" content=\"https:\/\/www.blogsoestado.com\/evandrojunior\/2024\/02\/28\/grupo-potiguar-abre-unidade-em-santa-ines\/\" \/>\n<meta property=\"og:site_name\" content=\"Evandro Junior\" \/>\n<meta property=\"article:published_time\" content=\"2024-02-28T18:38:00+00:00\" \/>\n<meta property=\"og:image\" content=\"https:\/\/www.blogsoestado.com\/evandrojunior\/files\/2024\/02\/WhatsApp-Image-2024-02-28-at-13.04.03-1024x683.jpeg\" \/>\n<meta name=\"author\" content=\"Evandro Junior\" \/>\n<meta name=\"twitter:card\" content=\"summary_large_image\" \/>\n<meta name=\"twitter:label1\" content=\"Escrito por\" \/>\n\t<meta name=\"twitter:data1\" content=\"Evandro Junior\" \/>\n\t<meta name=\"twitter:label2\" content=\"Est. tempo de leitura\" \/>\n\t<meta name=\"twitter:data2\" content=\"2 minutos\" \/>\n<script type=\"application\/ld+json\" class=\"yoast-schema-graph\">{\"@context\":\"https:\/\/schema.org\",\"@graph\":[{\"@type\":\"WebPage\",\"@id\":\"https:\/\/www.blogsoestado.com\/evandrojunior\/2024\/02\/28\/grupo-potiguar-abre-unidade-em-santa-ines\/\",\"url\":\"https:\/\/www.blogsoestado.com\/evandrojunior\/2024\/02\/28\/grupo-potiguar-abre-unidade-em-santa-ines\/\",\"name\":\"Grupo Potiguar abre unidade em Santa In\u00eas - Evandro Junior\",\"isPartOf\":{\"@id\":\"https:\/\/www.blogsoestado.com\/evandrojunior\/#website\"},\"primaryImageOfPage\":{\"@id\":\"https:\/\/www.blogsoestado.com\/evandrojunior\/2024\/02\/28\/grupo-potiguar-abre-unidade-em-santa-ines\/#primaryimage\"},\"image\":{\"@id\":\"https:\/\/www.blogsoestado.com\/evandrojunior\/2024\/02\/28\/grupo-potiguar-abre-unidade-em-santa-ines\/#primaryimage\"},\"thumbnailUrl\":\"https:\/\/www.blogsoestado.com\/evandrojunior\/files\/2024\/02\/WhatsApp-Image-2024-02-28-at-13.04.03-1024x683.jpeg\",\"datePublished\":\"2024-02-28T18:38:00+00:00\",\"author\":{\"@id\":\"https:\/\/www.blogsoestado.com\/evandrojunior\/#\/schema\/person\/3e6c3d8dbb740d1c6878ebc935cfb3be\"},\"breadcrumb\":{\"@id\":\"https:\/\/www.blogsoestado.com\/evandrojunior\/2024\/02\/28\/grupo-potiguar-abre-unidade-em-santa-ines\/#breadcrumb\"},\"inLanguage\":\"pt-BR\",\"potentialAction\":[{\"@type\":\"ReadAction\",\"target\":[\"https:\/\/www.blogsoestado.com\/evandrojunior\/2024\/02\/28\/grupo-potiguar-abre-unidade-em-santa-ines\/\"]}]},{\"@type\":\"ImageObject\",\"inLanguage\":\"pt-BR\",\"@id\":\"https:\/\/www.blogsoestado.com\/evandrojunior\/2024\/02\/28\/grupo-potiguar-abre-unidade-em-santa-ines\/#primaryimage\",\"url\":\"https:\/\/www.blogsoestado.com\/evandrojunior\/files\/2024\/02\/WhatsApp-Image-2024-02-28-at-13.04.03-1024x683.jpeg\",\"contentUrl\":\"https:\/\/www.blogsoestado.com\/evandrojunior\/files\/2024\/02\/WhatsApp-Image-2024-02-28-at-13.04.03-1024x683.jpeg\"},{\"@type\":\"BreadcrumbList\",\"@id\":\"https:\/\/www.blogsoestado.com\/evandrojunior\/2024\/02\/28\/grupo-potiguar-abre-unidade-em-santa-ines\/#breadcrumb\",\"itemListElement\":[{\"@type\":\"ListItem\",\"position\":1,\"name\":\"In\u00edcio\",\"item\":\"https:\/\/www.blogsoestado.com\/evandrojunior\/\"},{\"@type\":\"ListItem\",\"position\":2,\"name\":\"Grupo Potiguar abre unidade em Santa In\u00eas\"}]},{\"@type\":\"WebSite\",\"@id\":\"https:\/\/www.blogsoestado.com\/evandrojunior\/#website\",\"url\":\"https:\/\/www.blogsoestado.com\/evandrojunior\/\",\"name\":\"Evandro Junior\",\"description\":\"\",\"potentialAction\":[{\"@type\":\"SearchAction\",\"target\":{\"@type\":\"EntryPoint\",\"urlTemplate\":\"https:\/\/www.blogsoestado.com\/evandrojunior\/?s={search_term_string}\"},\"query-input\":{\"@type\":\"PropertyValueSpecification\",\"valueRequired\":true,\"valueName\":\"search_term_string\"}}],\"inLanguage\":\"pt-BR\"},{\"@type\":\"Person\",\"@id\":\"https:\/\/www.blogsoestado.com\/evandrojunior\/#\/schema\/person\/3e6c3d8dbb740d1c6878ebc935cfb3be\",\"name\":\"Evandro Junior\",\"image\":{\"@type\":\"ImageObject\",\"inLanguage\":\"pt-BR\",\"@id\":\"https:\/\/www.blogsoestado.com\/evandrojunior\/#\/schema\/person\/image\/\",\"url\":\"https:\/\/secure.gravatar.com\/avatar\/f80a03a2294a580cd2318bfb459bf354cfa8be661ef3d95b542cf9a04af8d129?s=96&d=mm&r=g\",\"contentUrl\":\"https:\/\/secure.gravatar.com\/avatar\/f80a03a2294a580cd2318bfb459bf354cfa8be661ef3d95b542cf9a04af8d129?s=96&d=mm&r=g\",\"caption\":\"Evandro Junior\"},\"url\":\"https:\/\/www.blogsoestado.com\/evandrojunior\/author\/evandrojunior\/\"}]}<\/script>\n<!-- \/ Yoast SEO plugin. -->","yoast_head_json":{"title":"Grupo Potiguar abre unidade em Santa In\u00eas - Evandro Junior","robots":{"index":"index","follow":"follow","max-snippet":"max-snippet:-1","max-image-preview":"max-image-preview:large","max-video-preview":"max-video-preview:-1"},"canonical":"https:\/\/www.blogsoestado.com\/evandrojunior\/2024\/02\/28\/grupo-potiguar-abre-unidade-em-santa-ines\/","og_locale":"pt_BR","og_type":"article","og_title":"Grupo Potiguar abre unidade em Santa In\u00eas - Evandro Junior","og_description":"S\u00e3o Lu\u00eds &#8211; De parab\u00e9ns o Grupo Potiguar pela abertura de sua nona loja, na \u00faltima sexta-feira (23), em Santa [&hellip;]","og_url":"https:\/\/www.blogsoestado.com\/evandrojunior\/2024\/02\/28\/grupo-potiguar-abre-unidade-em-santa-ines\/","og_site_name":"Evandro Junior","article_published_time":"2024-02-28T18:38:00+00:00","og_image":[{"url":"https:\/\/www.blogsoestado.com\/evandrojunior\/files\/2024\/02\/WhatsApp-Image-2024-02-28-at-13.04.03-1024x683.jpeg","type":"","width":"","height":""}],"author":"Evandro Junior","twitter_card":"summary_large_image","twitter_misc":{"Escrito por":"Evandro Junior","Est. tempo de leitura":"2 minutos"},"schema":{"@context":"https:\/\/schema.org","@graph":[{"@type":"WebPage","@id":"https:\/\/www.blogsoestado.com\/evandrojunior\/2024\/02\/28\/grupo-potiguar-abre-unidade-em-santa-ines\/","url":"https:\/\/www.blogsoestado.com\/evandrojunior\/2024\/02\/28\/grupo-potiguar-abre-unidade-em-santa-ines\/","name":"Grupo Potiguar abre unidade em Santa In\u00eas - Evandro Junior","isPartOf":{"@id":"https:\/\/www.blogsoestado.com\/evandrojunior\/#website"},"primaryImageOfPage":{"@id":"https:\/\/www.blogsoestado.com\/evandrojunior\/2024\/02\/28\/grupo-potiguar-abre-unidade-em-santa-ines\/#primaryimage"},"image":{"@id":"https:\/\/www.blogsoestado.com\/evandrojunior\/2024\/02\/28\/grupo-potiguar-abre-unidade-em-santa-ines\/#primaryimage"},"thumbnailUrl":"https:\/\/www.blogsoestado.com\/evandrojunior\/files\/2024\/02\/WhatsApp-Image-2024-02-28-at-13.04.03-1024x683.jpeg","datePublished":"2024-02-28T18:38:00+00:00","author":{"@id":"https:\/\/www.blogsoestado.com\/evandrojunior\/#\/schema\/person\/3e6c3d8dbb740d1c6878ebc935cfb3be"},"breadcrumb":{"@id":"https:\/\/www.blogsoestado.com\/evandrojunior\/2024\/02\/28\/grupo-potiguar-abre-unidade-em-santa-ines\/#breadcrumb"},"inLanguage":"pt-BR","potentialAction":[{"@type":"ReadAction","target":["https:\/\/www.blogsoestado.com\/evandrojunior\/2024\/02\/28\/grupo-potiguar-abre-unidade-em-santa-ines\/"]}]},{"@type":"ImageObject","inLanguage":"pt-BR","@id":"https:\/\/www.blogsoestado.com\/evandrojunior\/2024\/02\/28\/grupo-potiguar-abre-unidade-em-santa-ines\/#primaryimage","url":"https:\/\/www.blogsoestado.com\/evandrojunior\/files\/2024\/02\/WhatsApp-Image-2024-02-28-at-13.04.03-1024x683.jpeg","contentUrl":"https:\/\/www.blogsoestado.com\/evandrojunior\/files\/2024\/02\/WhatsApp-Image-2024-02-28-at-13.04.03-1024x683.jpeg"},{"@type":"BreadcrumbList","@id":"https:\/\/www.blogsoestado.com\/evandrojunior\/2024\/02\/28\/grupo-potiguar-abre-unidade-em-santa-ines\/#breadcrumb","itemListElement":[{"@type":"ListItem","position":1,"name":"In\u00edcio","item":"https:\/\/www.blogsoestado.com\/evandrojunior\/"},{"@type":"ListItem","position":2,"name":"Grupo Potiguar abre unidade em Santa In\u00eas"}]},{"@type":"WebSite","@id":"https:\/\/www.blogsoestado.com\/evandrojunior\/#website","url":"https:\/\/www.blogsoestado.com\/evandrojunior\/","name":"Evandro Junior","description":"","potentialAction":[{"@type":"SearchAction","target":{"@type":"EntryPoint","urlTemplate":"https:\/\/www.blogsoestado.com\/evandrojunior\/?s={search_term_string}"},"query-input":{"@type":"PropertyValueSpecification","valueRequired":true,"valueName":"search_term_string"}}],"inLanguage":"pt-BR"},{"@type":"Person","@id":"https:\/\/www.blogsoestado.com\/evandrojunior\/#\/schema\/person\/3e6c3d8dbb740d1c6878ebc935cfb3be","name":"Evandro Junior","image":{"@type":"ImageObject","inLanguage":"pt-BR","@id":"https:\/\/www.blogsoestado.com\/evandrojunior\/#\/schema\/person\/image\/","url":"https:\/\/secure.gravatar.com\/avatar\/f80a03a2294a580cd2318bfb459bf354cfa8be661ef3d95b542cf9a04af8d129?s=96&d=mm&r=g","contentUrl":"https:\/\/secure.gravatar.com\/avatar\/f80a03a2294a580cd2318bfb459bf354cfa8be661ef3d95b542cf9a04af8d129?s=96&d=mm&r=g","caption":"Evandro Junior"},"url":"https:\/\/www.blogsoestado.com\/evandrojunior\/author\/evandrojunior\/"}]}},"jetpack_featured_media_url":"","_links":{"self":[{"href":"https:\/\/www.blogsoestado.com\/evandrojunior\/wp-json\/wp\/v2\/posts\/11119","targetHints":{"allow":["GET"]}}],"collection":[{"href":"https:\/\/www.blogsoestado.com\/evandrojunior\/wp-json\/wp\/v2\/posts"}],"about":[{"href":"https:\/\/www.blogsoestado.com\/evandrojunior\/wp-json\/wp\/v2\/types\/post"}],"author":[{"embeddable":true,"href":"https:\/\/www.blogsoestado.com\/evandrojunior\/wp-json\/wp\/v2\/users\/4"}],"replies":[{"embeddable":true,"href":"https:\/\/www.blogsoestado.com\/evandrojunior\/wp-json\/wp\/v2\/comments?post=11119"}],"version-history":[{"count":0,"href":"https:\/\/www.blogsoestado.com\/evandrojunior\/wp-json\/wp\/v2\/posts\/11119\/revisions"}],"wp:attachment":[{"href":"https:\/\/www.blogsoestado.com\/evandrojunior\/wp-json\/wp\/v2\/media?parent=11119"}],"wp:term":[{"taxonomy":"category","embeddable":true,"href":"https:\/\/www.blogsoestado.com\/evandrojunior\/wp-json\/wp\/v2\/categories?post=11119"},{"taxonomy":"post_tag","embeddable":true,"href":"https:\/\/www.blogsoestado.com\/evandrojunior\/wp-json\/wp\/v2\/tags?post=11119"}],"curies":[{"name":"wp","href":"https:\/\/api.w.org\/{rel}","templated":true}]}}