{"id":11124,"date":"2024-02-28T16:36:09","date_gmt":"2024-02-28T19:36:09","guid":{"rendered":"https:\/\/www.blogsoestado.com\/evandrojunior\/?p=11124"},"modified":"2024-02-28T16:36:09","modified_gmt":"2024-02-28T19:36:09","slug":"degustasom-adriana-bosaipo-fara-show-intimista-na-abertura-do-evento-na-aabb","status":"publish","type":"post","link":"https:\/\/www.blogsoestado.com\/evandrojunior\/2024\/02\/28\/degustasom-adriana-bosaipo-fara-show-intimista-na-abertura-do-evento-na-aabb\/","title":{"rendered":"&#8216;Degustasom&#8217;: Adriana Bosaipo far\u00e1 show intimista na abertura do evento na AABB"},"content":{"rendered":"\n<div class=\"wp-block-image\"><figure class=\"aligncenter size-large is-resized\"><img fetchpriority=\"high\" decoding=\"async\" src=\"https:\/\/www.blogsoestado.com\/evandrojunior\/files\/2024\/02\/IMG_9719-1024x1024.jpg\" alt=\"\" class=\"wp-image-11125\" width=\"505\" height=\"505\"\/><figcaption><strong>Adriana Bosaipo participou do The Voice Brasil em 2022<\/strong><\/figcaption><\/figure><\/div>\n\n\n\n<p><strong>S\u00e3o Lu\u00eds <\/strong>&#8211; Adriana Bosaipo \u00e9 quem far\u00e1 a abertura do show que o cantor Rick, da dupla com Renner, far\u00e1 na Associa\u00e7\u00e3o Atl\u00e9tica Banco do Brasil (AABB), durante o &#8216;Degustasom: uma Noite de Harmonia\u201d, evento confirmado para o dia 7 de mar\u00e7o, \u00e0s 21h, v\u00e9spera do Dia Internacional da Mulher.<\/p>\n\n\n\n<p>O show da tamb\u00e9m compositora ser\u00e1 em formato intimista, com piano, bateria e voz. &#8220;No repert\u00f3rio, n\u00f3s teremos os cl\u00e1ssicos da m\u00fasica brasileira. Ser\u00e1 um show para proporcionar um momento de total harmonia entre o melhor da m\u00fasica, da gastronomia e dos vinhos&#8221;, frisa a artista, que em 2022 participou do programa The Voice Brasil, da Rede Globo. <\/p>\n\n\n\n<p>O &#8216;Degustasom&#8217; \u00e9 uma iniciativa das empresas AmoVinho Bistr\u00f4 &amp; Adega e Ilha Eventos e os ingressos est\u00e3o dispon\u00edveis na Bilheteria Digital, AmoVinho (Parque Shalon) e AABB.<\/p>\n\n\n\n<p>O evento ser\u00e1 all inclusive a noite toda e contar\u00e1 com o suporte de sommeliers convidados. O buffet ser\u00e1 assinado por Rossetti, sob o comando de Sarah e C\u00e9lia Rossetti.<\/p>\n\n\n\n<p>O cantor Rick, que est\u00e1 em turn\u00ea nos Estados Unidos apresentando shows com essa mesma tem\u00e1tica, desembarcar\u00e1 em S\u00e3o Lu\u00eds exclusivamente para o evento. <\/p>\n","protected":false},"excerpt":{"rendered":"<p>S\u00e3o Lu\u00eds &#8211; Adriana Bosaipo \u00e9 quem far\u00e1 a abertura do show que o cantor Rick, da dupla com Renner, [&hellip;]<\/p>\n","protected":false},"author":4,"featured_media":0,"comment_status":"open","ping_status":"open","sticky":false,"template":"","format":"standard","meta":{"site-sidebar-layout":"default","site-content-layout":"","ast-site-content-layout":"default","site-content-style":"default","site-sidebar-style":"default","ast-global-header-display":"","ast-banner-title-visibility":"","ast-main-header-display":"","ast-hfb-above-header-display":"","ast-hfb-below-header-display":"","ast-hfb-mobile-header-display":"","site-post-title":"","ast-breadcrumbs-content":"","ast-featured-img":"","footer-sml-layout":"","ast-disable-related-posts":"","theme-transparent-header-meta":"","adv-header-id-meta":"","stick-header-meta":"","header-above-stick-meta":"","header-main-stick-meta":"","header-below-stick-meta":"","astra-migrate-meta-layouts":"default","ast-page-background-enabled":"default","ast-page-background-meta":{"desktop":{"background-color":"var(--ast-global-color-5)","background-image":"","background-repeat":"repeat","background-position":"center center","background-size":"auto","background-attachment":"scroll","background-type":"","background-media":"","overlay-type":"","overlay-color":"","overlay-opacity":"","overlay-gradient":""},"tablet":{"background-color":"","background-image":"","background-repeat":"repeat","background-position":"center center","background-size":"auto","background-attachment":"scroll","background-type":"","background-media":"","overlay-type":"","overlay-color":"","overlay-opacity":"","overlay-gradient":""},"mobile":{"background-color":"","background-image":"","background-repeat":"repeat","background-position":"center center","background-size":"auto","background-attachment":"scroll","background-type":"","background-media":"","overlay-type":"","overlay-color":"","overlay-opacity":"","overlay-gradient":""}},"ast-content-background-meta":{"desktop":{"background-color":"var(--ast-global-color-4)","background-image":"","background-repeat":"repeat","background-position":"center center","background-size":"auto","background-attachment":"scroll","background-type":"","background-media":"","overlay-type":"","overlay-color":"","overlay-opacity":"","overlay-gradient":""},"tablet":{"background-color":"var(--ast-global-color-4)","background-image":"","background-repeat":"repeat","background-position":"center center","background-size":"auto","background-attachment":"scroll","background-type":"","background-media":"","overlay-type":"","overlay-color":"","overlay-opacity":"","overlay-gradient":""},"mobile":{"background-color":"var(--ast-global-color-4)","background-image":"","background-repeat":"repeat","background-position":"center center","background-size":"auto","background-attachment":"scroll","background-type":"","background-media":"","overlay-type":"","overlay-color":"","overlay-opacity":"","overlay-gradient":""}},"footnotes":""},"categories":[1],"tags":[],"class_list":["post-11124","post","type-post","status-publish","format-standard","hentry","category-sem-categoria"],"yoast_head":"<!-- This site is optimized with the Yoast SEO plugin v26.6 - https:\/\/yoast.com\/wordpress\/plugins\/seo\/ -->\n<title>&#039;Degustasom&#039;: Adriana Bosaipo far\u00e1 show intimista na abertura do evento na AABB - Evandro Junior<\/title>\n<meta name=\"robots\" content=\"index, follow, max-snippet:-1, max-image-preview:large, max-video-preview:-1\" \/>\n<link rel=\"canonical\" href=\"https:\/\/www.blogsoestado.com\/evandrojunior\/2024\/02\/28\/degustasom-adriana-bosaipo-fara-show-intimista-na-abertura-do-evento-na-aabb\/\" \/>\n<meta property=\"og:locale\" content=\"pt_BR\" \/>\n<meta property=\"og:type\" content=\"article\" \/>\n<meta property=\"og:title\" content=\"&#039;Degustasom&#039;: Adriana Bosaipo far\u00e1 show intimista na abertura do evento na AABB - Evandro Junior\" \/>\n<meta property=\"og:description\" content=\"S\u00e3o Lu\u00eds &#8211; Adriana Bosaipo \u00e9 quem far\u00e1 a abertura do show que o cantor Rick, da dupla com Renner, [&hellip;]\" \/>\n<meta property=\"og:url\" content=\"https:\/\/www.blogsoestado.com\/evandrojunior\/2024\/02\/28\/degustasom-adriana-bosaipo-fara-show-intimista-na-abertura-do-evento-na-aabb\/\" \/>\n<meta property=\"og:site_name\" content=\"Evandro Junior\" \/>\n<meta property=\"article:published_time\" content=\"2024-02-28T19:36:09+00:00\" \/>\n<meta property=\"og:image\" content=\"https:\/\/www.blogsoestado.com\/evandrojunior\/files\/2024\/02\/IMG_9719-1024x1024.jpg\" \/>\n<meta name=\"author\" content=\"Evandro Junior\" \/>\n<meta name=\"twitter:card\" content=\"summary_large_image\" \/>\n<meta name=\"twitter:label1\" content=\"Escrito por\" \/>\n\t<meta name=\"twitter:data1\" content=\"Evandro Junior\" \/>\n\t<meta name=\"twitter:label2\" content=\"Est. tempo de leitura\" \/>\n\t<meta name=\"twitter:data2\" content=\"2 minutos\" \/>\n<script type=\"application\/ld+json\" class=\"yoast-schema-graph\">{\"@context\":\"https:\/\/schema.org\",\"@graph\":[{\"@type\":\"WebPage\",\"@id\":\"https:\/\/www.blogsoestado.com\/evandrojunior\/2024\/02\/28\/degustasom-adriana-bosaipo-fara-show-intimista-na-abertura-do-evento-na-aabb\/\",\"url\":\"https:\/\/www.blogsoestado.com\/evandrojunior\/2024\/02\/28\/degustasom-adriana-bosaipo-fara-show-intimista-na-abertura-do-evento-na-aabb\/\",\"name\":\"'Degustasom': Adriana Bosaipo far\u00e1 show intimista na abertura do evento na AABB - Evandro Junior\",\"isPartOf\":{\"@id\":\"https:\/\/www.blogsoestado.com\/evandrojunior\/#website\"},\"primaryImageOfPage\":{\"@id\":\"https:\/\/www.blogsoestado.com\/evandrojunior\/2024\/02\/28\/degustasom-adriana-bosaipo-fara-show-intimista-na-abertura-do-evento-na-aabb\/#primaryimage\"},\"image\":{\"@id\":\"https:\/\/www.blogsoestado.com\/evandrojunior\/2024\/02\/28\/degustasom-adriana-bosaipo-fara-show-intimista-na-abertura-do-evento-na-aabb\/#primaryimage\"},\"thumbnailUrl\":\"https:\/\/www.blogsoestado.com\/evandrojunior\/files\/2024\/02\/IMG_9719-1024x1024.jpg\",\"datePublished\":\"2024-02-28T19:36:09+00:00\",\"author\":{\"@id\":\"https:\/\/www.blogsoestado.com\/evandrojunior\/#\/schema\/person\/3e6c3d8dbb740d1c6878ebc935cfb3be\"},\"breadcrumb\":{\"@id\":\"https:\/\/www.blogsoestado.com\/evandrojunior\/2024\/02\/28\/degustasom-adriana-bosaipo-fara-show-intimista-na-abertura-do-evento-na-aabb\/#breadcrumb\"},\"inLanguage\":\"pt-BR\",\"potentialAction\":[{\"@type\":\"ReadAction\",\"target\":[\"https:\/\/www.blogsoestado.com\/evandrojunior\/2024\/02\/28\/degustasom-adriana-bosaipo-fara-show-intimista-na-abertura-do-evento-na-aabb\/\"]}]},{\"@type\":\"ImageObject\",\"inLanguage\":\"pt-BR\",\"@id\":\"https:\/\/www.blogsoestado.com\/evandrojunior\/2024\/02\/28\/degustasom-adriana-bosaipo-fara-show-intimista-na-abertura-do-evento-na-aabb\/#primaryimage\",\"url\":\"https:\/\/www.blogsoestado.com\/evandrojunior\/files\/2024\/02\/IMG_9719-1024x1024.jpg\",\"contentUrl\":\"https:\/\/www.blogsoestado.com\/evandrojunior\/files\/2024\/02\/IMG_9719-1024x1024.jpg\"},{\"@type\":\"BreadcrumbList\",\"@id\":\"https:\/\/www.blogsoestado.com\/evandrojunior\/2024\/02\/28\/degustasom-adriana-bosaipo-fara-show-intimista-na-abertura-do-evento-na-aabb\/#breadcrumb\",\"itemListElement\":[{\"@type\":\"ListItem\",\"position\":1,\"name\":\"In\u00edcio\",\"item\":\"https:\/\/www.blogsoestado.com\/evandrojunior\/\"},{\"@type\":\"ListItem\",\"position\":2,\"name\":\"&#8216;Degustasom&#8217;: Adriana Bosaipo far\u00e1 show intimista na abertura do evento na AABB\"}]},{\"@type\":\"WebSite\",\"@id\":\"https:\/\/www.blogsoestado.com\/evandrojunior\/#website\",\"url\":\"https:\/\/www.blogsoestado.com\/evandrojunior\/\",\"name\":\"Evandro Junior\",\"description\":\"\",\"potentialAction\":[{\"@type\":\"SearchAction\",\"target\":{\"@type\":\"EntryPoint\",\"urlTemplate\":\"https:\/\/www.blogsoestado.com\/evandrojunior\/?s={search_term_string}\"},\"query-input\":{\"@type\":\"PropertyValueSpecification\",\"valueRequired\":true,\"valueName\":\"search_term_string\"}}],\"inLanguage\":\"pt-BR\"},{\"@type\":\"Person\",\"@id\":\"https:\/\/www.blogsoestado.com\/evandrojunior\/#\/schema\/person\/3e6c3d8dbb740d1c6878ebc935cfb3be\",\"name\":\"Evandro Junior\",\"image\":{\"@type\":\"ImageObject\",\"inLanguage\":\"pt-BR\",\"@id\":\"https:\/\/www.blogsoestado.com\/evandrojunior\/#\/schema\/person\/image\/\",\"url\":\"https:\/\/secure.gravatar.com\/avatar\/f80a03a2294a580cd2318bfb459bf354cfa8be661ef3d95b542cf9a04af8d129?s=96&d=mm&r=g\",\"contentUrl\":\"https:\/\/secure.gravatar.com\/avatar\/f80a03a2294a580cd2318bfb459bf354cfa8be661ef3d95b542cf9a04af8d129?s=96&d=mm&r=g\",\"caption\":\"Evandro Junior\"},\"url\":\"https:\/\/www.blogsoestado.com\/evandrojunior\/author\/evandrojunior\/\"}]}<\/script>\n<!-- \/ Yoast SEO plugin. -->","yoast_head_json":{"title":"'Degustasom': Adriana Bosaipo far\u00e1 show intimista na abertura do evento na AABB - Evandro Junior","robots":{"index":"index","follow":"follow","max-snippet":"max-snippet:-1","max-image-preview":"max-image-preview:large","max-video-preview":"max-video-preview:-1"},"canonical":"https:\/\/www.blogsoestado.com\/evandrojunior\/2024\/02\/28\/degustasom-adriana-bosaipo-fara-show-intimista-na-abertura-do-evento-na-aabb\/","og_locale":"pt_BR","og_type":"article","og_title":"'Degustasom': Adriana Bosaipo far\u00e1 show intimista na abertura do evento na AABB - Evandro Junior","og_description":"S\u00e3o Lu\u00eds &#8211; Adriana Bosaipo \u00e9 quem far\u00e1 a abertura do show que o cantor Rick, da dupla com Renner, [&hellip;]","og_url":"https:\/\/www.blogsoestado.com\/evandrojunior\/2024\/02\/28\/degustasom-adriana-bosaipo-fara-show-intimista-na-abertura-do-evento-na-aabb\/","og_site_name":"Evandro Junior","article_published_time":"2024-02-28T19:36:09+00:00","og_image":[{"url":"https:\/\/www.blogsoestado.com\/evandrojunior\/files\/2024\/02\/IMG_9719-1024x1024.jpg","type":"","width":"","height":""}],"author":"Evandro Junior","twitter_card":"summary_large_image","twitter_misc":{"Escrito por":"Evandro Junior","Est. tempo de leitura":"2 minutos"},"schema":{"@context":"https:\/\/schema.org","@graph":[{"@type":"WebPage","@id":"https:\/\/www.blogsoestado.com\/evandrojunior\/2024\/02\/28\/degustasom-adriana-bosaipo-fara-show-intimista-na-abertura-do-evento-na-aabb\/","url":"https:\/\/www.blogsoestado.com\/evandrojunior\/2024\/02\/28\/degustasom-adriana-bosaipo-fara-show-intimista-na-abertura-do-evento-na-aabb\/","name":"'Degustasom': Adriana Bosaipo far\u00e1 show intimista na abertura do evento na AABB - Evandro Junior","isPartOf":{"@id":"https:\/\/www.blogsoestado.com\/evandrojunior\/#website"},"primaryImageOfPage":{"@id":"https:\/\/www.blogsoestado.com\/evandrojunior\/2024\/02\/28\/degustasom-adriana-bosaipo-fara-show-intimista-na-abertura-do-evento-na-aabb\/#primaryimage"},"image":{"@id":"https:\/\/www.blogsoestado.com\/evandrojunior\/2024\/02\/28\/degustasom-adriana-bosaipo-fara-show-intimista-na-abertura-do-evento-na-aabb\/#primaryimage"},"thumbnailUrl":"https:\/\/www.blogsoestado.com\/evandrojunior\/files\/2024\/02\/IMG_9719-1024x1024.jpg","datePublished":"2024-02-28T19:36:09+00:00","author":{"@id":"https:\/\/www.blogsoestado.com\/evandrojunior\/#\/schema\/person\/3e6c3d8dbb740d1c6878ebc935cfb3be"},"breadcrumb":{"@id":"https:\/\/www.blogsoestado.com\/evandrojunior\/2024\/02\/28\/degustasom-adriana-bosaipo-fara-show-intimista-na-abertura-do-evento-na-aabb\/#breadcrumb"},"inLanguage":"pt-BR","potentialAction":[{"@type":"ReadAction","target":["https:\/\/www.blogsoestado.com\/evandrojunior\/2024\/02\/28\/degustasom-adriana-bosaipo-fara-show-intimista-na-abertura-do-evento-na-aabb\/"]}]},{"@type":"ImageObject","inLanguage":"pt-BR","@id":"https:\/\/www.blogsoestado.com\/evandrojunior\/2024\/02\/28\/degustasom-adriana-bosaipo-fara-show-intimista-na-abertura-do-evento-na-aabb\/#primaryimage","url":"https:\/\/www.blogsoestado.com\/evandrojunior\/files\/2024\/02\/IMG_9719-1024x1024.jpg","contentUrl":"https:\/\/www.blogsoestado.com\/evandrojunior\/files\/2024\/02\/IMG_9719-1024x1024.jpg"},{"@type":"BreadcrumbList","@id":"https:\/\/www.blogsoestado.com\/evandrojunior\/2024\/02\/28\/degustasom-adriana-bosaipo-fara-show-intimista-na-abertura-do-evento-na-aabb\/#breadcrumb","itemListElement":[{"@type":"ListItem","position":1,"name":"In\u00edcio","item":"https:\/\/www.blogsoestado.com\/evandrojunior\/"},{"@type":"ListItem","position":2,"name":"&#8216;Degustasom&#8217;: Adriana Bosaipo far\u00e1 show intimista na abertura do evento na AABB"}]},{"@type":"WebSite","@id":"https:\/\/www.blogsoestado.com\/evandrojunior\/#website","url":"https:\/\/www.blogsoestado.com\/evandrojunior\/","name":"Evandro Junior","description":"","potentialAction":[{"@type":"SearchAction","target":{"@type":"EntryPoint","urlTemplate":"https:\/\/www.blogsoestado.com\/evandrojunior\/?s={search_term_string}"},"query-input":{"@type":"PropertyValueSpecification","valueRequired":true,"valueName":"search_term_string"}}],"inLanguage":"pt-BR"},{"@type":"Person","@id":"https:\/\/www.blogsoestado.com\/evandrojunior\/#\/schema\/person\/3e6c3d8dbb740d1c6878ebc935cfb3be","name":"Evandro Junior","image":{"@type":"ImageObject","inLanguage":"pt-BR","@id":"https:\/\/www.blogsoestado.com\/evandrojunior\/#\/schema\/person\/image\/","url":"https:\/\/secure.gravatar.com\/avatar\/f80a03a2294a580cd2318bfb459bf354cfa8be661ef3d95b542cf9a04af8d129?s=96&d=mm&r=g","contentUrl":"https:\/\/secure.gravatar.com\/avatar\/f80a03a2294a580cd2318bfb459bf354cfa8be661ef3d95b542cf9a04af8d129?s=96&d=mm&r=g","caption":"Evandro Junior"},"url":"https:\/\/www.blogsoestado.com\/evandrojunior\/author\/evandrojunior\/"}]}},"jetpack_featured_media_url":"","_links":{"self":[{"href":"https:\/\/www.blogsoestado.com\/evandrojunior\/wp-json\/wp\/v2\/posts\/11124","targetHints":{"allow":["GET"]}}],"collection":[{"href":"https:\/\/www.blogsoestado.com\/evandrojunior\/wp-json\/wp\/v2\/posts"}],"about":[{"href":"https:\/\/www.blogsoestado.com\/evandrojunior\/wp-json\/wp\/v2\/types\/post"}],"author":[{"embeddable":true,"href":"https:\/\/www.blogsoestado.com\/evandrojunior\/wp-json\/wp\/v2\/users\/4"}],"replies":[{"embeddable":true,"href":"https:\/\/www.blogsoestado.com\/evandrojunior\/wp-json\/wp\/v2\/comments?post=11124"}],"version-history":[{"count":0,"href":"https:\/\/www.blogsoestado.com\/evandrojunior\/wp-json\/wp\/v2\/posts\/11124\/revisions"}],"wp:attachment":[{"href":"https:\/\/www.blogsoestado.com\/evandrojunior\/wp-json\/wp\/v2\/media?parent=11124"}],"wp:term":[{"taxonomy":"category","embeddable":true,"href":"https:\/\/www.blogsoestado.com\/evandrojunior\/wp-json\/wp\/v2\/categories?post=11124"},{"taxonomy":"post_tag","embeddable":true,"href":"https:\/\/www.blogsoestado.com\/evandrojunior\/wp-json\/wp\/v2\/tags?post=11124"}],"curies":[{"name":"wp","href":"https:\/\/api.w.org\/{rel}","templated":true}]}}