{"id":11452,"date":"2024-04-03T11:54:56","date_gmt":"2024-04-03T14:54:56","guid":{"rendered":"https:\/\/www.blogsoestado.com\/evandrojunior\/?p=11452"},"modified":"2024-04-03T11:54:56","modified_gmt":"2024-04-03T14:54:56","slug":"apae-de-sao-luis-e-caee-eney-santana-celebram-cinco-decadas","status":"publish","type":"post","link":"https:\/\/www.blogsoestado.com\/evandrojunior\/2024\/04\/03\/apae-de-sao-luis-e-caee-eney-santana-celebram-cinco-decadas\/","title":{"rendered":"APAE de S\u00e3o Lu\u00eds e CAEE Eney Santana celebram cinco d\u00e9cadas"},"content":{"rendered":"\n<div class=\"wp-block-image\"><figure class=\"aligncenter size-large is-resized\"><img fetchpriority=\"high\" decoding=\"async\" src=\"https:\/\/www.blogsoestado.com\/evandrojunior\/files\/2024\/04\/WhatsApp-Image-2024-04-02-at-08.28.37.jpeg\" alt=\"\" class=\"wp-image-11453\" width=\"510\" height=\"340\"\/><figcaption><strong>APAE de S\u00e3o Lu\u00eds e o CAEE Eney Santana celebraram cinco d\u00e9cadas de inclus\u00e3o e transforma\u00e7\u00e3o de vidas<\/strong><\/figcaption><\/figure><\/div>\n\n\n\n<p><strong>S\u00e3o Lu\u00eds <\/strong>&#8211; Um dia marcado por sorrisos, abra\u00e7os e uma imensa dose de gratid\u00e3o. Assim foi a celebra\u00e7\u00e3o do 53\u00ba anivers\u00e1rio da APAE de S\u00e3o Lu\u00eds e do 52\u00ba anivers\u00e1rio do Centro de Atendimento Educacional Especializado (CAEE) Eney Santana, que aconteceu na sede da entidade, na \u00faltima segunda-feira (25).<\/p>\n\n\n\n<p>A celebra\u00e7\u00e3o come\u00e7ou com um momento c\u00edvico, com a participa\u00e7\u00e3o da Banda do 24\u00ba Batalh\u00e3o de Infantaria de Selva do Ex\u00e9rcito, que deu um tom ainda mais solene ao momento do hasteamento das bandeiras. Em seguida, foi realizada uma cerim\u00f4nia ecum\u00eanica, que reverenciou os valores de inclus\u00e3o, solidariedade e amor ao pr\u00f3ximo, pilares fundamentais das duas institui\u00e7\u00f5es.<\/p>\n\n\n\n<p>Um momento emocionante foi a apresenta\u00e7\u00e3o teatral dos alunos do CAEE Eney Santana, que encenaram a trajet\u00f3ria de sucesso da APAE de S\u00e3o Lu\u00eds, representando a figura dos fundadores Expedito Alves de Melo e Ant\u00f4nia Lima Zeile de Melo, a saudosa Dona Antoninha (ambos in memoriam). Cada cena foi um tributo \u00e0 resili\u00eancia, determina\u00e7\u00e3o e conquistas daqueles que lutam diariamente pela inclus\u00e3o e igualdade de oportunidades das pessoas com defici\u00eancia.<\/p>\n\n\n\n<p>Em seu discurso, a presidente da institui\u00e7\u00e3o, Arionildes da Silva e Silva, expressou profunda gratid\u00e3o a todos que est\u00e3o engajados nessa causa, reconhecendo a jornada \u00e1rdua e inspiradora dos envolvidos, desde os fundadores vision\u00e1rios at\u00e9 as fam\u00edlias e alunos que diariamente s\u00e3o fontes de inspira\u00e7\u00e3o com suas conquistas.<\/p>\n\n\n\n<div class=\"wp-block-image\"><figure class=\"aligncenter size-large is-resized\"><img decoding=\"async\" src=\"https:\/\/www.blogsoestado.com\/evandrojunior\/files\/2024\/04\/WhatsApp-Image-2024-04-02-at-08.28.37-1.jpeg\" alt=\"\" class=\"wp-image-11454\" width=\"549\" height=\"366\"\/><figcaption><strong>Assessora Jur\u00eddica Dra. Concei\u00e7\u00e3o Lima Melo Rolim, da Apae de S\u00e3o Lu\u00eds, entre os seus irm\u00e3os Raimundo Alberto e Joaquim Felipe Jr., que foram homenageados<\/strong><\/figcaption><\/figure><\/div>\n\n\n\n<p>\u201cNeste momento, \u00e9 importante lembrarmos daqueles que nos precederam, dos vision\u00e1rios e pioneiros que fundaram esta institui\u00e7\u00e3o com base no amor, na compaix\u00e3o e na determina\u00e7\u00e3o: Dr. Expedito Alves de Melo e sua saudosa esposa, Dona Antoninha, que juntamente com um grupo de pais e amigos, deram o primeiro passo nessa jornada que hoje continuamos com tanto zelo e dedica\u00e7\u00e3o\u201d, destacou a atual presidente da APAE de S\u00e3o Lu\u00eds.<\/p>\n\n\n\n<p>A ocasi\u00e3o tamb\u00e9m marcou o lan\u00e7amento da nova marca da Radio Web APAE de S\u00e3o Lu\u00eds e do Informe APAE de S\u00e3o Lu\u00eds, um novo canal de comunica\u00e7\u00e3o sobre tudo o que acontece na institui\u00e7\u00e3o. Al\u00e9m disso, as novas redes sociais da institui\u00e7\u00e3o &#8211; Linkedin, TikTok e Kwai &#8211; foram oficialmente inauguradas, fortalecendo os la\u00e7os com a comunidade e com objetivo de alcan\u00e7ar novos parceiros.<\/p>\n\n\n\n<p>Ao longo de mais de cinco d\u00e9cadas, a APAE de S\u00e3o Lu\u00eds tem sido um verdadeiro farol de esperan\u00e7a e transforma\u00e7\u00e3o, oferecendo suporte integral nas \u00e1reas de educa\u00e7\u00e3o, sa\u00fade, trabalho e defesa de direitos das pessoas com defici\u00eancia. O CAEE Eney Santana, por sua vez, tem desempenhado um papel fundamental na forma\u00e7\u00e3o educacional e \u00e9tica de pessoas com defici\u00eancia intelectual ou m\u00faltipla, adaptando-se continuamente para atender \u00e0s necessidades do presente e do futuro.<\/p>\n","protected":false},"excerpt":{"rendered":"<p>S\u00e3o Lu\u00eds &#8211; Um dia marcado por sorrisos, abra\u00e7os e uma imensa dose de gratid\u00e3o. Assim foi a celebra\u00e7\u00e3o do [&hellip;]<\/p>\n","protected":false},"author":4,"featured_media":0,"comment_status":"open","ping_status":"open","sticky":false,"template":"","format":"standard","meta":{"site-sidebar-layout":"default","site-content-layout":"","ast-site-content-layout":"default","site-content-style":"default","site-sidebar-style":"default","ast-global-header-display":"","ast-banner-title-visibility":"","ast-main-header-display":"","ast-hfb-above-header-display":"","ast-hfb-below-header-display":"","ast-hfb-mobile-header-display":"","site-post-title":"","ast-breadcrumbs-content":"","ast-featured-img":"","footer-sml-layout":"","ast-disable-related-posts":"","theme-transparent-header-meta":"","adv-header-id-meta":"","stick-header-meta":"","header-above-stick-meta":"","header-main-stick-meta":"","header-below-stick-meta":"","astra-migrate-meta-layouts":"default","ast-page-background-enabled":"default","ast-page-background-meta":{"desktop":{"background-color":"var(--ast-global-color-5)","background-image":"","background-repeat":"repeat","background-position":"center center","background-size":"auto","background-attachment":"scroll","background-type":"","background-media":"","overlay-type":"","overlay-color":"","overlay-opacity":"","overlay-gradient":""},"tablet":{"background-color":"","background-image":"","background-repeat":"repeat","background-position":"center center","background-size":"auto","background-attachment":"scroll","background-type":"","background-media":"","overlay-type":"","overlay-color":"","overlay-opacity":"","overlay-gradient":""},"mobile":{"background-color":"","background-image":"","background-repeat":"repeat","background-position":"center center","background-size":"auto","background-attachment":"scroll","background-type":"","background-media":"","overlay-type":"","overlay-color":"","overlay-opacity":"","overlay-gradient":""}},"ast-content-background-meta":{"desktop":{"background-color":"var(--ast-global-color-4)","background-image":"","background-repeat":"repeat","background-position":"center center","background-size":"auto","background-attachment":"scroll","background-type":"","background-media":"","overlay-type":"","overlay-color":"","overlay-opacity":"","overlay-gradient":""},"tablet":{"background-color":"var(--ast-global-color-4)","background-image":"","background-repeat":"repeat","background-position":"center center","background-size":"auto","background-attachment":"scroll","background-type":"","background-media":"","overlay-type":"","overlay-color":"","overlay-opacity":"","overlay-gradient":""},"mobile":{"background-color":"var(--ast-global-color-4)","background-image":"","background-repeat":"repeat","background-position":"center center","background-size":"auto","background-attachment":"scroll","background-type":"","background-media":"","overlay-type":"","overlay-color":"","overlay-opacity":"","overlay-gradient":""}},"footnotes":""},"categories":[1],"tags":[],"class_list":["post-11452","post","type-post","status-publish","format-standard","hentry","category-sem-categoria"],"yoast_head":"<!-- This site is optimized with the Yoast SEO plugin v26.6 - https:\/\/yoast.com\/wordpress\/plugins\/seo\/ -->\n<title>APAE de S\u00e3o Lu\u00eds e CAEE Eney Santana celebram cinco d\u00e9cadas - Evandro Junior<\/title>\n<meta name=\"robots\" content=\"index, follow, max-snippet:-1, max-image-preview:large, max-video-preview:-1\" \/>\n<link rel=\"canonical\" href=\"https:\/\/www.blogsoestado.com\/evandrojunior\/2024\/04\/03\/apae-de-sao-luis-e-caee-eney-santana-celebram-cinco-decadas\/\" \/>\n<meta property=\"og:locale\" content=\"pt_BR\" \/>\n<meta property=\"og:type\" content=\"article\" \/>\n<meta property=\"og:title\" content=\"APAE de S\u00e3o Lu\u00eds e CAEE Eney Santana celebram cinco d\u00e9cadas - Evandro Junior\" \/>\n<meta property=\"og:description\" content=\"S\u00e3o Lu\u00eds &#8211; Um dia marcado por sorrisos, abra\u00e7os e uma imensa dose de gratid\u00e3o. Assim foi a celebra\u00e7\u00e3o do [&hellip;]\" \/>\n<meta property=\"og:url\" content=\"https:\/\/www.blogsoestado.com\/evandrojunior\/2024\/04\/03\/apae-de-sao-luis-e-caee-eney-santana-celebram-cinco-decadas\/\" \/>\n<meta property=\"og:site_name\" content=\"Evandro Junior\" \/>\n<meta property=\"article:published_time\" content=\"2024-04-03T14:54:56+00:00\" \/>\n<meta property=\"og:image\" content=\"https:\/\/www.blogsoestado.com\/evandrojunior\/files\/2024\/04\/WhatsApp-Image-2024-04-02-at-08.28.37.jpeg\" \/>\n<meta name=\"author\" content=\"Evandro Junior\" \/>\n<meta name=\"twitter:card\" content=\"summary_large_image\" \/>\n<meta name=\"twitter:label1\" content=\"Escrito por\" \/>\n\t<meta name=\"twitter:data1\" content=\"Evandro Junior\" \/>\n\t<meta name=\"twitter:label2\" content=\"Est. tempo de leitura\" \/>\n\t<meta name=\"twitter:data2\" content=\"3 minutos\" \/>\n<script type=\"application\/ld+json\" class=\"yoast-schema-graph\">{\"@context\":\"https:\/\/schema.org\",\"@graph\":[{\"@type\":\"WebPage\",\"@id\":\"https:\/\/www.blogsoestado.com\/evandrojunior\/2024\/04\/03\/apae-de-sao-luis-e-caee-eney-santana-celebram-cinco-decadas\/\",\"url\":\"https:\/\/www.blogsoestado.com\/evandrojunior\/2024\/04\/03\/apae-de-sao-luis-e-caee-eney-santana-celebram-cinco-decadas\/\",\"name\":\"APAE de S\u00e3o Lu\u00eds e CAEE Eney Santana celebram cinco d\u00e9cadas - Evandro Junior\",\"isPartOf\":{\"@id\":\"https:\/\/www.blogsoestado.com\/evandrojunior\/#website\"},\"primaryImageOfPage\":{\"@id\":\"https:\/\/www.blogsoestado.com\/evandrojunior\/2024\/04\/03\/apae-de-sao-luis-e-caee-eney-santana-celebram-cinco-decadas\/#primaryimage\"},\"image\":{\"@id\":\"https:\/\/www.blogsoestado.com\/evandrojunior\/2024\/04\/03\/apae-de-sao-luis-e-caee-eney-santana-celebram-cinco-decadas\/#primaryimage\"},\"thumbnailUrl\":\"https:\/\/www.blogsoestado.com\/evandrojunior\/files\/2024\/04\/WhatsApp-Image-2024-04-02-at-08.28.37.jpeg\",\"datePublished\":\"2024-04-03T14:54:56+00:00\",\"author\":{\"@id\":\"https:\/\/www.blogsoestado.com\/evandrojunior\/#\/schema\/person\/3e6c3d8dbb740d1c6878ebc935cfb3be\"},\"breadcrumb\":{\"@id\":\"https:\/\/www.blogsoestado.com\/evandrojunior\/2024\/04\/03\/apae-de-sao-luis-e-caee-eney-santana-celebram-cinco-decadas\/#breadcrumb\"},\"inLanguage\":\"pt-BR\",\"potentialAction\":[{\"@type\":\"ReadAction\",\"target\":[\"https:\/\/www.blogsoestado.com\/evandrojunior\/2024\/04\/03\/apae-de-sao-luis-e-caee-eney-santana-celebram-cinco-decadas\/\"]}]},{\"@type\":\"ImageObject\",\"inLanguage\":\"pt-BR\",\"@id\":\"https:\/\/www.blogsoestado.com\/evandrojunior\/2024\/04\/03\/apae-de-sao-luis-e-caee-eney-santana-celebram-cinco-decadas\/#primaryimage\",\"url\":\"https:\/\/www.blogsoestado.com\/evandrojunior\/files\/2024\/04\/WhatsApp-Image-2024-04-02-at-08.28.37.jpeg\",\"contentUrl\":\"https:\/\/www.blogsoestado.com\/evandrojunior\/files\/2024\/04\/WhatsApp-Image-2024-04-02-at-08.28.37.jpeg\"},{\"@type\":\"BreadcrumbList\",\"@id\":\"https:\/\/www.blogsoestado.com\/evandrojunior\/2024\/04\/03\/apae-de-sao-luis-e-caee-eney-santana-celebram-cinco-decadas\/#breadcrumb\",\"itemListElement\":[{\"@type\":\"ListItem\",\"position\":1,\"name\":\"In\u00edcio\",\"item\":\"https:\/\/www.blogsoestado.com\/evandrojunior\/\"},{\"@type\":\"ListItem\",\"position\":2,\"name\":\"APAE de S\u00e3o Lu\u00eds e CAEE Eney Santana celebram cinco d\u00e9cadas\"}]},{\"@type\":\"WebSite\",\"@id\":\"https:\/\/www.blogsoestado.com\/evandrojunior\/#website\",\"url\":\"https:\/\/www.blogsoestado.com\/evandrojunior\/\",\"name\":\"Evandro Junior\",\"description\":\"\",\"potentialAction\":[{\"@type\":\"SearchAction\",\"target\":{\"@type\":\"EntryPoint\",\"urlTemplate\":\"https:\/\/www.blogsoestado.com\/evandrojunior\/?s={search_term_string}\"},\"query-input\":{\"@type\":\"PropertyValueSpecification\",\"valueRequired\":true,\"valueName\":\"search_term_string\"}}],\"inLanguage\":\"pt-BR\"},{\"@type\":\"Person\",\"@id\":\"https:\/\/www.blogsoestado.com\/evandrojunior\/#\/schema\/person\/3e6c3d8dbb740d1c6878ebc935cfb3be\",\"name\":\"Evandro Junior\",\"image\":{\"@type\":\"ImageObject\",\"inLanguage\":\"pt-BR\",\"@id\":\"https:\/\/www.blogsoestado.com\/evandrojunior\/#\/schema\/person\/image\/\",\"url\":\"https:\/\/secure.gravatar.com\/avatar\/f80a03a2294a580cd2318bfb459bf354cfa8be661ef3d95b542cf9a04af8d129?s=96&d=mm&r=g\",\"contentUrl\":\"https:\/\/secure.gravatar.com\/avatar\/f80a03a2294a580cd2318bfb459bf354cfa8be661ef3d95b542cf9a04af8d129?s=96&d=mm&r=g\",\"caption\":\"Evandro Junior\"},\"url\":\"https:\/\/www.blogsoestado.com\/evandrojunior\/author\/evandrojunior\/\"}]}<\/script>\n<!-- \/ Yoast SEO plugin. -->","yoast_head_json":{"title":"APAE de S\u00e3o Lu\u00eds e CAEE Eney Santana celebram cinco d\u00e9cadas - Evandro Junior","robots":{"index":"index","follow":"follow","max-snippet":"max-snippet:-1","max-image-preview":"max-image-preview:large","max-video-preview":"max-video-preview:-1"},"canonical":"https:\/\/www.blogsoestado.com\/evandrojunior\/2024\/04\/03\/apae-de-sao-luis-e-caee-eney-santana-celebram-cinco-decadas\/","og_locale":"pt_BR","og_type":"article","og_title":"APAE de S\u00e3o Lu\u00eds e CAEE Eney Santana celebram cinco d\u00e9cadas - Evandro Junior","og_description":"S\u00e3o Lu\u00eds &#8211; Um dia marcado por sorrisos, abra\u00e7os e uma imensa dose de gratid\u00e3o. Assim foi a celebra\u00e7\u00e3o do [&hellip;]","og_url":"https:\/\/www.blogsoestado.com\/evandrojunior\/2024\/04\/03\/apae-de-sao-luis-e-caee-eney-santana-celebram-cinco-decadas\/","og_site_name":"Evandro Junior","article_published_time":"2024-04-03T14:54:56+00:00","og_image":[{"url":"https:\/\/www.blogsoestado.com\/evandrojunior\/files\/2024\/04\/WhatsApp-Image-2024-04-02-at-08.28.37.jpeg","type":"","width":"","height":""}],"author":"Evandro Junior","twitter_card":"summary_large_image","twitter_misc":{"Escrito por":"Evandro Junior","Est. tempo de leitura":"3 minutos"},"schema":{"@context":"https:\/\/schema.org","@graph":[{"@type":"WebPage","@id":"https:\/\/www.blogsoestado.com\/evandrojunior\/2024\/04\/03\/apae-de-sao-luis-e-caee-eney-santana-celebram-cinco-decadas\/","url":"https:\/\/www.blogsoestado.com\/evandrojunior\/2024\/04\/03\/apae-de-sao-luis-e-caee-eney-santana-celebram-cinco-decadas\/","name":"APAE de S\u00e3o Lu\u00eds e CAEE Eney Santana celebram cinco d\u00e9cadas - Evandro Junior","isPartOf":{"@id":"https:\/\/www.blogsoestado.com\/evandrojunior\/#website"},"primaryImageOfPage":{"@id":"https:\/\/www.blogsoestado.com\/evandrojunior\/2024\/04\/03\/apae-de-sao-luis-e-caee-eney-santana-celebram-cinco-decadas\/#primaryimage"},"image":{"@id":"https:\/\/www.blogsoestado.com\/evandrojunior\/2024\/04\/03\/apae-de-sao-luis-e-caee-eney-santana-celebram-cinco-decadas\/#primaryimage"},"thumbnailUrl":"https:\/\/www.blogsoestado.com\/evandrojunior\/files\/2024\/04\/WhatsApp-Image-2024-04-02-at-08.28.37.jpeg","datePublished":"2024-04-03T14:54:56+00:00","author":{"@id":"https:\/\/www.blogsoestado.com\/evandrojunior\/#\/schema\/person\/3e6c3d8dbb740d1c6878ebc935cfb3be"},"breadcrumb":{"@id":"https:\/\/www.blogsoestado.com\/evandrojunior\/2024\/04\/03\/apae-de-sao-luis-e-caee-eney-santana-celebram-cinco-decadas\/#breadcrumb"},"inLanguage":"pt-BR","potentialAction":[{"@type":"ReadAction","target":["https:\/\/www.blogsoestado.com\/evandrojunior\/2024\/04\/03\/apae-de-sao-luis-e-caee-eney-santana-celebram-cinco-decadas\/"]}]},{"@type":"ImageObject","inLanguage":"pt-BR","@id":"https:\/\/www.blogsoestado.com\/evandrojunior\/2024\/04\/03\/apae-de-sao-luis-e-caee-eney-santana-celebram-cinco-decadas\/#primaryimage","url":"https:\/\/www.blogsoestado.com\/evandrojunior\/files\/2024\/04\/WhatsApp-Image-2024-04-02-at-08.28.37.jpeg","contentUrl":"https:\/\/www.blogsoestado.com\/evandrojunior\/files\/2024\/04\/WhatsApp-Image-2024-04-02-at-08.28.37.jpeg"},{"@type":"BreadcrumbList","@id":"https:\/\/www.blogsoestado.com\/evandrojunior\/2024\/04\/03\/apae-de-sao-luis-e-caee-eney-santana-celebram-cinco-decadas\/#breadcrumb","itemListElement":[{"@type":"ListItem","position":1,"name":"In\u00edcio","item":"https:\/\/www.blogsoestado.com\/evandrojunior\/"},{"@type":"ListItem","position":2,"name":"APAE de S\u00e3o Lu\u00eds e CAEE Eney Santana celebram cinco d\u00e9cadas"}]},{"@type":"WebSite","@id":"https:\/\/www.blogsoestado.com\/evandrojunior\/#website","url":"https:\/\/www.blogsoestado.com\/evandrojunior\/","name":"Evandro Junior","description":"","potentialAction":[{"@type":"SearchAction","target":{"@type":"EntryPoint","urlTemplate":"https:\/\/www.blogsoestado.com\/evandrojunior\/?s={search_term_string}"},"query-input":{"@type":"PropertyValueSpecification","valueRequired":true,"valueName":"search_term_string"}}],"inLanguage":"pt-BR"},{"@type":"Person","@id":"https:\/\/www.blogsoestado.com\/evandrojunior\/#\/schema\/person\/3e6c3d8dbb740d1c6878ebc935cfb3be","name":"Evandro Junior","image":{"@type":"ImageObject","inLanguage":"pt-BR","@id":"https:\/\/www.blogsoestado.com\/evandrojunior\/#\/schema\/person\/image\/","url":"https:\/\/secure.gravatar.com\/avatar\/f80a03a2294a580cd2318bfb459bf354cfa8be661ef3d95b542cf9a04af8d129?s=96&d=mm&r=g","contentUrl":"https:\/\/secure.gravatar.com\/avatar\/f80a03a2294a580cd2318bfb459bf354cfa8be661ef3d95b542cf9a04af8d129?s=96&d=mm&r=g","caption":"Evandro Junior"},"url":"https:\/\/www.blogsoestado.com\/evandrojunior\/author\/evandrojunior\/"}]}},"jetpack_featured_media_url":"","_links":{"self":[{"href":"https:\/\/www.blogsoestado.com\/evandrojunior\/wp-json\/wp\/v2\/posts\/11452","targetHints":{"allow":["GET"]}}],"collection":[{"href":"https:\/\/www.blogsoestado.com\/evandrojunior\/wp-json\/wp\/v2\/posts"}],"about":[{"href":"https:\/\/www.blogsoestado.com\/evandrojunior\/wp-json\/wp\/v2\/types\/post"}],"author":[{"embeddable":true,"href":"https:\/\/www.blogsoestado.com\/evandrojunior\/wp-json\/wp\/v2\/users\/4"}],"replies":[{"embeddable":true,"href":"https:\/\/www.blogsoestado.com\/evandrojunior\/wp-json\/wp\/v2\/comments?post=11452"}],"version-history":[{"count":0,"href":"https:\/\/www.blogsoestado.com\/evandrojunior\/wp-json\/wp\/v2\/posts\/11452\/revisions"}],"wp:attachment":[{"href":"https:\/\/www.blogsoestado.com\/evandrojunior\/wp-json\/wp\/v2\/media?parent=11452"}],"wp:term":[{"taxonomy":"category","embeddable":true,"href":"https:\/\/www.blogsoestado.com\/evandrojunior\/wp-json\/wp\/v2\/categories?post=11452"},{"taxonomy":"post_tag","embeddable":true,"href":"https:\/\/www.blogsoestado.com\/evandrojunior\/wp-json\/wp\/v2\/tags?post=11452"}],"curies":[{"name":"wp","href":"https:\/\/api.w.org\/{rel}","templated":true}]}}