{"id":11463,"date":"2024-04-05T18:27:21","date_gmt":"2024-04-05T21:27:21","guid":{"rendered":"https:\/\/www.blogsoestado.com\/evandrojunior\/?p=11463"},"modified":"2024-04-05T18:27:21","modified_gmt":"2024-04-05T21:27:21","slug":"claudio-carvalho-anuncia-programacao-de-festa-junina-durante-jantar-intimista","status":"publish","type":"post","link":"https:\/\/www.blogsoestado.com\/evandrojunior\/2024\/04\/05\/claudio-carvalho-anuncia-programacao-de-festa-junina-durante-jantar-intimista\/","title":{"rendered":"Cl\u00e1udio Carvalho anuncia programa\u00e7\u00e3o de festa junina durante jantar intimista"},"content":{"rendered":"\n<div class=\"wp-block-image\"><figure class=\"aligncenter size-large is-resized\"><img fetchpriority=\"high\" decoding=\"async\" src=\"https:\/\/www.blogsoestado.com\/evandrojunior\/files\/2024\/04\/WhatsApp-Image-2024-04-05-at-17.33.31-1024x826.jpeg\" alt=\"\" class=\"wp-image-11464\" width=\"536\" height=\"432\"\/><figcaption><strong>Cl\u00e1udio Carvalho ofereceu jantar para anunciar programa\u00e7\u00e3o de evento beneficente<\/strong><\/figcaption><\/figure><\/div>\n\n\n\n<p><strong>S\u00e3o Lu\u00eds <\/strong>&#8211; O espirituoso, divertido e querido designer de sapatos Cl\u00e1udio Carvalho vai comemorar 15 anos de um evento tem\u00e1tico beneficente que, aos poucos, o colocou no rol dos profissionais brasileiros que conjugam trabalho com solidariedade e o fazem com amor e bem feito. <\/p>\n\n\n\n<p>No dia 25 de maio, ele promover\u00e1, no Basa Clube , no Calhau, uma recep\u00e7\u00e3o em clima junino reunindo artistas locais, nacionais, personalidades do mundo da moda e expressivos grupos folcl\u00f3ricos maranhenses. <\/p>\n\n\n\n<p>O evento foi confirmado na noite de quinta-feira (4), durante jantar no apartamento do designer. Amigos, jornalistas, influenciadores digitais e parceiros foram recebidos com muito carinho e de uma maneira bastante especial.<\/p>\n\n\n\n<p>Um show \u00e0 parte foi o menu assinado pela Cheff Rizomar Duarte, em perfeita sintonia com a proposta do evento anunciado, destacando a culin\u00e1ria regional, que faz muito sucesso no m\u00eas de junho no Maranh\u00e3o. Os elogios foram inevit\u00e1veis.<\/p>\n\n\n\n<div class=\"wp-block-image\"><figure class=\"aligncenter size-large is-resized\"><img decoding=\"async\" src=\"https:\/\/www.blogsoestado.com\/evandrojunior\/files\/2024\/04\/WhatsApp-Image-2024-04-05-at-18.12.29-768x1024.jpeg\" alt=\"\" class=\"wp-image-11465\" width=\"482\" height=\"643\"\/><figcaption><strong>Zil Oliveira, Cl\u00e1udio Carvalho, Keffir Marques, J\u00fanior Bulacha e a jornalista Rita Matos<\/strong><\/figcaption><\/figure><\/div>\n\n\n\n<div class=\"wp-block-image\"><figure class=\"aligncenter size-large is-resized\"><img decoding=\"async\" src=\"https:\/\/www.blogsoestado.com\/evandrojunior\/files\/2024\/04\/WhatsApp-Image-2024-04-04-at-20.51.10-576x1024.jpeg\" alt=\"\" class=\"wp-image-11469\" width=\"488\" height=\"868\"\/><figcaption><strong>Jantar de Cl\u00e1udio Carvalho contou com cobertura jornal\u00edstica e ele deu detalhes sobre a festa <\/strong><\/figcaption><\/figure><\/div>\n\n\n\n<p>Antes do delicioso jantar, o anfitri\u00e3o revelou parte da programa\u00e7\u00e3o do S\u00e3o Jo\u00e3o by Cl\u00e1udio Carvalho, que este ano receber\u00e1 os estilistas Laellyio Mesquita e Wal\u00e9rio Ara\u00fajo, a atriz e modelo Geisy Arruda e o cantor Aldair Playboy. Tamb\u00e9m foram anunciados o Boi de Itapary e o cantor Pep\u00ea J\u00fanior, que compor\u00e3o a lista de atra\u00e7\u00f5es representantes da cultura maranhense.<\/p>\n\n\n\n<div class=\"wp-block-image\"><figure class=\"aligncenter size-large is-resized\"><img loading=\"lazy\" decoding=\"async\" src=\"https:\/\/www.blogsoestado.com\/evandrojunior\/files\/2024\/04\/WhatsApp-Image-2024-04-05-at-18.11.56-1024x768.jpeg\" alt=\"\" class=\"wp-image-11466\" width=\"541\" height=\"406\"\/><figcaption><strong>Cl\u00e1udio Carvalho entre Evandro J\u00fanior e a apresentadora de TV Madalena Nobre<\/strong><\/figcaption><\/figure><\/div>\n\n\n\n<div class=\"wp-block-image\"><figure class=\"aligncenter size-large is-resized\"><img loading=\"lazy\" decoding=\"async\" src=\"https:\/\/www.blogsoestado.com\/evandrojunior\/files\/2024\/04\/WhatsApp-Image-2024-04-05-at-18.12.06-1024x768.jpeg\" alt=\"\" class=\"wp-image-11467\" width=\"557\" height=\"418\"\/><figcaption><strong>O anfitri\u00e3o com a Cheff Rizomar Duarte, que brindou os convidados com um menu dos deuses, em homenagem ao S\u00e3o Jo\u00e3o by Cl\u00e1udio Carvalho <\/strong><\/figcaption><\/figure><\/div>\n\n\n\n<p>Alegre, alto astral e expansivo por natureza, Cl\u00e1udio Carvalho sempre faz quest\u00e3o de transparecer sua ess\u00eancia verdadeira, algo que se percebe claramente nos eventos que promove, dando o m\u00e1ximo de si para agradar. Na noite especial, apostou nas cores vivas que bem traduzem o seu estado de esp\u00edrito e a leveza de sua alma.<\/p>\n\n\n\n<p>\u201cGente, estou de pl\u00e1stico, amarelo, azul e muito feliz em poder organizar, com toda minha equipe, mais uma edi\u00e7\u00e3o do nosso arraial. Quando eu lembro que, no in\u00edcio, foi algo sem muitas pretens\u00f5es, apenas para os mais \u00edntimos, fico muito feliz por termos chegado at\u00e9 aqui. Est\u00e1 chegando o dia de comemorar 15 edi\u00e7\u00f5es dessa festa linda e que amo fazer. Este ano, o layout traz motivos da azulejaria maranhense, detalhes que encantam os turistas. Os ingressos j\u00e1 est\u00e3o \u00e0 venda na loja Cl\u00e1udio Carvalho, na Avenida dos Holandeses. Lembrando que os passaportes s\u00e3o limitados&#8221;, disse Cl\u00e1udio Carvalho.<\/p>\n\n\n\n<p><\/p>\n","protected":false},"excerpt":{"rendered":"<p>S\u00e3o Lu\u00eds &#8211; O espirituoso, divertido e querido designer de sapatos Cl\u00e1udio Carvalho vai comemorar 15 anos de um evento [&hellip;]<\/p>\n","protected":false},"author":4,"featured_media":0,"comment_status":"open","ping_status":"open","sticky":false,"template":"","format":"standard","meta":{"site-sidebar-layout":"default","site-content-layout":"","ast-site-content-layout":"default","site-content-style":"default","site-sidebar-style":"default","ast-global-header-display":"","ast-banner-title-visibility":"","ast-main-header-display":"","ast-hfb-above-header-display":"","ast-hfb-below-header-display":"","ast-hfb-mobile-header-display":"","site-post-title":"","ast-breadcrumbs-content":"","ast-featured-img":"","footer-sml-layout":"","ast-disable-related-posts":"","theme-transparent-header-meta":"","adv-header-id-meta":"","stick-header-meta":"","header-above-stick-meta":"","header-main-stick-meta":"","header-below-stick-meta":"","astra-migrate-meta-layouts":"default","ast-page-background-enabled":"default","ast-page-background-meta":{"desktop":{"background-color":"var(--ast-global-color-5)","background-image":"","background-repeat":"repeat","background-position":"center center","background-size":"auto","background-attachment":"scroll","background-type":"","background-media":"","overlay-type":"","overlay-color":"","overlay-opacity":"","overlay-gradient":""},"tablet":{"background-color":"","background-image":"","background-repeat":"repeat","background-position":"center center","background-size":"auto","background-attachment":"scroll","background-type":"","background-media":"","overlay-type":"","overlay-color":"","overlay-opacity":"","overlay-gradient":""},"mobile":{"background-color":"","background-image":"","background-repeat":"repeat","background-position":"center center","background-size":"auto","background-attachment":"scroll","background-type":"","background-media":"","overlay-type":"","overlay-color":"","overlay-opacity":"","overlay-gradient":""}},"ast-content-background-meta":{"desktop":{"background-color":"var(--ast-global-color-4)","background-image":"","background-repeat":"repeat","background-position":"center center","background-size":"auto","background-attachment":"scroll","background-type":"","background-media":"","overlay-type":"","overlay-color":"","overlay-opacity":"","overlay-gradient":""},"tablet":{"background-color":"var(--ast-global-color-4)","background-image":"","background-repeat":"repeat","background-position":"center center","background-size":"auto","background-attachment":"scroll","background-type":"","background-media":"","overlay-type":"","overlay-color":"","overlay-opacity":"","overlay-gradient":""},"mobile":{"background-color":"var(--ast-global-color-4)","background-image":"","background-repeat":"repeat","background-position":"center center","background-size":"auto","background-attachment":"scroll","background-type":"","background-media":"","overlay-type":"","overlay-color":"","overlay-opacity":"","overlay-gradient":""}},"footnotes":""},"categories":[1],"tags":[],"class_list":["post-11463","post","type-post","status-publish","format-standard","hentry","category-sem-categoria"],"yoast_head":"<!-- This site is optimized with the Yoast SEO plugin v26.6 - https:\/\/yoast.com\/wordpress\/plugins\/seo\/ -->\n<title>Cl\u00e1udio Carvalho anuncia programa\u00e7\u00e3o de festa junina durante jantar intimista - Evandro Junior<\/title>\n<meta name=\"robots\" content=\"index, follow, max-snippet:-1, max-image-preview:large, max-video-preview:-1\" \/>\n<link rel=\"canonical\" href=\"https:\/\/www.blogsoestado.com\/evandrojunior\/2024\/04\/05\/claudio-carvalho-anuncia-programacao-de-festa-junina-durante-jantar-intimista\/\" \/>\n<meta property=\"og:locale\" content=\"pt_BR\" \/>\n<meta property=\"og:type\" content=\"article\" \/>\n<meta property=\"og:title\" content=\"Cl\u00e1udio Carvalho anuncia programa\u00e7\u00e3o de festa junina durante jantar intimista - Evandro Junior\" \/>\n<meta property=\"og:description\" content=\"S\u00e3o Lu\u00eds &#8211; O espirituoso, divertido e querido designer de sapatos Cl\u00e1udio Carvalho vai comemorar 15 anos de um evento [&hellip;]\" \/>\n<meta property=\"og:url\" content=\"https:\/\/www.blogsoestado.com\/evandrojunior\/2024\/04\/05\/claudio-carvalho-anuncia-programacao-de-festa-junina-durante-jantar-intimista\/\" \/>\n<meta property=\"og:site_name\" content=\"Evandro Junior\" \/>\n<meta property=\"article:published_time\" content=\"2024-04-05T21:27:21+00:00\" \/>\n<meta property=\"og:image\" content=\"https:\/\/www.blogsoestado.com\/evandrojunior\/files\/2024\/04\/WhatsApp-Image-2024-04-05-at-17.33.31-1024x826.jpeg\" \/>\n<meta name=\"author\" content=\"Evandro Junior\" \/>\n<meta name=\"twitter:card\" content=\"summary_large_image\" \/>\n<meta name=\"twitter:label1\" content=\"Escrito por\" \/>\n\t<meta name=\"twitter:data1\" content=\"Evandro Junior\" \/>\n\t<meta name=\"twitter:label2\" content=\"Est. tempo de leitura\" \/>\n\t<meta name=\"twitter:data2\" content=\"3 minutos\" \/>\n<script type=\"application\/ld+json\" class=\"yoast-schema-graph\">{\"@context\":\"https:\/\/schema.org\",\"@graph\":[{\"@type\":\"WebPage\",\"@id\":\"https:\/\/www.blogsoestado.com\/evandrojunior\/2024\/04\/05\/claudio-carvalho-anuncia-programacao-de-festa-junina-durante-jantar-intimista\/\",\"url\":\"https:\/\/www.blogsoestado.com\/evandrojunior\/2024\/04\/05\/claudio-carvalho-anuncia-programacao-de-festa-junina-durante-jantar-intimista\/\",\"name\":\"Cl\u00e1udio Carvalho anuncia programa\u00e7\u00e3o de festa junina durante jantar intimista - Evandro Junior\",\"isPartOf\":{\"@id\":\"https:\/\/www.blogsoestado.com\/evandrojunior\/#website\"},\"primaryImageOfPage\":{\"@id\":\"https:\/\/www.blogsoestado.com\/evandrojunior\/2024\/04\/05\/claudio-carvalho-anuncia-programacao-de-festa-junina-durante-jantar-intimista\/#primaryimage\"},\"image\":{\"@id\":\"https:\/\/www.blogsoestado.com\/evandrojunior\/2024\/04\/05\/claudio-carvalho-anuncia-programacao-de-festa-junina-durante-jantar-intimista\/#primaryimage\"},\"thumbnailUrl\":\"https:\/\/www.blogsoestado.com\/evandrojunior\/files\/2024\/04\/WhatsApp-Image-2024-04-05-at-17.33.31-1024x826.jpeg\",\"datePublished\":\"2024-04-05T21:27:21+00:00\",\"author\":{\"@id\":\"https:\/\/www.blogsoestado.com\/evandrojunior\/#\/schema\/person\/3e6c3d8dbb740d1c6878ebc935cfb3be\"},\"breadcrumb\":{\"@id\":\"https:\/\/www.blogsoestado.com\/evandrojunior\/2024\/04\/05\/claudio-carvalho-anuncia-programacao-de-festa-junina-durante-jantar-intimista\/#breadcrumb\"},\"inLanguage\":\"pt-BR\",\"potentialAction\":[{\"@type\":\"ReadAction\",\"target\":[\"https:\/\/www.blogsoestado.com\/evandrojunior\/2024\/04\/05\/claudio-carvalho-anuncia-programacao-de-festa-junina-durante-jantar-intimista\/\"]}]},{\"@type\":\"ImageObject\",\"inLanguage\":\"pt-BR\",\"@id\":\"https:\/\/www.blogsoestado.com\/evandrojunior\/2024\/04\/05\/claudio-carvalho-anuncia-programacao-de-festa-junina-durante-jantar-intimista\/#primaryimage\",\"url\":\"https:\/\/www.blogsoestado.com\/evandrojunior\/files\/2024\/04\/WhatsApp-Image-2024-04-05-at-17.33.31-1024x826.jpeg\",\"contentUrl\":\"https:\/\/www.blogsoestado.com\/evandrojunior\/files\/2024\/04\/WhatsApp-Image-2024-04-05-at-17.33.31-1024x826.jpeg\"},{\"@type\":\"BreadcrumbList\",\"@id\":\"https:\/\/www.blogsoestado.com\/evandrojunior\/2024\/04\/05\/claudio-carvalho-anuncia-programacao-de-festa-junina-durante-jantar-intimista\/#breadcrumb\",\"itemListElement\":[{\"@type\":\"ListItem\",\"position\":1,\"name\":\"In\u00edcio\",\"item\":\"https:\/\/www.blogsoestado.com\/evandrojunior\/\"},{\"@type\":\"ListItem\",\"position\":2,\"name\":\"Cl\u00e1udio Carvalho anuncia programa\u00e7\u00e3o de festa junina durante jantar intimista\"}]},{\"@type\":\"WebSite\",\"@id\":\"https:\/\/www.blogsoestado.com\/evandrojunior\/#website\",\"url\":\"https:\/\/www.blogsoestado.com\/evandrojunior\/\",\"name\":\"Evandro Junior\",\"description\":\"\",\"potentialAction\":[{\"@type\":\"SearchAction\",\"target\":{\"@type\":\"EntryPoint\",\"urlTemplate\":\"https:\/\/www.blogsoestado.com\/evandrojunior\/?s={search_term_string}\"},\"query-input\":{\"@type\":\"PropertyValueSpecification\",\"valueRequired\":true,\"valueName\":\"search_term_string\"}}],\"inLanguage\":\"pt-BR\"},{\"@type\":\"Person\",\"@id\":\"https:\/\/www.blogsoestado.com\/evandrojunior\/#\/schema\/person\/3e6c3d8dbb740d1c6878ebc935cfb3be\",\"name\":\"Evandro Junior\",\"image\":{\"@type\":\"ImageObject\",\"inLanguage\":\"pt-BR\",\"@id\":\"https:\/\/www.blogsoestado.com\/evandrojunior\/#\/schema\/person\/image\/\",\"url\":\"https:\/\/secure.gravatar.com\/avatar\/f80a03a2294a580cd2318bfb459bf354cfa8be661ef3d95b542cf9a04af8d129?s=96&d=mm&r=g\",\"contentUrl\":\"https:\/\/secure.gravatar.com\/avatar\/f80a03a2294a580cd2318bfb459bf354cfa8be661ef3d95b542cf9a04af8d129?s=96&d=mm&r=g\",\"caption\":\"Evandro Junior\"},\"url\":\"https:\/\/www.blogsoestado.com\/evandrojunior\/author\/evandrojunior\/\"}]}<\/script>\n<!-- \/ Yoast SEO plugin. -->","yoast_head_json":{"title":"Cl\u00e1udio Carvalho anuncia programa\u00e7\u00e3o de festa junina durante jantar intimista - Evandro Junior","robots":{"index":"index","follow":"follow","max-snippet":"max-snippet:-1","max-image-preview":"max-image-preview:large","max-video-preview":"max-video-preview:-1"},"canonical":"https:\/\/www.blogsoestado.com\/evandrojunior\/2024\/04\/05\/claudio-carvalho-anuncia-programacao-de-festa-junina-durante-jantar-intimista\/","og_locale":"pt_BR","og_type":"article","og_title":"Cl\u00e1udio Carvalho anuncia programa\u00e7\u00e3o de festa junina durante jantar intimista - Evandro Junior","og_description":"S\u00e3o Lu\u00eds &#8211; O espirituoso, divertido e querido designer de sapatos Cl\u00e1udio Carvalho vai comemorar 15 anos de um evento [&hellip;]","og_url":"https:\/\/www.blogsoestado.com\/evandrojunior\/2024\/04\/05\/claudio-carvalho-anuncia-programacao-de-festa-junina-durante-jantar-intimista\/","og_site_name":"Evandro Junior","article_published_time":"2024-04-05T21:27:21+00:00","og_image":[{"url":"https:\/\/www.blogsoestado.com\/evandrojunior\/files\/2024\/04\/WhatsApp-Image-2024-04-05-at-17.33.31-1024x826.jpeg","type":"","width":"","height":""}],"author":"Evandro Junior","twitter_card":"summary_large_image","twitter_misc":{"Escrito por":"Evandro Junior","Est. tempo de leitura":"3 minutos"},"schema":{"@context":"https:\/\/schema.org","@graph":[{"@type":"WebPage","@id":"https:\/\/www.blogsoestado.com\/evandrojunior\/2024\/04\/05\/claudio-carvalho-anuncia-programacao-de-festa-junina-durante-jantar-intimista\/","url":"https:\/\/www.blogsoestado.com\/evandrojunior\/2024\/04\/05\/claudio-carvalho-anuncia-programacao-de-festa-junina-durante-jantar-intimista\/","name":"Cl\u00e1udio Carvalho anuncia programa\u00e7\u00e3o de festa junina durante jantar intimista - Evandro Junior","isPartOf":{"@id":"https:\/\/www.blogsoestado.com\/evandrojunior\/#website"},"primaryImageOfPage":{"@id":"https:\/\/www.blogsoestado.com\/evandrojunior\/2024\/04\/05\/claudio-carvalho-anuncia-programacao-de-festa-junina-durante-jantar-intimista\/#primaryimage"},"image":{"@id":"https:\/\/www.blogsoestado.com\/evandrojunior\/2024\/04\/05\/claudio-carvalho-anuncia-programacao-de-festa-junina-durante-jantar-intimista\/#primaryimage"},"thumbnailUrl":"https:\/\/www.blogsoestado.com\/evandrojunior\/files\/2024\/04\/WhatsApp-Image-2024-04-05-at-17.33.31-1024x826.jpeg","datePublished":"2024-04-05T21:27:21+00:00","author":{"@id":"https:\/\/www.blogsoestado.com\/evandrojunior\/#\/schema\/person\/3e6c3d8dbb740d1c6878ebc935cfb3be"},"breadcrumb":{"@id":"https:\/\/www.blogsoestado.com\/evandrojunior\/2024\/04\/05\/claudio-carvalho-anuncia-programacao-de-festa-junina-durante-jantar-intimista\/#breadcrumb"},"inLanguage":"pt-BR","potentialAction":[{"@type":"ReadAction","target":["https:\/\/www.blogsoestado.com\/evandrojunior\/2024\/04\/05\/claudio-carvalho-anuncia-programacao-de-festa-junina-durante-jantar-intimista\/"]}]},{"@type":"ImageObject","inLanguage":"pt-BR","@id":"https:\/\/www.blogsoestado.com\/evandrojunior\/2024\/04\/05\/claudio-carvalho-anuncia-programacao-de-festa-junina-durante-jantar-intimista\/#primaryimage","url":"https:\/\/www.blogsoestado.com\/evandrojunior\/files\/2024\/04\/WhatsApp-Image-2024-04-05-at-17.33.31-1024x826.jpeg","contentUrl":"https:\/\/www.blogsoestado.com\/evandrojunior\/files\/2024\/04\/WhatsApp-Image-2024-04-05-at-17.33.31-1024x826.jpeg"},{"@type":"BreadcrumbList","@id":"https:\/\/www.blogsoestado.com\/evandrojunior\/2024\/04\/05\/claudio-carvalho-anuncia-programacao-de-festa-junina-durante-jantar-intimista\/#breadcrumb","itemListElement":[{"@type":"ListItem","position":1,"name":"In\u00edcio","item":"https:\/\/www.blogsoestado.com\/evandrojunior\/"},{"@type":"ListItem","position":2,"name":"Cl\u00e1udio Carvalho anuncia programa\u00e7\u00e3o de festa junina durante jantar intimista"}]},{"@type":"WebSite","@id":"https:\/\/www.blogsoestado.com\/evandrojunior\/#website","url":"https:\/\/www.blogsoestado.com\/evandrojunior\/","name":"Evandro Junior","description":"","potentialAction":[{"@type":"SearchAction","target":{"@type":"EntryPoint","urlTemplate":"https:\/\/www.blogsoestado.com\/evandrojunior\/?s={search_term_string}"},"query-input":{"@type":"PropertyValueSpecification","valueRequired":true,"valueName":"search_term_string"}}],"inLanguage":"pt-BR"},{"@type":"Person","@id":"https:\/\/www.blogsoestado.com\/evandrojunior\/#\/schema\/person\/3e6c3d8dbb740d1c6878ebc935cfb3be","name":"Evandro Junior","image":{"@type":"ImageObject","inLanguage":"pt-BR","@id":"https:\/\/www.blogsoestado.com\/evandrojunior\/#\/schema\/person\/image\/","url":"https:\/\/secure.gravatar.com\/avatar\/f80a03a2294a580cd2318bfb459bf354cfa8be661ef3d95b542cf9a04af8d129?s=96&d=mm&r=g","contentUrl":"https:\/\/secure.gravatar.com\/avatar\/f80a03a2294a580cd2318bfb459bf354cfa8be661ef3d95b542cf9a04af8d129?s=96&d=mm&r=g","caption":"Evandro Junior"},"url":"https:\/\/www.blogsoestado.com\/evandrojunior\/author\/evandrojunior\/"}]}},"jetpack_featured_media_url":"","_links":{"self":[{"href":"https:\/\/www.blogsoestado.com\/evandrojunior\/wp-json\/wp\/v2\/posts\/11463","targetHints":{"allow":["GET"]}}],"collection":[{"href":"https:\/\/www.blogsoestado.com\/evandrojunior\/wp-json\/wp\/v2\/posts"}],"about":[{"href":"https:\/\/www.blogsoestado.com\/evandrojunior\/wp-json\/wp\/v2\/types\/post"}],"author":[{"embeddable":true,"href":"https:\/\/www.blogsoestado.com\/evandrojunior\/wp-json\/wp\/v2\/users\/4"}],"replies":[{"embeddable":true,"href":"https:\/\/www.blogsoestado.com\/evandrojunior\/wp-json\/wp\/v2\/comments?post=11463"}],"version-history":[{"count":0,"href":"https:\/\/www.blogsoestado.com\/evandrojunior\/wp-json\/wp\/v2\/posts\/11463\/revisions"}],"wp:attachment":[{"href":"https:\/\/www.blogsoestado.com\/evandrojunior\/wp-json\/wp\/v2\/media?parent=11463"}],"wp:term":[{"taxonomy":"category","embeddable":true,"href":"https:\/\/www.blogsoestado.com\/evandrojunior\/wp-json\/wp\/v2\/categories?post=11463"},{"taxonomy":"post_tag","embeddable":true,"href":"https:\/\/www.blogsoestado.com\/evandrojunior\/wp-json\/wp\/v2\/tags?post=11463"}],"curies":[{"name":"wp","href":"https:\/\/api.w.org\/{rel}","templated":true}]}}