{"id":11482,"date":"2024-04-08T14:58:15","date_gmt":"2024-04-08T17:58:15","guid":{"rendered":"https:\/\/www.blogsoestado.com\/evandrojunior\/?p=11482"},"modified":"2024-04-08T14:58:15","modified_gmt":"2024-04-08T17:58:15","slug":"equatorial-maranhao-explica-criterio-para-descontos-na-conta-de-energia","status":"publish","type":"post","link":"https:\/\/www.blogsoestado.com\/evandrojunior\/2024\/04\/08\/equatorial-maranhao-explica-criterio-para-descontos-na-conta-de-energia\/","title":{"rendered":"Equatorial Maranh\u00e3o explica crit\u00e9rio para descontos na conta de energia"},"content":{"rendered":"\n<div class=\"wp-block-image\"><figure class=\"aligncenter size-large is-resized\"><img fetchpriority=\"high\" decoding=\"async\" src=\"https:\/\/www.blogsoestado.com\/evandrojunior\/files\/2024\/04\/WhatsApp-Image-2024-04-08-at-08.10.14-1024x765.jpeg\" alt=\"\" class=\"wp-image-11483\" width=\"575\" height=\"429\"\/><figcaption><strong>Programa do Governo Federal garante descontos de at\u00e9 65% na fatura de energia para fam\u00edlias de baixa renda<\/strong><\/figcaption><\/figure><\/div>\n\n\n\n<p><strong>S\u00e3o Lu\u00eds<\/strong> &#8211; A Tarifa Social de Energia El\u00e9trica (TSEE) \u00e9 um programa do Governo Federal que garante descontos de at\u00e9 65% na fatura de energia para fam\u00edlias de baixa renda, que seguem os crit\u00e9rios regulados pela Ag\u00eancia Nacional de Energia El\u00e9trica- ANEEL. Dentre essas fam\u00edlias que se enquadram nos crit\u00e9rios est\u00e3o as pessoas com defici\u00eancia que possuem o Benef\u00edcio de Presta\u00e7\u00e3o Continuada da Assist\u00eancia Social (BPC).<\/p>\n\n\n\n<p>E no m\u00eas de abril, em que se comemora o Dia Nacional de Conscientiza\u00e7\u00e3o sobre o Autismo, a Distribuidora chama a aten\u00e7\u00e3o das pessoas que possuem autistas na fam\u00edlia e possam se encaixar no perfil de benefici\u00e1rios, j\u00e1 que o tratamento do autismo est\u00e1 muito relacionado a procedimentos m\u00e9dicos ou terap\u00eauticos que requeiram o uso continuado de aparelhos, equipamentos ou instrumentos que, demandem consumo de energia el\u00e9trica para funcionamento.<\/p>\n\n\n\n<p><strong>Veja abaixo, quem pode ter direito ao TSEE:<\/strong><\/p>\n\n\n\n<ul class=\"wp-block-list\"><li>Fam\u00edlias inscritas no Cad\u00danico (Cadastro \u00danico) com renda mensal por pessoa de at\u00e9 meio sal\u00e1rio m\u00ednimo (at\u00e9 R$ 706);<\/li><li>Fam\u00edlias no Cad\u00danico com renda mensal total de at\u00e9 tr\u00eas sal\u00e1rios m\u00ednimos (R$ 4.236), que tenham uma pessoa com defici\u00eancia f\u00edsica cujo tratamento necessite de uso continuado de aparelhos que usem energia el\u00e9trica (\u00e9 necess\u00e1rio emiss\u00e3o de laudo m\u00e9dico);<\/li><li>Idosos com 65 anos ou mais que recebem o Benef\u00edcio de Presta\u00e7\u00e3o Continuada da Assist\u00eancia Social (BPC);<\/li><li>Pessoas com defici\u00eancia que recebem, ou n\u00e3o o BPC (aqui se encaixam os casos de autistas)<\/li><\/ul>\n\n\n\n<p>De acordo com a gerente de Relacionamento da Equatorial Maranh\u00e3o, Francila Soares, a Tarifa Social \u00e9 um importante benef\u00edcio que vem fazendo a diferen\u00e7a no or\u00e7amento das fam\u00edlias de baixa renda maranhenses, mas que muitos ainda est\u00e3o deixando de receber. <\/p>\n\n\n\n<p>&#8220;Hoje no Maranh\u00e3o, mais de 1 milh\u00e3o e 100 mil de fam\u00edlias s\u00e3o beneficiadas pelo TSEE, e deste total mais de 55 mil s\u00e3o benefici\u00e1rias por meio do BPC. Mas, ainda existem mais de 480 mil fam\u00edlias aptas a receber o desconto, mas que n\u00e3o est\u00e3o recebendo por falta de atualiza\u00e7\u00e3o cadastral ou falta de conhecimento a respeito do benef\u00edcio. E eu chamo a aten\u00e7\u00e3o neste m\u00eas de abril, em que se comemora o Dia Nacional de Conscientiza\u00e7\u00e3o sobre o Autismo, que em todo o Maranh\u00e3o ainda existem 115 mil fam\u00edlias que possuem o BPC e est\u00e3o deixando de pagar menos na conta de energia. Certamente, dentre essas fam\u00edlias h\u00e1 casos de autistas, que poderiam estar usufruindo de um bom desconto na conta de energia&#8221;, destacou Francila Soares.<\/p>\n\n\n\n<p><strong>Saiba o que \u00e9 necess\u00e1rio para realiza\u00e7\u00e3o de cadastro em casos de autistas:<\/strong><\/p>\n\n\n\n<p>Para ter direito ao benef\u00edcio \u00e9 muito importante ter total aten\u00e7\u00e3o ao que diz a lei. Para isso, basta consultar os artigos 177, inciso III e artigo 178 da Resolu\u00e7\u00e3o 1.000 da ANEEL:<\/p>\n\n\n\n<p>Artigo 177 &#8211; fam\u00edlia inscrita no Cad\u00danico que possua:<\/p>\n\n\n\n<p>&#8220;a) renda mensal menor ou igual a tr\u00eas sal\u00e1rios-m\u00ednimos; e<br>b) portador de doen\u00e7a ou defici\u00eancia (f\u00edsica, motora, auditiva, visual, intelectual e m\u00faltipla) cujo tratamento, procedimento m\u00e9dico ou terap\u00eautico requeira o uso continuado de aparelhos, equipamentos ou instrumentos que, para o seu funcionamento, demandem consumo de energia el\u00e9trica.&#8221;<\/p>\n\n\n\n<p><strong>O Artigo 178, traz a especifica\u00e7\u00e3o do que deve constar no laudo, para enquadrar no inciso III:<\/strong><\/p>\n\n\n\n<p>&#8220;Art. 178. Para enquadramento no inciso III do caput do art. 177, conforme disposi\u00e7\u00f5es da Portaria Interministerial MME\/MS n\u00ba 630, de 8 de novembro de 2011, devem ser apresentados \u00e0 distribuidora o relat\u00f3rio e o atestado assinado por profissional m\u00e9dico, contendo as seguintes informa\u00e7\u00f5es:<br>I &#8211; Dados de identifica\u00e7\u00e3o do portador de doen\u00e7a ou com defici\u00eancia, com o N\u00famero de Identifica\u00e7\u00e3o Social \u2013 NIS ou o C\u00f3digo Familiar do Cad\u00danico;<br>II &#8211; Descri\u00e7\u00e3o da situa\u00e7\u00e3o cl\u00ednica e de sa\u00fade do morador portador da doen\u00e7a ou com defici\u00eancia;<br>III &#8211; Classifica\u00e7\u00e3o Estat\u00edstica Internacional de Doen\u00e7as e Problemas Relacionados \u00e0 Sa\u00fade \u2013 CID;<br>IV &#8211; Descri\u00e7\u00e3o dos aparelhos, equipamentos ou instrumentos el\u00e9tricos utilizados no tratamento;<br>V &#8211; Previs\u00e3o do per\u00edodo de uso continuado e n\u00famero de horas mensais de utiliza\u00e7\u00e3o de cada aparelho, equipamento ou instrumento;<br>VI &#8211; N\u00famero de inscri\u00e7\u00e3o do profissional m\u00e9dico respons\u00e1vel no Conselho Regional de Medicina \u2013 CRM;<br>VII &#8211; homologa\u00e7\u00e3o pela secretaria de sa\u00fade municipal ou distrital, no caso em que o profissional m\u00e9dico n\u00e3o atue no \u00e2mbito do Sistema \u00danico de Sa\u00fade \u2013 SUS ou em estabelecimento particular conveniado; e<br>VIII &#8211; endere\u00e7o da unidade consumidora.&#8221;<\/p>\n\n\n\n<p><strong>H\u00e1 um autista na fam\u00edlia, mas ele n\u00e3o est\u00e1 inscrito na Tarifa Social<\/strong><\/p>\n\n\n\n<p>Nos casos em que a fam\u00edlia ainda n\u00e3o est\u00e1 cadastrada, o primeiro passo \u00e9 buscar urgentemente o CRAS mais pr\u00f3ximos e dar entrada no Cad\u00danico informando todos os documentos e laudos solicitados (vide artigo 177 e 178 da Resolu\u00e7\u00e3o 1.000 da ANEEL). <\/p>\n\n\n\n<p>Somente ap\u00f3s esse passo fundamental ser\u00e1 poss\u00edvel obter o benef\u00edcio da Tarifa Social de Energia El\u00e9trica, pois s\u00e3o as secretarias de assist\u00eancia social que analisam a renda e os dados do cliente, para identificar se ele se enquadra nos benef\u00edcios do Governo Federal.<\/p>\n\n\n\n<p><\/p>\n","protected":false},"excerpt":{"rendered":"<p>S\u00e3o Lu\u00eds &#8211; A Tarifa Social de Energia El\u00e9trica (TSEE) \u00e9 um programa do Governo Federal que garante descontos de [&hellip;]<\/p>\n","protected":false},"author":4,"featured_media":0,"comment_status":"open","ping_status":"open","sticky":false,"template":"","format":"standard","meta":{"site-sidebar-layout":"default","site-content-layout":"","ast-site-content-layout":"default","site-content-style":"default","site-sidebar-style":"default","ast-global-header-display":"","ast-banner-title-visibility":"","ast-main-header-display":"","ast-hfb-above-header-display":"","ast-hfb-below-header-display":"","ast-hfb-mobile-header-display":"","site-post-title":"","ast-breadcrumbs-content":"","ast-featured-img":"","footer-sml-layout":"","ast-disable-related-posts":"","theme-transparent-header-meta":"","adv-header-id-meta":"","stick-header-meta":"","header-above-stick-meta":"","header-main-stick-meta":"","header-below-stick-meta":"","astra-migrate-meta-layouts":"default","ast-page-background-enabled":"default","ast-page-background-meta":{"desktop":{"background-color":"var(--ast-global-color-5)","background-image":"","background-repeat":"repeat","background-position":"center center","background-size":"auto","background-attachment":"scroll","background-type":"","background-media":"","overlay-type":"","overlay-color":"","overlay-opacity":"","overlay-gradient":""},"tablet":{"background-color":"","background-image":"","background-repeat":"repeat","background-position":"center center","background-size":"auto","background-attachment":"scroll","background-type":"","background-media":"","overlay-type":"","overlay-color":"","overlay-opacity":"","overlay-gradient":""},"mobile":{"background-color":"","background-image":"","background-repeat":"repeat","background-position":"center center","background-size":"auto","background-attachment":"scroll","background-type":"","background-media":"","overlay-type":"","overlay-color":"","overlay-opacity":"","overlay-gradient":""}},"ast-content-background-meta":{"desktop":{"background-color":"var(--ast-global-color-4)","background-image":"","background-repeat":"repeat","background-position":"center center","background-size":"auto","background-attachment":"scroll","background-type":"","background-media":"","overlay-type":"","overlay-color":"","overlay-opacity":"","overlay-gradient":""},"tablet":{"background-color":"var(--ast-global-color-4)","background-image":"","background-repeat":"repeat","background-position":"center center","background-size":"auto","background-attachment":"scroll","background-type":"","background-media":"","overlay-type":"","overlay-color":"","overlay-opacity":"","overlay-gradient":""},"mobile":{"background-color":"var(--ast-global-color-4)","background-image":"","background-repeat":"repeat","background-position":"center center","background-size":"auto","background-attachment":"scroll","background-type":"","background-media":"","overlay-type":"","overlay-color":"","overlay-opacity":"","overlay-gradient":""}},"footnotes":""},"categories":[1],"tags":[],"class_list":["post-11482","post","type-post","status-publish","format-standard","hentry","category-sem-categoria"],"yoast_head":"<!-- This site is optimized with the Yoast SEO plugin v26.6 - https:\/\/yoast.com\/wordpress\/plugins\/seo\/ -->\n<title>Equatorial Maranh\u00e3o explica crit\u00e9rio para descontos na conta de energia - Evandro Junior<\/title>\n<meta name=\"robots\" content=\"index, follow, max-snippet:-1, max-image-preview:large, max-video-preview:-1\" \/>\n<link rel=\"canonical\" href=\"https:\/\/www.blogsoestado.com\/evandrojunior\/2024\/04\/08\/equatorial-maranhao-explica-criterio-para-descontos-na-conta-de-energia\/\" \/>\n<meta property=\"og:locale\" content=\"pt_BR\" \/>\n<meta property=\"og:type\" content=\"article\" \/>\n<meta property=\"og:title\" content=\"Equatorial Maranh\u00e3o explica crit\u00e9rio para descontos na conta de energia - Evandro Junior\" \/>\n<meta property=\"og:description\" content=\"S\u00e3o Lu\u00eds &#8211; A Tarifa Social de Energia El\u00e9trica (TSEE) \u00e9 um programa do Governo Federal que garante descontos de [&hellip;]\" \/>\n<meta property=\"og:url\" content=\"https:\/\/www.blogsoestado.com\/evandrojunior\/2024\/04\/08\/equatorial-maranhao-explica-criterio-para-descontos-na-conta-de-energia\/\" \/>\n<meta property=\"og:site_name\" content=\"Evandro Junior\" \/>\n<meta property=\"article:published_time\" content=\"2024-04-08T17:58:15+00:00\" \/>\n<meta property=\"og:image\" content=\"https:\/\/www.blogsoestado.com\/evandrojunior\/files\/2024\/04\/WhatsApp-Image-2024-04-08-at-08.10.14-1024x765.jpeg\" \/>\n<meta name=\"author\" content=\"Evandro Junior\" \/>\n<meta name=\"twitter:card\" content=\"summary_large_image\" \/>\n<meta name=\"twitter:label1\" content=\"Escrito por\" \/>\n\t<meta name=\"twitter:data1\" content=\"Evandro Junior\" \/>\n\t<meta name=\"twitter:label2\" content=\"Est. tempo de leitura\" \/>\n\t<meta name=\"twitter:data2\" content=\"4 minutos\" \/>\n<script type=\"application\/ld+json\" class=\"yoast-schema-graph\">{\"@context\":\"https:\/\/schema.org\",\"@graph\":[{\"@type\":\"WebPage\",\"@id\":\"https:\/\/www.blogsoestado.com\/evandrojunior\/2024\/04\/08\/equatorial-maranhao-explica-criterio-para-descontos-na-conta-de-energia\/\",\"url\":\"https:\/\/www.blogsoestado.com\/evandrojunior\/2024\/04\/08\/equatorial-maranhao-explica-criterio-para-descontos-na-conta-de-energia\/\",\"name\":\"Equatorial Maranh\u00e3o explica crit\u00e9rio para descontos na conta de energia - Evandro Junior\",\"isPartOf\":{\"@id\":\"https:\/\/www.blogsoestado.com\/evandrojunior\/#website\"},\"primaryImageOfPage\":{\"@id\":\"https:\/\/www.blogsoestado.com\/evandrojunior\/2024\/04\/08\/equatorial-maranhao-explica-criterio-para-descontos-na-conta-de-energia\/#primaryimage\"},\"image\":{\"@id\":\"https:\/\/www.blogsoestado.com\/evandrojunior\/2024\/04\/08\/equatorial-maranhao-explica-criterio-para-descontos-na-conta-de-energia\/#primaryimage\"},\"thumbnailUrl\":\"https:\/\/www.blogsoestado.com\/evandrojunior\/files\/2024\/04\/WhatsApp-Image-2024-04-08-at-08.10.14-1024x765.jpeg\",\"datePublished\":\"2024-04-08T17:58:15+00:00\",\"author\":{\"@id\":\"https:\/\/www.blogsoestado.com\/evandrojunior\/#\/schema\/person\/3e6c3d8dbb740d1c6878ebc935cfb3be\"},\"breadcrumb\":{\"@id\":\"https:\/\/www.blogsoestado.com\/evandrojunior\/2024\/04\/08\/equatorial-maranhao-explica-criterio-para-descontos-na-conta-de-energia\/#breadcrumb\"},\"inLanguage\":\"pt-BR\",\"potentialAction\":[{\"@type\":\"ReadAction\",\"target\":[\"https:\/\/www.blogsoestado.com\/evandrojunior\/2024\/04\/08\/equatorial-maranhao-explica-criterio-para-descontos-na-conta-de-energia\/\"]}]},{\"@type\":\"ImageObject\",\"inLanguage\":\"pt-BR\",\"@id\":\"https:\/\/www.blogsoestado.com\/evandrojunior\/2024\/04\/08\/equatorial-maranhao-explica-criterio-para-descontos-na-conta-de-energia\/#primaryimage\",\"url\":\"https:\/\/www.blogsoestado.com\/evandrojunior\/files\/2024\/04\/WhatsApp-Image-2024-04-08-at-08.10.14-1024x765.jpeg\",\"contentUrl\":\"https:\/\/www.blogsoestado.com\/evandrojunior\/files\/2024\/04\/WhatsApp-Image-2024-04-08-at-08.10.14-1024x765.jpeg\"},{\"@type\":\"BreadcrumbList\",\"@id\":\"https:\/\/www.blogsoestado.com\/evandrojunior\/2024\/04\/08\/equatorial-maranhao-explica-criterio-para-descontos-na-conta-de-energia\/#breadcrumb\",\"itemListElement\":[{\"@type\":\"ListItem\",\"position\":1,\"name\":\"In\u00edcio\",\"item\":\"https:\/\/www.blogsoestado.com\/evandrojunior\/\"},{\"@type\":\"ListItem\",\"position\":2,\"name\":\"Equatorial Maranh\u00e3o explica crit\u00e9rio para descontos na conta de energia\"}]},{\"@type\":\"WebSite\",\"@id\":\"https:\/\/www.blogsoestado.com\/evandrojunior\/#website\",\"url\":\"https:\/\/www.blogsoestado.com\/evandrojunior\/\",\"name\":\"Evandro Junior\",\"description\":\"\",\"potentialAction\":[{\"@type\":\"SearchAction\",\"target\":{\"@type\":\"EntryPoint\",\"urlTemplate\":\"https:\/\/www.blogsoestado.com\/evandrojunior\/?s={search_term_string}\"},\"query-input\":{\"@type\":\"PropertyValueSpecification\",\"valueRequired\":true,\"valueName\":\"search_term_string\"}}],\"inLanguage\":\"pt-BR\"},{\"@type\":\"Person\",\"@id\":\"https:\/\/www.blogsoestado.com\/evandrojunior\/#\/schema\/person\/3e6c3d8dbb740d1c6878ebc935cfb3be\",\"name\":\"Evandro Junior\",\"image\":{\"@type\":\"ImageObject\",\"inLanguage\":\"pt-BR\",\"@id\":\"https:\/\/www.blogsoestado.com\/evandrojunior\/#\/schema\/person\/image\/\",\"url\":\"https:\/\/secure.gravatar.com\/avatar\/f80a03a2294a580cd2318bfb459bf354cfa8be661ef3d95b542cf9a04af8d129?s=96&d=mm&r=g\",\"contentUrl\":\"https:\/\/secure.gravatar.com\/avatar\/f80a03a2294a580cd2318bfb459bf354cfa8be661ef3d95b542cf9a04af8d129?s=96&d=mm&r=g\",\"caption\":\"Evandro Junior\"},\"url\":\"https:\/\/www.blogsoestado.com\/evandrojunior\/author\/evandrojunior\/\"}]}<\/script>\n<!-- \/ Yoast SEO plugin. -->","yoast_head_json":{"title":"Equatorial Maranh\u00e3o explica crit\u00e9rio para descontos na conta de energia - Evandro Junior","robots":{"index":"index","follow":"follow","max-snippet":"max-snippet:-1","max-image-preview":"max-image-preview:large","max-video-preview":"max-video-preview:-1"},"canonical":"https:\/\/www.blogsoestado.com\/evandrojunior\/2024\/04\/08\/equatorial-maranhao-explica-criterio-para-descontos-na-conta-de-energia\/","og_locale":"pt_BR","og_type":"article","og_title":"Equatorial Maranh\u00e3o explica crit\u00e9rio para descontos na conta de energia - Evandro Junior","og_description":"S\u00e3o Lu\u00eds &#8211; A Tarifa Social de Energia El\u00e9trica (TSEE) \u00e9 um programa do Governo Federal que garante descontos de [&hellip;]","og_url":"https:\/\/www.blogsoestado.com\/evandrojunior\/2024\/04\/08\/equatorial-maranhao-explica-criterio-para-descontos-na-conta-de-energia\/","og_site_name":"Evandro Junior","article_published_time":"2024-04-08T17:58:15+00:00","og_image":[{"url":"https:\/\/www.blogsoestado.com\/evandrojunior\/files\/2024\/04\/WhatsApp-Image-2024-04-08-at-08.10.14-1024x765.jpeg","type":"","width":"","height":""}],"author":"Evandro Junior","twitter_card":"summary_large_image","twitter_misc":{"Escrito por":"Evandro Junior","Est. tempo de leitura":"4 minutos"},"schema":{"@context":"https:\/\/schema.org","@graph":[{"@type":"WebPage","@id":"https:\/\/www.blogsoestado.com\/evandrojunior\/2024\/04\/08\/equatorial-maranhao-explica-criterio-para-descontos-na-conta-de-energia\/","url":"https:\/\/www.blogsoestado.com\/evandrojunior\/2024\/04\/08\/equatorial-maranhao-explica-criterio-para-descontos-na-conta-de-energia\/","name":"Equatorial Maranh\u00e3o explica crit\u00e9rio para descontos na conta de energia - Evandro Junior","isPartOf":{"@id":"https:\/\/www.blogsoestado.com\/evandrojunior\/#website"},"primaryImageOfPage":{"@id":"https:\/\/www.blogsoestado.com\/evandrojunior\/2024\/04\/08\/equatorial-maranhao-explica-criterio-para-descontos-na-conta-de-energia\/#primaryimage"},"image":{"@id":"https:\/\/www.blogsoestado.com\/evandrojunior\/2024\/04\/08\/equatorial-maranhao-explica-criterio-para-descontos-na-conta-de-energia\/#primaryimage"},"thumbnailUrl":"https:\/\/www.blogsoestado.com\/evandrojunior\/files\/2024\/04\/WhatsApp-Image-2024-04-08-at-08.10.14-1024x765.jpeg","datePublished":"2024-04-08T17:58:15+00:00","author":{"@id":"https:\/\/www.blogsoestado.com\/evandrojunior\/#\/schema\/person\/3e6c3d8dbb740d1c6878ebc935cfb3be"},"breadcrumb":{"@id":"https:\/\/www.blogsoestado.com\/evandrojunior\/2024\/04\/08\/equatorial-maranhao-explica-criterio-para-descontos-na-conta-de-energia\/#breadcrumb"},"inLanguage":"pt-BR","potentialAction":[{"@type":"ReadAction","target":["https:\/\/www.blogsoestado.com\/evandrojunior\/2024\/04\/08\/equatorial-maranhao-explica-criterio-para-descontos-na-conta-de-energia\/"]}]},{"@type":"ImageObject","inLanguage":"pt-BR","@id":"https:\/\/www.blogsoestado.com\/evandrojunior\/2024\/04\/08\/equatorial-maranhao-explica-criterio-para-descontos-na-conta-de-energia\/#primaryimage","url":"https:\/\/www.blogsoestado.com\/evandrojunior\/files\/2024\/04\/WhatsApp-Image-2024-04-08-at-08.10.14-1024x765.jpeg","contentUrl":"https:\/\/www.blogsoestado.com\/evandrojunior\/files\/2024\/04\/WhatsApp-Image-2024-04-08-at-08.10.14-1024x765.jpeg"},{"@type":"BreadcrumbList","@id":"https:\/\/www.blogsoestado.com\/evandrojunior\/2024\/04\/08\/equatorial-maranhao-explica-criterio-para-descontos-na-conta-de-energia\/#breadcrumb","itemListElement":[{"@type":"ListItem","position":1,"name":"In\u00edcio","item":"https:\/\/www.blogsoestado.com\/evandrojunior\/"},{"@type":"ListItem","position":2,"name":"Equatorial Maranh\u00e3o explica crit\u00e9rio para descontos na conta de energia"}]},{"@type":"WebSite","@id":"https:\/\/www.blogsoestado.com\/evandrojunior\/#website","url":"https:\/\/www.blogsoestado.com\/evandrojunior\/","name":"Evandro Junior","description":"","potentialAction":[{"@type":"SearchAction","target":{"@type":"EntryPoint","urlTemplate":"https:\/\/www.blogsoestado.com\/evandrojunior\/?s={search_term_string}"},"query-input":{"@type":"PropertyValueSpecification","valueRequired":true,"valueName":"search_term_string"}}],"inLanguage":"pt-BR"},{"@type":"Person","@id":"https:\/\/www.blogsoestado.com\/evandrojunior\/#\/schema\/person\/3e6c3d8dbb740d1c6878ebc935cfb3be","name":"Evandro Junior","image":{"@type":"ImageObject","inLanguage":"pt-BR","@id":"https:\/\/www.blogsoestado.com\/evandrojunior\/#\/schema\/person\/image\/","url":"https:\/\/secure.gravatar.com\/avatar\/f80a03a2294a580cd2318bfb459bf354cfa8be661ef3d95b542cf9a04af8d129?s=96&d=mm&r=g","contentUrl":"https:\/\/secure.gravatar.com\/avatar\/f80a03a2294a580cd2318bfb459bf354cfa8be661ef3d95b542cf9a04af8d129?s=96&d=mm&r=g","caption":"Evandro Junior"},"url":"https:\/\/www.blogsoestado.com\/evandrojunior\/author\/evandrojunior\/"}]}},"jetpack_featured_media_url":"","_links":{"self":[{"href":"https:\/\/www.blogsoestado.com\/evandrojunior\/wp-json\/wp\/v2\/posts\/11482","targetHints":{"allow":["GET"]}}],"collection":[{"href":"https:\/\/www.blogsoestado.com\/evandrojunior\/wp-json\/wp\/v2\/posts"}],"about":[{"href":"https:\/\/www.blogsoestado.com\/evandrojunior\/wp-json\/wp\/v2\/types\/post"}],"author":[{"embeddable":true,"href":"https:\/\/www.blogsoestado.com\/evandrojunior\/wp-json\/wp\/v2\/users\/4"}],"replies":[{"embeddable":true,"href":"https:\/\/www.blogsoestado.com\/evandrojunior\/wp-json\/wp\/v2\/comments?post=11482"}],"version-history":[{"count":0,"href":"https:\/\/www.blogsoestado.com\/evandrojunior\/wp-json\/wp\/v2\/posts\/11482\/revisions"}],"wp:attachment":[{"href":"https:\/\/www.blogsoestado.com\/evandrojunior\/wp-json\/wp\/v2\/media?parent=11482"}],"wp:term":[{"taxonomy":"category","embeddable":true,"href":"https:\/\/www.blogsoestado.com\/evandrojunior\/wp-json\/wp\/v2\/categories?post=11482"},{"taxonomy":"post_tag","embeddable":true,"href":"https:\/\/www.blogsoestado.com\/evandrojunior\/wp-json\/wp\/v2\/tags?post=11482"}],"curies":[{"name":"wp","href":"https:\/\/api.w.org\/{rel}","templated":true}]}}