{"id":11485,"date":"2024-04-09T11:08:35","date_gmt":"2024-04-09T14:08:35","guid":{"rendered":"https:\/\/www.blogsoestado.com\/evandrojunior\/?p=11485"},"modified":"2024-04-09T11:08:35","modified_gmt":"2024-04-09T14:08:35","slug":"alunos-das-areas-de-saude-promoverao-mutirao-na-praca-deodoro","status":"publish","type":"post","link":"https:\/\/www.blogsoestado.com\/evandrojunior\/2024\/04\/09\/alunos-das-areas-de-saude-promoverao-mutirao-na-praca-deodoro\/","title":{"rendered":"Alunos  do Grau T\u00e9cnico  promover\u00e3o mutir\u00e3o na Pra\u00e7a Deodoro"},"content":{"rendered":"\n<div class=\"wp-block-image\"><figure class=\"aligncenter size-large is-resized\"><img fetchpriority=\"high\" decoding=\"async\" src=\"https:\/\/www.blogsoestado.com\/evandrojunior\/files\/2024\/04\/Grau-Tecnico-1-768x1024.jpg\" alt=\"\" class=\"wp-image-11486\" width=\"494\" height=\"659\"\/><figcaption><strong>Estudantes do Grau T\u00e9cnico Centro S\u00e3o Lu\u00eds comandar\u00e3o o mutir\u00e3o <\/strong><\/figcaption><\/figure><\/div>\n\n\n\n<p><strong>S\u00e3o Lu\u00eds <\/strong>&#8211; Alunos dos cursos t\u00e9cnicos de Enfermagem, An\u00e1lises Cl\u00ednicas e Radiologia do Grau T\u00e9cnico Centro S\u00e3o Lu\u00eds \u00a0entraram em uma corrente solid\u00e1ria em celebra\u00e7\u00e3o ao Dia Mundial da Sa\u00fade. Sob supervis\u00e3o dos professores, os alunos promover\u00e3o um mutir\u00e3o de sa\u00fade nesta quarta-feira (10), \u00e0s 10h, na Pra\u00e7a Deodoro, pr\u00f3ximo ao Sesc.<\/p>\n\n\n\n<p>Aferi\u00e7\u00e3o de press\u00e3o, teste de glicemia e panfletos educativos ser\u00e3o algumas das atividades. Al\u00e9m dos servi\u00e7os, a a\u00e7\u00e3o ser\u00e1 ponto de arrecada\u00e7\u00e3o de alimentos a serem destinados \u00e0 popula\u00e7\u00e3o em situa\u00e7\u00e3o de vulnerabilidade localizada pr\u00f3ximo \u00e0s instala\u00e7\u00f5es da escola.<\/p>\n\n\n\n<p>\u201cQueremos chamar a aten\u00e7\u00e3o da popula\u00e7\u00e3o para os cuidados com a sa\u00fade, pois ela sempre deve vir em primeiro lugar. A a\u00e7\u00e3o faz alus\u00e3o ao dia 7, que \u00e9 o Dia Mundial da Sa\u00fade, com o objetivo de conscientizar a todos. Aproveitando o momento, iremos arrecadar alimentos para montar cestas b\u00e1sicas para fam\u00edlias em situa\u00e7\u00e3o de vulnerabilidade social que residem pr\u00f3ximas \u00e0 unidade\u201d, disse Neliane Maciel, gestora da unidade.<\/p>\n\n\n\n<p>Para mais informa\u00e7\u00f5es, acessem\u00a0<a href=\"https:\/\/www.instagram.com\/grautecnicosaoluiscentro\/\" target=\"_blank\" rel=\"noreferrer noopener\">https:\/\/www.instagram.com\/grautecnicosaoluiscentro\/<\/a>\u00a0ou entrem em contato por meio do n\u00famero (98) 3022-0303.<\/p>\n","protected":false},"excerpt":{"rendered":"<p>S\u00e3o Lu\u00eds &#8211; Alunos dos cursos t\u00e9cnicos de Enfermagem, An\u00e1lises Cl\u00ednicas e Radiologia do Grau T\u00e9cnico Centro S\u00e3o Lu\u00eds \u00a0entraram [&hellip;]<\/p>\n","protected":false},"author":4,"featured_media":0,"comment_status":"open","ping_status":"open","sticky":false,"template":"","format":"standard","meta":{"site-sidebar-layout":"default","site-content-layout":"","ast-site-content-layout":"default","site-content-style":"default","site-sidebar-style":"default","ast-global-header-display":"","ast-banner-title-visibility":"","ast-main-header-display":"","ast-hfb-above-header-display":"","ast-hfb-below-header-display":"","ast-hfb-mobile-header-display":"","site-post-title":"","ast-breadcrumbs-content":"","ast-featured-img":"","footer-sml-layout":"","ast-disable-related-posts":"","theme-transparent-header-meta":"","adv-header-id-meta":"","stick-header-meta":"","header-above-stick-meta":"","header-main-stick-meta":"","header-below-stick-meta":"","astra-migrate-meta-layouts":"default","ast-page-background-enabled":"default","ast-page-background-meta":{"desktop":{"background-color":"var(--ast-global-color-5)","background-image":"","background-repeat":"repeat","background-position":"center center","background-size":"auto","background-attachment":"scroll","background-type":"","background-media":"","overlay-type":"","overlay-color":"","overlay-opacity":"","overlay-gradient":""},"tablet":{"background-color":"","background-image":"","background-repeat":"repeat","background-position":"center center","background-size":"auto","background-attachment":"scroll","background-type":"","background-media":"","overlay-type":"","overlay-color":"","overlay-opacity":"","overlay-gradient":""},"mobile":{"background-color":"","background-image":"","background-repeat":"repeat","background-position":"center center","background-size":"auto","background-attachment":"scroll","background-type":"","background-media":"","overlay-type":"","overlay-color":"","overlay-opacity":"","overlay-gradient":""}},"ast-content-background-meta":{"desktop":{"background-color":"var(--ast-global-color-4)","background-image":"","background-repeat":"repeat","background-position":"center center","background-size":"auto","background-attachment":"scroll","background-type":"","background-media":"","overlay-type":"","overlay-color":"","overlay-opacity":"","overlay-gradient":""},"tablet":{"background-color":"var(--ast-global-color-4)","background-image":"","background-repeat":"repeat","background-position":"center center","background-size":"auto","background-attachment":"scroll","background-type":"","background-media":"","overlay-type":"","overlay-color":"","overlay-opacity":"","overlay-gradient":""},"mobile":{"background-color":"var(--ast-global-color-4)","background-image":"","background-repeat":"repeat","background-position":"center center","background-size":"auto","background-attachment":"scroll","background-type":"","background-media":"","overlay-type":"","overlay-color":"","overlay-opacity":"","overlay-gradient":""}},"footnotes":""},"categories":[1],"tags":[],"class_list":["post-11485","post","type-post","status-publish","format-standard","hentry","category-sem-categoria"],"yoast_head":"<!-- This site is optimized with the Yoast SEO plugin v26.6 - https:\/\/yoast.com\/wordpress\/plugins\/seo\/ -->\n<title>Alunos do Grau T\u00e9cnico promover\u00e3o mutir\u00e3o na Pra\u00e7a Deodoro - Evandro Junior<\/title>\n<meta name=\"robots\" content=\"index, follow, max-snippet:-1, max-image-preview:large, max-video-preview:-1\" \/>\n<link rel=\"canonical\" href=\"https:\/\/www.blogsoestado.com\/evandrojunior\/2024\/04\/09\/alunos-das-areas-de-saude-promoverao-mutirao-na-praca-deodoro\/\" \/>\n<meta property=\"og:locale\" content=\"pt_BR\" \/>\n<meta property=\"og:type\" content=\"article\" \/>\n<meta property=\"og:title\" content=\"Alunos do Grau T\u00e9cnico promover\u00e3o mutir\u00e3o na Pra\u00e7a Deodoro - Evandro Junior\" \/>\n<meta property=\"og:description\" content=\"S\u00e3o Lu\u00eds &#8211; Alunos dos cursos t\u00e9cnicos de Enfermagem, An\u00e1lises Cl\u00ednicas e Radiologia do Grau T\u00e9cnico Centro S\u00e3o Lu\u00eds \u00a0entraram [&hellip;]\" \/>\n<meta property=\"og:url\" content=\"https:\/\/www.blogsoestado.com\/evandrojunior\/2024\/04\/09\/alunos-das-areas-de-saude-promoverao-mutirao-na-praca-deodoro\/\" \/>\n<meta property=\"og:site_name\" content=\"Evandro Junior\" \/>\n<meta property=\"article:published_time\" content=\"2024-04-09T14:08:35+00:00\" \/>\n<meta property=\"og:image\" content=\"https:\/\/www.blogsoestado.com\/evandrojunior\/files\/2024\/04\/Grau-Tecnico-1-768x1024.jpg\" \/>\n<meta name=\"author\" content=\"Evandro Junior\" \/>\n<meta name=\"twitter:card\" content=\"summary_large_image\" \/>\n<meta name=\"twitter:label1\" content=\"Escrito por\" \/>\n\t<meta name=\"twitter:data1\" content=\"Evandro Junior\" \/>\n\t<meta name=\"twitter:label2\" content=\"Est. tempo de leitura\" \/>\n\t<meta name=\"twitter:data2\" content=\"2 minutos\" \/>\n<script type=\"application\/ld+json\" class=\"yoast-schema-graph\">{\"@context\":\"https:\/\/schema.org\",\"@graph\":[{\"@type\":\"WebPage\",\"@id\":\"https:\/\/www.blogsoestado.com\/evandrojunior\/2024\/04\/09\/alunos-das-areas-de-saude-promoverao-mutirao-na-praca-deodoro\/\",\"url\":\"https:\/\/www.blogsoestado.com\/evandrojunior\/2024\/04\/09\/alunos-das-areas-de-saude-promoverao-mutirao-na-praca-deodoro\/\",\"name\":\"Alunos do Grau T\u00e9cnico promover\u00e3o mutir\u00e3o na Pra\u00e7a Deodoro - Evandro Junior\",\"isPartOf\":{\"@id\":\"https:\/\/www.blogsoestado.com\/evandrojunior\/#website\"},\"primaryImageOfPage\":{\"@id\":\"https:\/\/www.blogsoestado.com\/evandrojunior\/2024\/04\/09\/alunos-das-areas-de-saude-promoverao-mutirao-na-praca-deodoro\/#primaryimage\"},\"image\":{\"@id\":\"https:\/\/www.blogsoestado.com\/evandrojunior\/2024\/04\/09\/alunos-das-areas-de-saude-promoverao-mutirao-na-praca-deodoro\/#primaryimage\"},\"thumbnailUrl\":\"https:\/\/www.blogsoestado.com\/evandrojunior\/files\/2024\/04\/Grau-Tecnico-1-768x1024.jpg\",\"datePublished\":\"2024-04-09T14:08:35+00:00\",\"author\":{\"@id\":\"https:\/\/www.blogsoestado.com\/evandrojunior\/#\/schema\/person\/3e6c3d8dbb740d1c6878ebc935cfb3be\"},\"breadcrumb\":{\"@id\":\"https:\/\/www.blogsoestado.com\/evandrojunior\/2024\/04\/09\/alunos-das-areas-de-saude-promoverao-mutirao-na-praca-deodoro\/#breadcrumb\"},\"inLanguage\":\"pt-BR\",\"potentialAction\":[{\"@type\":\"ReadAction\",\"target\":[\"https:\/\/www.blogsoestado.com\/evandrojunior\/2024\/04\/09\/alunos-das-areas-de-saude-promoverao-mutirao-na-praca-deodoro\/\"]}]},{\"@type\":\"ImageObject\",\"inLanguage\":\"pt-BR\",\"@id\":\"https:\/\/www.blogsoestado.com\/evandrojunior\/2024\/04\/09\/alunos-das-areas-de-saude-promoverao-mutirao-na-praca-deodoro\/#primaryimage\",\"url\":\"https:\/\/www.blogsoestado.com\/evandrojunior\/files\/2024\/04\/Grau-Tecnico-1-768x1024.jpg\",\"contentUrl\":\"https:\/\/www.blogsoestado.com\/evandrojunior\/files\/2024\/04\/Grau-Tecnico-1-768x1024.jpg\"},{\"@type\":\"BreadcrumbList\",\"@id\":\"https:\/\/www.blogsoestado.com\/evandrojunior\/2024\/04\/09\/alunos-das-areas-de-saude-promoverao-mutirao-na-praca-deodoro\/#breadcrumb\",\"itemListElement\":[{\"@type\":\"ListItem\",\"position\":1,\"name\":\"In\u00edcio\",\"item\":\"https:\/\/www.blogsoestado.com\/evandrojunior\/\"},{\"@type\":\"ListItem\",\"position\":2,\"name\":\"Alunos do Grau T\u00e9cnico promover\u00e3o mutir\u00e3o na Pra\u00e7a Deodoro\"}]},{\"@type\":\"WebSite\",\"@id\":\"https:\/\/www.blogsoestado.com\/evandrojunior\/#website\",\"url\":\"https:\/\/www.blogsoestado.com\/evandrojunior\/\",\"name\":\"Evandro Junior\",\"description\":\"\",\"potentialAction\":[{\"@type\":\"SearchAction\",\"target\":{\"@type\":\"EntryPoint\",\"urlTemplate\":\"https:\/\/www.blogsoestado.com\/evandrojunior\/?s={search_term_string}\"},\"query-input\":{\"@type\":\"PropertyValueSpecification\",\"valueRequired\":true,\"valueName\":\"search_term_string\"}}],\"inLanguage\":\"pt-BR\"},{\"@type\":\"Person\",\"@id\":\"https:\/\/www.blogsoestado.com\/evandrojunior\/#\/schema\/person\/3e6c3d8dbb740d1c6878ebc935cfb3be\",\"name\":\"Evandro Junior\",\"image\":{\"@type\":\"ImageObject\",\"inLanguage\":\"pt-BR\",\"@id\":\"https:\/\/www.blogsoestado.com\/evandrojunior\/#\/schema\/person\/image\/\",\"url\":\"https:\/\/secure.gravatar.com\/avatar\/f80a03a2294a580cd2318bfb459bf354cfa8be661ef3d95b542cf9a04af8d129?s=96&d=mm&r=g\",\"contentUrl\":\"https:\/\/secure.gravatar.com\/avatar\/f80a03a2294a580cd2318bfb459bf354cfa8be661ef3d95b542cf9a04af8d129?s=96&d=mm&r=g\",\"caption\":\"Evandro Junior\"},\"url\":\"https:\/\/www.blogsoestado.com\/evandrojunior\/author\/evandrojunior\/\"}]}<\/script>\n<!-- \/ Yoast SEO plugin. -->","yoast_head_json":{"title":"Alunos do Grau T\u00e9cnico promover\u00e3o mutir\u00e3o na Pra\u00e7a Deodoro - Evandro Junior","robots":{"index":"index","follow":"follow","max-snippet":"max-snippet:-1","max-image-preview":"max-image-preview:large","max-video-preview":"max-video-preview:-1"},"canonical":"https:\/\/www.blogsoestado.com\/evandrojunior\/2024\/04\/09\/alunos-das-areas-de-saude-promoverao-mutirao-na-praca-deodoro\/","og_locale":"pt_BR","og_type":"article","og_title":"Alunos do Grau T\u00e9cnico promover\u00e3o mutir\u00e3o na Pra\u00e7a Deodoro - Evandro Junior","og_description":"S\u00e3o Lu\u00eds &#8211; Alunos dos cursos t\u00e9cnicos de Enfermagem, An\u00e1lises Cl\u00ednicas e Radiologia do Grau T\u00e9cnico Centro S\u00e3o Lu\u00eds \u00a0entraram [&hellip;]","og_url":"https:\/\/www.blogsoestado.com\/evandrojunior\/2024\/04\/09\/alunos-das-areas-de-saude-promoverao-mutirao-na-praca-deodoro\/","og_site_name":"Evandro Junior","article_published_time":"2024-04-09T14:08:35+00:00","og_image":[{"url":"https:\/\/www.blogsoestado.com\/evandrojunior\/files\/2024\/04\/Grau-Tecnico-1-768x1024.jpg","type":"","width":"","height":""}],"author":"Evandro Junior","twitter_card":"summary_large_image","twitter_misc":{"Escrito por":"Evandro Junior","Est. tempo de leitura":"2 minutos"},"schema":{"@context":"https:\/\/schema.org","@graph":[{"@type":"WebPage","@id":"https:\/\/www.blogsoestado.com\/evandrojunior\/2024\/04\/09\/alunos-das-areas-de-saude-promoverao-mutirao-na-praca-deodoro\/","url":"https:\/\/www.blogsoestado.com\/evandrojunior\/2024\/04\/09\/alunos-das-areas-de-saude-promoverao-mutirao-na-praca-deodoro\/","name":"Alunos do Grau T\u00e9cnico promover\u00e3o mutir\u00e3o na Pra\u00e7a Deodoro - Evandro Junior","isPartOf":{"@id":"https:\/\/www.blogsoestado.com\/evandrojunior\/#website"},"primaryImageOfPage":{"@id":"https:\/\/www.blogsoestado.com\/evandrojunior\/2024\/04\/09\/alunos-das-areas-de-saude-promoverao-mutirao-na-praca-deodoro\/#primaryimage"},"image":{"@id":"https:\/\/www.blogsoestado.com\/evandrojunior\/2024\/04\/09\/alunos-das-areas-de-saude-promoverao-mutirao-na-praca-deodoro\/#primaryimage"},"thumbnailUrl":"https:\/\/www.blogsoestado.com\/evandrojunior\/files\/2024\/04\/Grau-Tecnico-1-768x1024.jpg","datePublished":"2024-04-09T14:08:35+00:00","author":{"@id":"https:\/\/www.blogsoestado.com\/evandrojunior\/#\/schema\/person\/3e6c3d8dbb740d1c6878ebc935cfb3be"},"breadcrumb":{"@id":"https:\/\/www.blogsoestado.com\/evandrojunior\/2024\/04\/09\/alunos-das-areas-de-saude-promoverao-mutirao-na-praca-deodoro\/#breadcrumb"},"inLanguage":"pt-BR","potentialAction":[{"@type":"ReadAction","target":["https:\/\/www.blogsoestado.com\/evandrojunior\/2024\/04\/09\/alunos-das-areas-de-saude-promoverao-mutirao-na-praca-deodoro\/"]}]},{"@type":"ImageObject","inLanguage":"pt-BR","@id":"https:\/\/www.blogsoestado.com\/evandrojunior\/2024\/04\/09\/alunos-das-areas-de-saude-promoverao-mutirao-na-praca-deodoro\/#primaryimage","url":"https:\/\/www.blogsoestado.com\/evandrojunior\/files\/2024\/04\/Grau-Tecnico-1-768x1024.jpg","contentUrl":"https:\/\/www.blogsoestado.com\/evandrojunior\/files\/2024\/04\/Grau-Tecnico-1-768x1024.jpg"},{"@type":"BreadcrumbList","@id":"https:\/\/www.blogsoestado.com\/evandrojunior\/2024\/04\/09\/alunos-das-areas-de-saude-promoverao-mutirao-na-praca-deodoro\/#breadcrumb","itemListElement":[{"@type":"ListItem","position":1,"name":"In\u00edcio","item":"https:\/\/www.blogsoestado.com\/evandrojunior\/"},{"@type":"ListItem","position":2,"name":"Alunos do Grau T\u00e9cnico promover\u00e3o mutir\u00e3o na Pra\u00e7a Deodoro"}]},{"@type":"WebSite","@id":"https:\/\/www.blogsoestado.com\/evandrojunior\/#website","url":"https:\/\/www.blogsoestado.com\/evandrojunior\/","name":"Evandro Junior","description":"","potentialAction":[{"@type":"SearchAction","target":{"@type":"EntryPoint","urlTemplate":"https:\/\/www.blogsoestado.com\/evandrojunior\/?s={search_term_string}"},"query-input":{"@type":"PropertyValueSpecification","valueRequired":true,"valueName":"search_term_string"}}],"inLanguage":"pt-BR"},{"@type":"Person","@id":"https:\/\/www.blogsoestado.com\/evandrojunior\/#\/schema\/person\/3e6c3d8dbb740d1c6878ebc935cfb3be","name":"Evandro Junior","image":{"@type":"ImageObject","inLanguage":"pt-BR","@id":"https:\/\/www.blogsoestado.com\/evandrojunior\/#\/schema\/person\/image\/","url":"https:\/\/secure.gravatar.com\/avatar\/f80a03a2294a580cd2318bfb459bf354cfa8be661ef3d95b542cf9a04af8d129?s=96&d=mm&r=g","contentUrl":"https:\/\/secure.gravatar.com\/avatar\/f80a03a2294a580cd2318bfb459bf354cfa8be661ef3d95b542cf9a04af8d129?s=96&d=mm&r=g","caption":"Evandro Junior"},"url":"https:\/\/www.blogsoestado.com\/evandrojunior\/author\/evandrojunior\/"}]}},"jetpack_featured_media_url":"","_links":{"self":[{"href":"https:\/\/www.blogsoestado.com\/evandrojunior\/wp-json\/wp\/v2\/posts\/11485","targetHints":{"allow":["GET"]}}],"collection":[{"href":"https:\/\/www.blogsoestado.com\/evandrojunior\/wp-json\/wp\/v2\/posts"}],"about":[{"href":"https:\/\/www.blogsoestado.com\/evandrojunior\/wp-json\/wp\/v2\/types\/post"}],"author":[{"embeddable":true,"href":"https:\/\/www.blogsoestado.com\/evandrojunior\/wp-json\/wp\/v2\/users\/4"}],"replies":[{"embeddable":true,"href":"https:\/\/www.blogsoestado.com\/evandrojunior\/wp-json\/wp\/v2\/comments?post=11485"}],"version-history":[{"count":0,"href":"https:\/\/www.blogsoestado.com\/evandrojunior\/wp-json\/wp\/v2\/posts\/11485\/revisions"}],"wp:attachment":[{"href":"https:\/\/www.blogsoestado.com\/evandrojunior\/wp-json\/wp\/v2\/media?parent=11485"}],"wp:term":[{"taxonomy":"category","embeddable":true,"href":"https:\/\/www.blogsoestado.com\/evandrojunior\/wp-json\/wp\/v2\/categories?post=11485"},{"taxonomy":"post_tag","embeddable":true,"href":"https:\/\/www.blogsoestado.com\/evandrojunior\/wp-json\/wp\/v2\/tags?post=11485"}],"curies":[{"name":"wp","href":"https:\/\/api.w.org\/{rel}","templated":true}]}}