{"id":11540,"date":"2024-04-15T11:35:58","date_gmt":"2024-04-15T14:35:58","guid":{"rendered":"https:\/\/www.blogsoestado.com\/evandrojunior\/?p=11540"},"modified":"2024-04-15T11:35:58","modified_gmt":"2024-04-15T14:35:58","slug":"parceria-entre-ligga-porto-sao-luis-e-senai-ma-forma-almoxarifes","status":"publish","type":"post","link":"https:\/\/www.blogsoestado.com\/evandrojunior\/2024\/04\/15\/parceria-entre-ligga-porto-sao-luis-e-senai-ma-forma-almoxarifes\/","title":{"rendered":"Parceria entre Ligga-Porto S\u00e3o Lu\u00eds e Senai-MA forma almoxarifes"},"content":{"rendered":"\n<div class=\"wp-block-image\"><figure class=\"aligncenter size-large is-resized\"><img fetchpriority=\"high\" decoding=\"async\" src=\"https:\/\/www.blogsoestado.com\/evandrojunior\/files\/2024\/04\/WhatsApp-Image-2024-04-13-at-11.26.14-1024x682.jpeg\" alt=\"\" class=\"wp-image-11541\" width=\"475\" height=\"316\"\/><figcaption><strong>Representantes da Ligga \u2013 Porto S\u00e3o Lu\u00eds, do SENAI-MA e o l\u00edder comunit\u00e1rio Davi S\u00e1 com a formanda Ana Maria Macedo Gra\u00e7a, recebendo seu diploma de Almoxarife com selo do SENAI-MA<\/strong><\/figcaption><\/figure><\/div>\n\n\n\n<p><strong>S\u00c3O LU\u00cdS <\/strong>&#8211; A Ligga &#8211; Porto S\u00e3o Lu\u00eds, segue com uma forte atua\u00e7\u00e3o em relevantes projetos de responsabilidade social empresarial, com destaque para os programas de capacita\u00e7\u00e3o profissionalizante, beneficiando diretamente pessoas das comunidades vizinhas ao empreendimento, moradores do Cajueiro e M\u00e3e Chica (Vila Maranh\u00e3o), e de bairros adjacentes.<\/p>\n\n\n\n<p>A sede do empreendimento na Vila Maranh\u00e3o foi palco recentemente da solenidade de formatura dos alunos de duas turmas do curso profissionalizante de Almoxarife, promovidos pela Ligga \u2013 Porto S\u00e3o Lu\u00eds em parceria com o SENAI-MA. Com essa formatura, a Ligga chegou ao marco de dez turmas de cursos profissionalizantes conclu\u00eddos e ofertados \u00e0 comunidade gratuitamente, com muito sucesso e alta demanda.<\/p>\n\n\n\n<p>Dessa vez, foram entregues ao mercado 41 novos profissionais almoxarifes formados com a excel\u00eancia t\u00e9cnica do SENAI. E um dado que chama a aten\u00e7\u00e3o foi o forte protagonismo feminino nessas duas turmas, onde 95% dos formandos s\u00e3o mulheres. S\u00e3o m\u00e3es e l\u00edderes de fam\u00edlia que j\u00e1 sonham com futuras oportunidades profissionais em uma \u00e1rea de suma import\u00e2ncia para as empresas.<\/p>\n\n\n\n<p>Em um mercado cada vez mais din\u00e2mico e competitivo, a efici\u00eancia operacional tamb\u00e9m depende da figura do almoxarife, profissional essencial para os processos log\u00edsticos, continuidade operacional, e que contribui para a redu\u00e7\u00e3o de custos, evitando perdas e excessos desnecess\u00e1rios.<\/p>\n\n\n\n<p>Vale destacar que j\u00e1 foram formadas mais de 200 pessoas em um total de 10 cursos profissionalizantes que a Ligga \u2013 Porto S\u00e3o Lu\u00eds ofertou gratuitamente \u00e0s comunidades do seu entorno, nessa parceria com o SENAI-MA. Isso representa um enorme ganho para o mercado de trabalho local, e tamb\u00e9m, na qualidade de vida de muitas fam\u00edlias.<\/p>\n\n\n\n<p>O gerente de Implanta\u00e7\u00e3o da Ligga \u2013 Porto S\u00e3o Lu\u00eds Jos\u00e9 Valentim destaca a miss\u00e3o social da empresa, que tem sido cumprida atrav\u00e9s da capacita\u00e7\u00e3o e desenvolvimento das pessoas das comunidades vizinhas:<\/p>\n\n\n\n<p>\u201c\u00c9 muito importante esse momento para a empresa, pois chegamos a dez turmas de cursos profissionalizante realizados na comunidade. Estamos deixando um forte legado de transforma\u00e7\u00e3o social na regi\u00e3o e essa \u00e9 a nossa contribui\u00e7\u00e3o para a sociedade\u201d, refor\u00e7ou Valentim.<\/p>\n","protected":false},"excerpt":{"rendered":"<p>S\u00c3O LU\u00cdS &#8211; A Ligga &#8211; Porto S\u00e3o Lu\u00eds, segue com uma forte atua\u00e7\u00e3o em relevantes projetos de responsabilidade social [&hellip;]<\/p>\n","protected":false},"author":4,"featured_media":0,"comment_status":"open","ping_status":"open","sticky":false,"template":"","format":"standard","meta":{"site-sidebar-layout":"default","site-content-layout":"","ast-site-content-layout":"default","site-content-style":"default","site-sidebar-style":"default","ast-global-header-display":"","ast-banner-title-visibility":"","ast-main-header-display":"","ast-hfb-above-header-display":"","ast-hfb-below-header-display":"","ast-hfb-mobile-header-display":"","site-post-title":"","ast-breadcrumbs-content":"","ast-featured-img":"","footer-sml-layout":"","ast-disable-related-posts":"","theme-transparent-header-meta":"","adv-header-id-meta":"","stick-header-meta":"","header-above-stick-meta":"","header-main-stick-meta":"","header-below-stick-meta":"","astra-migrate-meta-layouts":"default","ast-page-background-enabled":"default","ast-page-background-meta":{"desktop":{"background-color":"var(--ast-global-color-5)","background-image":"","background-repeat":"repeat","background-position":"center center","background-size":"auto","background-attachment":"scroll","background-type":"","background-media":"","overlay-type":"","overlay-color":"","overlay-opacity":"","overlay-gradient":""},"tablet":{"background-color":"","background-image":"","background-repeat":"repeat","background-position":"center center","background-size":"auto","background-attachment":"scroll","background-type":"","background-media":"","overlay-type":"","overlay-color":"","overlay-opacity":"","overlay-gradient":""},"mobile":{"background-color":"","background-image":"","background-repeat":"repeat","background-position":"center center","background-size":"auto","background-attachment":"scroll","background-type":"","background-media":"","overlay-type":"","overlay-color":"","overlay-opacity":"","overlay-gradient":""}},"ast-content-background-meta":{"desktop":{"background-color":"var(--ast-global-color-4)","background-image":"","background-repeat":"repeat","background-position":"center center","background-size":"auto","background-attachment":"scroll","background-type":"","background-media":"","overlay-type":"","overlay-color":"","overlay-opacity":"","overlay-gradient":""},"tablet":{"background-color":"var(--ast-global-color-4)","background-image":"","background-repeat":"repeat","background-position":"center center","background-size":"auto","background-attachment":"scroll","background-type":"","background-media":"","overlay-type":"","overlay-color":"","overlay-opacity":"","overlay-gradient":""},"mobile":{"background-color":"var(--ast-global-color-4)","background-image":"","background-repeat":"repeat","background-position":"center center","background-size":"auto","background-attachment":"scroll","background-type":"","background-media":"","overlay-type":"","overlay-color":"","overlay-opacity":"","overlay-gradient":""}},"footnotes":""},"categories":[1],"tags":[],"class_list":["post-11540","post","type-post","status-publish","format-standard","hentry","category-sem-categoria"],"yoast_head":"<!-- This site is optimized with the Yoast SEO plugin v26.6 - https:\/\/yoast.com\/wordpress\/plugins\/seo\/ -->\n<title>Parceria entre Ligga-Porto S\u00e3o Lu\u00eds e Senai-MA forma almoxarifes - Evandro Junior<\/title>\n<meta name=\"robots\" content=\"index, follow, max-snippet:-1, max-image-preview:large, max-video-preview:-1\" \/>\n<link rel=\"canonical\" href=\"https:\/\/www.blogsoestado.com\/evandrojunior\/2024\/04\/15\/parceria-entre-ligga-porto-sao-luis-e-senai-ma-forma-almoxarifes\/\" \/>\n<meta property=\"og:locale\" content=\"pt_BR\" \/>\n<meta property=\"og:type\" content=\"article\" \/>\n<meta property=\"og:title\" content=\"Parceria entre Ligga-Porto S\u00e3o Lu\u00eds e Senai-MA forma almoxarifes - Evandro Junior\" \/>\n<meta property=\"og:description\" content=\"S\u00c3O LU\u00cdS &#8211; A Ligga &#8211; Porto S\u00e3o Lu\u00eds, segue com uma forte atua\u00e7\u00e3o em relevantes projetos de responsabilidade social [&hellip;]\" \/>\n<meta property=\"og:url\" content=\"https:\/\/www.blogsoestado.com\/evandrojunior\/2024\/04\/15\/parceria-entre-ligga-porto-sao-luis-e-senai-ma-forma-almoxarifes\/\" \/>\n<meta property=\"og:site_name\" content=\"Evandro Junior\" \/>\n<meta property=\"article:published_time\" content=\"2024-04-15T14:35:58+00:00\" \/>\n<meta property=\"og:image\" content=\"https:\/\/www.blogsoestado.com\/evandrojunior\/files\/2024\/04\/WhatsApp-Image-2024-04-13-at-11.26.14-1024x682.jpeg\" \/>\n<meta name=\"author\" content=\"Evandro Junior\" \/>\n<meta name=\"twitter:card\" content=\"summary_large_image\" \/>\n<meta name=\"twitter:label1\" content=\"Escrito por\" \/>\n\t<meta name=\"twitter:data1\" content=\"Evandro Junior\" \/>\n\t<meta name=\"twitter:label2\" content=\"Est. tempo de leitura\" \/>\n\t<meta name=\"twitter:data2\" content=\"2 minutos\" \/>\n<script type=\"application\/ld+json\" class=\"yoast-schema-graph\">{\"@context\":\"https:\/\/schema.org\",\"@graph\":[{\"@type\":\"WebPage\",\"@id\":\"https:\/\/www.blogsoestado.com\/evandrojunior\/2024\/04\/15\/parceria-entre-ligga-porto-sao-luis-e-senai-ma-forma-almoxarifes\/\",\"url\":\"https:\/\/www.blogsoestado.com\/evandrojunior\/2024\/04\/15\/parceria-entre-ligga-porto-sao-luis-e-senai-ma-forma-almoxarifes\/\",\"name\":\"Parceria entre Ligga-Porto S\u00e3o Lu\u00eds e Senai-MA forma almoxarifes - Evandro Junior\",\"isPartOf\":{\"@id\":\"https:\/\/www.blogsoestado.com\/evandrojunior\/#website\"},\"primaryImageOfPage\":{\"@id\":\"https:\/\/www.blogsoestado.com\/evandrojunior\/2024\/04\/15\/parceria-entre-ligga-porto-sao-luis-e-senai-ma-forma-almoxarifes\/#primaryimage\"},\"image\":{\"@id\":\"https:\/\/www.blogsoestado.com\/evandrojunior\/2024\/04\/15\/parceria-entre-ligga-porto-sao-luis-e-senai-ma-forma-almoxarifes\/#primaryimage\"},\"thumbnailUrl\":\"https:\/\/www.blogsoestado.com\/evandrojunior\/files\/2024\/04\/WhatsApp-Image-2024-04-13-at-11.26.14-1024x682.jpeg\",\"datePublished\":\"2024-04-15T14:35:58+00:00\",\"author\":{\"@id\":\"https:\/\/www.blogsoestado.com\/evandrojunior\/#\/schema\/person\/3e6c3d8dbb740d1c6878ebc935cfb3be\"},\"breadcrumb\":{\"@id\":\"https:\/\/www.blogsoestado.com\/evandrojunior\/2024\/04\/15\/parceria-entre-ligga-porto-sao-luis-e-senai-ma-forma-almoxarifes\/#breadcrumb\"},\"inLanguage\":\"pt-BR\",\"potentialAction\":[{\"@type\":\"ReadAction\",\"target\":[\"https:\/\/www.blogsoestado.com\/evandrojunior\/2024\/04\/15\/parceria-entre-ligga-porto-sao-luis-e-senai-ma-forma-almoxarifes\/\"]}]},{\"@type\":\"ImageObject\",\"inLanguage\":\"pt-BR\",\"@id\":\"https:\/\/www.blogsoestado.com\/evandrojunior\/2024\/04\/15\/parceria-entre-ligga-porto-sao-luis-e-senai-ma-forma-almoxarifes\/#primaryimage\",\"url\":\"https:\/\/www.blogsoestado.com\/evandrojunior\/files\/2024\/04\/WhatsApp-Image-2024-04-13-at-11.26.14-1024x682.jpeg\",\"contentUrl\":\"https:\/\/www.blogsoestado.com\/evandrojunior\/files\/2024\/04\/WhatsApp-Image-2024-04-13-at-11.26.14-1024x682.jpeg\"},{\"@type\":\"BreadcrumbList\",\"@id\":\"https:\/\/www.blogsoestado.com\/evandrojunior\/2024\/04\/15\/parceria-entre-ligga-porto-sao-luis-e-senai-ma-forma-almoxarifes\/#breadcrumb\",\"itemListElement\":[{\"@type\":\"ListItem\",\"position\":1,\"name\":\"In\u00edcio\",\"item\":\"https:\/\/www.blogsoestado.com\/evandrojunior\/\"},{\"@type\":\"ListItem\",\"position\":2,\"name\":\"Parceria entre Ligga-Porto S\u00e3o Lu\u00eds e Senai-MA forma almoxarifes\"}]},{\"@type\":\"WebSite\",\"@id\":\"https:\/\/www.blogsoestado.com\/evandrojunior\/#website\",\"url\":\"https:\/\/www.blogsoestado.com\/evandrojunior\/\",\"name\":\"Evandro Junior\",\"description\":\"\",\"potentialAction\":[{\"@type\":\"SearchAction\",\"target\":{\"@type\":\"EntryPoint\",\"urlTemplate\":\"https:\/\/www.blogsoestado.com\/evandrojunior\/?s={search_term_string}\"},\"query-input\":{\"@type\":\"PropertyValueSpecification\",\"valueRequired\":true,\"valueName\":\"search_term_string\"}}],\"inLanguage\":\"pt-BR\"},{\"@type\":\"Person\",\"@id\":\"https:\/\/www.blogsoestado.com\/evandrojunior\/#\/schema\/person\/3e6c3d8dbb740d1c6878ebc935cfb3be\",\"name\":\"Evandro Junior\",\"image\":{\"@type\":\"ImageObject\",\"inLanguage\":\"pt-BR\",\"@id\":\"https:\/\/www.blogsoestado.com\/evandrojunior\/#\/schema\/person\/image\/\",\"url\":\"https:\/\/secure.gravatar.com\/avatar\/f80a03a2294a580cd2318bfb459bf354cfa8be661ef3d95b542cf9a04af8d129?s=96&d=mm&r=g\",\"contentUrl\":\"https:\/\/secure.gravatar.com\/avatar\/f80a03a2294a580cd2318bfb459bf354cfa8be661ef3d95b542cf9a04af8d129?s=96&d=mm&r=g\",\"caption\":\"Evandro Junior\"},\"url\":\"https:\/\/www.blogsoestado.com\/evandrojunior\/author\/evandrojunior\/\"}]}<\/script>\n<!-- \/ Yoast SEO plugin. -->","yoast_head_json":{"title":"Parceria entre Ligga-Porto S\u00e3o Lu\u00eds e Senai-MA forma almoxarifes - Evandro Junior","robots":{"index":"index","follow":"follow","max-snippet":"max-snippet:-1","max-image-preview":"max-image-preview:large","max-video-preview":"max-video-preview:-1"},"canonical":"https:\/\/www.blogsoestado.com\/evandrojunior\/2024\/04\/15\/parceria-entre-ligga-porto-sao-luis-e-senai-ma-forma-almoxarifes\/","og_locale":"pt_BR","og_type":"article","og_title":"Parceria entre Ligga-Porto S\u00e3o Lu\u00eds e Senai-MA forma almoxarifes - Evandro Junior","og_description":"S\u00c3O LU\u00cdS &#8211; A Ligga &#8211; Porto S\u00e3o Lu\u00eds, segue com uma forte atua\u00e7\u00e3o em relevantes projetos de responsabilidade social [&hellip;]","og_url":"https:\/\/www.blogsoestado.com\/evandrojunior\/2024\/04\/15\/parceria-entre-ligga-porto-sao-luis-e-senai-ma-forma-almoxarifes\/","og_site_name":"Evandro Junior","article_published_time":"2024-04-15T14:35:58+00:00","og_image":[{"url":"https:\/\/www.blogsoestado.com\/evandrojunior\/files\/2024\/04\/WhatsApp-Image-2024-04-13-at-11.26.14-1024x682.jpeg","type":"","width":"","height":""}],"author":"Evandro Junior","twitter_card":"summary_large_image","twitter_misc":{"Escrito por":"Evandro Junior","Est. tempo de leitura":"2 minutos"},"schema":{"@context":"https:\/\/schema.org","@graph":[{"@type":"WebPage","@id":"https:\/\/www.blogsoestado.com\/evandrojunior\/2024\/04\/15\/parceria-entre-ligga-porto-sao-luis-e-senai-ma-forma-almoxarifes\/","url":"https:\/\/www.blogsoestado.com\/evandrojunior\/2024\/04\/15\/parceria-entre-ligga-porto-sao-luis-e-senai-ma-forma-almoxarifes\/","name":"Parceria entre Ligga-Porto S\u00e3o Lu\u00eds e Senai-MA forma almoxarifes - Evandro Junior","isPartOf":{"@id":"https:\/\/www.blogsoestado.com\/evandrojunior\/#website"},"primaryImageOfPage":{"@id":"https:\/\/www.blogsoestado.com\/evandrojunior\/2024\/04\/15\/parceria-entre-ligga-porto-sao-luis-e-senai-ma-forma-almoxarifes\/#primaryimage"},"image":{"@id":"https:\/\/www.blogsoestado.com\/evandrojunior\/2024\/04\/15\/parceria-entre-ligga-porto-sao-luis-e-senai-ma-forma-almoxarifes\/#primaryimage"},"thumbnailUrl":"https:\/\/www.blogsoestado.com\/evandrojunior\/files\/2024\/04\/WhatsApp-Image-2024-04-13-at-11.26.14-1024x682.jpeg","datePublished":"2024-04-15T14:35:58+00:00","author":{"@id":"https:\/\/www.blogsoestado.com\/evandrojunior\/#\/schema\/person\/3e6c3d8dbb740d1c6878ebc935cfb3be"},"breadcrumb":{"@id":"https:\/\/www.blogsoestado.com\/evandrojunior\/2024\/04\/15\/parceria-entre-ligga-porto-sao-luis-e-senai-ma-forma-almoxarifes\/#breadcrumb"},"inLanguage":"pt-BR","potentialAction":[{"@type":"ReadAction","target":["https:\/\/www.blogsoestado.com\/evandrojunior\/2024\/04\/15\/parceria-entre-ligga-porto-sao-luis-e-senai-ma-forma-almoxarifes\/"]}]},{"@type":"ImageObject","inLanguage":"pt-BR","@id":"https:\/\/www.blogsoestado.com\/evandrojunior\/2024\/04\/15\/parceria-entre-ligga-porto-sao-luis-e-senai-ma-forma-almoxarifes\/#primaryimage","url":"https:\/\/www.blogsoestado.com\/evandrojunior\/files\/2024\/04\/WhatsApp-Image-2024-04-13-at-11.26.14-1024x682.jpeg","contentUrl":"https:\/\/www.blogsoestado.com\/evandrojunior\/files\/2024\/04\/WhatsApp-Image-2024-04-13-at-11.26.14-1024x682.jpeg"},{"@type":"BreadcrumbList","@id":"https:\/\/www.blogsoestado.com\/evandrojunior\/2024\/04\/15\/parceria-entre-ligga-porto-sao-luis-e-senai-ma-forma-almoxarifes\/#breadcrumb","itemListElement":[{"@type":"ListItem","position":1,"name":"In\u00edcio","item":"https:\/\/www.blogsoestado.com\/evandrojunior\/"},{"@type":"ListItem","position":2,"name":"Parceria entre Ligga-Porto S\u00e3o Lu\u00eds e Senai-MA forma almoxarifes"}]},{"@type":"WebSite","@id":"https:\/\/www.blogsoestado.com\/evandrojunior\/#website","url":"https:\/\/www.blogsoestado.com\/evandrojunior\/","name":"Evandro Junior","description":"","potentialAction":[{"@type":"SearchAction","target":{"@type":"EntryPoint","urlTemplate":"https:\/\/www.blogsoestado.com\/evandrojunior\/?s={search_term_string}"},"query-input":{"@type":"PropertyValueSpecification","valueRequired":true,"valueName":"search_term_string"}}],"inLanguage":"pt-BR"},{"@type":"Person","@id":"https:\/\/www.blogsoestado.com\/evandrojunior\/#\/schema\/person\/3e6c3d8dbb740d1c6878ebc935cfb3be","name":"Evandro Junior","image":{"@type":"ImageObject","inLanguage":"pt-BR","@id":"https:\/\/www.blogsoestado.com\/evandrojunior\/#\/schema\/person\/image\/","url":"https:\/\/secure.gravatar.com\/avatar\/f80a03a2294a580cd2318bfb459bf354cfa8be661ef3d95b542cf9a04af8d129?s=96&d=mm&r=g","contentUrl":"https:\/\/secure.gravatar.com\/avatar\/f80a03a2294a580cd2318bfb459bf354cfa8be661ef3d95b542cf9a04af8d129?s=96&d=mm&r=g","caption":"Evandro Junior"},"url":"https:\/\/www.blogsoestado.com\/evandrojunior\/author\/evandrojunior\/"}]}},"jetpack_featured_media_url":"","_links":{"self":[{"href":"https:\/\/www.blogsoestado.com\/evandrojunior\/wp-json\/wp\/v2\/posts\/11540","targetHints":{"allow":["GET"]}}],"collection":[{"href":"https:\/\/www.blogsoestado.com\/evandrojunior\/wp-json\/wp\/v2\/posts"}],"about":[{"href":"https:\/\/www.blogsoestado.com\/evandrojunior\/wp-json\/wp\/v2\/types\/post"}],"author":[{"embeddable":true,"href":"https:\/\/www.blogsoestado.com\/evandrojunior\/wp-json\/wp\/v2\/users\/4"}],"replies":[{"embeddable":true,"href":"https:\/\/www.blogsoestado.com\/evandrojunior\/wp-json\/wp\/v2\/comments?post=11540"}],"version-history":[{"count":0,"href":"https:\/\/www.blogsoestado.com\/evandrojunior\/wp-json\/wp\/v2\/posts\/11540\/revisions"}],"wp:attachment":[{"href":"https:\/\/www.blogsoestado.com\/evandrojunior\/wp-json\/wp\/v2\/media?parent=11540"}],"wp:term":[{"taxonomy":"category","embeddable":true,"href":"https:\/\/www.blogsoestado.com\/evandrojunior\/wp-json\/wp\/v2\/categories?post=11540"},{"taxonomy":"post_tag","embeddable":true,"href":"https:\/\/www.blogsoestado.com\/evandrojunior\/wp-json\/wp\/v2\/tags?post=11540"}],"curies":[{"name":"wp","href":"https:\/\/api.w.org\/{rel}","templated":true}]}}