{"id":11543,"date":"2024-04-15T12:03:13","date_gmt":"2024-04-15T15:03:13","guid":{"rendered":"https:\/\/www.blogsoestado.com\/evandrojunior\/?p=11543"},"modified":"2024-04-15T12:03:13","modified_gmt":"2024-04-15T15:03:13","slug":"faculdade-de-negocios-retomara-programacao-de-visitas-tecnicas-a-empresas","status":"publish","type":"post","link":"https:\/\/www.blogsoestado.com\/evandrojunior\/2024\/04\/15\/faculdade-de-negocios-retomara-programacao-de-visitas-tecnicas-a-empresas\/","title":{"rendered":"Faculdade de Neg\u00f3cios retomar\u00e1 programa\u00e7\u00e3o de visitas t\u00e9cnicas a empresas"},"content":{"rendered":"\n<div class=\"wp-block-image\"><figure class=\"aligncenter size-large is-resized\"><img fetchpriority=\"high\" decoding=\"async\" src=\"https:\/\/www.blogsoestado.com\/evandrojunior\/files\/2024\/04\/GEDC0834-1024x768.jpg\" alt=\"\" class=\"wp-image-11544\" width=\"544\" height=\"408\"\/><figcaption><strong>Alunos da Faene j\u00e1 estiveram, por exemplo, na f\u00e1brica da Electrolux<\/strong><\/figcaption><\/figure><\/div>\n\n\n\n<p><strong>S\u00c3O LU\u00cdS <\/strong>&#8211; A Faculdade de Neg\u00f3cios Faene, institui\u00e7\u00e3o localizada no bairro Angelim, dar\u00e1 continuidade \u00e0 programa\u00e7\u00e3o de visitas dos seus alunos a empresas de sucesso. A ideia, segundo a diretora geral, Michele Carreira, \u00e9 fazer uma congru\u00eancia entre teoria e pr\u00e1tica.<\/p>\n\n\n\n<div class=\"wp-block-image\"><figure class=\"aligncenter size-large is-resized\"><img decoding=\"async\" src=\"https:\/\/www.blogsoestado.com\/evandrojunior\/files\/2024\/04\/GEDC0766-1024x768.jpg\" alt=\"\" class=\"wp-image-11547\" width=\"560\" height=\"420\"\/><figcaption><strong>Visita t\u00e9cnica de alunos da Faene \u00e0 sede do Grupo Botic\u00e1rio<\/strong><\/figcaption><\/figure><\/div>\n\n\n\n<p>&#8220;As visitas t\u00e9cnicas s\u00e3o de suma import\u00e2ncia dentro do contexto do aprendizado, uma vez que os alunos t\u00eam a oportunidade de conhecer in loco o trabalho de diversas empresas em atividade no Maranh\u00e3o e, tamb\u00e9m, em outros estados. S\u00e3o sempre organiza\u00e7\u00f5es refer\u00eancias no mercado e que inovaram em suas respectivas \u00e1reas. Somos sempre muito bem recebidos e a experi\u00eancia \u00e9 formid\u00e1vel&#8221;, destaca Michele Carreira.  <\/p>\n\n\n\n<div class=\"wp-block-image\"><figure class=\"aligncenter size-large is-resized\"><img decoding=\"async\" src=\"https:\/\/www.blogsoestado.com\/evandrojunior\/files\/2024\/04\/GEDC0796-1024x768.jpg\" alt=\"\" class=\"wp-image-11545\" width=\"537\" height=\"403\"\/><figcaption><strong>Grupo de estudantes da Faene em visita t\u00e9cnica \u00e0 Volkswagen<\/strong><\/figcaption><\/figure><\/div>\n\n\n\n<p>Estre ano, a primeira visita t\u00e9cnica da Faene acontecer\u00e1 no dia 23 de abril, no Porto do Itaqui, em S\u00e3o Lu\u00eds. A segunda ser\u00e1 realizada em maio e a terceira no m\u00eas de junho.<\/p>\n\n\n\n<p>Al\u00e9m do Porto do Itaqui, os alunos conhecer\u00e3o o trabalho realizado na f\u00e1brica da Psiu, na BR-135, e no Centro de Distribui\u00e7\u00e3o do Grupo Mateus, tamb\u00e9m na BR-135. <\/p>\n\n\n\n<div class=\"wp-block-image\"><figure class=\"aligncenter size-large is-resized\"><img loading=\"lazy\" decoding=\"async\" src=\"https:\/\/www.blogsoestado.com\/evandrojunior\/files\/2024\/04\/2014-10-23-10.37.45-1024x768.jpg\" alt=\"\" class=\"wp-image-11546\" width=\"498\" height=\"374\"\/><figcaption><strong>Durante as visitas t\u00e9cnicas, alunos conhecem todo o funcionamento da empresa<\/strong><\/figcaption><\/figure><\/div>\n\n\n\n<p>V\u00e1rias turmas da Faene j\u00e1 participaram de visitas t\u00e9cnicas em anos anteriores. Em todas as empresas, os alunos recebem informa\u00e7\u00f5es detalhadas sobre estrutura, funcionamento e resultados, bem como conhecem as instala\u00e7\u00f5es e a din\u00e2mica do trabalho nos diversos setores. J\u00e1 foram realizadas visitas t\u00e9cnicas, por exemplo, \u00e0 F\u00e1brica da Natura, \u00e0 sede do Grupo Botic\u00e1rio, \u00e0s f\u00e1bricas da Electrolux e Volkaswagen, entre diversas outras empresas. <\/p>\n","protected":false},"excerpt":{"rendered":"<p>S\u00c3O LU\u00cdS &#8211; A Faculdade de Neg\u00f3cios Faene, institui\u00e7\u00e3o localizada no bairro Angelim, dar\u00e1 continuidade \u00e0 programa\u00e7\u00e3o de visitas dos [&hellip;]<\/p>\n","protected":false},"author":4,"featured_media":0,"comment_status":"open","ping_status":"open","sticky":false,"template":"","format":"standard","meta":{"site-sidebar-layout":"default","site-content-layout":"","ast-site-content-layout":"default","site-content-style":"default","site-sidebar-style":"default","ast-global-header-display":"","ast-banner-title-visibility":"","ast-main-header-display":"","ast-hfb-above-header-display":"","ast-hfb-below-header-display":"","ast-hfb-mobile-header-display":"","site-post-title":"","ast-breadcrumbs-content":"","ast-featured-img":"","footer-sml-layout":"","ast-disable-related-posts":"","theme-transparent-header-meta":"","adv-header-id-meta":"","stick-header-meta":"","header-above-stick-meta":"","header-main-stick-meta":"","header-below-stick-meta":"","astra-migrate-meta-layouts":"default","ast-page-background-enabled":"default","ast-page-background-meta":{"desktop":{"background-color":"var(--ast-global-color-5)","background-image":"","background-repeat":"repeat","background-position":"center center","background-size":"auto","background-attachment":"scroll","background-type":"","background-media":"","overlay-type":"","overlay-color":"","overlay-opacity":"","overlay-gradient":""},"tablet":{"background-color":"","background-image":"","background-repeat":"repeat","background-position":"center center","background-size":"auto","background-attachment":"scroll","background-type":"","background-media":"","overlay-type":"","overlay-color":"","overlay-opacity":"","overlay-gradient":""},"mobile":{"background-color":"","background-image":"","background-repeat":"repeat","background-position":"center center","background-size":"auto","background-attachment":"scroll","background-type":"","background-media":"","overlay-type":"","overlay-color":"","overlay-opacity":"","overlay-gradient":""}},"ast-content-background-meta":{"desktop":{"background-color":"var(--ast-global-color-4)","background-image":"","background-repeat":"repeat","background-position":"center center","background-size":"auto","background-attachment":"scroll","background-type":"","background-media":"","overlay-type":"","overlay-color":"","overlay-opacity":"","overlay-gradient":""},"tablet":{"background-color":"var(--ast-global-color-4)","background-image":"","background-repeat":"repeat","background-position":"center center","background-size":"auto","background-attachment":"scroll","background-type":"","background-media":"","overlay-type":"","overlay-color":"","overlay-opacity":"","overlay-gradient":""},"mobile":{"background-color":"var(--ast-global-color-4)","background-image":"","background-repeat":"repeat","background-position":"center center","background-size":"auto","background-attachment":"scroll","background-type":"","background-media":"","overlay-type":"","overlay-color":"","overlay-opacity":"","overlay-gradient":""}},"footnotes":""},"categories":[1],"tags":[],"class_list":["post-11543","post","type-post","status-publish","format-standard","hentry","category-sem-categoria"],"yoast_head":"<!-- This site is optimized with the Yoast SEO plugin v26.6 - https:\/\/yoast.com\/wordpress\/plugins\/seo\/ -->\n<title>Faculdade de Neg\u00f3cios retomar\u00e1 programa\u00e7\u00e3o de visitas t\u00e9cnicas a empresas - Evandro Junior<\/title>\n<meta name=\"robots\" content=\"index, follow, max-snippet:-1, max-image-preview:large, max-video-preview:-1\" \/>\n<link rel=\"canonical\" href=\"https:\/\/www.blogsoestado.com\/evandrojunior\/2024\/04\/15\/faculdade-de-negocios-retomara-programacao-de-visitas-tecnicas-a-empresas\/\" \/>\n<meta property=\"og:locale\" content=\"pt_BR\" \/>\n<meta property=\"og:type\" content=\"article\" \/>\n<meta property=\"og:title\" content=\"Faculdade de Neg\u00f3cios retomar\u00e1 programa\u00e7\u00e3o de visitas t\u00e9cnicas a empresas - Evandro Junior\" \/>\n<meta property=\"og:description\" content=\"S\u00c3O LU\u00cdS &#8211; A Faculdade de Neg\u00f3cios Faene, institui\u00e7\u00e3o localizada no bairro Angelim, dar\u00e1 continuidade \u00e0 programa\u00e7\u00e3o de visitas dos [&hellip;]\" \/>\n<meta property=\"og:url\" content=\"https:\/\/www.blogsoestado.com\/evandrojunior\/2024\/04\/15\/faculdade-de-negocios-retomara-programacao-de-visitas-tecnicas-a-empresas\/\" \/>\n<meta property=\"og:site_name\" content=\"Evandro Junior\" \/>\n<meta property=\"article:published_time\" content=\"2024-04-15T15:03:13+00:00\" \/>\n<meta property=\"og:image\" content=\"https:\/\/www.blogsoestado.com\/evandrojunior\/files\/2024\/04\/GEDC0834-1024x768.jpg\" \/>\n<meta name=\"author\" content=\"Evandro Junior\" \/>\n<meta name=\"twitter:card\" content=\"summary_large_image\" \/>\n<meta name=\"twitter:label1\" content=\"Escrito por\" \/>\n\t<meta name=\"twitter:data1\" content=\"Evandro Junior\" \/>\n\t<meta name=\"twitter:label2\" content=\"Est. tempo de leitura\" \/>\n\t<meta name=\"twitter:data2\" content=\"3 minutos\" \/>\n<script type=\"application\/ld+json\" class=\"yoast-schema-graph\">{\"@context\":\"https:\/\/schema.org\",\"@graph\":[{\"@type\":\"WebPage\",\"@id\":\"https:\/\/www.blogsoestado.com\/evandrojunior\/2024\/04\/15\/faculdade-de-negocios-retomara-programacao-de-visitas-tecnicas-a-empresas\/\",\"url\":\"https:\/\/www.blogsoestado.com\/evandrojunior\/2024\/04\/15\/faculdade-de-negocios-retomara-programacao-de-visitas-tecnicas-a-empresas\/\",\"name\":\"Faculdade de Neg\u00f3cios retomar\u00e1 programa\u00e7\u00e3o de visitas t\u00e9cnicas a empresas - Evandro Junior\",\"isPartOf\":{\"@id\":\"https:\/\/www.blogsoestado.com\/evandrojunior\/#website\"},\"primaryImageOfPage\":{\"@id\":\"https:\/\/www.blogsoestado.com\/evandrojunior\/2024\/04\/15\/faculdade-de-negocios-retomara-programacao-de-visitas-tecnicas-a-empresas\/#primaryimage\"},\"image\":{\"@id\":\"https:\/\/www.blogsoestado.com\/evandrojunior\/2024\/04\/15\/faculdade-de-negocios-retomara-programacao-de-visitas-tecnicas-a-empresas\/#primaryimage\"},\"thumbnailUrl\":\"https:\/\/www.blogsoestado.com\/evandrojunior\/files\/2024\/04\/GEDC0834-1024x768.jpg\",\"datePublished\":\"2024-04-15T15:03:13+00:00\",\"author\":{\"@id\":\"https:\/\/www.blogsoestado.com\/evandrojunior\/#\/schema\/person\/3e6c3d8dbb740d1c6878ebc935cfb3be\"},\"breadcrumb\":{\"@id\":\"https:\/\/www.blogsoestado.com\/evandrojunior\/2024\/04\/15\/faculdade-de-negocios-retomara-programacao-de-visitas-tecnicas-a-empresas\/#breadcrumb\"},\"inLanguage\":\"pt-BR\",\"potentialAction\":[{\"@type\":\"ReadAction\",\"target\":[\"https:\/\/www.blogsoestado.com\/evandrojunior\/2024\/04\/15\/faculdade-de-negocios-retomara-programacao-de-visitas-tecnicas-a-empresas\/\"]}]},{\"@type\":\"ImageObject\",\"inLanguage\":\"pt-BR\",\"@id\":\"https:\/\/www.blogsoestado.com\/evandrojunior\/2024\/04\/15\/faculdade-de-negocios-retomara-programacao-de-visitas-tecnicas-a-empresas\/#primaryimage\",\"url\":\"https:\/\/www.blogsoestado.com\/evandrojunior\/files\/2024\/04\/GEDC0834-1024x768.jpg\",\"contentUrl\":\"https:\/\/www.blogsoestado.com\/evandrojunior\/files\/2024\/04\/GEDC0834-1024x768.jpg\"},{\"@type\":\"BreadcrumbList\",\"@id\":\"https:\/\/www.blogsoestado.com\/evandrojunior\/2024\/04\/15\/faculdade-de-negocios-retomara-programacao-de-visitas-tecnicas-a-empresas\/#breadcrumb\",\"itemListElement\":[{\"@type\":\"ListItem\",\"position\":1,\"name\":\"In\u00edcio\",\"item\":\"https:\/\/www.blogsoestado.com\/evandrojunior\/\"},{\"@type\":\"ListItem\",\"position\":2,\"name\":\"Faculdade de Neg\u00f3cios retomar\u00e1 programa\u00e7\u00e3o de visitas t\u00e9cnicas a empresas\"}]},{\"@type\":\"WebSite\",\"@id\":\"https:\/\/www.blogsoestado.com\/evandrojunior\/#website\",\"url\":\"https:\/\/www.blogsoestado.com\/evandrojunior\/\",\"name\":\"Evandro Junior\",\"description\":\"\",\"potentialAction\":[{\"@type\":\"SearchAction\",\"target\":{\"@type\":\"EntryPoint\",\"urlTemplate\":\"https:\/\/www.blogsoestado.com\/evandrojunior\/?s={search_term_string}\"},\"query-input\":{\"@type\":\"PropertyValueSpecification\",\"valueRequired\":true,\"valueName\":\"search_term_string\"}}],\"inLanguage\":\"pt-BR\"},{\"@type\":\"Person\",\"@id\":\"https:\/\/www.blogsoestado.com\/evandrojunior\/#\/schema\/person\/3e6c3d8dbb740d1c6878ebc935cfb3be\",\"name\":\"Evandro Junior\",\"image\":{\"@type\":\"ImageObject\",\"inLanguage\":\"pt-BR\",\"@id\":\"https:\/\/www.blogsoestado.com\/evandrojunior\/#\/schema\/person\/image\/\",\"url\":\"https:\/\/secure.gravatar.com\/avatar\/f80a03a2294a580cd2318bfb459bf354cfa8be661ef3d95b542cf9a04af8d129?s=96&d=mm&r=g\",\"contentUrl\":\"https:\/\/secure.gravatar.com\/avatar\/f80a03a2294a580cd2318bfb459bf354cfa8be661ef3d95b542cf9a04af8d129?s=96&d=mm&r=g\",\"caption\":\"Evandro Junior\"},\"url\":\"https:\/\/www.blogsoestado.com\/evandrojunior\/author\/evandrojunior\/\"}]}<\/script>\n<!-- \/ Yoast SEO plugin. -->","yoast_head_json":{"title":"Faculdade de Neg\u00f3cios retomar\u00e1 programa\u00e7\u00e3o de visitas t\u00e9cnicas a empresas - Evandro Junior","robots":{"index":"index","follow":"follow","max-snippet":"max-snippet:-1","max-image-preview":"max-image-preview:large","max-video-preview":"max-video-preview:-1"},"canonical":"https:\/\/www.blogsoestado.com\/evandrojunior\/2024\/04\/15\/faculdade-de-negocios-retomara-programacao-de-visitas-tecnicas-a-empresas\/","og_locale":"pt_BR","og_type":"article","og_title":"Faculdade de Neg\u00f3cios retomar\u00e1 programa\u00e7\u00e3o de visitas t\u00e9cnicas a empresas - Evandro Junior","og_description":"S\u00c3O LU\u00cdS &#8211; A Faculdade de Neg\u00f3cios Faene, institui\u00e7\u00e3o localizada no bairro Angelim, dar\u00e1 continuidade \u00e0 programa\u00e7\u00e3o de visitas dos [&hellip;]","og_url":"https:\/\/www.blogsoestado.com\/evandrojunior\/2024\/04\/15\/faculdade-de-negocios-retomara-programacao-de-visitas-tecnicas-a-empresas\/","og_site_name":"Evandro Junior","article_published_time":"2024-04-15T15:03:13+00:00","og_image":[{"url":"https:\/\/www.blogsoestado.com\/evandrojunior\/files\/2024\/04\/GEDC0834-1024x768.jpg","type":"","width":"","height":""}],"author":"Evandro Junior","twitter_card":"summary_large_image","twitter_misc":{"Escrito por":"Evandro Junior","Est. tempo de leitura":"3 minutos"},"schema":{"@context":"https:\/\/schema.org","@graph":[{"@type":"WebPage","@id":"https:\/\/www.blogsoestado.com\/evandrojunior\/2024\/04\/15\/faculdade-de-negocios-retomara-programacao-de-visitas-tecnicas-a-empresas\/","url":"https:\/\/www.blogsoestado.com\/evandrojunior\/2024\/04\/15\/faculdade-de-negocios-retomara-programacao-de-visitas-tecnicas-a-empresas\/","name":"Faculdade de Neg\u00f3cios retomar\u00e1 programa\u00e7\u00e3o de visitas t\u00e9cnicas a empresas - Evandro Junior","isPartOf":{"@id":"https:\/\/www.blogsoestado.com\/evandrojunior\/#website"},"primaryImageOfPage":{"@id":"https:\/\/www.blogsoestado.com\/evandrojunior\/2024\/04\/15\/faculdade-de-negocios-retomara-programacao-de-visitas-tecnicas-a-empresas\/#primaryimage"},"image":{"@id":"https:\/\/www.blogsoestado.com\/evandrojunior\/2024\/04\/15\/faculdade-de-negocios-retomara-programacao-de-visitas-tecnicas-a-empresas\/#primaryimage"},"thumbnailUrl":"https:\/\/www.blogsoestado.com\/evandrojunior\/files\/2024\/04\/GEDC0834-1024x768.jpg","datePublished":"2024-04-15T15:03:13+00:00","author":{"@id":"https:\/\/www.blogsoestado.com\/evandrojunior\/#\/schema\/person\/3e6c3d8dbb740d1c6878ebc935cfb3be"},"breadcrumb":{"@id":"https:\/\/www.blogsoestado.com\/evandrojunior\/2024\/04\/15\/faculdade-de-negocios-retomara-programacao-de-visitas-tecnicas-a-empresas\/#breadcrumb"},"inLanguage":"pt-BR","potentialAction":[{"@type":"ReadAction","target":["https:\/\/www.blogsoestado.com\/evandrojunior\/2024\/04\/15\/faculdade-de-negocios-retomara-programacao-de-visitas-tecnicas-a-empresas\/"]}]},{"@type":"ImageObject","inLanguage":"pt-BR","@id":"https:\/\/www.blogsoestado.com\/evandrojunior\/2024\/04\/15\/faculdade-de-negocios-retomara-programacao-de-visitas-tecnicas-a-empresas\/#primaryimage","url":"https:\/\/www.blogsoestado.com\/evandrojunior\/files\/2024\/04\/GEDC0834-1024x768.jpg","contentUrl":"https:\/\/www.blogsoestado.com\/evandrojunior\/files\/2024\/04\/GEDC0834-1024x768.jpg"},{"@type":"BreadcrumbList","@id":"https:\/\/www.blogsoestado.com\/evandrojunior\/2024\/04\/15\/faculdade-de-negocios-retomara-programacao-de-visitas-tecnicas-a-empresas\/#breadcrumb","itemListElement":[{"@type":"ListItem","position":1,"name":"In\u00edcio","item":"https:\/\/www.blogsoestado.com\/evandrojunior\/"},{"@type":"ListItem","position":2,"name":"Faculdade de Neg\u00f3cios retomar\u00e1 programa\u00e7\u00e3o de visitas t\u00e9cnicas a empresas"}]},{"@type":"WebSite","@id":"https:\/\/www.blogsoestado.com\/evandrojunior\/#website","url":"https:\/\/www.blogsoestado.com\/evandrojunior\/","name":"Evandro Junior","description":"","potentialAction":[{"@type":"SearchAction","target":{"@type":"EntryPoint","urlTemplate":"https:\/\/www.blogsoestado.com\/evandrojunior\/?s={search_term_string}"},"query-input":{"@type":"PropertyValueSpecification","valueRequired":true,"valueName":"search_term_string"}}],"inLanguage":"pt-BR"},{"@type":"Person","@id":"https:\/\/www.blogsoestado.com\/evandrojunior\/#\/schema\/person\/3e6c3d8dbb740d1c6878ebc935cfb3be","name":"Evandro Junior","image":{"@type":"ImageObject","inLanguage":"pt-BR","@id":"https:\/\/www.blogsoestado.com\/evandrojunior\/#\/schema\/person\/image\/","url":"https:\/\/secure.gravatar.com\/avatar\/f80a03a2294a580cd2318bfb459bf354cfa8be661ef3d95b542cf9a04af8d129?s=96&d=mm&r=g","contentUrl":"https:\/\/secure.gravatar.com\/avatar\/f80a03a2294a580cd2318bfb459bf354cfa8be661ef3d95b542cf9a04af8d129?s=96&d=mm&r=g","caption":"Evandro Junior"},"url":"https:\/\/www.blogsoestado.com\/evandrojunior\/author\/evandrojunior\/"}]}},"jetpack_featured_media_url":"","_links":{"self":[{"href":"https:\/\/www.blogsoestado.com\/evandrojunior\/wp-json\/wp\/v2\/posts\/11543","targetHints":{"allow":["GET"]}}],"collection":[{"href":"https:\/\/www.blogsoestado.com\/evandrojunior\/wp-json\/wp\/v2\/posts"}],"about":[{"href":"https:\/\/www.blogsoestado.com\/evandrojunior\/wp-json\/wp\/v2\/types\/post"}],"author":[{"embeddable":true,"href":"https:\/\/www.blogsoestado.com\/evandrojunior\/wp-json\/wp\/v2\/users\/4"}],"replies":[{"embeddable":true,"href":"https:\/\/www.blogsoestado.com\/evandrojunior\/wp-json\/wp\/v2\/comments?post=11543"}],"version-history":[{"count":0,"href":"https:\/\/www.blogsoestado.com\/evandrojunior\/wp-json\/wp\/v2\/posts\/11543\/revisions"}],"wp:attachment":[{"href":"https:\/\/www.blogsoestado.com\/evandrojunior\/wp-json\/wp\/v2\/media?parent=11543"}],"wp:term":[{"taxonomy":"category","embeddable":true,"href":"https:\/\/www.blogsoestado.com\/evandrojunior\/wp-json\/wp\/v2\/categories?post=11543"},{"taxonomy":"post_tag","embeddable":true,"href":"https:\/\/www.blogsoestado.com\/evandrojunior\/wp-json\/wp\/v2\/tags?post=11543"}],"curies":[{"name":"wp","href":"https:\/\/api.w.org\/{rel}","templated":true}]}}