{"id":11549,"date":"2024-04-15T20:48:30","date_gmt":"2024-04-15T23:48:30","guid":{"rendered":"https:\/\/www.blogsoestado.com\/evandrojunior\/?p=11549"},"modified":"2024-04-15T20:48:30","modified_gmt":"2024-04-15T23:48:30","slug":"amovinho-recebe-empreendedoras-do-ramo-da-beleza-no-terca-para-mulheres","status":"publish","type":"post","link":"https:\/\/www.blogsoestado.com\/evandrojunior\/2024\/04\/15\/amovinho-recebe-empreendedoras-do-ramo-da-beleza-no-terca-para-mulheres\/","title":{"rendered":"AmoVinho recebe empreendedoras do ramo da beleza no &#8216;Ter\u00e7a para Mulheres&#8217;"},"content":{"rendered":"\n<div class=\"wp-block-image\"><figure class=\"aligncenter size-large is-resized\"><img fetchpriority=\"high\" decoding=\"async\" src=\"https:\/\/www.blogsoestado.com\/evandrojunior\/files\/2024\/04\/IMG_8683-1024x1024.jpg\" alt=\"\" class=\"wp-image-11551\" width=\"475\" height=\"475\"\/><figcaption><strong>Empres\u00e1rias Luanne Durans e Fl\u00e1via Mota estar\u00e3o na AmoVinho na noite desta ter\u00e7a-feira (16) para participar do projeto TPM<\/strong><\/figcaption><\/figure><\/div>\n\n\n\n<p><strong>S\u00e3o Lu\u00eds<\/strong> &#8211; &#8220;Reposicione a sua marca: desafios e solu\u00e7\u00f5es para se manter no mercado&#8221; \u00e9 o tema da edi\u00e7\u00e3o desta semana do projeto &#8216;Ter\u00e7a para Mulheres&#8217; &#8211; TPM.<\/p>\n\n\n\n<p>O evento acontece nesta ter\u00e7a-feira (16), \u00e0s 19h, na AmoVinho Bistr\u00f4 &amp; Adega, no Parque Shalon. As convidadas s\u00e3o as empres\u00e1rias Luanne Durans e Fl\u00e1via Mota. O menu com entrada, prato principal, sobremesa e ta\u00e7a de vinho ter\u00e1 o valor promocional de R$ 95,00 por pessoa. <\/p>\n\n\n\n<p>Luane Durans \u00e9 propriet\u00e1ria do charmoso Studio Luanne Durans e Fl\u00e1via Mota, por sua vez, \u00e9 especialista em beleza e ajuda a elevar a autoestima das mulheres com maquiagem e o poder da imagem. <\/p>\n\n\n\n<p>As duas foram convidadas pela gerente administrativa da AmoVinho Bistr\u00f4 &amp; Adega, Am\u00e9lia Jorge, para compartilhar suas experi\u00eancias no empreendedorismo dentro desse ramo de atividade. &#8220;S\u00e3o mulheres vitoriosas e que ajudam outras mulheres a se sentirem empoderadas e s\u00e3o exemplos de sucesso&#8221;, destaca Am\u00e9lia Jorge.<\/p>\n\n\n\n<p>O projeto TPM re\u00fane mulheres antenadas da capital maranhense, sempre com uma convidada especial para falar sobre um determinado assunto nas \u00e1reas da sa\u00fade, beleza, decora\u00e7\u00e3o, empreendedorismo e muitos outros. O encontro se d\u00e1 em um ambiente bastante charmoso e elegante e em meio a excelentes vinhos.<\/p>\n\n\n\n<div class=\"wp-block-image\"><figure class=\"aligncenter size-large is-resized\"><img decoding=\"async\" src=\"https:\/\/www.blogsoestado.com\/evandrojunior\/files\/2024\/04\/PHOTO-2024-04-15-10-50-42-576x1024.jpg\" alt=\"\" class=\"wp-image-11554\" width=\"456\" height=\"811\"\/><\/figure><\/div>\n\n\n\n<p> <\/p>\n","protected":false},"excerpt":{"rendered":"<p>S\u00e3o Lu\u00eds &#8211; &#8220;Reposicione a sua marca: desafios e solu\u00e7\u00f5es para se manter no mercado&#8221; \u00e9 o tema da edi\u00e7\u00e3o [&hellip;]<\/p>\n","protected":false},"author":4,"featured_media":0,"comment_status":"open","ping_status":"open","sticky":false,"template":"","format":"standard","meta":{"site-sidebar-layout":"default","site-content-layout":"","ast-site-content-layout":"default","site-content-style":"default","site-sidebar-style":"default","ast-global-header-display":"","ast-banner-title-visibility":"","ast-main-header-display":"","ast-hfb-above-header-display":"","ast-hfb-below-header-display":"","ast-hfb-mobile-header-display":"","site-post-title":"","ast-breadcrumbs-content":"","ast-featured-img":"","footer-sml-layout":"","ast-disable-related-posts":"","theme-transparent-header-meta":"","adv-header-id-meta":"","stick-header-meta":"","header-above-stick-meta":"","header-main-stick-meta":"","header-below-stick-meta":"","astra-migrate-meta-layouts":"default","ast-page-background-enabled":"default","ast-page-background-meta":{"desktop":{"background-color":"var(--ast-global-color-5)","background-image":"","background-repeat":"repeat","background-position":"center center","background-size":"auto","background-attachment":"scroll","background-type":"","background-media":"","overlay-type":"","overlay-color":"","overlay-opacity":"","overlay-gradient":""},"tablet":{"background-color":"","background-image":"","background-repeat":"repeat","background-position":"center center","background-size":"auto","background-attachment":"scroll","background-type":"","background-media":"","overlay-type":"","overlay-color":"","overlay-opacity":"","overlay-gradient":""},"mobile":{"background-color":"","background-image":"","background-repeat":"repeat","background-position":"center center","background-size":"auto","background-attachment":"scroll","background-type":"","background-media":"","overlay-type":"","overlay-color":"","overlay-opacity":"","overlay-gradient":""}},"ast-content-background-meta":{"desktop":{"background-color":"var(--ast-global-color-4)","background-image":"","background-repeat":"repeat","background-position":"center center","background-size":"auto","background-attachment":"scroll","background-type":"","background-media":"","overlay-type":"","overlay-color":"","overlay-opacity":"","overlay-gradient":""},"tablet":{"background-color":"var(--ast-global-color-4)","background-image":"","background-repeat":"repeat","background-position":"center center","background-size":"auto","background-attachment":"scroll","background-type":"","background-media":"","overlay-type":"","overlay-color":"","overlay-opacity":"","overlay-gradient":""},"mobile":{"background-color":"var(--ast-global-color-4)","background-image":"","background-repeat":"repeat","background-position":"center center","background-size":"auto","background-attachment":"scroll","background-type":"","background-media":"","overlay-type":"","overlay-color":"","overlay-opacity":"","overlay-gradient":""}},"footnotes":""},"categories":[1],"tags":[],"class_list":["post-11549","post","type-post","status-publish","format-standard","hentry","category-sem-categoria"],"yoast_head":"<!-- This site is optimized with the Yoast SEO plugin v26.6 - https:\/\/yoast.com\/wordpress\/plugins\/seo\/ -->\n<title>AmoVinho recebe empreendedoras do ramo da beleza no &#039;Ter\u00e7a para Mulheres&#039; - Evandro Junior<\/title>\n<meta name=\"robots\" content=\"index, follow, max-snippet:-1, max-image-preview:large, max-video-preview:-1\" \/>\n<link rel=\"canonical\" href=\"https:\/\/www.blogsoestado.com\/evandrojunior\/2024\/04\/15\/amovinho-recebe-empreendedoras-do-ramo-da-beleza-no-terca-para-mulheres\/\" \/>\n<meta property=\"og:locale\" content=\"pt_BR\" \/>\n<meta property=\"og:type\" content=\"article\" \/>\n<meta property=\"og:title\" content=\"AmoVinho recebe empreendedoras do ramo da beleza no &#039;Ter\u00e7a para Mulheres&#039; - Evandro Junior\" \/>\n<meta property=\"og:description\" content=\"S\u00e3o Lu\u00eds &#8211; &#8220;Reposicione a sua marca: desafios e solu\u00e7\u00f5es para se manter no mercado&#8221; \u00e9 o tema da edi\u00e7\u00e3o [&hellip;]\" \/>\n<meta property=\"og:url\" content=\"https:\/\/www.blogsoestado.com\/evandrojunior\/2024\/04\/15\/amovinho-recebe-empreendedoras-do-ramo-da-beleza-no-terca-para-mulheres\/\" \/>\n<meta property=\"og:site_name\" content=\"Evandro Junior\" \/>\n<meta property=\"article:published_time\" content=\"2024-04-15T23:48:30+00:00\" \/>\n<meta property=\"og:image\" content=\"https:\/\/www.blogsoestado.com\/evandrojunior\/files\/2024\/04\/IMG_8683-1024x1024.jpg\" \/>\n<meta name=\"author\" content=\"Evandro Junior\" \/>\n<meta name=\"twitter:card\" content=\"summary_large_image\" \/>\n<meta name=\"twitter:label1\" content=\"Escrito por\" \/>\n\t<meta name=\"twitter:data1\" content=\"Evandro Junior\" \/>\n\t<meta name=\"twitter:label2\" content=\"Est. tempo de leitura\" \/>\n\t<meta name=\"twitter:data2\" content=\"2 minutos\" \/>\n<script type=\"application\/ld+json\" class=\"yoast-schema-graph\">{\"@context\":\"https:\/\/schema.org\",\"@graph\":[{\"@type\":\"WebPage\",\"@id\":\"https:\/\/www.blogsoestado.com\/evandrojunior\/2024\/04\/15\/amovinho-recebe-empreendedoras-do-ramo-da-beleza-no-terca-para-mulheres\/\",\"url\":\"https:\/\/www.blogsoestado.com\/evandrojunior\/2024\/04\/15\/amovinho-recebe-empreendedoras-do-ramo-da-beleza-no-terca-para-mulheres\/\",\"name\":\"AmoVinho recebe empreendedoras do ramo da beleza no 'Ter\u00e7a para Mulheres' - Evandro Junior\",\"isPartOf\":{\"@id\":\"https:\/\/www.blogsoestado.com\/evandrojunior\/#website\"},\"primaryImageOfPage\":{\"@id\":\"https:\/\/www.blogsoestado.com\/evandrojunior\/2024\/04\/15\/amovinho-recebe-empreendedoras-do-ramo-da-beleza-no-terca-para-mulheres\/#primaryimage\"},\"image\":{\"@id\":\"https:\/\/www.blogsoestado.com\/evandrojunior\/2024\/04\/15\/amovinho-recebe-empreendedoras-do-ramo-da-beleza-no-terca-para-mulheres\/#primaryimage\"},\"thumbnailUrl\":\"https:\/\/www.blogsoestado.com\/evandrojunior\/files\/2024\/04\/IMG_8683-1024x1024.jpg\",\"datePublished\":\"2024-04-15T23:48:30+00:00\",\"author\":{\"@id\":\"https:\/\/www.blogsoestado.com\/evandrojunior\/#\/schema\/person\/3e6c3d8dbb740d1c6878ebc935cfb3be\"},\"breadcrumb\":{\"@id\":\"https:\/\/www.blogsoestado.com\/evandrojunior\/2024\/04\/15\/amovinho-recebe-empreendedoras-do-ramo-da-beleza-no-terca-para-mulheres\/#breadcrumb\"},\"inLanguage\":\"pt-BR\",\"potentialAction\":[{\"@type\":\"ReadAction\",\"target\":[\"https:\/\/www.blogsoestado.com\/evandrojunior\/2024\/04\/15\/amovinho-recebe-empreendedoras-do-ramo-da-beleza-no-terca-para-mulheres\/\"]}]},{\"@type\":\"ImageObject\",\"inLanguage\":\"pt-BR\",\"@id\":\"https:\/\/www.blogsoestado.com\/evandrojunior\/2024\/04\/15\/amovinho-recebe-empreendedoras-do-ramo-da-beleza-no-terca-para-mulheres\/#primaryimage\",\"url\":\"https:\/\/www.blogsoestado.com\/evandrojunior\/files\/2024\/04\/IMG_8683-1024x1024.jpg\",\"contentUrl\":\"https:\/\/www.blogsoestado.com\/evandrojunior\/files\/2024\/04\/IMG_8683-1024x1024.jpg\"},{\"@type\":\"BreadcrumbList\",\"@id\":\"https:\/\/www.blogsoestado.com\/evandrojunior\/2024\/04\/15\/amovinho-recebe-empreendedoras-do-ramo-da-beleza-no-terca-para-mulheres\/#breadcrumb\",\"itemListElement\":[{\"@type\":\"ListItem\",\"position\":1,\"name\":\"In\u00edcio\",\"item\":\"https:\/\/www.blogsoestado.com\/evandrojunior\/\"},{\"@type\":\"ListItem\",\"position\":2,\"name\":\"AmoVinho recebe empreendedoras do ramo da beleza no &#8216;Ter\u00e7a para Mulheres&#8217;\"}]},{\"@type\":\"WebSite\",\"@id\":\"https:\/\/www.blogsoestado.com\/evandrojunior\/#website\",\"url\":\"https:\/\/www.blogsoestado.com\/evandrojunior\/\",\"name\":\"Evandro Junior\",\"description\":\"\",\"potentialAction\":[{\"@type\":\"SearchAction\",\"target\":{\"@type\":\"EntryPoint\",\"urlTemplate\":\"https:\/\/www.blogsoestado.com\/evandrojunior\/?s={search_term_string}\"},\"query-input\":{\"@type\":\"PropertyValueSpecification\",\"valueRequired\":true,\"valueName\":\"search_term_string\"}}],\"inLanguage\":\"pt-BR\"},{\"@type\":\"Person\",\"@id\":\"https:\/\/www.blogsoestado.com\/evandrojunior\/#\/schema\/person\/3e6c3d8dbb740d1c6878ebc935cfb3be\",\"name\":\"Evandro Junior\",\"image\":{\"@type\":\"ImageObject\",\"inLanguage\":\"pt-BR\",\"@id\":\"https:\/\/www.blogsoestado.com\/evandrojunior\/#\/schema\/person\/image\/\",\"url\":\"https:\/\/secure.gravatar.com\/avatar\/f80a03a2294a580cd2318bfb459bf354cfa8be661ef3d95b542cf9a04af8d129?s=96&d=mm&r=g\",\"contentUrl\":\"https:\/\/secure.gravatar.com\/avatar\/f80a03a2294a580cd2318bfb459bf354cfa8be661ef3d95b542cf9a04af8d129?s=96&d=mm&r=g\",\"caption\":\"Evandro Junior\"},\"url\":\"https:\/\/www.blogsoestado.com\/evandrojunior\/author\/evandrojunior\/\"}]}<\/script>\n<!-- \/ Yoast SEO plugin. -->","yoast_head_json":{"title":"AmoVinho recebe empreendedoras do ramo da beleza no 'Ter\u00e7a para Mulheres' - Evandro Junior","robots":{"index":"index","follow":"follow","max-snippet":"max-snippet:-1","max-image-preview":"max-image-preview:large","max-video-preview":"max-video-preview:-1"},"canonical":"https:\/\/www.blogsoestado.com\/evandrojunior\/2024\/04\/15\/amovinho-recebe-empreendedoras-do-ramo-da-beleza-no-terca-para-mulheres\/","og_locale":"pt_BR","og_type":"article","og_title":"AmoVinho recebe empreendedoras do ramo da beleza no 'Ter\u00e7a para Mulheres' - Evandro Junior","og_description":"S\u00e3o Lu\u00eds &#8211; &#8220;Reposicione a sua marca: desafios e solu\u00e7\u00f5es para se manter no mercado&#8221; \u00e9 o tema da edi\u00e7\u00e3o [&hellip;]","og_url":"https:\/\/www.blogsoestado.com\/evandrojunior\/2024\/04\/15\/amovinho-recebe-empreendedoras-do-ramo-da-beleza-no-terca-para-mulheres\/","og_site_name":"Evandro Junior","article_published_time":"2024-04-15T23:48:30+00:00","og_image":[{"url":"https:\/\/www.blogsoestado.com\/evandrojunior\/files\/2024\/04\/IMG_8683-1024x1024.jpg","type":"","width":"","height":""}],"author":"Evandro Junior","twitter_card":"summary_large_image","twitter_misc":{"Escrito por":"Evandro Junior","Est. tempo de leitura":"2 minutos"},"schema":{"@context":"https:\/\/schema.org","@graph":[{"@type":"WebPage","@id":"https:\/\/www.blogsoestado.com\/evandrojunior\/2024\/04\/15\/amovinho-recebe-empreendedoras-do-ramo-da-beleza-no-terca-para-mulheres\/","url":"https:\/\/www.blogsoestado.com\/evandrojunior\/2024\/04\/15\/amovinho-recebe-empreendedoras-do-ramo-da-beleza-no-terca-para-mulheres\/","name":"AmoVinho recebe empreendedoras do ramo da beleza no 'Ter\u00e7a para Mulheres' - Evandro Junior","isPartOf":{"@id":"https:\/\/www.blogsoestado.com\/evandrojunior\/#website"},"primaryImageOfPage":{"@id":"https:\/\/www.blogsoestado.com\/evandrojunior\/2024\/04\/15\/amovinho-recebe-empreendedoras-do-ramo-da-beleza-no-terca-para-mulheres\/#primaryimage"},"image":{"@id":"https:\/\/www.blogsoestado.com\/evandrojunior\/2024\/04\/15\/amovinho-recebe-empreendedoras-do-ramo-da-beleza-no-terca-para-mulheres\/#primaryimage"},"thumbnailUrl":"https:\/\/www.blogsoestado.com\/evandrojunior\/files\/2024\/04\/IMG_8683-1024x1024.jpg","datePublished":"2024-04-15T23:48:30+00:00","author":{"@id":"https:\/\/www.blogsoestado.com\/evandrojunior\/#\/schema\/person\/3e6c3d8dbb740d1c6878ebc935cfb3be"},"breadcrumb":{"@id":"https:\/\/www.blogsoestado.com\/evandrojunior\/2024\/04\/15\/amovinho-recebe-empreendedoras-do-ramo-da-beleza-no-terca-para-mulheres\/#breadcrumb"},"inLanguage":"pt-BR","potentialAction":[{"@type":"ReadAction","target":["https:\/\/www.blogsoestado.com\/evandrojunior\/2024\/04\/15\/amovinho-recebe-empreendedoras-do-ramo-da-beleza-no-terca-para-mulheres\/"]}]},{"@type":"ImageObject","inLanguage":"pt-BR","@id":"https:\/\/www.blogsoestado.com\/evandrojunior\/2024\/04\/15\/amovinho-recebe-empreendedoras-do-ramo-da-beleza-no-terca-para-mulheres\/#primaryimage","url":"https:\/\/www.blogsoestado.com\/evandrojunior\/files\/2024\/04\/IMG_8683-1024x1024.jpg","contentUrl":"https:\/\/www.blogsoestado.com\/evandrojunior\/files\/2024\/04\/IMG_8683-1024x1024.jpg"},{"@type":"BreadcrumbList","@id":"https:\/\/www.blogsoestado.com\/evandrojunior\/2024\/04\/15\/amovinho-recebe-empreendedoras-do-ramo-da-beleza-no-terca-para-mulheres\/#breadcrumb","itemListElement":[{"@type":"ListItem","position":1,"name":"In\u00edcio","item":"https:\/\/www.blogsoestado.com\/evandrojunior\/"},{"@type":"ListItem","position":2,"name":"AmoVinho recebe empreendedoras do ramo da beleza no &#8216;Ter\u00e7a para Mulheres&#8217;"}]},{"@type":"WebSite","@id":"https:\/\/www.blogsoestado.com\/evandrojunior\/#website","url":"https:\/\/www.blogsoestado.com\/evandrojunior\/","name":"Evandro Junior","description":"","potentialAction":[{"@type":"SearchAction","target":{"@type":"EntryPoint","urlTemplate":"https:\/\/www.blogsoestado.com\/evandrojunior\/?s={search_term_string}"},"query-input":{"@type":"PropertyValueSpecification","valueRequired":true,"valueName":"search_term_string"}}],"inLanguage":"pt-BR"},{"@type":"Person","@id":"https:\/\/www.blogsoestado.com\/evandrojunior\/#\/schema\/person\/3e6c3d8dbb740d1c6878ebc935cfb3be","name":"Evandro Junior","image":{"@type":"ImageObject","inLanguage":"pt-BR","@id":"https:\/\/www.blogsoestado.com\/evandrojunior\/#\/schema\/person\/image\/","url":"https:\/\/secure.gravatar.com\/avatar\/f80a03a2294a580cd2318bfb459bf354cfa8be661ef3d95b542cf9a04af8d129?s=96&d=mm&r=g","contentUrl":"https:\/\/secure.gravatar.com\/avatar\/f80a03a2294a580cd2318bfb459bf354cfa8be661ef3d95b542cf9a04af8d129?s=96&d=mm&r=g","caption":"Evandro Junior"},"url":"https:\/\/www.blogsoestado.com\/evandrojunior\/author\/evandrojunior\/"}]}},"jetpack_featured_media_url":"","_links":{"self":[{"href":"https:\/\/www.blogsoestado.com\/evandrojunior\/wp-json\/wp\/v2\/posts\/11549","targetHints":{"allow":["GET"]}}],"collection":[{"href":"https:\/\/www.blogsoestado.com\/evandrojunior\/wp-json\/wp\/v2\/posts"}],"about":[{"href":"https:\/\/www.blogsoestado.com\/evandrojunior\/wp-json\/wp\/v2\/types\/post"}],"author":[{"embeddable":true,"href":"https:\/\/www.blogsoestado.com\/evandrojunior\/wp-json\/wp\/v2\/users\/4"}],"replies":[{"embeddable":true,"href":"https:\/\/www.blogsoestado.com\/evandrojunior\/wp-json\/wp\/v2\/comments?post=11549"}],"version-history":[{"count":0,"href":"https:\/\/www.blogsoestado.com\/evandrojunior\/wp-json\/wp\/v2\/posts\/11549\/revisions"}],"wp:attachment":[{"href":"https:\/\/www.blogsoestado.com\/evandrojunior\/wp-json\/wp\/v2\/media?parent=11549"}],"wp:term":[{"taxonomy":"category","embeddable":true,"href":"https:\/\/www.blogsoestado.com\/evandrojunior\/wp-json\/wp\/v2\/categories?post=11549"},{"taxonomy":"post_tag","embeddable":true,"href":"https:\/\/www.blogsoestado.com\/evandrojunior\/wp-json\/wp\/v2\/tags?post=11549"}],"curies":[{"name":"wp","href":"https:\/\/api.w.org\/{rel}","templated":true}]}}