{"id":11562,"date":"2024-04-18T06:00:00","date_gmt":"2024-04-18T09:00:00","guid":{"rendered":"https:\/\/www.blogsoestado.com\/evandrojunior\/?p=11562"},"modified":"2024-04-18T06:00:00","modified_gmt":"2024-04-18T09:00:00","slug":"aparelho-mais-desejado-do-momento-e-usado-na-clinica-de-estetica-polyana-dominici","status":"publish","type":"post","link":"https:\/\/www.blogsoestado.com\/evandrojunior\/2024\/04\/18\/aparelho-mais-desejado-do-momento-e-usado-na-clinica-de-estetica-polyana-dominici\/","title":{"rendered":"Aparelho mais desejado do momento \u00e9 usado na Cl\u00ednica de Est\u00e9tica Polyana Dominici"},"content":{"rendered":"\n<div class=\"wp-block-image\"><figure class=\"aligncenter size-large is-resized\"><img fetchpriority=\"high\" decoding=\"async\" src=\"https:\/\/www.blogsoestado.com\/evandrojunior\/files\/2024\/04\/WhatsApp-Image-2024-04-18-at-07.59.28.jpeg\" alt=\"\" class=\"wp-image-11583\" width=\"350\" height=\"416\"\/><figcaption><strong>A m\u00e9dica Juliana Britto e Polyana Dominici exibem o Ultraformer MPT, aparelho com alta tecnologia usado na cl\u00ednica<\/strong><\/figcaption><\/figure><\/div>\n\n\n\n<p><strong>S\u00e3o Lu\u00eds<\/strong> &#8211; O Ultraformer MPT, m\u00e1quina mais desejada do momento, j\u00e1 est\u00e1 sendo usado em procedimentos na Cl\u00ednica de Est\u00e9tica Avan\u00e7ada Polyana Dominici, situada no bairro S\u00e3o Marcos. Nesta quinta-feira (18), a cl\u00ednica realiza o Ultra Col\u00e1geno Day (Ultraformer MPT e Boom de Col\u00e1geno). <\/p>\n\n\n\n<p>Outra novidade \u00e9 que, a partir de agora, quem vai operar essas tecnologias na cl\u00ednica \u00e9 a Dra. Juliana Britto, m\u00e9dica que est\u00e1 chegando para atender e integrar o corpo cl\u00ednico da empresa, levando grandes novidades e procedimentos de alto padr\u00e3o para o espa\u00e7o.<\/p>\n\n\n\n<p><strong>Ultraformer MPT<\/strong><\/p>\n\n\n\n<p>Trata-se de um aparelho da mais alta tecnologia, que pode alcan\u00e7ar profundas camadas do rosto e do corpo, trazendo resultados incr\u00edveis e vis\u00edveis para as pacientes.<\/p>\n\n\n\n<p>O aparelho ultramoderno \u00e9 utilizado para realizar diversos procedimentos est\u00e9ticos, como tratamento da flacidez facial e corporal, celulite, gordura localizada, rugas e linhas de express\u00e3o, entre diversos outros.<\/p>\n\n\n\n<p>O Ultraformer MPT tem ponteiras superficiais que permitem melhorar poros, linhas finas, ros\u00e1cea, trazer col\u00e1geno e ainda ajuda no controle e tratamento do melasma.<\/p>\n\n\n\n<p>\u00c9 a evolu\u00e7\u00e3o do UltraFormer III. Ele foi desenvolvido para oferecer ainda mais benef\u00edcios e resultados aos pacientes, com mais conforto e seguran\u00e7a durante o tratamento.<\/p>\n\n\n\n<div class=\"wp-block-image\"><figure class=\"aligncenter size-large is-resized\"><img decoding=\"async\" src=\"https:\/\/www.blogsoestado.com\/evandrojunior\/files\/2024\/04\/WhatsApp-Image-2024-04-16-at-15.38.20-819x1024.jpeg\" alt=\"\" class=\"wp-image-11565\" width=\"475\" height=\"594\"\/><\/figure><\/div>\n\n\n\n<p><strong>Produ\u00e7\u00e3o de col\u00e1geno<\/strong><\/p>\n\n\n\n<p>Por meio da a\u00e7\u00e3o t\u00e9rmica (aquecimento entre 65 e 75 graus), o Ultraformer MPT estimula ativamente a produ\u00e7\u00e3o de col\u00e1geno em diferentes camadas cut\u00e2neas, desde as mais superficiais at\u00e9 as mais profundas.<\/p>\n\n\n\n<p>Isso resulta em mais firmeza da pele, atenua\u00e7\u00e3o das rugas e linhas de express\u00e3o, efeito lifting na face, maior defini\u00e7\u00e3o facial, melhora na textura e expressiva redu\u00e7\u00e3o da papada (submento).<\/p>\n\n\n\n<p>\u00c9 recomendado para tratar a flacidez de \u00e1reas como a testa, sobrancelhas, p\u00e1lpebras, regi\u00e3o malar, sulcos ao redor dos l\u00e1bios e pesco\u00e7o.<\/p>\n\n\n\n<p>A tecnologia tamb\u00e9m \u00e9 eficaz na redu\u00e7\u00e3o de gordura localizada, melhora do contorno corporal e redu\u00e7\u00e3o da flacidez em \u00e1reas como bra\u00e7os, abd\u00f4men, gl\u00fateos, axilas, quadril, cintura, coxas e costas. Tudo isso de forma n\u00e3o invasiva e capaz de gerar resultados imediatos, j\u00e1 na primeira sess\u00e3o.<\/p>\n","protected":false},"excerpt":{"rendered":"<p>S\u00e3o Lu\u00eds &#8211; O Ultraformer MPT, m\u00e1quina mais desejada do momento, j\u00e1 est\u00e1 sendo usado em procedimentos na Cl\u00ednica de [&hellip;]<\/p>\n","protected":false},"author":4,"featured_media":0,"comment_status":"open","ping_status":"open","sticky":false,"template":"","format":"standard","meta":{"site-sidebar-layout":"default","site-content-layout":"","ast-site-content-layout":"default","site-content-style":"default","site-sidebar-style":"default","ast-global-header-display":"","ast-banner-title-visibility":"","ast-main-header-display":"","ast-hfb-above-header-display":"","ast-hfb-below-header-display":"","ast-hfb-mobile-header-display":"","site-post-title":"","ast-breadcrumbs-content":"","ast-featured-img":"","footer-sml-layout":"","ast-disable-related-posts":"","theme-transparent-header-meta":"","adv-header-id-meta":"","stick-header-meta":"","header-above-stick-meta":"","header-main-stick-meta":"","header-below-stick-meta":"","astra-migrate-meta-layouts":"default","ast-page-background-enabled":"default","ast-page-background-meta":{"desktop":{"background-color":"var(--ast-global-color-5)","background-image":"","background-repeat":"repeat","background-position":"center center","background-size":"auto","background-attachment":"scroll","background-type":"","background-media":"","overlay-type":"","overlay-color":"","overlay-opacity":"","overlay-gradient":""},"tablet":{"background-color":"","background-image":"","background-repeat":"repeat","background-position":"center center","background-size":"auto","background-attachment":"scroll","background-type":"","background-media":"","overlay-type":"","overlay-color":"","overlay-opacity":"","overlay-gradient":""},"mobile":{"background-color":"","background-image":"","background-repeat":"repeat","background-position":"center center","background-size":"auto","background-attachment":"scroll","background-type":"","background-media":"","overlay-type":"","overlay-color":"","overlay-opacity":"","overlay-gradient":""}},"ast-content-background-meta":{"desktop":{"background-color":"var(--ast-global-color-4)","background-image":"","background-repeat":"repeat","background-position":"center center","background-size":"auto","background-attachment":"scroll","background-type":"","background-media":"","overlay-type":"","overlay-color":"","overlay-opacity":"","overlay-gradient":""},"tablet":{"background-color":"var(--ast-global-color-4)","background-image":"","background-repeat":"repeat","background-position":"center center","background-size":"auto","background-attachment":"scroll","background-type":"","background-media":"","overlay-type":"","overlay-color":"","overlay-opacity":"","overlay-gradient":""},"mobile":{"background-color":"var(--ast-global-color-4)","background-image":"","background-repeat":"repeat","background-position":"center center","background-size":"auto","background-attachment":"scroll","background-type":"","background-media":"","overlay-type":"","overlay-color":"","overlay-opacity":"","overlay-gradient":""}},"footnotes":""},"categories":[1],"tags":[],"class_list":["post-11562","post","type-post","status-publish","format-standard","hentry","category-sem-categoria"],"yoast_head":"<!-- This site is optimized with the Yoast SEO plugin v26.6 - https:\/\/yoast.com\/wordpress\/plugins\/seo\/ -->\n<title>Aparelho mais desejado do momento \u00e9 usado na Cl\u00ednica de Est\u00e9tica Polyana Dominici - Evandro Junior<\/title>\n<meta name=\"robots\" content=\"index, follow, max-snippet:-1, max-image-preview:large, max-video-preview:-1\" \/>\n<link rel=\"canonical\" href=\"https:\/\/www.blogsoestado.com\/evandrojunior\/2024\/04\/18\/aparelho-mais-desejado-do-momento-e-usado-na-clinica-de-estetica-polyana-dominici\/\" \/>\n<meta property=\"og:locale\" content=\"pt_BR\" \/>\n<meta property=\"og:type\" content=\"article\" \/>\n<meta property=\"og:title\" content=\"Aparelho mais desejado do momento \u00e9 usado na Cl\u00ednica de Est\u00e9tica Polyana Dominici - Evandro Junior\" \/>\n<meta property=\"og:description\" content=\"S\u00e3o Lu\u00eds &#8211; O Ultraformer MPT, m\u00e1quina mais desejada do momento, j\u00e1 est\u00e1 sendo usado em procedimentos na Cl\u00ednica de [&hellip;]\" \/>\n<meta property=\"og:url\" content=\"https:\/\/www.blogsoestado.com\/evandrojunior\/2024\/04\/18\/aparelho-mais-desejado-do-momento-e-usado-na-clinica-de-estetica-polyana-dominici\/\" \/>\n<meta property=\"og:site_name\" content=\"Evandro Junior\" \/>\n<meta property=\"article:published_time\" content=\"2024-04-18T09:00:00+00:00\" \/>\n<meta property=\"og:image\" content=\"https:\/\/www.blogsoestado.com\/evandrojunior\/files\/2024\/04\/WhatsApp-Image-2024-04-18-at-07.59.28.jpeg\" \/>\n<meta name=\"author\" content=\"Evandro Junior\" \/>\n<meta name=\"twitter:card\" content=\"summary_large_image\" \/>\n<meta name=\"twitter:label1\" content=\"Escrito por\" \/>\n\t<meta name=\"twitter:data1\" content=\"Evandro Junior\" \/>\n\t<meta name=\"twitter:label2\" content=\"Est. tempo de leitura\" \/>\n\t<meta name=\"twitter:data2\" content=\"2 minutos\" \/>\n<script type=\"application\/ld+json\" class=\"yoast-schema-graph\">{\"@context\":\"https:\/\/schema.org\",\"@graph\":[{\"@type\":\"WebPage\",\"@id\":\"https:\/\/www.blogsoestado.com\/evandrojunior\/2024\/04\/18\/aparelho-mais-desejado-do-momento-e-usado-na-clinica-de-estetica-polyana-dominici\/\",\"url\":\"https:\/\/www.blogsoestado.com\/evandrojunior\/2024\/04\/18\/aparelho-mais-desejado-do-momento-e-usado-na-clinica-de-estetica-polyana-dominici\/\",\"name\":\"Aparelho mais desejado do momento \u00e9 usado na Cl\u00ednica de Est\u00e9tica Polyana Dominici - Evandro Junior\",\"isPartOf\":{\"@id\":\"https:\/\/www.blogsoestado.com\/evandrojunior\/#website\"},\"primaryImageOfPage\":{\"@id\":\"https:\/\/www.blogsoestado.com\/evandrojunior\/2024\/04\/18\/aparelho-mais-desejado-do-momento-e-usado-na-clinica-de-estetica-polyana-dominici\/#primaryimage\"},\"image\":{\"@id\":\"https:\/\/www.blogsoestado.com\/evandrojunior\/2024\/04\/18\/aparelho-mais-desejado-do-momento-e-usado-na-clinica-de-estetica-polyana-dominici\/#primaryimage\"},\"thumbnailUrl\":\"https:\/\/www.blogsoestado.com\/evandrojunior\/files\/2024\/04\/WhatsApp-Image-2024-04-18-at-07.59.28.jpeg\",\"datePublished\":\"2024-04-18T09:00:00+00:00\",\"author\":{\"@id\":\"https:\/\/www.blogsoestado.com\/evandrojunior\/#\/schema\/person\/3e6c3d8dbb740d1c6878ebc935cfb3be\"},\"breadcrumb\":{\"@id\":\"https:\/\/www.blogsoestado.com\/evandrojunior\/2024\/04\/18\/aparelho-mais-desejado-do-momento-e-usado-na-clinica-de-estetica-polyana-dominici\/#breadcrumb\"},\"inLanguage\":\"pt-BR\",\"potentialAction\":[{\"@type\":\"ReadAction\",\"target\":[\"https:\/\/www.blogsoestado.com\/evandrojunior\/2024\/04\/18\/aparelho-mais-desejado-do-momento-e-usado-na-clinica-de-estetica-polyana-dominici\/\"]}]},{\"@type\":\"ImageObject\",\"inLanguage\":\"pt-BR\",\"@id\":\"https:\/\/www.blogsoestado.com\/evandrojunior\/2024\/04\/18\/aparelho-mais-desejado-do-momento-e-usado-na-clinica-de-estetica-polyana-dominici\/#primaryimage\",\"url\":\"https:\/\/www.blogsoestado.com\/evandrojunior\/files\/2024\/04\/WhatsApp-Image-2024-04-18-at-07.59.28.jpeg\",\"contentUrl\":\"https:\/\/www.blogsoestado.com\/evandrojunior\/files\/2024\/04\/WhatsApp-Image-2024-04-18-at-07.59.28.jpeg\"},{\"@type\":\"BreadcrumbList\",\"@id\":\"https:\/\/www.blogsoestado.com\/evandrojunior\/2024\/04\/18\/aparelho-mais-desejado-do-momento-e-usado-na-clinica-de-estetica-polyana-dominici\/#breadcrumb\",\"itemListElement\":[{\"@type\":\"ListItem\",\"position\":1,\"name\":\"In\u00edcio\",\"item\":\"https:\/\/www.blogsoestado.com\/evandrojunior\/\"},{\"@type\":\"ListItem\",\"position\":2,\"name\":\"Aparelho mais desejado do momento \u00e9 usado na Cl\u00ednica de Est\u00e9tica Polyana Dominici\"}]},{\"@type\":\"WebSite\",\"@id\":\"https:\/\/www.blogsoestado.com\/evandrojunior\/#website\",\"url\":\"https:\/\/www.blogsoestado.com\/evandrojunior\/\",\"name\":\"Evandro Junior\",\"description\":\"\",\"potentialAction\":[{\"@type\":\"SearchAction\",\"target\":{\"@type\":\"EntryPoint\",\"urlTemplate\":\"https:\/\/www.blogsoestado.com\/evandrojunior\/?s={search_term_string}\"},\"query-input\":{\"@type\":\"PropertyValueSpecification\",\"valueRequired\":true,\"valueName\":\"search_term_string\"}}],\"inLanguage\":\"pt-BR\"},{\"@type\":\"Person\",\"@id\":\"https:\/\/www.blogsoestado.com\/evandrojunior\/#\/schema\/person\/3e6c3d8dbb740d1c6878ebc935cfb3be\",\"name\":\"Evandro Junior\",\"image\":{\"@type\":\"ImageObject\",\"inLanguage\":\"pt-BR\",\"@id\":\"https:\/\/www.blogsoestado.com\/evandrojunior\/#\/schema\/person\/image\/\",\"url\":\"https:\/\/secure.gravatar.com\/avatar\/f80a03a2294a580cd2318bfb459bf354cfa8be661ef3d95b542cf9a04af8d129?s=96&d=mm&r=g\",\"contentUrl\":\"https:\/\/secure.gravatar.com\/avatar\/f80a03a2294a580cd2318bfb459bf354cfa8be661ef3d95b542cf9a04af8d129?s=96&d=mm&r=g\",\"caption\":\"Evandro Junior\"},\"url\":\"https:\/\/www.blogsoestado.com\/evandrojunior\/author\/evandrojunior\/\"}]}<\/script>\n<!-- \/ Yoast SEO plugin. -->","yoast_head_json":{"title":"Aparelho mais desejado do momento \u00e9 usado na Cl\u00ednica de Est\u00e9tica Polyana Dominici - Evandro Junior","robots":{"index":"index","follow":"follow","max-snippet":"max-snippet:-1","max-image-preview":"max-image-preview:large","max-video-preview":"max-video-preview:-1"},"canonical":"https:\/\/www.blogsoestado.com\/evandrojunior\/2024\/04\/18\/aparelho-mais-desejado-do-momento-e-usado-na-clinica-de-estetica-polyana-dominici\/","og_locale":"pt_BR","og_type":"article","og_title":"Aparelho mais desejado do momento \u00e9 usado na Cl\u00ednica de Est\u00e9tica Polyana Dominici - Evandro Junior","og_description":"S\u00e3o Lu\u00eds &#8211; O Ultraformer MPT, m\u00e1quina mais desejada do momento, j\u00e1 est\u00e1 sendo usado em procedimentos na Cl\u00ednica de [&hellip;]","og_url":"https:\/\/www.blogsoestado.com\/evandrojunior\/2024\/04\/18\/aparelho-mais-desejado-do-momento-e-usado-na-clinica-de-estetica-polyana-dominici\/","og_site_name":"Evandro Junior","article_published_time":"2024-04-18T09:00:00+00:00","og_image":[{"url":"https:\/\/www.blogsoestado.com\/evandrojunior\/files\/2024\/04\/WhatsApp-Image-2024-04-18-at-07.59.28.jpeg","type":"","width":"","height":""}],"author":"Evandro Junior","twitter_card":"summary_large_image","twitter_misc":{"Escrito por":"Evandro Junior","Est. tempo de leitura":"2 minutos"},"schema":{"@context":"https:\/\/schema.org","@graph":[{"@type":"WebPage","@id":"https:\/\/www.blogsoestado.com\/evandrojunior\/2024\/04\/18\/aparelho-mais-desejado-do-momento-e-usado-na-clinica-de-estetica-polyana-dominici\/","url":"https:\/\/www.blogsoestado.com\/evandrojunior\/2024\/04\/18\/aparelho-mais-desejado-do-momento-e-usado-na-clinica-de-estetica-polyana-dominici\/","name":"Aparelho mais desejado do momento \u00e9 usado na Cl\u00ednica de Est\u00e9tica Polyana Dominici - Evandro Junior","isPartOf":{"@id":"https:\/\/www.blogsoestado.com\/evandrojunior\/#website"},"primaryImageOfPage":{"@id":"https:\/\/www.blogsoestado.com\/evandrojunior\/2024\/04\/18\/aparelho-mais-desejado-do-momento-e-usado-na-clinica-de-estetica-polyana-dominici\/#primaryimage"},"image":{"@id":"https:\/\/www.blogsoestado.com\/evandrojunior\/2024\/04\/18\/aparelho-mais-desejado-do-momento-e-usado-na-clinica-de-estetica-polyana-dominici\/#primaryimage"},"thumbnailUrl":"https:\/\/www.blogsoestado.com\/evandrojunior\/files\/2024\/04\/WhatsApp-Image-2024-04-18-at-07.59.28.jpeg","datePublished":"2024-04-18T09:00:00+00:00","author":{"@id":"https:\/\/www.blogsoestado.com\/evandrojunior\/#\/schema\/person\/3e6c3d8dbb740d1c6878ebc935cfb3be"},"breadcrumb":{"@id":"https:\/\/www.blogsoestado.com\/evandrojunior\/2024\/04\/18\/aparelho-mais-desejado-do-momento-e-usado-na-clinica-de-estetica-polyana-dominici\/#breadcrumb"},"inLanguage":"pt-BR","potentialAction":[{"@type":"ReadAction","target":["https:\/\/www.blogsoestado.com\/evandrojunior\/2024\/04\/18\/aparelho-mais-desejado-do-momento-e-usado-na-clinica-de-estetica-polyana-dominici\/"]}]},{"@type":"ImageObject","inLanguage":"pt-BR","@id":"https:\/\/www.blogsoestado.com\/evandrojunior\/2024\/04\/18\/aparelho-mais-desejado-do-momento-e-usado-na-clinica-de-estetica-polyana-dominici\/#primaryimage","url":"https:\/\/www.blogsoestado.com\/evandrojunior\/files\/2024\/04\/WhatsApp-Image-2024-04-18-at-07.59.28.jpeg","contentUrl":"https:\/\/www.blogsoestado.com\/evandrojunior\/files\/2024\/04\/WhatsApp-Image-2024-04-18-at-07.59.28.jpeg"},{"@type":"BreadcrumbList","@id":"https:\/\/www.blogsoestado.com\/evandrojunior\/2024\/04\/18\/aparelho-mais-desejado-do-momento-e-usado-na-clinica-de-estetica-polyana-dominici\/#breadcrumb","itemListElement":[{"@type":"ListItem","position":1,"name":"In\u00edcio","item":"https:\/\/www.blogsoestado.com\/evandrojunior\/"},{"@type":"ListItem","position":2,"name":"Aparelho mais desejado do momento \u00e9 usado na Cl\u00ednica de Est\u00e9tica Polyana Dominici"}]},{"@type":"WebSite","@id":"https:\/\/www.blogsoestado.com\/evandrojunior\/#website","url":"https:\/\/www.blogsoestado.com\/evandrojunior\/","name":"Evandro Junior","description":"","potentialAction":[{"@type":"SearchAction","target":{"@type":"EntryPoint","urlTemplate":"https:\/\/www.blogsoestado.com\/evandrojunior\/?s={search_term_string}"},"query-input":{"@type":"PropertyValueSpecification","valueRequired":true,"valueName":"search_term_string"}}],"inLanguage":"pt-BR"},{"@type":"Person","@id":"https:\/\/www.blogsoestado.com\/evandrojunior\/#\/schema\/person\/3e6c3d8dbb740d1c6878ebc935cfb3be","name":"Evandro Junior","image":{"@type":"ImageObject","inLanguage":"pt-BR","@id":"https:\/\/www.blogsoestado.com\/evandrojunior\/#\/schema\/person\/image\/","url":"https:\/\/secure.gravatar.com\/avatar\/f80a03a2294a580cd2318bfb459bf354cfa8be661ef3d95b542cf9a04af8d129?s=96&d=mm&r=g","contentUrl":"https:\/\/secure.gravatar.com\/avatar\/f80a03a2294a580cd2318bfb459bf354cfa8be661ef3d95b542cf9a04af8d129?s=96&d=mm&r=g","caption":"Evandro Junior"},"url":"https:\/\/www.blogsoestado.com\/evandrojunior\/author\/evandrojunior\/"}]}},"jetpack_featured_media_url":"","_links":{"self":[{"href":"https:\/\/www.blogsoestado.com\/evandrojunior\/wp-json\/wp\/v2\/posts\/11562","targetHints":{"allow":["GET"]}}],"collection":[{"href":"https:\/\/www.blogsoestado.com\/evandrojunior\/wp-json\/wp\/v2\/posts"}],"about":[{"href":"https:\/\/www.blogsoestado.com\/evandrojunior\/wp-json\/wp\/v2\/types\/post"}],"author":[{"embeddable":true,"href":"https:\/\/www.blogsoestado.com\/evandrojunior\/wp-json\/wp\/v2\/users\/4"}],"replies":[{"embeddable":true,"href":"https:\/\/www.blogsoestado.com\/evandrojunior\/wp-json\/wp\/v2\/comments?post=11562"}],"version-history":[{"count":0,"href":"https:\/\/www.blogsoestado.com\/evandrojunior\/wp-json\/wp\/v2\/posts\/11562\/revisions"}],"wp:attachment":[{"href":"https:\/\/www.blogsoestado.com\/evandrojunior\/wp-json\/wp\/v2\/media?parent=11562"}],"wp:term":[{"taxonomy":"category","embeddable":true,"href":"https:\/\/www.blogsoestado.com\/evandrojunior\/wp-json\/wp\/v2\/categories?post=11562"},{"taxonomy":"post_tag","embeddable":true,"href":"https:\/\/www.blogsoestado.com\/evandrojunior\/wp-json\/wp\/v2\/tags?post=11562"}],"curies":[{"name":"wp","href":"https:\/\/api.w.org\/{rel}","templated":true}]}}