{"id":11567,"date":"2024-04-16T16:30:03","date_gmt":"2024-04-16T19:30:03","guid":{"rendered":"https:\/\/www.blogsoestado.com\/evandrojunior\/?p=11567"},"modified":"2024-04-16T16:30:03","modified_gmt":"2024-04-16T19:30:03","slug":"tormenta-curta-metragem-do-boticario-reflete-dilemas-e-estigmas-das-maes-de-adolescentes","status":"publish","type":"post","link":"https:\/\/www.blogsoestado.com\/evandrojunior\/2024\/04\/16\/tormenta-curta-metragem-do-boticario-reflete-dilemas-e-estigmas-das-maes-de-adolescentes\/","title":{"rendered":"Tormenta: curta-metragem do Botic\u00e1rio reflete dilemas e estigmas das m\u00e3es de adolescentes"},"content":{"rendered":"\n<div class=\"wp-block-image\"><figure class=\"aligncenter size-large\"><img decoding=\"async\" src=\"https:\/\/www.blogsoestado.com\/evandrojunior\/files\/2024\/04\/image-4.png\" alt=\"\" class=\"wp-image-11568\"\/><figcaption><strong>Filme produzido pela marca \u00e9 considerado a maior produ\u00e7\u00e3o de data comemorativa da hist\u00f3ria<\/strong><\/figcaption><\/figure><\/div>\n\n\n\n<p>O Botic\u00e1rio, a marca de beleza mais amada do Brasil, convoca um debate sobre o estigma e os desafios que envolvem a rela\u00e7\u00e3o de m\u00e3es e filhos durante a adolesc\u00eancia em nova campanha para o\u00a0Dia das M\u00e3es. Estudos de Harvard, em 2022, apontam que os pais de adolescentes se sentem solit\u00e1rios e depressivos tanto quanto os filhos, algo que impacta diretamente na constru\u00e7\u00e3o e consolida\u00e7\u00e3o do relacionamento. <\/p>\n\n\n\n<p>Segundo a pesquisa, 18% dos adolescentes dizem sofrer de ansiedade, enquanto 20% das m\u00e3es dizem passar pelo mesmo mal. J\u00e1 a depress\u00e3o afeta 15% dos adolescentes e, ao mesmo tempo, 16% das m\u00e3es.\u00a0Considerada por muitos como uma fase assustadora e repleta de dificuldades relacionadas \u00e0 conviv\u00eancia, na qual m\u00e3es e filhos precisam ressignificar o papel um na vida do outro, a maternidade para al\u00e9m da primeira inf\u00e2ncia \u00e9 um momento delicado e de constantes mudan\u00e7as nas rela\u00e7\u00f5es familiares.<\/p>\n\n\n\n<p>Intitulado \u201cTormenta\u201d, o filme produzido pela marca \u00e9 considerado a maior produ\u00e7\u00e3o de data comemorativa da hist\u00f3ria por trazer um formato real\u00edstico que conecta e instiga o telespectador em um curta-metragem de cerca de 4 minutos. <\/p>\n\n\n\n<p>Com a comunica\u00e7\u00e3o integrada em diversos canais da marca, a campanha, que tamb\u00e9m traz experi\u00eancias de presentes nas lojas do Botic\u00e1rio, tem como objetivo incentivar as m\u00e3es a sa\u00edrem de um lugar de inseguran\u00e7a para um caminho de constru\u00e7\u00e3o de confian\u00e7a m\u00fatua.<\/p>\n\n\n\n<p>\u201cBuscamos, nessa campanha, trazer luz a uma quest\u00e3o conhecida como um dos per\u00edodos mais turbulentos e solit\u00e1rios da maternidade que, muitas vezes, n\u00e3o ocupa o espa\u00e7o que merece nas conversas criadas para a data. Por isso, estamos incentivando di\u00e1logos e reflex\u00f5es profundas para que as m\u00e3es, de fato, reconhe\u00e7am-se e, junto aos filhos, tracem um caminho de redescobertas, confian\u00e7a e crescimento juntos. Afinal, a experi\u00eancia da maternidade \u00e9 vivenciada todos os dias, em todas as fases da vida\u201d, aponta Marcela De Masi, diretora-executiva de Branding e Comunica\u00e7\u00e3o do Grupo Botic\u00e1rio. <\/p>\n\n\n\n<p>Ao som de Billie Eilish, o curta extrapola os formatos convencionais utilizados no mercado e\u00a0apresenta o movimento de uma casa, captado em um est\u00fadio especial, que materializa os altos e baixos da jornada entre m\u00e3es e filhos adolescentes, al\u00e9m de impactar com efeitos especiais, como explos\u00f5es de \u00e1guas e ventos tempestuosos.<\/p>\n","protected":false},"excerpt":{"rendered":"<p>O Botic\u00e1rio, a marca de beleza mais amada do Brasil, convoca um debate sobre o estigma e os desafios que [&hellip;]<\/p>\n","protected":false},"author":4,"featured_media":0,"comment_status":"open","ping_status":"open","sticky":false,"template":"","format":"standard","meta":{"site-sidebar-layout":"default","site-content-layout":"","ast-site-content-layout":"default","site-content-style":"default","site-sidebar-style":"default","ast-global-header-display":"","ast-banner-title-visibility":"","ast-main-header-display":"","ast-hfb-above-header-display":"","ast-hfb-below-header-display":"","ast-hfb-mobile-header-display":"","site-post-title":"","ast-breadcrumbs-content":"","ast-featured-img":"","footer-sml-layout":"","ast-disable-related-posts":"","theme-transparent-header-meta":"","adv-header-id-meta":"","stick-header-meta":"","header-above-stick-meta":"","header-main-stick-meta":"","header-below-stick-meta":"","astra-migrate-meta-layouts":"default","ast-page-background-enabled":"default","ast-page-background-meta":{"desktop":{"background-color":"var(--ast-global-color-5)","background-image":"","background-repeat":"repeat","background-position":"center center","background-size":"auto","background-attachment":"scroll","background-type":"","background-media":"","overlay-type":"","overlay-color":"","overlay-opacity":"","overlay-gradient":""},"tablet":{"background-color":"","background-image":"","background-repeat":"repeat","background-position":"center center","background-size":"auto","background-attachment":"scroll","background-type":"","background-media":"","overlay-type":"","overlay-color":"","overlay-opacity":"","overlay-gradient":""},"mobile":{"background-color":"","background-image":"","background-repeat":"repeat","background-position":"center center","background-size":"auto","background-attachment":"scroll","background-type":"","background-media":"","overlay-type":"","overlay-color":"","overlay-opacity":"","overlay-gradient":""}},"ast-content-background-meta":{"desktop":{"background-color":"var(--ast-global-color-4)","background-image":"","background-repeat":"repeat","background-position":"center center","background-size":"auto","background-attachment":"scroll","background-type":"","background-media":"","overlay-type":"","overlay-color":"","overlay-opacity":"","overlay-gradient":""},"tablet":{"background-color":"var(--ast-global-color-4)","background-image":"","background-repeat":"repeat","background-position":"center center","background-size":"auto","background-attachment":"scroll","background-type":"","background-media":"","overlay-type":"","overlay-color":"","overlay-opacity":"","overlay-gradient":""},"mobile":{"background-color":"var(--ast-global-color-4)","background-image":"","background-repeat":"repeat","background-position":"center center","background-size":"auto","background-attachment":"scroll","background-type":"","background-media":"","overlay-type":"","overlay-color":"","overlay-opacity":"","overlay-gradient":""}},"footnotes":""},"categories":[1],"tags":[],"class_list":["post-11567","post","type-post","status-publish","format-standard","hentry","category-sem-categoria"],"yoast_head":"<!-- This site is optimized with the Yoast SEO plugin v26.6 - https:\/\/yoast.com\/wordpress\/plugins\/seo\/ -->\n<title>Tormenta: curta-metragem do Botic\u00e1rio reflete dilemas e estigmas das m\u00e3es de adolescentes - Evandro Junior<\/title>\n<meta name=\"robots\" content=\"index, follow, max-snippet:-1, max-image-preview:large, max-video-preview:-1\" \/>\n<link rel=\"canonical\" href=\"https:\/\/www.blogsoestado.com\/evandrojunior\/2024\/04\/16\/tormenta-curta-metragem-do-boticario-reflete-dilemas-e-estigmas-das-maes-de-adolescentes\/\" \/>\n<meta property=\"og:locale\" content=\"pt_BR\" \/>\n<meta property=\"og:type\" content=\"article\" \/>\n<meta property=\"og:title\" content=\"Tormenta: curta-metragem do Botic\u00e1rio reflete dilemas e estigmas das m\u00e3es de adolescentes - Evandro Junior\" \/>\n<meta property=\"og:description\" content=\"O Botic\u00e1rio, a marca de beleza mais amada do Brasil, convoca um debate sobre o estigma e os desafios que [&hellip;]\" \/>\n<meta property=\"og:url\" content=\"https:\/\/www.blogsoestado.com\/evandrojunior\/2024\/04\/16\/tormenta-curta-metragem-do-boticario-reflete-dilemas-e-estigmas-das-maes-de-adolescentes\/\" \/>\n<meta property=\"og:site_name\" content=\"Evandro Junior\" \/>\n<meta property=\"article:published_time\" content=\"2024-04-16T19:30:03+00:00\" \/>\n<meta property=\"og:image\" content=\"https:\/\/www.blogsoestado.com\/evandrojunior\/files\/2024\/04\/image-4.png\" \/>\n<meta name=\"author\" content=\"Evandro Junior\" \/>\n<meta name=\"twitter:card\" content=\"summary_large_image\" \/>\n<meta name=\"twitter:label1\" content=\"Escrito por\" \/>\n\t<meta name=\"twitter:data1\" content=\"Evandro Junior\" \/>\n\t<meta name=\"twitter:label2\" content=\"Est. tempo de leitura\" \/>\n\t<meta name=\"twitter:data2\" content=\"2 minutos\" \/>\n<script type=\"application\/ld+json\" class=\"yoast-schema-graph\">{\"@context\":\"https:\/\/schema.org\",\"@graph\":[{\"@type\":\"WebPage\",\"@id\":\"https:\/\/www.blogsoestado.com\/evandrojunior\/2024\/04\/16\/tormenta-curta-metragem-do-boticario-reflete-dilemas-e-estigmas-das-maes-de-adolescentes\/\",\"url\":\"https:\/\/www.blogsoestado.com\/evandrojunior\/2024\/04\/16\/tormenta-curta-metragem-do-boticario-reflete-dilemas-e-estigmas-das-maes-de-adolescentes\/\",\"name\":\"Tormenta: curta-metragem do Botic\u00e1rio reflete dilemas e estigmas das m\u00e3es de adolescentes - Evandro Junior\",\"isPartOf\":{\"@id\":\"https:\/\/www.blogsoestado.com\/evandrojunior\/#website\"},\"primaryImageOfPage\":{\"@id\":\"https:\/\/www.blogsoestado.com\/evandrojunior\/2024\/04\/16\/tormenta-curta-metragem-do-boticario-reflete-dilemas-e-estigmas-das-maes-de-adolescentes\/#primaryimage\"},\"image\":{\"@id\":\"https:\/\/www.blogsoestado.com\/evandrojunior\/2024\/04\/16\/tormenta-curta-metragem-do-boticario-reflete-dilemas-e-estigmas-das-maes-de-adolescentes\/#primaryimage\"},\"thumbnailUrl\":\"https:\/\/www.blogsoestado.com\/evandrojunior\/files\/2024\/04\/image-4.png\",\"datePublished\":\"2024-04-16T19:30:03+00:00\",\"author\":{\"@id\":\"https:\/\/www.blogsoestado.com\/evandrojunior\/#\/schema\/person\/3e6c3d8dbb740d1c6878ebc935cfb3be\"},\"breadcrumb\":{\"@id\":\"https:\/\/www.blogsoestado.com\/evandrojunior\/2024\/04\/16\/tormenta-curta-metragem-do-boticario-reflete-dilemas-e-estigmas-das-maes-de-adolescentes\/#breadcrumb\"},\"inLanguage\":\"pt-BR\",\"potentialAction\":[{\"@type\":\"ReadAction\",\"target\":[\"https:\/\/www.blogsoestado.com\/evandrojunior\/2024\/04\/16\/tormenta-curta-metragem-do-boticario-reflete-dilemas-e-estigmas-das-maes-de-adolescentes\/\"]}]},{\"@type\":\"ImageObject\",\"inLanguage\":\"pt-BR\",\"@id\":\"https:\/\/www.blogsoestado.com\/evandrojunior\/2024\/04\/16\/tormenta-curta-metragem-do-boticario-reflete-dilemas-e-estigmas-das-maes-de-adolescentes\/#primaryimage\",\"url\":\"https:\/\/www.blogsoestado.com\/evandrojunior\/files\/2024\/04\/image-4.png\",\"contentUrl\":\"https:\/\/www.blogsoestado.com\/evandrojunior\/files\/2024\/04\/image-4.png\"},{\"@type\":\"BreadcrumbList\",\"@id\":\"https:\/\/www.blogsoestado.com\/evandrojunior\/2024\/04\/16\/tormenta-curta-metragem-do-boticario-reflete-dilemas-e-estigmas-das-maes-de-adolescentes\/#breadcrumb\",\"itemListElement\":[{\"@type\":\"ListItem\",\"position\":1,\"name\":\"In\u00edcio\",\"item\":\"https:\/\/www.blogsoestado.com\/evandrojunior\/\"},{\"@type\":\"ListItem\",\"position\":2,\"name\":\"Tormenta: curta-metragem do Botic\u00e1rio reflete dilemas e estigmas das m\u00e3es de adolescentes\"}]},{\"@type\":\"WebSite\",\"@id\":\"https:\/\/www.blogsoestado.com\/evandrojunior\/#website\",\"url\":\"https:\/\/www.blogsoestado.com\/evandrojunior\/\",\"name\":\"Evandro Junior\",\"description\":\"\",\"potentialAction\":[{\"@type\":\"SearchAction\",\"target\":{\"@type\":\"EntryPoint\",\"urlTemplate\":\"https:\/\/www.blogsoestado.com\/evandrojunior\/?s={search_term_string}\"},\"query-input\":{\"@type\":\"PropertyValueSpecification\",\"valueRequired\":true,\"valueName\":\"search_term_string\"}}],\"inLanguage\":\"pt-BR\"},{\"@type\":\"Person\",\"@id\":\"https:\/\/www.blogsoestado.com\/evandrojunior\/#\/schema\/person\/3e6c3d8dbb740d1c6878ebc935cfb3be\",\"name\":\"Evandro Junior\",\"image\":{\"@type\":\"ImageObject\",\"inLanguage\":\"pt-BR\",\"@id\":\"https:\/\/www.blogsoestado.com\/evandrojunior\/#\/schema\/person\/image\/\",\"url\":\"https:\/\/secure.gravatar.com\/avatar\/f80a03a2294a580cd2318bfb459bf354cfa8be661ef3d95b542cf9a04af8d129?s=96&d=mm&r=g\",\"contentUrl\":\"https:\/\/secure.gravatar.com\/avatar\/f80a03a2294a580cd2318bfb459bf354cfa8be661ef3d95b542cf9a04af8d129?s=96&d=mm&r=g\",\"caption\":\"Evandro Junior\"},\"url\":\"https:\/\/www.blogsoestado.com\/evandrojunior\/author\/evandrojunior\/\"}]}<\/script>\n<!-- \/ Yoast SEO plugin. -->","yoast_head_json":{"title":"Tormenta: curta-metragem do Botic\u00e1rio reflete dilemas e estigmas das m\u00e3es de adolescentes - Evandro Junior","robots":{"index":"index","follow":"follow","max-snippet":"max-snippet:-1","max-image-preview":"max-image-preview:large","max-video-preview":"max-video-preview:-1"},"canonical":"https:\/\/www.blogsoestado.com\/evandrojunior\/2024\/04\/16\/tormenta-curta-metragem-do-boticario-reflete-dilemas-e-estigmas-das-maes-de-adolescentes\/","og_locale":"pt_BR","og_type":"article","og_title":"Tormenta: curta-metragem do Botic\u00e1rio reflete dilemas e estigmas das m\u00e3es de adolescentes - Evandro Junior","og_description":"O Botic\u00e1rio, a marca de beleza mais amada do Brasil, convoca um debate sobre o estigma e os desafios que [&hellip;]","og_url":"https:\/\/www.blogsoestado.com\/evandrojunior\/2024\/04\/16\/tormenta-curta-metragem-do-boticario-reflete-dilemas-e-estigmas-das-maes-de-adolescentes\/","og_site_name":"Evandro Junior","article_published_time":"2024-04-16T19:30:03+00:00","og_image":[{"url":"https:\/\/www.blogsoestado.com\/evandrojunior\/files\/2024\/04\/image-4.png","type":"","width":"","height":""}],"author":"Evandro Junior","twitter_card":"summary_large_image","twitter_misc":{"Escrito por":"Evandro Junior","Est. tempo de leitura":"2 minutos"},"schema":{"@context":"https:\/\/schema.org","@graph":[{"@type":"WebPage","@id":"https:\/\/www.blogsoestado.com\/evandrojunior\/2024\/04\/16\/tormenta-curta-metragem-do-boticario-reflete-dilemas-e-estigmas-das-maes-de-adolescentes\/","url":"https:\/\/www.blogsoestado.com\/evandrojunior\/2024\/04\/16\/tormenta-curta-metragem-do-boticario-reflete-dilemas-e-estigmas-das-maes-de-adolescentes\/","name":"Tormenta: curta-metragem do Botic\u00e1rio reflete dilemas e estigmas das m\u00e3es de adolescentes - Evandro Junior","isPartOf":{"@id":"https:\/\/www.blogsoestado.com\/evandrojunior\/#website"},"primaryImageOfPage":{"@id":"https:\/\/www.blogsoestado.com\/evandrojunior\/2024\/04\/16\/tormenta-curta-metragem-do-boticario-reflete-dilemas-e-estigmas-das-maes-de-adolescentes\/#primaryimage"},"image":{"@id":"https:\/\/www.blogsoestado.com\/evandrojunior\/2024\/04\/16\/tormenta-curta-metragem-do-boticario-reflete-dilemas-e-estigmas-das-maes-de-adolescentes\/#primaryimage"},"thumbnailUrl":"https:\/\/www.blogsoestado.com\/evandrojunior\/files\/2024\/04\/image-4.png","datePublished":"2024-04-16T19:30:03+00:00","author":{"@id":"https:\/\/www.blogsoestado.com\/evandrojunior\/#\/schema\/person\/3e6c3d8dbb740d1c6878ebc935cfb3be"},"breadcrumb":{"@id":"https:\/\/www.blogsoestado.com\/evandrojunior\/2024\/04\/16\/tormenta-curta-metragem-do-boticario-reflete-dilemas-e-estigmas-das-maes-de-adolescentes\/#breadcrumb"},"inLanguage":"pt-BR","potentialAction":[{"@type":"ReadAction","target":["https:\/\/www.blogsoestado.com\/evandrojunior\/2024\/04\/16\/tormenta-curta-metragem-do-boticario-reflete-dilemas-e-estigmas-das-maes-de-adolescentes\/"]}]},{"@type":"ImageObject","inLanguage":"pt-BR","@id":"https:\/\/www.blogsoestado.com\/evandrojunior\/2024\/04\/16\/tormenta-curta-metragem-do-boticario-reflete-dilemas-e-estigmas-das-maes-de-adolescentes\/#primaryimage","url":"https:\/\/www.blogsoestado.com\/evandrojunior\/files\/2024\/04\/image-4.png","contentUrl":"https:\/\/www.blogsoestado.com\/evandrojunior\/files\/2024\/04\/image-4.png"},{"@type":"BreadcrumbList","@id":"https:\/\/www.blogsoestado.com\/evandrojunior\/2024\/04\/16\/tormenta-curta-metragem-do-boticario-reflete-dilemas-e-estigmas-das-maes-de-adolescentes\/#breadcrumb","itemListElement":[{"@type":"ListItem","position":1,"name":"In\u00edcio","item":"https:\/\/www.blogsoestado.com\/evandrojunior\/"},{"@type":"ListItem","position":2,"name":"Tormenta: curta-metragem do Botic\u00e1rio reflete dilemas e estigmas das m\u00e3es de adolescentes"}]},{"@type":"WebSite","@id":"https:\/\/www.blogsoestado.com\/evandrojunior\/#website","url":"https:\/\/www.blogsoestado.com\/evandrojunior\/","name":"Evandro Junior","description":"","potentialAction":[{"@type":"SearchAction","target":{"@type":"EntryPoint","urlTemplate":"https:\/\/www.blogsoestado.com\/evandrojunior\/?s={search_term_string}"},"query-input":{"@type":"PropertyValueSpecification","valueRequired":true,"valueName":"search_term_string"}}],"inLanguage":"pt-BR"},{"@type":"Person","@id":"https:\/\/www.blogsoestado.com\/evandrojunior\/#\/schema\/person\/3e6c3d8dbb740d1c6878ebc935cfb3be","name":"Evandro Junior","image":{"@type":"ImageObject","inLanguage":"pt-BR","@id":"https:\/\/www.blogsoestado.com\/evandrojunior\/#\/schema\/person\/image\/","url":"https:\/\/secure.gravatar.com\/avatar\/f80a03a2294a580cd2318bfb459bf354cfa8be661ef3d95b542cf9a04af8d129?s=96&d=mm&r=g","contentUrl":"https:\/\/secure.gravatar.com\/avatar\/f80a03a2294a580cd2318bfb459bf354cfa8be661ef3d95b542cf9a04af8d129?s=96&d=mm&r=g","caption":"Evandro Junior"},"url":"https:\/\/www.blogsoestado.com\/evandrojunior\/author\/evandrojunior\/"}]}},"jetpack_featured_media_url":"","_links":{"self":[{"href":"https:\/\/www.blogsoestado.com\/evandrojunior\/wp-json\/wp\/v2\/posts\/11567","targetHints":{"allow":["GET"]}}],"collection":[{"href":"https:\/\/www.blogsoestado.com\/evandrojunior\/wp-json\/wp\/v2\/posts"}],"about":[{"href":"https:\/\/www.blogsoestado.com\/evandrojunior\/wp-json\/wp\/v2\/types\/post"}],"author":[{"embeddable":true,"href":"https:\/\/www.blogsoestado.com\/evandrojunior\/wp-json\/wp\/v2\/users\/4"}],"replies":[{"embeddable":true,"href":"https:\/\/www.blogsoestado.com\/evandrojunior\/wp-json\/wp\/v2\/comments?post=11567"}],"version-history":[{"count":0,"href":"https:\/\/www.blogsoestado.com\/evandrojunior\/wp-json\/wp\/v2\/posts\/11567\/revisions"}],"wp:attachment":[{"href":"https:\/\/www.blogsoestado.com\/evandrojunior\/wp-json\/wp\/v2\/media?parent=11567"}],"wp:term":[{"taxonomy":"category","embeddable":true,"href":"https:\/\/www.blogsoestado.com\/evandrojunior\/wp-json\/wp\/v2\/categories?post=11567"},{"taxonomy":"post_tag","embeddable":true,"href":"https:\/\/www.blogsoestado.com\/evandrojunior\/wp-json\/wp\/v2\/tags?post=11567"}],"curies":[{"name":"wp","href":"https:\/\/api.w.org\/{rel}","templated":true}]}}