{"id":11594,"date":"2024-04-22T09:41:39","date_gmt":"2024-04-22T12:41:39","guid":{"rendered":"https:\/\/www.blogsoestado.com\/evandrojunior\/?p=11594"},"modified":"2024-04-22T09:41:39","modified_gmt":"2024-04-22T12:41:39","slug":"medico-herquimas-pereira-fala-sobre-cirurgia-bariatrica-a-tv-mirante","status":"publish","type":"post","link":"https:\/\/www.blogsoestado.com\/evandrojunior\/2024\/04\/22\/medico-herquimas-pereira-fala-sobre-cirurgia-bariatrica-a-tv-mirante\/","title":{"rendered":"M\u00e9dico H\u00e9rquimas Pereira fala sobre cirurgia bari\u00e1trica \u00e0 TV Mirante"},"content":{"rendered":"\n<div class=\"wp-block-image\"><figure class=\"aligncenter size-large is-resized\"><img fetchpriority=\"high\" decoding=\"async\" src=\"https:\/\/www.blogsoestado.com\/evandrojunior\/files\/2024\/04\/WhatsApp-Image-2024-04-22-at-07.10.48-1-1024x768.jpeg\" alt=\"\" class=\"wp-image-11595\" width=\"489\" height=\"367\"\/><figcaption><strong>Dr. H\u00e9rquimas Pereira recebeu equipe da TV Mirante na unidade da Idiagn\u00f3stica da Cidade Oper\u00e1ria, na manh\u00e3 desta segunda-feira<\/strong><\/figcaption><\/figure><\/div>\n\n\n\n<p><strong>S\u00e3o Lu\u00eds <\/strong>\u2013 Um dos mais renomados cirurgi\u00f5es bari\u00e1tricos do Maranh\u00e3o, o m\u00e9dico H\u00e9rquimas Pereira esclareceu d\u00favidas sobre a cirurgia para redu\u00e7\u00e3o de peso durante entrevista para a TV Mirante, na manh\u00e3 desta segunda-feira (22). <\/p>\n\n\n\n<p>O especialista, que recebeu o convite da emissora para falar aos telespectadores do Bom Dia Mirante, frisou, entre outras coisas, que a cirurgia bari\u00e1trica \u00e9 indicada a pacientes com obesidade a partir dos graus 2 e 3. <\/p>\n\n\n\n<p>\u201cN\u00f3s sempre orientamos principalmente aqueles pacientes com comorbidades associadas, mas a Sociedade Brasileira de <em>Cirurgia <\/em>Bari\u00e1trica<em> <\/em>e Metab\u00f3lica j\u00e1 sugere a realiza\u00e7\u00e3o dessa cirurgia em pacientes com grau 1, no caso, por exemplo, de diabetes descompensada e doen\u00e7as cardiovasculares\u201d, explicou. <\/p>\n\n\n\n<p>H\u00e9rquimas Pereira, que atende na Cl\u00ednica Idiagn\u00f3stica, com unidades no Centro e Cidade Oper\u00e1ria, disse que a cirurgia \u00e9 indicada a pacientes com comorbidade m\u00f3rbida com \u00cdndice de Massa Corporal (IMC) a partir de 40. <\/p>\n\n\n\n<p>Esse \u00edndice \u00e9 medido dividindo-se o peso do paciente pela altura. Al\u00e9m disso, podem se submeter aqueles pacientes com IMC igual a partir de 35, mas com doen\u00e7as associadas, como hipertens\u00e3o, c\u00e2ncer e diabetes. <\/p>\n\n\n\n<p>O m\u00e9dico afirmou que, atualmente, a cirurgia bari\u00e1trica \u00e9 extremamente segura e o n\u00edvel de complica\u00e7\u00e3o \u00e9 praticamente zero, mas quando ela \u00e9 realizada por uma equipe especializada e com uso de materiais adequados. \u201cN\u00f3s recomendamos consultar um especialista e ser acompanhado por uma equipe multidisciplinar, pois o paciente precisa passar pelas m\u00e3os, por exemplo, de um psic\u00f3logo, cardiologista, nefrologista, endocrinologista, nutricionista, entre outros profissionais\u201d, disse. <\/p>\n\n\n\n<p>H\u00e9rquimas Pereira disse, ainda, que ele e sua equipe fazem o acompanhamento pr\u00e9 e p\u00f3s-operat\u00f3rio de seus pacientes. \u201cO segredo nesse tipo de cirurgia \u00e9 a mudan\u00e7a de comportamento. Com pr\u00e9 e p\u00f3s-operat\u00f3rio corretos, pode-se evitar as complica\u00e7\u00f5es. Quando voc\u00ea tem uma equipe multidisciplinar preparada, os resultados s\u00e3o excelentes\u201d, finalizou.\u00a0<\/p>\n","protected":false},"excerpt":{"rendered":"<p>S\u00e3o Lu\u00eds \u2013 Um dos mais renomados cirurgi\u00f5es bari\u00e1tricos do Maranh\u00e3o, o m\u00e9dico H\u00e9rquimas Pereira esclareceu d\u00favidas sobre a cirurgia [&hellip;]<\/p>\n","protected":false},"author":4,"featured_media":0,"comment_status":"open","ping_status":"open","sticky":false,"template":"","format":"standard","meta":{"site-sidebar-layout":"default","site-content-layout":"","ast-site-content-layout":"default","site-content-style":"default","site-sidebar-style":"default","ast-global-header-display":"","ast-banner-title-visibility":"","ast-main-header-display":"","ast-hfb-above-header-display":"","ast-hfb-below-header-display":"","ast-hfb-mobile-header-display":"","site-post-title":"","ast-breadcrumbs-content":"","ast-featured-img":"","footer-sml-layout":"","ast-disable-related-posts":"","theme-transparent-header-meta":"","adv-header-id-meta":"","stick-header-meta":"","header-above-stick-meta":"","header-main-stick-meta":"","header-below-stick-meta":"","astra-migrate-meta-layouts":"default","ast-page-background-enabled":"default","ast-page-background-meta":{"desktop":{"background-color":"var(--ast-global-color-5)","background-image":"","background-repeat":"repeat","background-position":"center center","background-size":"auto","background-attachment":"scroll","background-type":"","background-media":"","overlay-type":"","overlay-color":"","overlay-opacity":"","overlay-gradient":""},"tablet":{"background-color":"","background-image":"","background-repeat":"repeat","background-position":"center center","background-size":"auto","background-attachment":"scroll","background-type":"","background-media":"","overlay-type":"","overlay-color":"","overlay-opacity":"","overlay-gradient":""},"mobile":{"background-color":"","background-image":"","background-repeat":"repeat","background-position":"center center","background-size":"auto","background-attachment":"scroll","background-type":"","background-media":"","overlay-type":"","overlay-color":"","overlay-opacity":"","overlay-gradient":""}},"ast-content-background-meta":{"desktop":{"background-color":"var(--ast-global-color-4)","background-image":"","background-repeat":"repeat","background-position":"center center","background-size":"auto","background-attachment":"scroll","background-type":"","background-media":"","overlay-type":"","overlay-color":"","overlay-opacity":"","overlay-gradient":""},"tablet":{"background-color":"var(--ast-global-color-4)","background-image":"","background-repeat":"repeat","background-position":"center center","background-size":"auto","background-attachment":"scroll","background-type":"","background-media":"","overlay-type":"","overlay-color":"","overlay-opacity":"","overlay-gradient":""},"mobile":{"background-color":"var(--ast-global-color-4)","background-image":"","background-repeat":"repeat","background-position":"center center","background-size":"auto","background-attachment":"scroll","background-type":"","background-media":"","overlay-type":"","overlay-color":"","overlay-opacity":"","overlay-gradient":""}},"footnotes":""},"categories":[1],"tags":[],"class_list":["post-11594","post","type-post","status-publish","format-standard","hentry","category-sem-categoria"],"yoast_head":"<!-- This site is optimized with the Yoast SEO plugin v26.6 - https:\/\/yoast.com\/wordpress\/plugins\/seo\/ -->\n<title>M\u00e9dico H\u00e9rquimas Pereira fala sobre cirurgia bari\u00e1trica \u00e0 TV Mirante - Evandro Junior<\/title>\n<meta name=\"robots\" content=\"index, follow, max-snippet:-1, max-image-preview:large, max-video-preview:-1\" \/>\n<link rel=\"canonical\" href=\"https:\/\/www.blogsoestado.com\/evandrojunior\/2024\/04\/22\/medico-herquimas-pereira-fala-sobre-cirurgia-bariatrica-a-tv-mirante\/\" \/>\n<meta property=\"og:locale\" content=\"pt_BR\" \/>\n<meta property=\"og:type\" content=\"article\" \/>\n<meta property=\"og:title\" content=\"M\u00e9dico H\u00e9rquimas Pereira fala sobre cirurgia bari\u00e1trica \u00e0 TV Mirante - Evandro Junior\" \/>\n<meta property=\"og:description\" content=\"S\u00e3o Lu\u00eds \u2013 Um dos mais renomados cirurgi\u00f5es bari\u00e1tricos do Maranh\u00e3o, o m\u00e9dico H\u00e9rquimas Pereira esclareceu d\u00favidas sobre a cirurgia [&hellip;]\" \/>\n<meta property=\"og:url\" content=\"https:\/\/www.blogsoestado.com\/evandrojunior\/2024\/04\/22\/medico-herquimas-pereira-fala-sobre-cirurgia-bariatrica-a-tv-mirante\/\" \/>\n<meta property=\"og:site_name\" content=\"Evandro Junior\" \/>\n<meta property=\"article:published_time\" content=\"2024-04-22T12:41:39+00:00\" \/>\n<meta property=\"og:image\" content=\"https:\/\/www.blogsoestado.com\/evandrojunior\/files\/2024\/04\/WhatsApp-Image-2024-04-22-at-07.10.48-1-1024x768.jpeg\" \/>\n<meta name=\"author\" content=\"Evandro Junior\" \/>\n<meta name=\"twitter:card\" content=\"summary_large_image\" \/>\n<meta name=\"twitter:label1\" content=\"Escrito por\" \/>\n\t<meta name=\"twitter:data1\" content=\"Evandro Junior\" \/>\n\t<meta name=\"twitter:label2\" content=\"Est. tempo de leitura\" \/>\n\t<meta name=\"twitter:data2\" content=\"2 minutos\" \/>\n<script type=\"application\/ld+json\" class=\"yoast-schema-graph\">{\"@context\":\"https:\/\/schema.org\",\"@graph\":[{\"@type\":\"WebPage\",\"@id\":\"https:\/\/www.blogsoestado.com\/evandrojunior\/2024\/04\/22\/medico-herquimas-pereira-fala-sobre-cirurgia-bariatrica-a-tv-mirante\/\",\"url\":\"https:\/\/www.blogsoestado.com\/evandrojunior\/2024\/04\/22\/medico-herquimas-pereira-fala-sobre-cirurgia-bariatrica-a-tv-mirante\/\",\"name\":\"M\u00e9dico H\u00e9rquimas Pereira fala sobre cirurgia bari\u00e1trica \u00e0 TV Mirante - Evandro Junior\",\"isPartOf\":{\"@id\":\"https:\/\/www.blogsoestado.com\/evandrojunior\/#website\"},\"primaryImageOfPage\":{\"@id\":\"https:\/\/www.blogsoestado.com\/evandrojunior\/2024\/04\/22\/medico-herquimas-pereira-fala-sobre-cirurgia-bariatrica-a-tv-mirante\/#primaryimage\"},\"image\":{\"@id\":\"https:\/\/www.blogsoestado.com\/evandrojunior\/2024\/04\/22\/medico-herquimas-pereira-fala-sobre-cirurgia-bariatrica-a-tv-mirante\/#primaryimage\"},\"thumbnailUrl\":\"https:\/\/www.blogsoestado.com\/evandrojunior\/files\/2024\/04\/WhatsApp-Image-2024-04-22-at-07.10.48-1-1024x768.jpeg\",\"datePublished\":\"2024-04-22T12:41:39+00:00\",\"author\":{\"@id\":\"https:\/\/www.blogsoestado.com\/evandrojunior\/#\/schema\/person\/3e6c3d8dbb740d1c6878ebc935cfb3be\"},\"breadcrumb\":{\"@id\":\"https:\/\/www.blogsoestado.com\/evandrojunior\/2024\/04\/22\/medico-herquimas-pereira-fala-sobre-cirurgia-bariatrica-a-tv-mirante\/#breadcrumb\"},\"inLanguage\":\"pt-BR\",\"potentialAction\":[{\"@type\":\"ReadAction\",\"target\":[\"https:\/\/www.blogsoestado.com\/evandrojunior\/2024\/04\/22\/medico-herquimas-pereira-fala-sobre-cirurgia-bariatrica-a-tv-mirante\/\"]}]},{\"@type\":\"ImageObject\",\"inLanguage\":\"pt-BR\",\"@id\":\"https:\/\/www.blogsoestado.com\/evandrojunior\/2024\/04\/22\/medico-herquimas-pereira-fala-sobre-cirurgia-bariatrica-a-tv-mirante\/#primaryimage\",\"url\":\"https:\/\/www.blogsoestado.com\/evandrojunior\/files\/2024\/04\/WhatsApp-Image-2024-04-22-at-07.10.48-1-1024x768.jpeg\",\"contentUrl\":\"https:\/\/www.blogsoestado.com\/evandrojunior\/files\/2024\/04\/WhatsApp-Image-2024-04-22-at-07.10.48-1-1024x768.jpeg\"},{\"@type\":\"BreadcrumbList\",\"@id\":\"https:\/\/www.blogsoestado.com\/evandrojunior\/2024\/04\/22\/medico-herquimas-pereira-fala-sobre-cirurgia-bariatrica-a-tv-mirante\/#breadcrumb\",\"itemListElement\":[{\"@type\":\"ListItem\",\"position\":1,\"name\":\"In\u00edcio\",\"item\":\"https:\/\/www.blogsoestado.com\/evandrojunior\/\"},{\"@type\":\"ListItem\",\"position\":2,\"name\":\"M\u00e9dico H\u00e9rquimas Pereira fala sobre cirurgia bari\u00e1trica \u00e0 TV Mirante\"}]},{\"@type\":\"WebSite\",\"@id\":\"https:\/\/www.blogsoestado.com\/evandrojunior\/#website\",\"url\":\"https:\/\/www.blogsoestado.com\/evandrojunior\/\",\"name\":\"Evandro Junior\",\"description\":\"\",\"potentialAction\":[{\"@type\":\"SearchAction\",\"target\":{\"@type\":\"EntryPoint\",\"urlTemplate\":\"https:\/\/www.blogsoestado.com\/evandrojunior\/?s={search_term_string}\"},\"query-input\":{\"@type\":\"PropertyValueSpecification\",\"valueRequired\":true,\"valueName\":\"search_term_string\"}}],\"inLanguage\":\"pt-BR\"},{\"@type\":\"Person\",\"@id\":\"https:\/\/www.blogsoestado.com\/evandrojunior\/#\/schema\/person\/3e6c3d8dbb740d1c6878ebc935cfb3be\",\"name\":\"Evandro Junior\",\"image\":{\"@type\":\"ImageObject\",\"inLanguage\":\"pt-BR\",\"@id\":\"https:\/\/www.blogsoestado.com\/evandrojunior\/#\/schema\/person\/image\/\",\"url\":\"https:\/\/secure.gravatar.com\/avatar\/f80a03a2294a580cd2318bfb459bf354cfa8be661ef3d95b542cf9a04af8d129?s=96&d=mm&r=g\",\"contentUrl\":\"https:\/\/secure.gravatar.com\/avatar\/f80a03a2294a580cd2318bfb459bf354cfa8be661ef3d95b542cf9a04af8d129?s=96&d=mm&r=g\",\"caption\":\"Evandro Junior\"},\"url\":\"https:\/\/www.blogsoestado.com\/evandrojunior\/author\/evandrojunior\/\"}]}<\/script>\n<!-- \/ Yoast SEO plugin. -->","yoast_head_json":{"title":"M\u00e9dico H\u00e9rquimas Pereira fala sobre cirurgia bari\u00e1trica \u00e0 TV Mirante - Evandro Junior","robots":{"index":"index","follow":"follow","max-snippet":"max-snippet:-1","max-image-preview":"max-image-preview:large","max-video-preview":"max-video-preview:-1"},"canonical":"https:\/\/www.blogsoestado.com\/evandrojunior\/2024\/04\/22\/medico-herquimas-pereira-fala-sobre-cirurgia-bariatrica-a-tv-mirante\/","og_locale":"pt_BR","og_type":"article","og_title":"M\u00e9dico H\u00e9rquimas Pereira fala sobre cirurgia bari\u00e1trica \u00e0 TV Mirante - Evandro Junior","og_description":"S\u00e3o Lu\u00eds \u2013 Um dos mais renomados cirurgi\u00f5es bari\u00e1tricos do Maranh\u00e3o, o m\u00e9dico H\u00e9rquimas Pereira esclareceu d\u00favidas sobre a cirurgia [&hellip;]","og_url":"https:\/\/www.blogsoestado.com\/evandrojunior\/2024\/04\/22\/medico-herquimas-pereira-fala-sobre-cirurgia-bariatrica-a-tv-mirante\/","og_site_name":"Evandro Junior","article_published_time":"2024-04-22T12:41:39+00:00","og_image":[{"url":"https:\/\/www.blogsoestado.com\/evandrojunior\/files\/2024\/04\/WhatsApp-Image-2024-04-22-at-07.10.48-1-1024x768.jpeg","type":"","width":"","height":""}],"author":"Evandro Junior","twitter_card":"summary_large_image","twitter_misc":{"Escrito por":"Evandro Junior","Est. tempo de leitura":"2 minutos"},"schema":{"@context":"https:\/\/schema.org","@graph":[{"@type":"WebPage","@id":"https:\/\/www.blogsoestado.com\/evandrojunior\/2024\/04\/22\/medico-herquimas-pereira-fala-sobre-cirurgia-bariatrica-a-tv-mirante\/","url":"https:\/\/www.blogsoestado.com\/evandrojunior\/2024\/04\/22\/medico-herquimas-pereira-fala-sobre-cirurgia-bariatrica-a-tv-mirante\/","name":"M\u00e9dico H\u00e9rquimas Pereira fala sobre cirurgia bari\u00e1trica \u00e0 TV Mirante - Evandro Junior","isPartOf":{"@id":"https:\/\/www.blogsoestado.com\/evandrojunior\/#website"},"primaryImageOfPage":{"@id":"https:\/\/www.blogsoestado.com\/evandrojunior\/2024\/04\/22\/medico-herquimas-pereira-fala-sobre-cirurgia-bariatrica-a-tv-mirante\/#primaryimage"},"image":{"@id":"https:\/\/www.blogsoestado.com\/evandrojunior\/2024\/04\/22\/medico-herquimas-pereira-fala-sobre-cirurgia-bariatrica-a-tv-mirante\/#primaryimage"},"thumbnailUrl":"https:\/\/www.blogsoestado.com\/evandrojunior\/files\/2024\/04\/WhatsApp-Image-2024-04-22-at-07.10.48-1-1024x768.jpeg","datePublished":"2024-04-22T12:41:39+00:00","author":{"@id":"https:\/\/www.blogsoestado.com\/evandrojunior\/#\/schema\/person\/3e6c3d8dbb740d1c6878ebc935cfb3be"},"breadcrumb":{"@id":"https:\/\/www.blogsoestado.com\/evandrojunior\/2024\/04\/22\/medico-herquimas-pereira-fala-sobre-cirurgia-bariatrica-a-tv-mirante\/#breadcrumb"},"inLanguage":"pt-BR","potentialAction":[{"@type":"ReadAction","target":["https:\/\/www.blogsoestado.com\/evandrojunior\/2024\/04\/22\/medico-herquimas-pereira-fala-sobre-cirurgia-bariatrica-a-tv-mirante\/"]}]},{"@type":"ImageObject","inLanguage":"pt-BR","@id":"https:\/\/www.blogsoestado.com\/evandrojunior\/2024\/04\/22\/medico-herquimas-pereira-fala-sobre-cirurgia-bariatrica-a-tv-mirante\/#primaryimage","url":"https:\/\/www.blogsoestado.com\/evandrojunior\/files\/2024\/04\/WhatsApp-Image-2024-04-22-at-07.10.48-1-1024x768.jpeg","contentUrl":"https:\/\/www.blogsoestado.com\/evandrojunior\/files\/2024\/04\/WhatsApp-Image-2024-04-22-at-07.10.48-1-1024x768.jpeg"},{"@type":"BreadcrumbList","@id":"https:\/\/www.blogsoestado.com\/evandrojunior\/2024\/04\/22\/medico-herquimas-pereira-fala-sobre-cirurgia-bariatrica-a-tv-mirante\/#breadcrumb","itemListElement":[{"@type":"ListItem","position":1,"name":"In\u00edcio","item":"https:\/\/www.blogsoestado.com\/evandrojunior\/"},{"@type":"ListItem","position":2,"name":"M\u00e9dico H\u00e9rquimas Pereira fala sobre cirurgia bari\u00e1trica \u00e0 TV Mirante"}]},{"@type":"WebSite","@id":"https:\/\/www.blogsoestado.com\/evandrojunior\/#website","url":"https:\/\/www.blogsoestado.com\/evandrojunior\/","name":"Evandro Junior","description":"","potentialAction":[{"@type":"SearchAction","target":{"@type":"EntryPoint","urlTemplate":"https:\/\/www.blogsoestado.com\/evandrojunior\/?s={search_term_string}"},"query-input":{"@type":"PropertyValueSpecification","valueRequired":true,"valueName":"search_term_string"}}],"inLanguage":"pt-BR"},{"@type":"Person","@id":"https:\/\/www.blogsoestado.com\/evandrojunior\/#\/schema\/person\/3e6c3d8dbb740d1c6878ebc935cfb3be","name":"Evandro Junior","image":{"@type":"ImageObject","inLanguage":"pt-BR","@id":"https:\/\/www.blogsoestado.com\/evandrojunior\/#\/schema\/person\/image\/","url":"https:\/\/secure.gravatar.com\/avatar\/f80a03a2294a580cd2318bfb459bf354cfa8be661ef3d95b542cf9a04af8d129?s=96&d=mm&r=g","contentUrl":"https:\/\/secure.gravatar.com\/avatar\/f80a03a2294a580cd2318bfb459bf354cfa8be661ef3d95b542cf9a04af8d129?s=96&d=mm&r=g","caption":"Evandro Junior"},"url":"https:\/\/www.blogsoestado.com\/evandrojunior\/author\/evandrojunior\/"}]}},"jetpack_featured_media_url":"","_links":{"self":[{"href":"https:\/\/www.blogsoestado.com\/evandrojunior\/wp-json\/wp\/v2\/posts\/11594","targetHints":{"allow":["GET"]}}],"collection":[{"href":"https:\/\/www.blogsoestado.com\/evandrojunior\/wp-json\/wp\/v2\/posts"}],"about":[{"href":"https:\/\/www.blogsoestado.com\/evandrojunior\/wp-json\/wp\/v2\/types\/post"}],"author":[{"embeddable":true,"href":"https:\/\/www.blogsoestado.com\/evandrojunior\/wp-json\/wp\/v2\/users\/4"}],"replies":[{"embeddable":true,"href":"https:\/\/www.blogsoestado.com\/evandrojunior\/wp-json\/wp\/v2\/comments?post=11594"}],"version-history":[{"count":0,"href":"https:\/\/www.blogsoestado.com\/evandrojunior\/wp-json\/wp\/v2\/posts\/11594\/revisions"}],"wp:attachment":[{"href":"https:\/\/www.blogsoestado.com\/evandrojunior\/wp-json\/wp\/v2\/media?parent=11594"}],"wp:term":[{"taxonomy":"category","embeddable":true,"href":"https:\/\/www.blogsoestado.com\/evandrojunior\/wp-json\/wp\/v2\/categories?post=11594"},{"taxonomy":"post_tag","embeddable":true,"href":"https:\/\/www.blogsoestado.com\/evandrojunior\/wp-json\/wp\/v2\/tags?post=11594"}],"curies":[{"name":"wp","href":"https:\/\/api.w.org\/{rel}","templated":true}]}}