{"id":11622,"date":"2024-04-22T15:58:57","date_gmt":"2024-04-22T18:58:57","guid":{"rendered":"https:\/\/www.blogsoestado.com\/evandrojunior\/?p=11622"},"modified":"2024-04-22T15:58:57","modified_gmt":"2024-04-22T18:58:57","slug":"aprovados-no-concurso-publico-da-alema-comecam-a-tomar-posse-nesta-segunda-feira","status":"publish","type":"post","link":"https:\/\/www.blogsoestado.com\/evandrojunior\/2024\/04\/22\/aprovados-no-concurso-publico-da-alema-comecam-a-tomar-posse-nesta-segunda-feira\/","title":{"rendered":"Aprovados no concurso p\u00fablico da Alema come\u00e7am a tomar posse nesta segunda-feira"},"content":{"rendered":"\n<div class=\"wp-block-image\"><figure class=\"aligncenter is-resized\"><img fetchpriority=\"high\" decoding=\"async\" src=\"https:\/\/www.al.ma.leg.br\/fotos\/3a96bb4b62d83a5feafe10ec4d4a5622.jpg\" alt=\"Aprovados no concurso p\u00fablico da Alema come\u00e7am a tomar posse nesta segunda-feira\" width=\"558\" height=\"372\"\/><figcaption><strong>Aprovados em concurso tomam posse no cargo de Int\u00e9rprete de Libras, na Assembleia Legislativa<br><\/strong><\/figcaption><\/figure><\/div>\n\n\n\n<p><strong>S\u00e3o Lu\u00eds<\/strong> &#8211; Acompanhado da esposa e do filho de um ano, Leonardo Pinto chegou cedo para tomar posse no cargo de Int\u00e9rprete de Libras, nesta segunda-feira (22), no quadro de servidores da Assembleia Legislativa. Aprovado no concurso p\u00fablico, ele estava feliz e ansioso por esse momento t\u00e3o esperado.<\/p>\n\n\n\n<p>\u201cDe todos os concursos que passei, esse \u00e9 o primeiro que estou assumindo. Tudo \u00e9, ainda, muito novo, mas com certeza estou muito feliz e realizado com esse momento\u201d, disse Leonardo Pinto.<\/p>\n\n\n\n<p>Os candidatos convocados devem tomar posse at\u00e9 a pr\u00f3xima sexta-feira (26), na Diretoria&nbsp;de Recursos Humanos da Alema. A diretora adjunta de RH, Luana Sab\u00f3ia, explicou que, ap\u00f3s a posse, os novos servidores participar\u00e3o de um momento de ambienta\u00e7\u00e3o e acolhimento da casa.<\/p>\n\n\n\n<p>\u201cDo dia 29 de abril ao dia 3 de maio, teremos um curso voltado somente para eles, onde ir\u00e3o passar por um treinamento, conhecer a Casa, o funcionamento e a fun\u00e7\u00e3o que ir\u00e3o exercer. Tamb\u00e9m ser\u00e3o informados sobre o Regimento Interno e processos legislativos, al\u00e9m de conhecerem as rotinas administrativas\u201d, explicou.<\/p>\n\n\n\n<p><strong>Agendamento<\/strong><\/p>\n\n\n\n<p>A&nbsp;DRH informou que as posses ocorrer\u00e3o por agendamento, nos hor\u00e1rios de 9h \u00e0s 11h e das 15h \u00e0s 17h, no audit\u00f3rio da Elema. Os demais nomeados ser\u00e3o empossados no decorrer da semana, conforme cronograma de agendamento.<\/p>\n\n\n\n<p>Mais informa\u00e7\u00f5es e d\u00favidas a respeito das nomea\u00e7\u00f5es e posses podem ser obtidas por meio dos telefones (98) 3269-3744 \/ 3269-3748 \/ 3269-3010, e do email institucional ouvidoriadrh@al.ma.leg.br.<\/p>\n","protected":false},"excerpt":{"rendered":"<p>S\u00e3o Lu\u00eds &#8211; Acompanhado da esposa e do filho de um ano, Leonardo Pinto chegou cedo para tomar posse no [&hellip;]<\/p>\n","protected":false},"author":4,"featured_media":0,"comment_status":"open","ping_status":"open","sticky":false,"template":"","format":"standard","meta":{"site-sidebar-layout":"default","site-content-layout":"","ast-site-content-layout":"default","site-content-style":"default","site-sidebar-style":"default","ast-global-header-display":"","ast-banner-title-visibility":"","ast-main-header-display":"","ast-hfb-above-header-display":"","ast-hfb-below-header-display":"","ast-hfb-mobile-header-display":"","site-post-title":"","ast-breadcrumbs-content":"","ast-featured-img":"","footer-sml-layout":"","ast-disable-related-posts":"","theme-transparent-header-meta":"","adv-header-id-meta":"","stick-header-meta":"","header-above-stick-meta":"","header-main-stick-meta":"","header-below-stick-meta":"","astra-migrate-meta-layouts":"default","ast-page-background-enabled":"default","ast-page-background-meta":{"desktop":{"background-color":"var(--ast-global-color-5)","background-image":"","background-repeat":"repeat","background-position":"center center","background-size":"auto","background-attachment":"scroll","background-type":"","background-media":"","overlay-type":"","overlay-color":"","overlay-opacity":"","overlay-gradient":""},"tablet":{"background-color":"","background-image":"","background-repeat":"repeat","background-position":"center center","background-size":"auto","background-attachment":"scroll","background-type":"","background-media":"","overlay-type":"","overlay-color":"","overlay-opacity":"","overlay-gradient":""},"mobile":{"background-color":"","background-image":"","background-repeat":"repeat","background-position":"center center","background-size":"auto","background-attachment":"scroll","background-type":"","background-media":"","overlay-type":"","overlay-color":"","overlay-opacity":"","overlay-gradient":""}},"ast-content-background-meta":{"desktop":{"background-color":"var(--ast-global-color-4)","background-image":"","background-repeat":"repeat","background-position":"center center","background-size":"auto","background-attachment":"scroll","background-type":"","background-media":"","overlay-type":"","overlay-color":"","overlay-opacity":"","overlay-gradient":""},"tablet":{"background-color":"var(--ast-global-color-4)","background-image":"","background-repeat":"repeat","background-position":"center center","background-size":"auto","background-attachment":"scroll","background-type":"","background-media":"","overlay-type":"","overlay-color":"","overlay-opacity":"","overlay-gradient":""},"mobile":{"background-color":"var(--ast-global-color-4)","background-image":"","background-repeat":"repeat","background-position":"center center","background-size":"auto","background-attachment":"scroll","background-type":"","background-media":"","overlay-type":"","overlay-color":"","overlay-opacity":"","overlay-gradient":""}},"footnotes":""},"categories":[1],"tags":[],"class_list":["post-11622","post","type-post","status-publish","format-standard","hentry","category-sem-categoria"],"yoast_head":"<!-- This site is optimized with the Yoast SEO plugin v26.6 - https:\/\/yoast.com\/wordpress\/plugins\/seo\/ -->\n<title>Aprovados no concurso p\u00fablico da Alema come\u00e7am a tomar posse nesta segunda-feira - Evandro Junior<\/title>\n<meta name=\"robots\" content=\"index, follow, max-snippet:-1, max-image-preview:large, max-video-preview:-1\" \/>\n<link rel=\"canonical\" href=\"https:\/\/www.blogsoestado.com\/evandrojunior\/2024\/04\/22\/aprovados-no-concurso-publico-da-alema-comecam-a-tomar-posse-nesta-segunda-feira\/\" \/>\n<meta property=\"og:locale\" content=\"pt_BR\" \/>\n<meta property=\"og:type\" content=\"article\" \/>\n<meta property=\"og:title\" content=\"Aprovados no concurso p\u00fablico da Alema come\u00e7am a tomar posse nesta segunda-feira - Evandro Junior\" \/>\n<meta property=\"og:description\" content=\"S\u00e3o Lu\u00eds &#8211; Acompanhado da esposa e do filho de um ano, Leonardo Pinto chegou cedo para tomar posse no [&hellip;]\" \/>\n<meta property=\"og:url\" content=\"https:\/\/www.blogsoestado.com\/evandrojunior\/2024\/04\/22\/aprovados-no-concurso-publico-da-alema-comecam-a-tomar-posse-nesta-segunda-feira\/\" \/>\n<meta property=\"og:site_name\" content=\"Evandro Junior\" \/>\n<meta property=\"article:published_time\" content=\"2024-04-22T18:58:57+00:00\" \/>\n<meta property=\"og:image\" content=\"https:\/\/www.al.ma.leg.br\/fotos\/3a96bb4b62d83a5feafe10ec4d4a5622.jpg\" \/>\n<meta name=\"author\" content=\"Evandro Junior\" \/>\n<meta name=\"twitter:card\" content=\"summary_large_image\" \/>\n<meta name=\"twitter:label1\" content=\"Escrito por\" \/>\n\t<meta name=\"twitter:data1\" content=\"Evandro Junior\" \/>\n\t<meta name=\"twitter:label2\" content=\"Est. tempo de leitura\" \/>\n\t<meta name=\"twitter:data2\" content=\"2 minutos\" \/>\n<script type=\"application\/ld+json\" class=\"yoast-schema-graph\">{\"@context\":\"https:\/\/schema.org\",\"@graph\":[{\"@type\":\"WebPage\",\"@id\":\"https:\/\/www.blogsoestado.com\/evandrojunior\/2024\/04\/22\/aprovados-no-concurso-publico-da-alema-comecam-a-tomar-posse-nesta-segunda-feira\/\",\"url\":\"https:\/\/www.blogsoestado.com\/evandrojunior\/2024\/04\/22\/aprovados-no-concurso-publico-da-alema-comecam-a-tomar-posse-nesta-segunda-feira\/\",\"name\":\"Aprovados no concurso p\u00fablico da Alema come\u00e7am a tomar posse nesta segunda-feira - Evandro Junior\",\"isPartOf\":{\"@id\":\"https:\/\/www.blogsoestado.com\/evandrojunior\/#website\"},\"primaryImageOfPage\":{\"@id\":\"https:\/\/www.blogsoestado.com\/evandrojunior\/2024\/04\/22\/aprovados-no-concurso-publico-da-alema-comecam-a-tomar-posse-nesta-segunda-feira\/#primaryimage\"},\"image\":{\"@id\":\"https:\/\/www.blogsoestado.com\/evandrojunior\/2024\/04\/22\/aprovados-no-concurso-publico-da-alema-comecam-a-tomar-posse-nesta-segunda-feira\/#primaryimage\"},\"thumbnailUrl\":\"https:\/\/www.al.ma.leg.br\/fotos\/3a96bb4b62d83a5feafe10ec4d4a5622.jpg\",\"datePublished\":\"2024-04-22T18:58:57+00:00\",\"author\":{\"@id\":\"https:\/\/www.blogsoestado.com\/evandrojunior\/#\/schema\/person\/3e6c3d8dbb740d1c6878ebc935cfb3be\"},\"breadcrumb\":{\"@id\":\"https:\/\/www.blogsoestado.com\/evandrojunior\/2024\/04\/22\/aprovados-no-concurso-publico-da-alema-comecam-a-tomar-posse-nesta-segunda-feira\/#breadcrumb\"},\"inLanguage\":\"pt-BR\",\"potentialAction\":[{\"@type\":\"ReadAction\",\"target\":[\"https:\/\/www.blogsoestado.com\/evandrojunior\/2024\/04\/22\/aprovados-no-concurso-publico-da-alema-comecam-a-tomar-posse-nesta-segunda-feira\/\"]}]},{\"@type\":\"ImageObject\",\"inLanguage\":\"pt-BR\",\"@id\":\"https:\/\/www.blogsoestado.com\/evandrojunior\/2024\/04\/22\/aprovados-no-concurso-publico-da-alema-comecam-a-tomar-posse-nesta-segunda-feira\/#primaryimage\",\"url\":\"https:\/\/www.al.ma.leg.br\/fotos\/3a96bb4b62d83a5feafe10ec4d4a5622.jpg\",\"contentUrl\":\"https:\/\/www.al.ma.leg.br\/fotos\/3a96bb4b62d83a5feafe10ec4d4a5622.jpg\"},{\"@type\":\"BreadcrumbList\",\"@id\":\"https:\/\/www.blogsoestado.com\/evandrojunior\/2024\/04\/22\/aprovados-no-concurso-publico-da-alema-comecam-a-tomar-posse-nesta-segunda-feira\/#breadcrumb\",\"itemListElement\":[{\"@type\":\"ListItem\",\"position\":1,\"name\":\"In\u00edcio\",\"item\":\"https:\/\/www.blogsoestado.com\/evandrojunior\/\"},{\"@type\":\"ListItem\",\"position\":2,\"name\":\"Aprovados no concurso p\u00fablico da Alema come\u00e7am a tomar posse nesta segunda-feira\"}]},{\"@type\":\"WebSite\",\"@id\":\"https:\/\/www.blogsoestado.com\/evandrojunior\/#website\",\"url\":\"https:\/\/www.blogsoestado.com\/evandrojunior\/\",\"name\":\"Evandro Junior\",\"description\":\"\",\"potentialAction\":[{\"@type\":\"SearchAction\",\"target\":{\"@type\":\"EntryPoint\",\"urlTemplate\":\"https:\/\/www.blogsoestado.com\/evandrojunior\/?s={search_term_string}\"},\"query-input\":{\"@type\":\"PropertyValueSpecification\",\"valueRequired\":true,\"valueName\":\"search_term_string\"}}],\"inLanguage\":\"pt-BR\"},{\"@type\":\"Person\",\"@id\":\"https:\/\/www.blogsoestado.com\/evandrojunior\/#\/schema\/person\/3e6c3d8dbb740d1c6878ebc935cfb3be\",\"name\":\"Evandro Junior\",\"image\":{\"@type\":\"ImageObject\",\"inLanguage\":\"pt-BR\",\"@id\":\"https:\/\/www.blogsoestado.com\/evandrojunior\/#\/schema\/person\/image\/\",\"url\":\"https:\/\/secure.gravatar.com\/avatar\/f80a03a2294a580cd2318bfb459bf354cfa8be661ef3d95b542cf9a04af8d129?s=96&d=mm&r=g\",\"contentUrl\":\"https:\/\/secure.gravatar.com\/avatar\/f80a03a2294a580cd2318bfb459bf354cfa8be661ef3d95b542cf9a04af8d129?s=96&d=mm&r=g\",\"caption\":\"Evandro Junior\"},\"url\":\"https:\/\/www.blogsoestado.com\/evandrojunior\/author\/evandrojunior\/\"}]}<\/script>\n<!-- \/ Yoast SEO plugin. -->","yoast_head_json":{"title":"Aprovados no concurso p\u00fablico da Alema come\u00e7am a tomar posse nesta segunda-feira - Evandro Junior","robots":{"index":"index","follow":"follow","max-snippet":"max-snippet:-1","max-image-preview":"max-image-preview:large","max-video-preview":"max-video-preview:-1"},"canonical":"https:\/\/www.blogsoestado.com\/evandrojunior\/2024\/04\/22\/aprovados-no-concurso-publico-da-alema-comecam-a-tomar-posse-nesta-segunda-feira\/","og_locale":"pt_BR","og_type":"article","og_title":"Aprovados no concurso p\u00fablico da Alema come\u00e7am a tomar posse nesta segunda-feira - Evandro Junior","og_description":"S\u00e3o Lu\u00eds &#8211; Acompanhado da esposa e do filho de um ano, Leonardo Pinto chegou cedo para tomar posse no [&hellip;]","og_url":"https:\/\/www.blogsoestado.com\/evandrojunior\/2024\/04\/22\/aprovados-no-concurso-publico-da-alema-comecam-a-tomar-posse-nesta-segunda-feira\/","og_site_name":"Evandro Junior","article_published_time":"2024-04-22T18:58:57+00:00","og_image":[{"url":"https:\/\/www.al.ma.leg.br\/fotos\/3a96bb4b62d83a5feafe10ec4d4a5622.jpg","type":"","width":"","height":""}],"author":"Evandro Junior","twitter_card":"summary_large_image","twitter_misc":{"Escrito por":"Evandro Junior","Est. tempo de leitura":"2 minutos"},"schema":{"@context":"https:\/\/schema.org","@graph":[{"@type":"WebPage","@id":"https:\/\/www.blogsoestado.com\/evandrojunior\/2024\/04\/22\/aprovados-no-concurso-publico-da-alema-comecam-a-tomar-posse-nesta-segunda-feira\/","url":"https:\/\/www.blogsoestado.com\/evandrojunior\/2024\/04\/22\/aprovados-no-concurso-publico-da-alema-comecam-a-tomar-posse-nesta-segunda-feira\/","name":"Aprovados no concurso p\u00fablico da Alema come\u00e7am a tomar posse nesta segunda-feira - Evandro Junior","isPartOf":{"@id":"https:\/\/www.blogsoestado.com\/evandrojunior\/#website"},"primaryImageOfPage":{"@id":"https:\/\/www.blogsoestado.com\/evandrojunior\/2024\/04\/22\/aprovados-no-concurso-publico-da-alema-comecam-a-tomar-posse-nesta-segunda-feira\/#primaryimage"},"image":{"@id":"https:\/\/www.blogsoestado.com\/evandrojunior\/2024\/04\/22\/aprovados-no-concurso-publico-da-alema-comecam-a-tomar-posse-nesta-segunda-feira\/#primaryimage"},"thumbnailUrl":"https:\/\/www.al.ma.leg.br\/fotos\/3a96bb4b62d83a5feafe10ec4d4a5622.jpg","datePublished":"2024-04-22T18:58:57+00:00","author":{"@id":"https:\/\/www.blogsoestado.com\/evandrojunior\/#\/schema\/person\/3e6c3d8dbb740d1c6878ebc935cfb3be"},"breadcrumb":{"@id":"https:\/\/www.blogsoestado.com\/evandrojunior\/2024\/04\/22\/aprovados-no-concurso-publico-da-alema-comecam-a-tomar-posse-nesta-segunda-feira\/#breadcrumb"},"inLanguage":"pt-BR","potentialAction":[{"@type":"ReadAction","target":["https:\/\/www.blogsoestado.com\/evandrojunior\/2024\/04\/22\/aprovados-no-concurso-publico-da-alema-comecam-a-tomar-posse-nesta-segunda-feira\/"]}]},{"@type":"ImageObject","inLanguage":"pt-BR","@id":"https:\/\/www.blogsoestado.com\/evandrojunior\/2024\/04\/22\/aprovados-no-concurso-publico-da-alema-comecam-a-tomar-posse-nesta-segunda-feira\/#primaryimage","url":"https:\/\/www.al.ma.leg.br\/fotos\/3a96bb4b62d83a5feafe10ec4d4a5622.jpg","contentUrl":"https:\/\/www.al.ma.leg.br\/fotos\/3a96bb4b62d83a5feafe10ec4d4a5622.jpg"},{"@type":"BreadcrumbList","@id":"https:\/\/www.blogsoestado.com\/evandrojunior\/2024\/04\/22\/aprovados-no-concurso-publico-da-alema-comecam-a-tomar-posse-nesta-segunda-feira\/#breadcrumb","itemListElement":[{"@type":"ListItem","position":1,"name":"In\u00edcio","item":"https:\/\/www.blogsoestado.com\/evandrojunior\/"},{"@type":"ListItem","position":2,"name":"Aprovados no concurso p\u00fablico da Alema come\u00e7am a tomar posse nesta segunda-feira"}]},{"@type":"WebSite","@id":"https:\/\/www.blogsoestado.com\/evandrojunior\/#website","url":"https:\/\/www.blogsoestado.com\/evandrojunior\/","name":"Evandro Junior","description":"","potentialAction":[{"@type":"SearchAction","target":{"@type":"EntryPoint","urlTemplate":"https:\/\/www.blogsoestado.com\/evandrojunior\/?s={search_term_string}"},"query-input":{"@type":"PropertyValueSpecification","valueRequired":true,"valueName":"search_term_string"}}],"inLanguage":"pt-BR"},{"@type":"Person","@id":"https:\/\/www.blogsoestado.com\/evandrojunior\/#\/schema\/person\/3e6c3d8dbb740d1c6878ebc935cfb3be","name":"Evandro Junior","image":{"@type":"ImageObject","inLanguage":"pt-BR","@id":"https:\/\/www.blogsoestado.com\/evandrojunior\/#\/schema\/person\/image\/","url":"https:\/\/secure.gravatar.com\/avatar\/f80a03a2294a580cd2318bfb459bf354cfa8be661ef3d95b542cf9a04af8d129?s=96&d=mm&r=g","contentUrl":"https:\/\/secure.gravatar.com\/avatar\/f80a03a2294a580cd2318bfb459bf354cfa8be661ef3d95b542cf9a04af8d129?s=96&d=mm&r=g","caption":"Evandro Junior"},"url":"https:\/\/www.blogsoestado.com\/evandrojunior\/author\/evandrojunior\/"}]}},"jetpack_featured_media_url":"","_links":{"self":[{"href":"https:\/\/www.blogsoestado.com\/evandrojunior\/wp-json\/wp\/v2\/posts\/11622","targetHints":{"allow":["GET"]}}],"collection":[{"href":"https:\/\/www.blogsoestado.com\/evandrojunior\/wp-json\/wp\/v2\/posts"}],"about":[{"href":"https:\/\/www.blogsoestado.com\/evandrojunior\/wp-json\/wp\/v2\/types\/post"}],"author":[{"embeddable":true,"href":"https:\/\/www.blogsoestado.com\/evandrojunior\/wp-json\/wp\/v2\/users\/4"}],"replies":[{"embeddable":true,"href":"https:\/\/www.blogsoestado.com\/evandrojunior\/wp-json\/wp\/v2\/comments?post=11622"}],"version-history":[{"count":0,"href":"https:\/\/www.blogsoestado.com\/evandrojunior\/wp-json\/wp\/v2\/posts\/11622\/revisions"}],"wp:attachment":[{"href":"https:\/\/www.blogsoestado.com\/evandrojunior\/wp-json\/wp\/v2\/media?parent=11622"}],"wp:term":[{"taxonomy":"category","embeddable":true,"href":"https:\/\/www.blogsoestado.com\/evandrojunior\/wp-json\/wp\/v2\/categories?post=11622"},{"taxonomy":"post_tag","embeddable":true,"href":"https:\/\/www.blogsoestado.com\/evandrojunior\/wp-json\/wp\/v2\/tags?post=11622"}],"curies":[{"name":"wp","href":"https:\/\/api.w.org\/{rel}","templated":true}]}}