{"id":11665,"date":"2024-04-29T09:11:01","date_gmt":"2024-04-29T12:11:01","guid":{"rendered":"https:\/\/www.blogsoestado.com\/evandrojunior\/?p=11665"},"modified":"2024-04-29T09:11:01","modified_gmt":"2024-04-29T12:11:01","slug":"apae-de-sao-luis-participa-do-forum-interamericano-de-filantropia-estrategica","status":"publish","type":"post","link":"https:\/\/www.blogsoestado.com\/evandrojunior\/2024\/04\/29\/apae-de-sao-luis-participa-do-forum-interamericano-de-filantropia-estrategica\/","title":{"rendered":"APAE de S\u00e3o Lu\u00eds participa do F\u00f3rum Interamericano de Filantropia Estrat\u00e9gica"},"content":{"rendered":"\n<div class=\"wp-block-image\"><figure class=\"aligncenter size-large is-resized\"><img fetchpriority=\"high\" decoding=\"async\" src=\"https:\/\/www.blogsoestado.com\/evandrojunior\/files\/2024\/04\/WhatsApp-Image-2024-04-29-at-08.46.20.jpeg\" alt=\"\" class=\"wp-image-11666\" width=\"476\" height=\"357\"\/><figcaption><strong>Representantes da APAE de S\u00e3o Lu\u00eds Christiane Diniz, gestora, e o jornalista Gabriel Bartowski no F\u00f3rum Interamericano de Filantropia Estrat\u00e9gica &#8211; FIFE 2024, em Belo Horizonte<\/strong><\/figcaption><\/figure><\/div>\n\n\n\n<p><strong>S\u00e3o Lu\u00eds <\/strong>&#8211; A APAE de S\u00e3o Lu\u00eds marcou presen\u00e7a no F\u00f3rum Interamericano de Filantropia Estrat\u00e9gica &#8211; FIFE 2024, realizado entre 23 a 26 de abril, em Belo Horizonte (MG). Voltado para os principais temas da gest\u00e3o do Terceiro Setor, o evento contou com discuss\u00f5es sobre legisla\u00e7\u00e3o, contabilidade, comunica\u00e7\u00e3o e marketing, tecnologia, voluntariado, capta\u00e7\u00e3o de recursos e administra\u00e7\u00e3o.<\/p>\n\n\n\n<p>A Comunica\u00e7\u00e3o e Marketing da APAE de S\u00e3o Lu\u00eds foi representada por Gabriel Bartowski e representando a Diretoria estava a gestora Christiane Diniz.<\/p>\n\n\n\n<p>O FIFE \u00e9 reconhecido por reunir um grande n\u00famero de palestrantes e participantes de todo o pa\u00eds, proporcionando a oportunidade de ampliar redes de parcerias. Al\u00e9m disso, o evento \u00e9 anual e tem ampla divulga\u00e7\u00e3o no terceiro setor do Brasil, atrav\u00e9s das redes sociais da Rede Filantropia, mailing de emails e pelos patrocinadores e parceiros. Normalmente, o FIFE tamb\u00e9m estabelece parcerias com o Convention Bureau da cidade sede para promover as atra\u00e7\u00f5es tur\u00edsticas locais.<\/p>\n\n\n\n<p>A participa\u00e7\u00e3o da APAE de S\u00e3o Lu\u00eds no FIFE 2024 refor\u00e7a o compromisso da institui\u00e7\u00e3o com a atualiza\u00e7\u00e3o e aprimoramento constante de suas pr\u00e1ticas de gest\u00e3o. Uma oportunidade relevante para acompanhar de perto as tend\u00eancias e inova\u00e7\u00f5es do Terceiro Setor, al\u00e9m de estabelecer novas parcerias e fortalecer as existentes.<\/p>\n","protected":false},"excerpt":{"rendered":"<p>S\u00e3o Lu\u00eds &#8211; A APAE de S\u00e3o Lu\u00eds marcou presen\u00e7a no F\u00f3rum Interamericano de Filantropia Estrat\u00e9gica &#8211; FIFE 2024, realizado [&hellip;]<\/p>\n","protected":false},"author":4,"featured_media":0,"comment_status":"open","ping_status":"open","sticky":false,"template":"","format":"standard","meta":{"site-sidebar-layout":"default","site-content-layout":"","ast-site-content-layout":"default","site-content-style":"default","site-sidebar-style":"default","ast-global-header-display":"","ast-banner-title-visibility":"","ast-main-header-display":"","ast-hfb-above-header-display":"","ast-hfb-below-header-display":"","ast-hfb-mobile-header-display":"","site-post-title":"","ast-breadcrumbs-content":"","ast-featured-img":"","footer-sml-layout":"","ast-disable-related-posts":"","theme-transparent-header-meta":"","adv-header-id-meta":"","stick-header-meta":"","header-above-stick-meta":"","header-main-stick-meta":"","header-below-stick-meta":"","astra-migrate-meta-layouts":"default","ast-page-background-enabled":"default","ast-page-background-meta":{"desktop":{"background-color":"var(--ast-global-color-5)","background-image":"","background-repeat":"repeat","background-position":"center center","background-size":"auto","background-attachment":"scroll","background-type":"","background-media":"","overlay-type":"","overlay-color":"","overlay-opacity":"","overlay-gradient":""},"tablet":{"background-color":"","background-image":"","background-repeat":"repeat","background-position":"center center","background-size":"auto","background-attachment":"scroll","background-type":"","background-media":"","overlay-type":"","overlay-color":"","overlay-opacity":"","overlay-gradient":""},"mobile":{"background-color":"","background-image":"","background-repeat":"repeat","background-position":"center center","background-size":"auto","background-attachment":"scroll","background-type":"","background-media":"","overlay-type":"","overlay-color":"","overlay-opacity":"","overlay-gradient":""}},"ast-content-background-meta":{"desktop":{"background-color":"var(--ast-global-color-4)","background-image":"","background-repeat":"repeat","background-position":"center center","background-size":"auto","background-attachment":"scroll","background-type":"","background-media":"","overlay-type":"","overlay-color":"","overlay-opacity":"","overlay-gradient":""},"tablet":{"background-color":"var(--ast-global-color-4)","background-image":"","background-repeat":"repeat","background-position":"center center","background-size":"auto","background-attachment":"scroll","background-type":"","background-media":"","overlay-type":"","overlay-color":"","overlay-opacity":"","overlay-gradient":""},"mobile":{"background-color":"var(--ast-global-color-4)","background-image":"","background-repeat":"repeat","background-position":"center center","background-size":"auto","background-attachment":"scroll","background-type":"","background-media":"","overlay-type":"","overlay-color":"","overlay-opacity":"","overlay-gradient":""}},"footnotes":""},"categories":[1],"tags":[],"class_list":["post-11665","post","type-post","status-publish","format-standard","hentry","category-sem-categoria"],"yoast_head":"<!-- This site is optimized with the Yoast SEO plugin v26.6 - https:\/\/yoast.com\/wordpress\/plugins\/seo\/ -->\n<title>APAE de S\u00e3o Lu\u00eds participa do F\u00f3rum Interamericano de Filantropia Estrat\u00e9gica - Evandro Junior<\/title>\n<meta name=\"robots\" content=\"index, follow, max-snippet:-1, max-image-preview:large, max-video-preview:-1\" \/>\n<link rel=\"canonical\" href=\"https:\/\/www.blogsoestado.com\/evandrojunior\/2024\/04\/29\/apae-de-sao-luis-participa-do-forum-interamericano-de-filantropia-estrategica\/\" \/>\n<meta property=\"og:locale\" content=\"pt_BR\" \/>\n<meta property=\"og:type\" content=\"article\" \/>\n<meta property=\"og:title\" content=\"APAE de S\u00e3o Lu\u00eds participa do F\u00f3rum Interamericano de Filantropia Estrat\u00e9gica - Evandro Junior\" \/>\n<meta property=\"og:description\" content=\"S\u00e3o Lu\u00eds &#8211; A APAE de S\u00e3o Lu\u00eds marcou presen\u00e7a no F\u00f3rum Interamericano de Filantropia Estrat\u00e9gica &#8211; FIFE 2024, realizado [&hellip;]\" \/>\n<meta property=\"og:url\" content=\"https:\/\/www.blogsoestado.com\/evandrojunior\/2024\/04\/29\/apae-de-sao-luis-participa-do-forum-interamericano-de-filantropia-estrategica\/\" \/>\n<meta property=\"og:site_name\" content=\"Evandro Junior\" \/>\n<meta property=\"article:published_time\" content=\"2024-04-29T12:11:01+00:00\" \/>\n<meta property=\"og:image\" content=\"https:\/\/www.blogsoestado.com\/evandrojunior\/files\/2024\/04\/WhatsApp-Image-2024-04-29-at-08.46.20.jpeg\" \/>\n<meta name=\"author\" content=\"Evandro Junior\" \/>\n<meta name=\"twitter:card\" content=\"summary_large_image\" \/>\n<meta name=\"twitter:label1\" content=\"Escrito por\" \/>\n\t<meta name=\"twitter:data1\" content=\"Evandro Junior\" \/>\n\t<meta name=\"twitter:label2\" content=\"Est. tempo de leitura\" \/>\n\t<meta name=\"twitter:data2\" content=\"2 minutos\" \/>\n<script type=\"application\/ld+json\" class=\"yoast-schema-graph\">{\"@context\":\"https:\/\/schema.org\",\"@graph\":[{\"@type\":\"WebPage\",\"@id\":\"https:\/\/www.blogsoestado.com\/evandrojunior\/2024\/04\/29\/apae-de-sao-luis-participa-do-forum-interamericano-de-filantropia-estrategica\/\",\"url\":\"https:\/\/www.blogsoestado.com\/evandrojunior\/2024\/04\/29\/apae-de-sao-luis-participa-do-forum-interamericano-de-filantropia-estrategica\/\",\"name\":\"APAE de S\u00e3o Lu\u00eds participa do F\u00f3rum Interamericano de Filantropia Estrat\u00e9gica - Evandro Junior\",\"isPartOf\":{\"@id\":\"https:\/\/www.blogsoestado.com\/evandrojunior\/#website\"},\"primaryImageOfPage\":{\"@id\":\"https:\/\/www.blogsoestado.com\/evandrojunior\/2024\/04\/29\/apae-de-sao-luis-participa-do-forum-interamericano-de-filantropia-estrategica\/#primaryimage\"},\"image\":{\"@id\":\"https:\/\/www.blogsoestado.com\/evandrojunior\/2024\/04\/29\/apae-de-sao-luis-participa-do-forum-interamericano-de-filantropia-estrategica\/#primaryimage\"},\"thumbnailUrl\":\"https:\/\/www.blogsoestado.com\/evandrojunior\/files\/2024\/04\/WhatsApp-Image-2024-04-29-at-08.46.20.jpeg\",\"datePublished\":\"2024-04-29T12:11:01+00:00\",\"author\":{\"@id\":\"https:\/\/www.blogsoestado.com\/evandrojunior\/#\/schema\/person\/3e6c3d8dbb740d1c6878ebc935cfb3be\"},\"breadcrumb\":{\"@id\":\"https:\/\/www.blogsoestado.com\/evandrojunior\/2024\/04\/29\/apae-de-sao-luis-participa-do-forum-interamericano-de-filantropia-estrategica\/#breadcrumb\"},\"inLanguage\":\"pt-BR\",\"potentialAction\":[{\"@type\":\"ReadAction\",\"target\":[\"https:\/\/www.blogsoestado.com\/evandrojunior\/2024\/04\/29\/apae-de-sao-luis-participa-do-forum-interamericano-de-filantropia-estrategica\/\"]}]},{\"@type\":\"ImageObject\",\"inLanguage\":\"pt-BR\",\"@id\":\"https:\/\/www.blogsoestado.com\/evandrojunior\/2024\/04\/29\/apae-de-sao-luis-participa-do-forum-interamericano-de-filantropia-estrategica\/#primaryimage\",\"url\":\"https:\/\/www.blogsoestado.com\/evandrojunior\/files\/2024\/04\/WhatsApp-Image-2024-04-29-at-08.46.20.jpeg\",\"contentUrl\":\"https:\/\/www.blogsoestado.com\/evandrojunior\/files\/2024\/04\/WhatsApp-Image-2024-04-29-at-08.46.20.jpeg\"},{\"@type\":\"BreadcrumbList\",\"@id\":\"https:\/\/www.blogsoestado.com\/evandrojunior\/2024\/04\/29\/apae-de-sao-luis-participa-do-forum-interamericano-de-filantropia-estrategica\/#breadcrumb\",\"itemListElement\":[{\"@type\":\"ListItem\",\"position\":1,\"name\":\"In\u00edcio\",\"item\":\"https:\/\/www.blogsoestado.com\/evandrojunior\/\"},{\"@type\":\"ListItem\",\"position\":2,\"name\":\"APAE de S\u00e3o Lu\u00eds participa do F\u00f3rum Interamericano de Filantropia Estrat\u00e9gica\"}]},{\"@type\":\"WebSite\",\"@id\":\"https:\/\/www.blogsoestado.com\/evandrojunior\/#website\",\"url\":\"https:\/\/www.blogsoestado.com\/evandrojunior\/\",\"name\":\"Evandro Junior\",\"description\":\"\",\"potentialAction\":[{\"@type\":\"SearchAction\",\"target\":{\"@type\":\"EntryPoint\",\"urlTemplate\":\"https:\/\/www.blogsoestado.com\/evandrojunior\/?s={search_term_string}\"},\"query-input\":{\"@type\":\"PropertyValueSpecification\",\"valueRequired\":true,\"valueName\":\"search_term_string\"}}],\"inLanguage\":\"pt-BR\"},{\"@type\":\"Person\",\"@id\":\"https:\/\/www.blogsoestado.com\/evandrojunior\/#\/schema\/person\/3e6c3d8dbb740d1c6878ebc935cfb3be\",\"name\":\"Evandro Junior\",\"image\":{\"@type\":\"ImageObject\",\"inLanguage\":\"pt-BR\",\"@id\":\"https:\/\/www.blogsoestado.com\/evandrojunior\/#\/schema\/person\/image\/\",\"url\":\"https:\/\/secure.gravatar.com\/avatar\/f80a03a2294a580cd2318bfb459bf354cfa8be661ef3d95b542cf9a04af8d129?s=96&d=mm&r=g\",\"contentUrl\":\"https:\/\/secure.gravatar.com\/avatar\/f80a03a2294a580cd2318bfb459bf354cfa8be661ef3d95b542cf9a04af8d129?s=96&d=mm&r=g\",\"caption\":\"Evandro Junior\"},\"url\":\"https:\/\/www.blogsoestado.com\/evandrojunior\/author\/evandrojunior\/\"}]}<\/script>\n<!-- \/ Yoast SEO plugin. -->","yoast_head_json":{"title":"APAE de S\u00e3o Lu\u00eds participa do F\u00f3rum Interamericano de Filantropia Estrat\u00e9gica - Evandro Junior","robots":{"index":"index","follow":"follow","max-snippet":"max-snippet:-1","max-image-preview":"max-image-preview:large","max-video-preview":"max-video-preview:-1"},"canonical":"https:\/\/www.blogsoestado.com\/evandrojunior\/2024\/04\/29\/apae-de-sao-luis-participa-do-forum-interamericano-de-filantropia-estrategica\/","og_locale":"pt_BR","og_type":"article","og_title":"APAE de S\u00e3o Lu\u00eds participa do F\u00f3rum Interamericano de Filantropia Estrat\u00e9gica - Evandro Junior","og_description":"S\u00e3o Lu\u00eds &#8211; A APAE de S\u00e3o Lu\u00eds marcou presen\u00e7a no F\u00f3rum Interamericano de Filantropia Estrat\u00e9gica &#8211; FIFE 2024, realizado [&hellip;]","og_url":"https:\/\/www.blogsoestado.com\/evandrojunior\/2024\/04\/29\/apae-de-sao-luis-participa-do-forum-interamericano-de-filantropia-estrategica\/","og_site_name":"Evandro Junior","article_published_time":"2024-04-29T12:11:01+00:00","og_image":[{"url":"https:\/\/www.blogsoestado.com\/evandrojunior\/files\/2024\/04\/WhatsApp-Image-2024-04-29-at-08.46.20.jpeg","type":"","width":"","height":""}],"author":"Evandro Junior","twitter_card":"summary_large_image","twitter_misc":{"Escrito por":"Evandro Junior","Est. tempo de leitura":"2 minutos"},"schema":{"@context":"https:\/\/schema.org","@graph":[{"@type":"WebPage","@id":"https:\/\/www.blogsoestado.com\/evandrojunior\/2024\/04\/29\/apae-de-sao-luis-participa-do-forum-interamericano-de-filantropia-estrategica\/","url":"https:\/\/www.blogsoestado.com\/evandrojunior\/2024\/04\/29\/apae-de-sao-luis-participa-do-forum-interamericano-de-filantropia-estrategica\/","name":"APAE de S\u00e3o Lu\u00eds participa do F\u00f3rum Interamericano de Filantropia Estrat\u00e9gica - Evandro Junior","isPartOf":{"@id":"https:\/\/www.blogsoestado.com\/evandrojunior\/#website"},"primaryImageOfPage":{"@id":"https:\/\/www.blogsoestado.com\/evandrojunior\/2024\/04\/29\/apae-de-sao-luis-participa-do-forum-interamericano-de-filantropia-estrategica\/#primaryimage"},"image":{"@id":"https:\/\/www.blogsoestado.com\/evandrojunior\/2024\/04\/29\/apae-de-sao-luis-participa-do-forum-interamericano-de-filantropia-estrategica\/#primaryimage"},"thumbnailUrl":"https:\/\/www.blogsoestado.com\/evandrojunior\/files\/2024\/04\/WhatsApp-Image-2024-04-29-at-08.46.20.jpeg","datePublished":"2024-04-29T12:11:01+00:00","author":{"@id":"https:\/\/www.blogsoestado.com\/evandrojunior\/#\/schema\/person\/3e6c3d8dbb740d1c6878ebc935cfb3be"},"breadcrumb":{"@id":"https:\/\/www.blogsoestado.com\/evandrojunior\/2024\/04\/29\/apae-de-sao-luis-participa-do-forum-interamericano-de-filantropia-estrategica\/#breadcrumb"},"inLanguage":"pt-BR","potentialAction":[{"@type":"ReadAction","target":["https:\/\/www.blogsoestado.com\/evandrojunior\/2024\/04\/29\/apae-de-sao-luis-participa-do-forum-interamericano-de-filantropia-estrategica\/"]}]},{"@type":"ImageObject","inLanguage":"pt-BR","@id":"https:\/\/www.blogsoestado.com\/evandrojunior\/2024\/04\/29\/apae-de-sao-luis-participa-do-forum-interamericano-de-filantropia-estrategica\/#primaryimage","url":"https:\/\/www.blogsoestado.com\/evandrojunior\/files\/2024\/04\/WhatsApp-Image-2024-04-29-at-08.46.20.jpeg","contentUrl":"https:\/\/www.blogsoestado.com\/evandrojunior\/files\/2024\/04\/WhatsApp-Image-2024-04-29-at-08.46.20.jpeg"},{"@type":"BreadcrumbList","@id":"https:\/\/www.blogsoestado.com\/evandrojunior\/2024\/04\/29\/apae-de-sao-luis-participa-do-forum-interamericano-de-filantropia-estrategica\/#breadcrumb","itemListElement":[{"@type":"ListItem","position":1,"name":"In\u00edcio","item":"https:\/\/www.blogsoestado.com\/evandrojunior\/"},{"@type":"ListItem","position":2,"name":"APAE de S\u00e3o Lu\u00eds participa do F\u00f3rum Interamericano de Filantropia Estrat\u00e9gica"}]},{"@type":"WebSite","@id":"https:\/\/www.blogsoestado.com\/evandrojunior\/#website","url":"https:\/\/www.blogsoestado.com\/evandrojunior\/","name":"Evandro Junior","description":"","potentialAction":[{"@type":"SearchAction","target":{"@type":"EntryPoint","urlTemplate":"https:\/\/www.blogsoestado.com\/evandrojunior\/?s={search_term_string}"},"query-input":{"@type":"PropertyValueSpecification","valueRequired":true,"valueName":"search_term_string"}}],"inLanguage":"pt-BR"},{"@type":"Person","@id":"https:\/\/www.blogsoestado.com\/evandrojunior\/#\/schema\/person\/3e6c3d8dbb740d1c6878ebc935cfb3be","name":"Evandro Junior","image":{"@type":"ImageObject","inLanguage":"pt-BR","@id":"https:\/\/www.blogsoestado.com\/evandrojunior\/#\/schema\/person\/image\/","url":"https:\/\/secure.gravatar.com\/avatar\/f80a03a2294a580cd2318bfb459bf354cfa8be661ef3d95b542cf9a04af8d129?s=96&d=mm&r=g","contentUrl":"https:\/\/secure.gravatar.com\/avatar\/f80a03a2294a580cd2318bfb459bf354cfa8be661ef3d95b542cf9a04af8d129?s=96&d=mm&r=g","caption":"Evandro Junior"},"url":"https:\/\/www.blogsoestado.com\/evandrojunior\/author\/evandrojunior\/"}]}},"jetpack_featured_media_url":"","_links":{"self":[{"href":"https:\/\/www.blogsoestado.com\/evandrojunior\/wp-json\/wp\/v2\/posts\/11665","targetHints":{"allow":["GET"]}}],"collection":[{"href":"https:\/\/www.blogsoestado.com\/evandrojunior\/wp-json\/wp\/v2\/posts"}],"about":[{"href":"https:\/\/www.blogsoestado.com\/evandrojunior\/wp-json\/wp\/v2\/types\/post"}],"author":[{"embeddable":true,"href":"https:\/\/www.blogsoestado.com\/evandrojunior\/wp-json\/wp\/v2\/users\/4"}],"replies":[{"embeddable":true,"href":"https:\/\/www.blogsoestado.com\/evandrojunior\/wp-json\/wp\/v2\/comments?post=11665"}],"version-history":[{"count":0,"href":"https:\/\/www.blogsoestado.com\/evandrojunior\/wp-json\/wp\/v2\/posts\/11665\/revisions"}],"wp:attachment":[{"href":"https:\/\/www.blogsoestado.com\/evandrojunior\/wp-json\/wp\/v2\/media?parent=11665"}],"wp:term":[{"taxonomy":"category","embeddable":true,"href":"https:\/\/www.blogsoestado.com\/evandrojunior\/wp-json\/wp\/v2\/categories?post=11665"},{"taxonomy":"post_tag","embeddable":true,"href":"https:\/\/www.blogsoestado.com\/evandrojunior\/wp-json\/wp\/v2\/tags?post=11665"}],"curies":[{"name":"wp","href":"https:\/\/api.w.org\/{rel}","templated":true}]}}