{"id":11686,"date":"2024-05-01T10:26:57","date_gmt":"2024-05-01T13:26:57","guid":{"rendered":"https:\/\/www.blogsoestado.com\/evandrojunior\/?p=11686"},"modified":"2024-05-01T10:26:57","modified_gmt":"2024-05-01T13:26:57","slug":"pergentino-holanda-comandara-baile-com-inspiracao-junina-no-palazzo","status":"publish","type":"post","link":"https:\/\/www.blogsoestado.com\/evandrojunior\/2024\/05\/01\/pergentino-holanda-comandara-baile-com-inspiracao-junina-no-palazzo\/","title":{"rendered":"Pergentino Holanda comandar\u00e1 baile com inspira\u00e7\u00e3o junina no Palazzo"},"content":{"rendered":"\n<div class=\"wp-block-image\"><figure class=\"aligncenter size-large is-resized\"><img fetchpriority=\"high\" decoding=\"async\" src=\"https:\/\/www.blogsoestado.com\/evandrojunior\/files\/2024\/05\/PHOTO-2024-05-01-09-09-57-768x1024.jpg\" alt=\"\" class=\"wp-image-11687\" width=\"551\" height=\"735\"\/><figcaption><strong>Pergentino Holanda ao lado da empres\u00e1ria \u00c9vila Pinheiro, propriet\u00e1ria do Palazzo Eventos <\/strong><\/figcaption><\/figure><\/div>\n\n\n\n<p><strong>S\u00e3o Lu\u00eds<\/strong> &#8211; Maio come\u00e7ou e com ele a expectativa em torno da Festan\u00e7a de Maio em Noite Gala, sob o comando de Pergentino Holanda, a ser realizada no Palazzo Eventos, na noite de 29 de maio, uma quarta-feira, v\u00e9spera do feriado de Corpus Christi.<\/p>\n\n\n\n<p>O baile ser\u00e1 um evento descontra\u00eddo e ter\u00e1 um toque de cultura popular com a apresenta\u00e7\u00e3o do espet\u00e1culo inspirado na lend\u00e1ria \u201cFestan\u00e7a Boi da Lua\u201d, destacando a beleza das brincadeiras desse per\u00edodo em S\u00e3o Lu\u00eds.<\/p>\n\n\n\n<p>Na Festan\u00e7a de Maio em Noite de Gala, PH vai comemorar sua nova idade, pois ele \u00e9 taurino de 19 de maio.<\/p>\n\n\n\n<p>A Festan\u00e7a de Maio n\u00e3o ser\u00e1 uma festa caipira, mas um baile elegante com o mesmo charme e glamour de outros eventos do g\u00eanero realizados por Pergentino Holanda neste per\u00edodo.<\/p>\n\n\n\n<p>E mais: a produ\u00e7\u00e3o sugere \u00e0s mulheres que usem e abusem da criatividade acrescentando ao look com suas roupas de gala os adere\u00e7os mais bonitos das brincadeiras de bumba meu boi.<\/p>\n\n\n\n<p>Os homens que n\u00e3o quiserem entrar no clima, estar\u00e3o bem vestidos usando camisa social preta de manga longa. A t\u00edtulo de sugest\u00e3o, fica a dica: um colorido chap\u00e9u de vaqueiro poder\u00e1 compor muito bem o look da ala masculina.<\/p>\n\n\n\n<p>Os convites para a Festan\u00e7a de Maio em Noite de Gala est\u00e3o sendo feitos desde o m\u00eas de abril, oficialmente, por Teresa Martins. As confirma\u00e7\u00f5es de nomes badalados da sociedade maranhense j\u00e1 est\u00e3o avan\u00e7adas, sinalizando que esse evento ser\u00e1 mais um grande sucesso com a marca PH.<\/p>\n\n\n\n<p>A noite de muitas e inesquec\u00edveis surpresas ter\u00e1 ambiente decorado com o bom gosto e criatividade da designer Cintia Klamt Motta.<\/p>\n","protected":false},"excerpt":{"rendered":"<p>S\u00e3o Lu\u00eds &#8211; Maio come\u00e7ou e com ele a expectativa em torno da Festan\u00e7a de Maio em Noite Gala, sob [&hellip;]<\/p>\n","protected":false},"author":4,"featured_media":0,"comment_status":"open","ping_status":"open","sticky":false,"template":"","format":"standard","meta":{"site-sidebar-layout":"default","site-content-layout":"","ast-site-content-layout":"default","site-content-style":"default","site-sidebar-style":"default","ast-global-header-display":"","ast-banner-title-visibility":"","ast-main-header-display":"","ast-hfb-above-header-display":"","ast-hfb-below-header-display":"","ast-hfb-mobile-header-display":"","site-post-title":"","ast-breadcrumbs-content":"","ast-featured-img":"","footer-sml-layout":"","ast-disable-related-posts":"","theme-transparent-header-meta":"","adv-header-id-meta":"","stick-header-meta":"","header-above-stick-meta":"","header-main-stick-meta":"","header-below-stick-meta":"","astra-migrate-meta-layouts":"default","ast-page-background-enabled":"default","ast-page-background-meta":{"desktop":{"background-color":"var(--ast-global-color-5)","background-image":"","background-repeat":"repeat","background-position":"center center","background-size":"auto","background-attachment":"scroll","background-type":"","background-media":"","overlay-type":"","overlay-color":"","overlay-opacity":"","overlay-gradient":""},"tablet":{"background-color":"","background-image":"","background-repeat":"repeat","background-position":"center center","background-size":"auto","background-attachment":"scroll","background-type":"","background-media":"","overlay-type":"","overlay-color":"","overlay-opacity":"","overlay-gradient":""},"mobile":{"background-color":"","background-image":"","background-repeat":"repeat","background-position":"center center","background-size":"auto","background-attachment":"scroll","background-type":"","background-media":"","overlay-type":"","overlay-color":"","overlay-opacity":"","overlay-gradient":""}},"ast-content-background-meta":{"desktop":{"background-color":"var(--ast-global-color-4)","background-image":"","background-repeat":"repeat","background-position":"center center","background-size":"auto","background-attachment":"scroll","background-type":"","background-media":"","overlay-type":"","overlay-color":"","overlay-opacity":"","overlay-gradient":""},"tablet":{"background-color":"var(--ast-global-color-4)","background-image":"","background-repeat":"repeat","background-position":"center center","background-size":"auto","background-attachment":"scroll","background-type":"","background-media":"","overlay-type":"","overlay-color":"","overlay-opacity":"","overlay-gradient":""},"mobile":{"background-color":"var(--ast-global-color-4)","background-image":"","background-repeat":"repeat","background-position":"center center","background-size":"auto","background-attachment":"scroll","background-type":"","background-media":"","overlay-type":"","overlay-color":"","overlay-opacity":"","overlay-gradient":""}},"footnotes":""},"categories":[1],"tags":[],"class_list":["post-11686","post","type-post","status-publish","format-standard","hentry","category-sem-categoria"],"yoast_head":"<!-- This site is optimized with the Yoast SEO plugin v26.6 - https:\/\/yoast.com\/wordpress\/plugins\/seo\/ -->\n<title>Pergentino Holanda comandar\u00e1 baile com inspira\u00e7\u00e3o junina no Palazzo - Evandro Junior<\/title>\n<meta name=\"robots\" content=\"index, follow, max-snippet:-1, max-image-preview:large, max-video-preview:-1\" \/>\n<link rel=\"canonical\" href=\"https:\/\/www.blogsoestado.com\/evandrojunior\/2024\/05\/01\/pergentino-holanda-comandara-baile-com-inspiracao-junina-no-palazzo\/\" \/>\n<meta property=\"og:locale\" content=\"pt_BR\" \/>\n<meta property=\"og:type\" content=\"article\" \/>\n<meta property=\"og:title\" content=\"Pergentino Holanda comandar\u00e1 baile com inspira\u00e7\u00e3o junina no Palazzo - Evandro Junior\" \/>\n<meta property=\"og:description\" content=\"S\u00e3o Lu\u00eds &#8211; Maio come\u00e7ou e com ele a expectativa em torno da Festan\u00e7a de Maio em Noite Gala, sob [&hellip;]\" \/>\n<meta property=\"og:url\" content=\"https:\/\/www.blogsoestado.com\/evandrojunior\/2024\/05\/01\/pergentino-holanda-comandara-baile-com-inspiracao-junina-no-palazzo\/\" \/>\n<meta property=\"og:site_name\" content=\"Evandro Junior\" \/>\n<meta property=\"article:published_time\" content=\"2024-05-01T13:26:57+00:00\" \/>\n<meta property=\"og:image\" content=\"https:\/\/www.blogsoestado.com\/evandrojunior\/files\/2024\/05\/PHOTO-2024-05-01-09-09-57-768x1024.jpg\" \/>\n<meta name=\"author\" content=\"Evandro Junior\" \/>\n<meta name=\"twitter:card\" content=\"summary_large_image\" \/>\n<meta name=\"twitter:label1\" content=\"Escrito por\" \/>\n\t<meta name=\"twitter:data1\" content=\"Evandro Junior\" \/>\n\t<meta name=\"twitter:label2\" content=\"Est. tempo de leitura\" \/>\n\t<meta name=\"twitter:data2\" content=\"2 minutos\" \/>\n<script type=\"application\/ld+json\" class=\"yoast-schema-graph\">{\"@context\":\"https:\/\/schema.org\",\"@graph\":[{\"@type\":\"WebPage\",\"@id\":\"https:\/\/www.blogsoestado.com\/evandrojunior\/2024\/05\/01\/pergentino-holanda-comandara-baile-com-inspiracao-junina-no-palazzo\/\",\"url\":\"https:\/\/www.blogsoestado.com\/evandrojunior\/2024\/05\/01\/pergentino-holanda-comandara-baile-com-inspiracao-junina-no-palazzo\/\",\"name\":\"Pergentino Holanda comandar\u00e1 baile com inspira\u00e7\u00e3o junina no Palazzo - Evandro Junior\",\"isPartOf\":{\"@id\":\"https:\/\/www.blogsoestado.com\/evandrojunior\/#website\"},\"primaryImageOfPage\":{\"@id\":\"https:\/\/www.blogsoestado.com\/evandrojunior\/2024\/05\/01\/pergentino-holanda-comandara-baile-com-inspiracao-junina-no-palazzo\/#primaryimage\"},\"image\":{\"@id\":\"https:\/\/www.blogsoestado.com\/evandrojunior\/2024\/05\/01\/pergentino-holanda-comandara-baile-com-inspiracao-junina-no-palazzo\/#primaryimage\"},\"thumbnailUrl\":\"https:\/\/www.blogsoestado.com\/evandrojunior\/files\/2024\/05\/PHOTO-2024-05-01-09-09-57-768x1024.jpg\",\"datePublished\":\"2024-05-01T13:26:57+00:00\",\"author\":{\"@id\":\"https:\/\/www.blogsoestado.com\/evandrojunior\/#\/schema\/person\/3e6c3d8dbb740d1c6878ebc935cfb3be\"},\"breadcrumb\":{\"@id\":\"https:\/\/www.blogsoestado.com\/evandrojunior\/2024\/05\/01\/pergentino-holanda-comandara-baile-com-inspiracao-junina-no-palazzo\/#breadcrumb\"},\"inLanguage\":\"pt-BR\",\"potentialAction\":[{\"@type\":\"ReadAction\",\"target\":[\"https:\/\/www.blogsoestado.com\/evandrojunior\/2024\/05\/01\/pergentino-holanda-comandara-baile-com-inspiracao-junina-no-palazzo\/\"]}]},{\"@type\":\"ImageObject\",\"inLanguage\":\"pt-BR\",\"@id\":\"https:\/\/www.blogsoestado.com\/evandrojunior\/2024\/05\/01\/pergentino-holanda-comandara-baile-com-inspiracao-junina-no-palazzo\/#primaryimage\",\"url\":\"https:\/\/www.blogsoestado.com\/evandrojunior\/files\/2024\/05\/PHOTO-2024-05-01-09-09-57-768x1024.jpg\",\"contentUrl\":\"https:\/\/www.blogsoestado.com\/evandrojunior\/files\/2024\/05\/PHOTO-2024-05-01-09-09-57-768x1024.jpg\"},{\"@type\":\"BreadcrumbList\",\"@id\":\"https:\/\/www.blogsoestado.com\/evandrojunior\/2024\/05\/01\/pergentino-holanda-comandara-baile-com-inspiracao-junina-no-palazzo\/#breadcrumb\",\"itemListElement\":[{\"@type\":\"ListItem\",\"position\":1,\"name\":\"In\u00edcio\",\"item\":\"https:\/\/www.blogsoestado.com\/evandrojunior\/\"},{\"@type\":\"ListItem\",\"position\":2,\"name\":\"Pergentino Holanda comandar\u00e1 baile com inspira\u00e7\u00e3o junina no Palazzo\"}]},{\"@type\":\"WebSite\",\"@id\":\"https:\/\/www.blogsoestado.com\/evandrojunior\/#website\",\"url\":\"https:\/\/www.blogsoestado.com\/evandrojunior\/\",\"name\":\"Evandro Junior\",\"description\":\"\",\"potentialAction\":[{\"@type\":\"SearchAction\",\"target\":{\"@type\":\"EntryPoint\",\"urlTemplate\":\"https:\/\/www.blogsoestado.com\/evandrojunior\/?s={search_term_string}\"},\"query-input\":{\"@type\":\"PropertyValueSpecification\",\"valueRequired\":true,\"valueName\":\"search_term_string\"}}],\"inLanguage\":\"pt-BR\"},{\"@type\":\"Person\",\"@id\":\"https:\/\/www.blogsoestado.com\/evandrojunior\/#\/schema\/person\/3e6c3d8dbb740d1c6878ebc935cfb3be\",\"name\":\"Evandro Junior\",\"image\":{\"@type\":\"ImageObject\",\"inLanguage\":\"pt-BR\",\"@id\":\"https:\/\/www.blogsoestado.com\/evandrojunior\/#\/schema\/person\/image\/\",\"url\":\"https:\/\/secure.gravatar.com\/avatar\/f80a03a2294a580cd2318bfb459bf354cfa8be661ef3d95b542cf9a04af8d129?s=96&d=mm&r=g\",\"contentUrl\":\"https:\/\/secure.gravatar.com\/avatar\/f80a03a2294a580cd2318bfb459bf354cfa8be661ef3d95b542cf9a04af8d129?s=96&d=mm&r=g\",\"caption\":\"Evandro Junior\"},\"url\":\"https:\/\/www.blogsoestado.com\/evandrojunior\/author\/evandrojunior\/\"}]}<\/script>\n<!-- \/ Yoast SEO plugin. -->","yoast_head_json":{"title":"Pergentino Holanda comandar\u00e1 baile com inspira\u00e7\u00e3o junina no Palazzo - Evandro Junior","robots":{"index":"index","follow":"follow","max-snippet":"max-snippet:-1","max-image-preview":"max-image-preview:large","max-video-preview":"max-video-preview:-1"},"canonical":"https:\/\/www.blogsoestado.com\/evandrojunior\/2024\/05\/01\/pergentino-holanda-comandara-baile-com-inspiracao-junina-no-palazzo\/","og_locale":"pt_BR","og_type":"article","og_title":"Pergentino Holanda comandar\u00e1 baile com inspira\u00e7\u00e3o junina no Palazzo - Evandro Junior","og_description":"S\u00e3o Lu\u00eds &#8211; Maio come\u00e7ou e com ele a expectativa em torno da Festan\u00e7a de Maio em Noite Gala, sob [&hellip;]","og_url":"https:\/\/www.blogsoestado.com\/evandrojunior\/2024\/05\/01\/pergentino-holanda-comandara-baile-com-inspiracao-junina-no-palazzo\/","og_site_name":"Evandro Junior","article_published_time":"2024-05-01T13:26:57+00:00","og_image":[{"url":"https:\/\/www.blogsoestado.com\/evandrojunior\/files\/2024\/05\/PHOTO-2024-05-01-09-09-57-768x1024.jpg","type":"","width":"","height":""}],"author":"Evandro Junior","twitter_card":"summary_large_image","twitter_misc":{"Escrito por":"Evandro Junior","Est. tempo de leitura":"2 minutos"},"schema":{"@context":"https:\/\/schema.org","@graph":[{"@type":"WebPage","@id":"https:\/\/www.blogsoestado.com\/evandrojunior\/2024\/05\/01\/pergentino-holanda-comandara-baile-com-inspiracao-junina-no-palazzo\/","url":"https:\/\/www.blogsoestado.com\/evandrojunior\/2024\/05\/01\/pergentino-holanda-comandara-baile-com-inspiracao-junina-no-palazzo\/","name":"Pergentino Holanda comandar\u00e1 baile com inspira\u00e7\u00e3o junina no Palazzo - Evandro Junior","isPartOf":{"@id":"https:\/\/www.blogsoestado.com\/evandrojunior\/#website"},"primaryImageOfPage":{"@id":"https:\/\/www.blogsoestado.com\/evandrojunior\/2024\/05\/01\/pergentino-holanda-comandara-baile-com-inspiracao-junina-no-palazzo\/#primaryimage"},"image":{"@id":"https:\/\/www.blogsoestado.com\/evandrojunior\/2024\/05\/01\/pergentino-holanda-comandara-baile-com-inspiracao-junina-no-palazzo\/#primaryimage"},"thumbnailUrl":"https:\/\/www.blogsoestado.com\/evandrojunior\/files\/2024\/05\/PHOTO-2024-05-01-09-09-57-768x1024.jpg","datePublished":"2024-05-01T13:26:57+00:00","author":{"@id":"https:\/\/www.blogsoestado.com\/evandrojunior\/#\/schema\/person\/3e6c3d8dbb740d1c6878ebc935cfb3be"},"breadcrumb":{"@id":"https:\/\/www.blogsoestado.com\/evandrojunior\/2024\/05\/01\/pergentino-holanda-comandara-baile-com-inspiracao-junina-no-palazzo\/#breadcrumb"},"inLanguage":"pt-BR","potentialAction":[{"@type":"ReadAction","target":["https:\/\/www.blogsoestado.com\/evandrojunior\/2024\/05\/01\/pergentino-holanda-comandara-baile-com-inspiracao-junina-no-palazzo\/"]}]},{"@type":"ImageObject","inLanguage":"pt-BR","@id":"https:\/\/www.blogsoestado.com\/evandrojunior\/2024\/05\/01\/pergentino-holanda-comandara-baile-com-inspiracao-junina-no-palazzo\/#primaryimage","url":"https:\/\/www.blogsoestado.com\/evandrojunior\/files\/2024\/05\/PHOTO-2024-05-01-09-09-57-768x1024.jpg","contentUrl":"https:\/\/www.blogsoestado.com\/evandrojunior\/files\/2024\/05\/PHOTO-2024-05-01-09-09-57-768x1024.jpg"},{"@type":"BreadcrumbList","@id":"https:\/\/www.blogsoestado.com\/evandrojunior\/2024\/05\/01\/pergentino-holanda-comandara-baile-com-inspiracao-junina-no-palazzo\/#breadcrumb","itemListElement":[{"@type":"ListItem","position":1,"name":"In\u00edcio","item":"https:\/\/www.blogsoestado.com\/evandrojunior\/"},{"@type":"ListItem","position":2,"name":"Pergentino Holanda comandar\u00e1 baile com inspira\u00e7\u00e3o junina no Palazzo"}]},{"@type":"WebSite","@id":"https:\/\/www.blogsoestado.com\/evandrojunior\/#website","url":"https:\/\/www.blogsoestado.com\/evandrojunior\/","name":"Evandro Junior","description":"","potentialAction":[{"@type":"SearchAction","target":{"@type":"EntryPoint","urlTemplate":"https:\/\/www.blogsoestado.com\/evandrojunior\/?s={search_term_string}"},"query-input":{"@type":"PropertyValueSpecification","valueRequired":true,"valueName":"search_term_string"}}],"inLanguage":"pt-BR"},{"@type":"Person","@id":"https:\/\/www.blogsoestado.com\/evandrojunior\/#\/schema\/person\/3e6c3d8dbb740d1c6878ebc935cfb3be","name":"Evandro Junior","image":{"@type":"ImageObject","inLanguage":"pt-BR","@id":"https:\/\/www.blogsoestado.com\/evandrojunior\/#\/schema\/person\/image\/","url":"https:\/\/secure.gravatar.com\/avatar\/f80a03a2294a580cd2318bfb459bf354cfa8be661ef3d95b542cf9a04af8d129?s=96&d=mm&r=g","contentUrl":"https:\/\/secure.gravatar.com\/avatar\/f80a03a2294a580cd2318bfb459bf354cfa8be661ef3d95b542cf9a04af8d129?s=96&d=mm&r=g","caption":"Evandro Junior"},"url":"https:\/\/www.blogsoestado.com\/evandrojunior\/author\/evandrojunior\/"}]}},"jetpack_featured_media_url":"","_links":{"self":[{"href":"https:\/\/www.blogsoestado.com\/evandrojunior\/wp-json\/wp\/v2\/posts\/11686","targetHints":{"allow":["GET"]}}],"collection":[{"href":"https:\/\/www.blogsoestado.com\/evandrojunior\/wp-json\/wp\/v2\/posts"}],"about":[{"href":"https:\/\/www.blogsoestado.com\/evandrojunior\/wp-json\/wp\/v2\/types\/post"}],"author":[{"embeddable":true,"href":"https:\/\/www.blogsoestado.com\/evandrojunior\/wp-json\/wp\/v2\/users\/4"}],"replies":[{"embeddable":true,"href":"https:\/\/www.blogsoestado.com\/evandrojunior\/wp-json\/wp\/v2\/comments?post=11686"}],"version-history":[{"count":0,"href":"https:\/\/www.blogsoestado.com\/evandrojunior\/wp-json\/wp\/v2\/posts\/11686\/revisions"}],"wp:attachment":[{"href":"https:\/\/www.blogsoestado.com\/evandrojunior\/wp-json\/wp\/v2\/media?parent=11686"}],"wp:term":[{"taxonomy":"category","embeddable":true,"href":"https:\/\/www.blogsoestado.com\/evandrojunior\/wp-json\/wp\/v2\/categories?post=11686"},{"taxonomy":"post_tag","embeddable":true,"href":"https:\/\/www.blogsoestado.com\/evandrojunior\/wp-json\/wp\/v2\/tags?post=11686"}],"curies":[{"name":"wp","href":"https:\/\/api.w.org\/{rel}","templated":true}]}}