{"id":11775,"date":"2024-05-10T16:55:48","date_gmt":"2024-05-10T19:55:48","guid":{"rendered":"https:\/\/www.blogsoestado.com\/evandrojunior\/?p=11775"},"modified":"2024-05-10T16:55:48","modified_gmt":"2024-05-10T19:55:48","slug":"rio-poty-tera-cafe-da-manha-e-almoco-especial-para-o-dia-das-maes","status":"publish","type":"post","link":"https:\/\/www.blogsoestado.com\/evandrojunior\/2024\/05\/10\/rio-poty-tera-cafe-da-manha-e-almoco-especial-para-o-dia-das-maes\/","title":{"rendered":"Rio Poty ter\u00e1 caf\u00e9 da manh\u00e3 e almo\u00e7o especial para o Dia das M\u00e3es"},"content":{"rendered":"\n<div class=\"wp-block-image\"><figure class=\"aligncenter size-large is-resized\"><img fetchpriority=\"high\" decoding=\"async\" src=\"https:\/\/www.blogsoestado.com\/evandrojunior\/files\/2024\/05\/WhatsApp-Image-2024-05-10-at-14.48.01-819x1024.jpeg\" alt=\"\" class=\"wp-image-11776\" width=\"494\" height=\"618\"\/><\/figure><\/div>\n\n\n\n<p><strong>S\u00e3o Lu\u00eds<\/strong> &#8211; O Dia das M\u00e3es, a ser celebrado neste domingo (12), ser\u00e1 movimentado nos restaurantes no geral e, tamb\u00e9m, nos restaurantes de hot\u00e9is de S\u00e3o Lu\u00eds. \u00c9 que muita gente prefere comemorar a data com a fam\u00edlia desfrutando da variedade de itens nas duas refei\u00e7\u00f5es. <\/p>\n\n\n\n<p>O Rio Poty Hotel &amp; Resort, localizado na Ponta d\u2019Areia, por exemplo, preparou um card\u00e1pio especial para a data, com caf\u00e9 da manh\u00e3 recheado de del\u00edcias e almo\u00e7o caprichado. Tudo preparado pelo chef Marcelo Silva e servido no Restaurante Tarrafas. O valor por pessoa ser\u00e1 de R$ 89,00 +10% de taxa. E o melhor, com uma vista \u00fanica e deslumbrante para a Ba\u00eda de S\u00e3o Marcos. <\/p>\n\n\n\n<div class=\"wp-block-image\"><figure class=\"aligncenter size-large is-resized\"><img decoding=\"async\" src=\"https:\/\/www.blogsoestado.com\/evandrojunior\/files\/2023\/01\/Rio-Poty-1024x836.jpg\" alt=\"\" class=\"wp-image-8367\" width=\"527\" height=\"429\"\/><figcaption><strong>Rio Poty \u00e9 um dos hoteis mais bonitos e agrad\u00e1veis da capital maranhense<\/strong><\/figcaption><\/figure><\/div>\n\n\n\n<p>O caf\u00e9 da manh\u00e3 ter\u00e1 uma variedade de p\u00e3es, bolos, frios, frutas, sucos e muito mais. O almo\u00e7o, por sua vez, ter\u00e1 op\u00e7\u00f5es incrementadas de salm\u00e3o, fil\u00e9 de pescada, frango e fil\u00e9.<\/p>\n\n\n\n<p>Para acompanhar, arroz branco e \u00e0 grega. A lista de sobremesas inclui mousse, pudim e panach\u00ea de frutas. Tem, ainda, carta de vinhos e card\u00e1pio infantil.<\/p>\n\n\n\n<p>Quem assina o card\u00e1pio \u00e9 o Chef Marcelo Silva, que iniciou na gastronomia pala rede Carrefour, em Campinas, e tem mais de 20 anos de experi\u00eancia em restaurantes nacionais e internacionais, com passagens pela It\u00e1lia e M\u00e9xico.<\/p>\n","protected":false},"excerpt":{"rendered":"<p>S\u00e3o Lu\u00eds &#8211; O Dia das M\u00e3es, a ser celebrado neste domingo (12), ser\u00e1 movimentado nos restaurantes no geral e, [&hellip;]<\/p>\n","protected":false},"author":4,"featured_media":0,"comment_status":"open","ping_status":"open","sticky":false,"template":"","format":"standard","meta":{"site-sidebar-layout":"default","site-content-layout":"","ast-site-content-layout":"default","site-content-style":"default","site-sidebar-style":"default","ast-global-header-display":"","ast-banner-title-visibility":"","ast-main-header-display":"","ast-hfb-above-header-display":"","ast-hfb-below-header-display":"","ast-hfb-mobile-header-display":"","site-post-title":"","ast-breadcrumbs-content":"","ast-featured-img":"","footer-sml-layout":"","ast-disable-related-posts":"","theme-transparent-header-meta":"","adv-header-id-meta":"","stick-header-meta":"","header-above-stick-meta":"","header-main-stick-meta":"","header-below-stick-meta":"","astra-migrate-meta-layouts":"default","ast-page-background-enabled":"default","ast-page-background-meta":{"desktop":{"background-color":"var(--ast-global-color-5)","background-image":"","background-repeat":"repeat","background-position":"center center","background-size":"auto","background-attachment":"scroll","background-type":"","background-media":"","overlay-type":"","overlay-color":"","overlay-opacity":"","overlay-gradient":""},"tablet":{"background-color":"","background-image":"","background-repeat":"repeat","background-position":"center center","background-size":"auto","background-attachment":"scroll","background-type":"","background-media":"","overlay-type":"","overlay-color":"","overlay-opacity":"","overlay-gradient":""},"mobile":{"background-color":"","background-image":"","background-repeat":"repeat","background-position":"center center","background-size":"auto","background-attachment":"scroll","background-type":"","background-media":"","overlay-type":"","overlay-color":"","overlay-opacity":"","overlay-gradient":""}},"ast-content-background-meta":{"desktop":{"background-color":"var(--ast-global-color-4)","background-image":"","background-repeat":"repeat","background-position":"center center","background-size":"auto","background-attachment":"scroll","background-type":"","background-media":"","overlay-type":"","overlay-color":"","overlay-opacity":"","overlay-gradient":""},"tablet":{"background-color":"var(--ast-global-color-4)","background-image":"","background-repeat":"repeat","background-position":"center center","background-size":"auto","background-attachment":"scroll","background-type":"","background-media":"","overlay-type":"","overlay-color":"","overlay-opacity":"","overlay-gradient":""},"mobile":{"background-color":"var(--ast-global-color-4)","background-image":"","background-repeat":"repeat","background-position":"center center","background-size":"auto","background-attachment":"scroll","background-type":"","background-media":"","overlay-type":"","overlay-color":"","overlay-opacity":"","overlay-gradient":""}},"footnotes":""},"categories":[1],"tags":[],"class_list":["post-11775","post","type-post","status-publish","format-standard","hentry","category-sem-categoria"],"yoast_head":"<!-- This site is optimized with the Yoast SEO plugin v26.6 - https:\/\/yoast.com\/wordpress\/plugins\/seo\/ -->\n<title>Rio Poty ter\u00e1 caf\u00e9 da manh\u00e3 e almo\u00e7o especial para o Dia das M\u00e3es - Evandro Junior<\/title>\n<meta name=\"robots\" content=\"index, follow, max-snippet:-1, max-image-preview:large, max-video-preview:-1\" \/>\n<link rel=\"canonical\" href=\"https:\/\/www.blogsoestado.com\/evandrojunior\/2024\/05\/10\/rio-poty-tera-cafe-da-manha-e-almoco-especial-para-o-dia-das-maes\/\" \/>\n<meta property=\"og:locale\" content=\"pt_BR\" \/>\n<meta property=\"og:type\" content=\"article\" \/>\n<meta property=\"og:title\" content=\"Rio Poty ter\u00e1 caf\u00e9 da manh\u00e3 e almo\u00e7o especial para o Dia das M\u00e3es - Evandro Junior\" \/>\n<meta property=\"og:description\" content=\"S\u00e3o Lu\u00eds &#8211; O Dia das M\u00e3es, a ser celebrado neste domingo (12), ser\u00e1 movimentado nos restaurantes no geral e, [&hellip;]\" \/>\n<meta property=\"og:url\" content=\"https:\/\/www.blogsoestado.com\/evandrojunior\/2024\/05\/10\/rio-poty-tera-cafe-da-manha-e-almoco-especial-para-o-dia-das-maes\/\" \/>\n<meta property=\"og:site_name\" content=\"Evandro Junior\" \/>\n<meta property=\"article:published_time\" content=\"2024-05-10T19:55:48+00:00\" \/>\n<meta property=\"og:image\" content=\"https:\/\/www.blogsoestado.com\/evandrojunior\/files\/2024\/05\/WhatsApp-Image-2024-05-10-at-14.48.01-819x1024.jpeg\" \/>\n<meta name=\"author\" content=\"Evandro Junior\" \/>\n<meta name=\"twitter:card\" content=\"summary_large_image\" \/>\n<meta name=\"twitter:label1\" content=\"Escrito por\" \/>\n\t<meta name=\"twitter:data1\" content=\"Evandro Junior\" \/>\n\t<meta name=\"twitter:label2\" content=\"Est. tempo de leitura\" \/>\n\t<meta name=\"twitter:data2\" content=\"2 minutos\" \/>\n<script type=\"application\/ld+json\" class=\"yoast-schema-graph\">{\"@context\":\"https:\/\/schema.org\",\"@graph\":[{\"@type\":\"WebPage\",\"@id\":\"https:\/\/www.blogsoestado.com\/evandrojunior\/2024\/05\/10\/rio-poty-tera-cafe-da-manha-e-almoco-especial-para-o-dia-das-maes\/\",\"url\":\"https:\/\/www.blogsoestado.com\/evandrojunior\/2024\/05\/10\/rio-poty-tera-cafe-da-manha-e-almoco-especial-para-o-dia-das-maes\/\",\"name\":\"Rio Poty ter\u00e1 caf\u00e9 da manh\u00e3 e almo\u00e7o especial para o Dia das M\u00e3es - Evandro Junior\",\"isPartOf\":{\"@id\":\"https:\/\/www.blogsoestado.com\/evandrojunior\/#website\"},\"primaryImageOfPage\":{\"@id\":\"https:\/\/www.blogsoestado.com\/evandrojunior\/2024\/05\/10\/rio-poty-tera-cafe-da-manha-e-almoco-especial-para-o-dia-das-maes\/#primaryimage\"},\"image\":{\"@id\":\"https:\/\/www.blogsoestado.com\/evandrojunior\/2024\/05\/10\/rio-poty-tera-cafe-da-manha-e-almoco-especial-para-o-dia-das-maes\/#primaryimage\"},\"thumbnailUrl\":\"https:\/\/www.blogsoestado.com\/evandrojunior\/files\/2024\/05\/WhatsApp-Image-2024-05-10-at-14.48.01-819x1024.jpeg\",\"datePublished\":\"2024-05-10T19:55:48+00:00\",\"author\":{\"@id\":\"https:\/\/www.blogsoestado.com\/evandrojunior\/#\/schema\/person\/3e6c3d8dbb740d1c6878ebc935cfb3be\"},\"breadcrumb\":{\"@id\":\"https:\/\/www.blogsoestado.com\/evandrojunior\/2024\/05\/10\/rio-poty-tera-cafe-da-manha-e-almoco-especial-para-o-dia-das-maes\/#breadcrumb\"},\"inLanguage\":\"pt-BR\",\"potentialAction\":[{\"@type\":\"ReadAction\",\"target\":[\"https:\/\/www.blogsoestado.com\/evandrojunior\/2024\/05\/10\/rio-poty-tera-cafe-da-manha-e-almoco-especial-para-o-dia-das-maes\/\"]}]},{\"@type\":\"ImageObject\",\"inLanguage\":\"pt-BR\",\"@id\":\"https:\/\/www.blogsoestado.com\/evandrojunior\/2024\/05\/10\/rio-poty-tera-cafe-da-manha-e-almoco-especial-para-o-dia-das-maes\/#primaryimage\",\"url\":\"https:\/\/www.blogsoestado.com\/evandrojunior\/files\/2024\/05\/WhatsApp-Image-2024-05-10-at-14.48.01-819x1024.jpeg\",\"contentUrl\":\"https:\/\/www.blogsoestado.com\/evandrojunior\/files\/2024\/05\/WhatsApp-Image-2024-05-10-at-14.48.01-819x1024.jpeg\"},{\"@type\":\"BreadcrumbList\",\"@id\":\"https:\/\/www.blogsoestado.com\/evandrojunior\/2024\/05\/10\/rio-poty-tera-cafe-da-manha-e-almoco-especial-para-o-dia-das-maes\/#breadcrumb\",\"itemListElement\":[{\"@type\":\"ListItem\",\"position\":1,\"name\":\"In\u00edcio\",\"item\":\"https:\/\/www.blogsoestado.com\/evandrojunior\/\"},{\"@type\":\"ListItem\",\"position\":2,\"name\":\"Rio Poty ter\u00e1 caf\u00e9 da manh\u00e3 e almo\u00e7o especial para o Dia das M\u00e3es\"}]},{\"@type\":\"WebSite\",\"@id\":\"https:\/\/www.blogsoestado.com\/evandrojunior\/#website\",\"url\":\"https:\/\/www.blogsoestado.com\/evandrojunior\/\",\"name\":\"Evandro Junior\",\"description\":\"\",\"potentialAction\":[{\"@type\":\"SearchAction\",\"target\":{\"@type\":\"EntryPoint\",\"urlTemplate\":\"https:\/\/www.blogsoestado.com\/evandrojunior\/?s={search_term_string}\"},\"query-input\":{\"@type\":\"PropertyValueSpecification\",\"valueRequired\":true,\"valueName\":\"search_term_string\"}}],\"inLanguage\":\"pt-BR\"},{\"@type\":\"Person\",\"@id\":\"https:\/\/www.blogsoestado.com\/evandrojunior\/#\/schema\/person\/3e6c3d8dbb740d1c6878ebc935cfb3be\",\"name\":\"Evandro Junior\",\"image\":{\"@type\":\"ImageObject\",\"inLanguage\":\"pt-BR\",\"@id\":\"https:\/\/www.blogsoestado.com\/evandrojunior\/#\/schema\/person\/image\/\",\"url\":\"https:\/\/secure.gravatar.com\/avatar\/f80a03a2294a580cd2318bfb459bf354cfa8be661ef3d95b542cf9a04af8d129?s=96&d=mm&r=g\",\"contentUrl\":\"https:\/\/secure.gravatar.com\/avatar\/f80a03a2294a580cd2318bfb459bf354cfa8be661ef3d95b542cf9a04af8d129?s=96&d=mm&r=g\",\"caption\":\"Evandro Junior\"},\"url\":\"https:\/\/www.blogsoestado.com\/evandrojunior\/author\/evandrojunior\/\"}]}<\/script>\n<!-- \/ Yoast SEO plugin. -->","yoast_head_json":{"title":"Rio Poty ter\u00e1 caf\u00e9 da manh\u00e3 e almo\u00e7o especial para o Dia das M\u00e3es - Evandro Junior","robots":{"index":"index","follow":"follow","max-snippet":"max-snippet:-1","max-image-preview":"max-image-preview:large","max-video-preview":"max-video-preview:-1"},"canonical":"https:\/\/www.blogsoestado.com\/evandrojunior\/2024\/05\/10\/rio-poty-tera-cafe-da-manha-e-almoco-especial-para-o-dia-das-maes\/","og_locale":"pt_BR","og_type":"article","og_title":"Rio Poty ter\u00e1 caf\u00e9 da manh\u00e3 e almo\u00e7o especial para o Dia das M\u00e3es - Evandro Junior","og_description":"S\u00e3o Lu\u00eds &#8211; O Dia das M\u00e3es, a ser celebrado neste domingo (12), ser\u00e1 movimentado nos restaurantes no geral e, [&hellip;]","og_url":"https:\/\/www.blogsoestado.com\/evandrojunior\/2024\/05\/10\/rio-poty-tera-cafe-da-manha-e-almoco-especial-para-o-dia-das-maes\/","og_site_name":"Evandro Junior","article_published_time":"2024-05-10T19:55:48+00:00","og_image":[{"url":"https:\/\/www.blogsoestado.com\/evandrojunior\/files\/2024\/05\/WhatsApp-Image-2024-05-10-at-14.48.01-819x1024.jpeg","type":"","width":"","height":""}],"author":"Evandro Junior","twitter_card":"summary_large_image","twitter_misc":{"Escrito por":"Evandro Junior","Est. tempo de leitura":"2 minutos"},"schema":{"@context":"https:\/\/schema.org","@graph":[{"@type":"WebPage","@id":"https:\/\/www.blogsoestado.com\/evandrojunior\/2024\/05\/10\/rio-poty-tera-cafe-da-manha-e-almoco-especial-para-o-dia-das-maes\/","url":"https:\/\/www.blogsoestado.com\/evandrojunior\/2024\/05\/10\/rio-poty-tera-cafe-da-manha-e-almoco-especial-para-o-dia-das-maes\/","name":"Rio Poty ter\u00e1 caf\u00e9 da manh\u00e3 e almo\u00e7o especial para o Dia das M\u00e3es - Evandro Junior","isPartOf":{"@id":"https:\/\/www.blogsoestado.com\/evandrojunior\/#website"},"primaryImageOfPage":{"@id":"https:\/\/www.blogsoestado.com\/evandrojunior\/2024\/05\/10\/rio-poty-tera-cafe-da-manha-e-almoco-especial-para-o-dia-das-maes\/#primaryimage"},"image":{"@id":"https:\/\/www.blogsoestado.com\/evandrojunior\/2024\/05\/10\/rio-poty-tera-cafe-da-manha-e-almoco-especial-para-o-dia-das-maes\/#primaryimage"},"thumbnailUrl":"https:\/\/www.blogsoestado.com\/evandrojunior\/files\/2024\/05\/WhatsApp-Image-2024-05-10-at-14.48.01-819x1024.jpeg","datePublished":"2024-05-10T19:55:48+00:00","author":{"@id":"https:\/\/www.blogsoestado.com\/evandrojunior\/#\/schema\/person\/3e6c3d8dbb740d1c6878ebc935cfb3be"},"breadcrumb":{"@id":"https:\/\/www.blogsoestado.com\/evandrojunior\/2024\/05\/10\/rio-poty-tera-cafe-da-manha-e-almoco-especial-para-o-dia-das-maes\/#breadcrumb"},"inLanguage":"pt-BR","potentialAction":[{"@type":"ReadAction","target":["https:\/\/www.blogsoestado.com\/evandrojunior\/2024\/05\/10\/rio-poty-tera-cafe-da-manha-e-almoco-especial-para-o-dia-das-maes\/"]}]},{"@type":"ImageObject","inLanguage":"pt-BR","@id":"https:\/\/www.blogsoestado.com\/evandrojunior\/2024\/05\/10\/rio-poty-tera-cafe-da-manha-e-almoco-especial-para-o-dia-das-maes\/#primaryimage","url":"https:\/\/www.blogsoestado.com\/evandrojunior\/files\/2024\/05\/WhatsApp-Image-2024-05-10-at-14.48.01-819x1024.jpeg","contentUrl":"https:\/\/www.blogsoestado.com\/evandrojunior\/files\/2024\/05\/WhatsApp-Image-2024-05-10-at-14.48.01-819x1024.jpeg"},{"@type":"BreadcrumbList","@id":"https:\/\/www.blogsoestado.com\/evandrojunior\/2024\/05\/10\/rio-poty-tera-cafe-da-manha-e-almoco-especial-para-o-dia-das-maes\/#breadcrumb","itemListElement":[{"@type":"ListItem","position":1,"name":"In\u00edcio","item":"https:\/\/www.blogsoestado.com\/evandrojunior\/"},{"@type":"ListItem","position":2,"name":"Rio Poty ter\u00e1 caf\u00e9 da manh\u00e3 e almo\u00e7o especial para o Dia das M\u00e3es"}]},{"@type":"WebSite","@id":"https:\/\/www.blogsoestado.com\/evandrojunior\/#website","url":"https:\/\/www.blogsoestado.com\/evandrojunior\/","name":"Evandro Junior","description":"","potentialAction":[{"@type":"SearchAction","target":{"@type":"EntryPoint","urlTemplate":"https:\/\/www.blogsoestado.com\/evandrojunior\/?s={search_term_string}"},"query-input":{"@type":"PropertyValueSpecification","valueRequired":true,"valueName":"search_term_string"}}],"inLanguage":"pt-BR"},{"@type":"Person","@id":"https:\/\/www.blogsoestado.com\/evandrojunior\/#\/schema\/person\/3e6c3d8dbb740d1c6878ebc935cfb3be","name":"Evandro Junior","image":{"@type":"ImageObject","inLanguage":"pt-BR","@id":"https:\/\/www.blogsoestado.com\/evandrojunior\/#\/schema\/person\/image\/","url":"https:\/\/secure.gravatar.com\/avatar\/f80a03a2294a580cd2318bfb459bf354cfa8be661ef3d95b542cf9a04af8d129?s=96&d=mm&r=g","contentUrl":"https:\/\/secure.gravatar.com\/avatar\/f80a03a2294a580cd2318bfb459bf354cfa8be661ef3d95b542cf9a04af8d129?s=96&d=mm&r=g","caption":"Evandro Junior"},"url":"https:\/\/www.blogsoestado.com\/evandrojunior\/author\/evandrojunior\/"}]}},"jetpack_featured_media_url":"","_links":{"self":[{"href":"https:\/\/www.blogsoestado.com\/evandrojunior\/wp-json\/wp\/v2\/posts\/11775","targetHints":{"allow":["GET"]}}],"collection":[{"href":"https:\/\/www.blogsoestado.com\/evandrojunior\/wp-json\/wp\/v2\/posts"}],"about":[{"href":"https:\/\/www.blogsoestado.com\/evandrojunior\/wp-json\/wp\/v2\/types\/post"}],"author":[{"embeddable":true,"href":"https:\/\/www.blogsoestado.com\/evandrojunior\/wp-json\/wp\/v2\/users\/4"}],"replies":[{"embeddable":true,"href":"https:\/\/www.blogsoestado.com\/evandrojunior\/wp-json\/wp\/v2\/comments?post=11775"}],"version-history":[{"count":0,"href":"https:\/\/www.blogsoestado.com\/evandrojunior\/wp-json\/wp\/v2\/posts\/11775\/revisions"}],"wp:attachment":[{"href":"https:\/\/www.blogsoestado.com\/evandrojunior\/wp-json\/wp\/v2\/media?parent=11775"}],"wp:term":[{"taxonomy":"category","embeddable":true,"href":"https:\/\/www.blogsoestado.com\/evandrojunior\/wp-json\/wp\/v2\/categories?post=11775"},{"taxonomy":"post_tag","embeddable":true,"href":"https:\/\/www.blogsoestado.com\/evandrojunior\/wp-json\/wp\/v2\/tags?post=11775"}],"curies":[{"name":"wp","href":"https:\/\/api.w.org\/{rel}","templated":true}]}}