{"id":11783,"date":"2024-05-14T11:12:36","date_gmt":"2024-05-14T14:12:36","guid":{"rendered":"https:\/\/www.blogsoestado.com\/evandrojunior\/?p=11783"},"modified":"2024-05-14T11:12:36","modified_gmt":"2024-05-14T14:12:36","slug":"granorte-e-ponto-de-coleta-de-doacoes-para-o-rio-grande-do-sul","status":"publish","type":"post","link":"https:\/\/www.blogsoestado.com\/evandrojunior\/2024\/05\/14\/granorte-e-ponto-de-coleta-de-doacoes-para-o-rio-grande-do-sul\/","title":{"rendered":"Granorte \u00e9 ponto de coleta de doa\u00e7\u00f5es para o Rio Grande do Sul"},"content":{"rendered":"\n<div class=\"wp-block-image\"><figure class=\"aligncenter size-large is-resized\"><img fetchpriority=\"high\" decoding=\"async\" src=\"https:\/\/www.blogsoestado.com\/evandrojunior\/files\/2024\/05\/WhatsApp-Image-2024-05-14-at-11.10.25-576x1024.jpeg\" alt=\"\" class=\"wp-image-11790\" width=\"409\" height=\"727\"\/><\/figure><\/div>\n\n\n\n<p><strong>S\u00c3O LU\u00cdS <\/strong>&#8211; Uma corrente de solidariedade une o Brasil nas \u00faltimas semanas. Em S\u00e3o Lu\u00eds, empresas do ramo da ind\u00fastria tamb\u00e9m arrega\u00e7am as mangas para ajudar as v\u00edtimas da trag\u00e9dia no Rio Grande do Sul.<\/p>\n\n\n\n<p> A Granorte S\/A, empresa pioneira no trabalho de explora\u00e7\u00e3o, beneficiamento e comercializa\u00e7\u00e3o de material britado para constru\u00e7\u00e3o no Maranh\u00e3o, por exemplo, est\u00e1 sendo ponto de coleta de doa\u00e7\u00f5es, entre roupas, alimentos n\u00e3o perec\u00edveis, material de limpeza, sapatos, ra\u00e7\u00e3o para animais, cobertores e outras necessidades por ora de extrema import\u00e2ncia para as fam\u00edlias desabrigadas.<\/p>\n\n\n\n<p>&#8220;Todos precisam fazer a sua parte neste momento de extrema necessidade por que passam as fam\u00edlias ga\u00fachas que perderam suas casas e pertences. Todas as doa\u00e7\u00f5es ser\u00e3o encaminhada ao Rio Grande do Sul para que sejam somadas \u00e0s doa\u00e7\u00f5es de outros estados da federa\u00e7\u00e3o&#8221;, diz Pedro Salgueiro, da diretoria da Granorte. <\/p>\n\n\n\n<p>O escrit\u00f3rio da Granorte fica na Avenida Colares Moreira, 07 &#8211; Ed. Vinicius de Moraes &#8211; Calhau, salas 1106\/1107\/1111. O telefone \u00e9 (98) 3261-9000. O CEP \u00e9 65071-322. Em Bacabeira, o endere\u00e7o \u00e9 Avenida Engenheiro Emiliano Macieira &#8211; s\/n Km 43. O CEP \u00e9 65099-000<\/p>\n\n\n\n<p> <\/p>\n","protected":false},"excerpt":{"rendered":"<p>S\u00c3O LU\u00cdS &#8211; Uma corrente de solidariedade une o Brasil nas \u00faltimas semanas. Em S\u00e3o Lu\u00eds, empresas do ramo da [&hellip;]<\/p>\n","protected":false},"author":4,"featured_media":0,"comment_status":"open","ping_status":"open","sticky":false,"template":"","format":"standard","meta":{"site-sidebar-layout":"default","site-content-layout":"","ast-site-content-layout":"default","site-content-style":"default","site-sidebar-style":"default","ast-global-header-display":"","ast-banner-title-visibility":"","ast-main-header-display":"","ast-hfb-above-header-display":"","ast-hfb-below-header-display":"","ast-hfb-mobile-header-display":"","site-post-title":"","ast-breadcrumbs-content":"","ast-featured-img":"","footer-sml-layout":"","ast-disable-related-posts":"","theme-transparent-header-meta":"","adv-header-id-meta":"","stick-header-meta":"","header-above-stick-meta":"","header-main-stick-meta":"","header-below-stick-meta":"","astra-migrate-meta-layouts":"default","ast-page-background-enabled":"default","ast-page-background-meta":{"desktop":{"background-color":"var(--ast-global-color-5)","background-image":"","background-repeat":"repeat","background-position":"center center","background-size":"auto","background-attachment":"scroll","background-type":"","background-media":"","overlay-type":"","overlay-color":"","overlay-opacity":"","overlay-gradient":""},"tablet":{"background-color":"","background-image":"","background-repeat":"repeat","background-position":"center center","background-size":"auto","background-attachment":"scroll","background-type":"","background-media":"","overlay-type":"","overlay-color":"","overlay-opacity":"","overlay-gradient":""},"mobile":{"background-color":"","background-image":"","background-repeat":"repeat","background-position":"center center","background-size":"auto","background-attachment":"scroll","background-type":"","background-media":"","overlay-type":"","overlay-color":"","overlay-opacity":"","overlay-gradient":""}},"ast-content-background-meta":{"desktop":{"background-color":"var(--ast-global-color-4)","background-image":"","background-repeat":"repeat","background-position":"center center","background-size":"auto","background-attachment":"scroll","background-type":"","background-media":"","overlay-type":"","overlay-color":"","overlay-opacity":"","overlay-gradient":""},"tablet":{"background-color":"var(--ast-global-color-4)","background-image":"","background-repeat":"repeat","background-position":"center center","background-size":"auto","background-attachment":"scroll","background-type":"","background-media":"","overlay-type":"","overlay-color":"","overlay-opacity":"","overlay-gradient":""},"mobile":{"background-color":"var(--ast-global-color-4)","background-image":"","background-repeat":"repeat","background-position":"center center","background-size":"auto","background-attachment":"scroll","background-type":"","background-media":"","overlay-type":"","overlay-color":"","overlay-opacity":"","overlay-gradient":""}},"footnotes":""},"categories":[1],"tags":[],"class_list":["post-11783","post","type-post","status-publish","format-standard","hentry","category-sem-categoria"],"yoast_head":"<!-- This site is optimized with the Yoast SEO plugin v26.6 - https:\/\/yoast.com\/wordpress\/plugins\/seo\/ -->\n<title>Granorte \u00e9 ponto de coleta de doa\u00e7\u00f5es para o Rio Grande do Sul - Evandro Junior<\/title>\n<meta name=\"robots\" content=\"index, follow, max-snippet:-1, max-image-preview:large, max-video-preview:-1\" \/>\n<link rel=\"canonical\" href=\"https:\/\/www.blogsoestado.com\/evandrojunior\/2024\/05\/14\/granorte-e-ponto-de-coleta-de-doacoes-para-o-rio-grande-do-sul\/\" \/>\n<meta property=\"og:locale\" content=\"pt_BR\" \/>\n<meta property=\"og:type\" content=\"article\" \/>\n<meta property=\"og:title\" content=\"Granorte \u00e9 ponto de coleta de doa\u00e7\u00f5es para o Rio Grande do Sul - Evandro Junior\" \/>\n<meta property=\"og:description\" content=\"S\u00c3O LU\u00cdS &#8211; Uma corrente de solidariedade une o Brasil nas \u00faltimas semanas. Em S\u00e3o Lu\u00eds, empresas do ramo da [&hellip;]\" \/>\n<meta property=\"og:url\" content=\"https:\/\/www.blogsoestado.com\/evandrojunior\/2024\/05\/14\/granorte-e-ponto-de-coleta-de-doacoes-para-o-rio-grande-do-sul\/\" \/>\n<meta property=\"og:site_name\" content=\"Evandro Junior\" \/>\n<meta property=\"article:published_time\" content=\"2024-05-14T14:12:36+00:00\" \/>\n<meta property=\"og:image\" content=\"https:\/\/www.blogsoestado.com\/evandrojunior\/files\/2024\/05\/WhatsApp-Image-2024-05-14-at-11.10.25-576x1024.jpeg\" \/>\n<meta name=\"author\" content=\"Evandro Junior\" \/>\n<meta name=\"twitter:card\" content=\"summary_large_image\" \/>\n<meta name=\"twitter:label1\" content=\"Escrito por\" \/>\n\t<meta name=\"twitter:data1\" content=\"Evandro Junior\" \/>\n\t<meta name=\"twitter:label2\" content=\"Est. tempo de leitura\" \/>\n\t<meta name=\"twitter:data2\" content=\"1 minuto\" \/>\n<script type=\"application\/ld+json\" class=\"yoast-schema-graph\">{\"@context\":\"https:\/\/schema.org\",\"@graph\":[{\"@type\":\"WebPage\",\"@id\":\"https:\/\/www.blogsoestado.com\/evandrojunior\/2024\/05\/14\/granorte-e-ponto-de-coleta-de-doacoes-para-o-rio-grande-do-sul\/\",\"url\":\"https:\/\/www.blogsoestado.com\/evandrojunior\/2024\/05\/14\/granorte-e-ponto-de-coleta-de-doacoes-para-o-rio-grande-do-sul\/\",\"name\":\"Granorte \u00e9 ponto de coleta de doa\u00e7\u00f5es para o Rio Grande do Sul - Evandro Junior\",\"isPartOf\":{\"@id\":\"https:\/\/www.blogsoestado.com\/evandrojunior\/#website\"},\"primaryImageOfPage\":{\"@id\":\"https:\/\/www.blogsoestado.com\/evandrojunior\/2024\/05\/14\/granorte-e-ponto-de-coleta-de-doacoes-para-o-rio-grande-do-sul\/#primaryimage\"},\"image\":{\"@id\":\"https:\/\/www.blogsoestado.com\/evandrojunior\/2024\/05\/14\/granorte-e-ponto-de-coleta-de-doacoes-para-o-rio-grande-do-sul\/#primaryimage\"},\"thumbnailUrl\":\"https:\/\/www.blogsoestado.com\/evandrojunior\/files\/2024\/05\/WhatsApp-Image-2024-05-14-at-11.10.25-576x1024.jpeg\",\"datePublished\":\"2024-05-14T14:12:36+00:00\",\"author\":{\"@id\":\"https:\/\/www.blogsoestado.com\/evandrojunior\/#\/schema\/person\/3e6c3d8dbb740d1c6878ebc935cfb3be\"},\"breadcrumb\":{\"@id\":\"https:\/\/www.blogsoestado.com\/evandrojunior\/2024\/05\/14\/granorte-e-ponto-de-coleta-de-doacoes-para-o-rio-grande-do-sul\/#breadcrumb\"},\"inLanguage\":\"pt-BR\",\"potentialAction\":[{\"@type\":\"ReadAction\",\"target\":[\"https:\/\/www.blogsoestado.com\/evandrojunior\/2024\/05\/14\/granorte-e-ponto-de-coleta-de-doacoes-para-o-rio-grande-do-sul\/\"]}]},{\"@type\":\"ImageObject\",\"inLanguage\":\"pt-BR\",\"@id\":\"https:\/\/www.blogsoestado.com\/evandrojunior\/2024\/05\/14\/granorte-e-ponto-de-coleta-de-doacoes-para-o-rio-grande-do-sul\/#primaryimage\",\"url\":\"https:\/\/www.blogsoestado.com\/evandrojunior\/files\/2024\/05\/WhatsApp-Image-2024-05-14-at-11.10.25-576x1024.jpeg\",\"contentUrl\":\"https:\/\/www.blogsoestado.com\/evandrojunior\/files\/2024\/05\/WhatsApp-Image-2024-05-14-at-11.10.25-576x1024.jpeg\"},{\"@type\":\"BreadcrumbList\",\"@id\":\"https:\/\/www.blogsoestado.com\/evandrojunior\/2024\/05\/14\/granorte-e-ponto-de-coleta-de-doacoes-para-o-rio-grande-do-sul\/#breadcrumb\",\"itemListElement\":[{\"@type\":\"ListItem\",\"position\":1,\"name\":\"In\u00edcio\",\"item\":\"https:\/\/www.blogsoestado.com\/evandrojunior\/\"},{\"@type\":\"ListItem\",\"position\":2,\"name\":\"Granorte \u00e9 ponto de coleta de doa\u00e7\u00f5es para o Rio Grande do Sul\"}]},{\"@type\":\"WebSite\",\"@id\":\"https:\/\/www.blogsoestado.com\/evandrojunior\/#website\",\"url\":\"https:\/\/www.blogsoestado.com\/evandrojunior\/\",\"name\":\"Evandro Junior\",\"description\":\"\",\"potentialAction\":[{\"@type\":\"SearchAction\",\"target\":{\"@type\":\"EntryPoint\",\"urlTemplate\":\"https:\/\/www.blogsoestado.com\/evandrojunior\/?s={search_term_string}\"},\"query-input\":{\"@type\":\"PropertyValueSpecification\",\"valueRequired\":true,\"valueName\":\"search_term_string\"}}],\"inLanguage\":\"pt-BR\"},{\"@type\":\"Person\",\"@id\":\"https:\/\/www.blogsoestado.com\/evandrojunior\/#\/schema\/person\/3e6c3d8dbb740d1c6878ebc935cfb3be\",\"name\":\"Evandro Junior\",\"image\":{\"@type\":\"ImageObject\",\"inLanguage\":\"pt-BR\",\"@id\":\"https:\/\/www.blogsoestado.com\/evandrojunior\/#\/schema\/person\/image\/\",\"url\":\"https:\/\/secure.gravatar.com\/avatar\/f80a03a2294a580cd2318bfb459bf354cfa8be661ef3d95b542cf9a04af8d129?s=96&d=mm&r=g\",\"contentUrl\":\"https:\/\/secure.gravatar.com\/avatar\/f80a03a2294a580cd2318bfb459bf354cfa8be661ef3d95b542cf9a04af8d129?s=96&d=mm&r=g\",\"caption\":\"Evandro Junior\"},\"url\":\"https:\/\/www.blogsoestado.com\/evandrojunior\/author\/evandrojunior\/\"}]}<\/script>\n<!-- \/ Yoast SEO plugin. -->","yoast_head_json":{"title":"Granorte \u00e9 ponto de coleta de doa\u00e7\u00f5es para o Rio Grande do Sul - Evandro Junior","robots":{"index":"index","follow":"follow","max-snippet":"max-snippet:-1","max-image-preview":"max-image-preview:large","max-video-preview":"max-video-preview:-1"},"canonical":"https:\/\/www.blogsoestado.com\/evandrojunior\/2024\/05\/14\/granorte-e-ponto-de-coleta-de-doacoes-para-o-rio-grande-do-sul\/","og_locale":"pt_BR","og_type":"article","og_title":"Granorte \u00e9 ponto de coleta de doa\u00e7\u00f5es para o Rio Grande do Sul - Evandro Junior","og_description":"S\u00c3O LU\u00cdS &#8211; Uma corrente de solidariedade une o Brasil nas \u00faltimas semanas. Em S\u00e3o Lu\u00eds, empresas do ramo da [&hellip;]","og_url":"https:\/\/www.blogsoestado.com\/evandrojunior\/2024\/05\/14\/granorte-e-ponto-de-coleta-de-doacoes-para-o-rio-grande-do-sul\/","og_site_name":"Evandro Junior","article_published_time":"2024-05-14T14:12:36+00:00","og_image":[{"url":"https:\/\/www.blogsoestado.com\/evandrojunior\/files\/2024\/05\/WhatsApp-Image-2024-05-14-at-11.10.25-576x1024.jpeg","type":"","width":"","height":""}],"author":"Evandro Junior","twitter_card":"summary_large_image","twitter_misc":{"Escrito por":"Evandro Junior","Est. tempo de leitura":"1 minuto"},"schema":{"@context":"https:\/\/schema.org","@graph":[{"@type":"WebPage","@id":"https:\/\/www.blogsoestado.com\/evandrojunior\/2024\/05\/14\/granorte-e-ponto-de-coleta-de-doacoes-para-o-rio-grande-do-sul\/","url":"https:\/\/www.blogsoestado.com\/evandrojunior\/2024\/05\/14\/granorte-e-ponto-de-coleta-de-doacoes-para-o-rio-grande-do-sul\/","name":"Granorte \u00e9 ponto de coleta de doa\u00e7\u00f5es para o Rio Grande do Sul - Evandro Junior","isPartOf":{"@id":"https:\/\/www.blogsoestado.com\/evandrojunior\/#website"},"primaryImageOfPage":{"@id":"https:\/\/www.blogsoestado.com\/evandrojunior\/2024\/05\/14\/granorte-e-ponto-de-coleta-de-doacoes-para-o-rio-grande-do-sul\/#primaryimage"},"image":{"@id":"https:\/\/www.blogsoestado.com\/evandrojunior\/2024\/05\/14\/granorte-e-ponto-de-coleta-de-doacoes-para-o-rio-grande-do-sul\/#primaryimage"},"thumbnailUrl":"https:\/\/www.blogsoestado.com\/evandrojunior\/files\/2024\/05\/WhatsApp-Image-2024-05-14-at-11.10.25-576x1024.jpeg","datePublished":"2024-05-14T14:12:36+00:00","author":{"@id":"https:\/\/www.blogsoestado.com\/evandrojunior\/#\/schema\/person\/3e6c3d8dbb740d1c6878ebc935cfb3be"},"breadcrumb":{"@id":"https:\/\/www.blogsoestado.com\/evandrojunior\/2024\/05\/14\/granorte-e-ponto-de-coleta-de-doacoes-para-o-rio-grande-do-sul\/#breadcrumb"},"inLanguage":"pt-BR","potentialAction":[{"@type":"ReadAction","target":["https:\/\/www.blogsoestado.com\/evandrojunior\/2024\/05\/14\/granorte-e-ponto-de-coleta-de-doacoes-para-o-rio-grande-do-sul\/"]}]},{"@type":"ImageObject","inLanguage":"pt-BR","@id":"https:\/\/www.blogsoestado.com\/evandrojunior\/2024\/05\/14\/granorte-e-ponto-de-coleta-de-doacoes-para-o-rio-grande-do-sul\/#primaryimage","url":"https:\/\/www.blogsoestado.com\/evandrojunior\/files\/2024\/05\/WhatsApp-Image-2024-05-14-at-11.10.25-576x1024.jpeg","contentUrl":"https:\/\/www.blogsoestado.com\/evandrojunior\/files\/2024\/05\/WhatsApp-Image-2024-05-14-at-11.10.25-576x1024.jpeg"},{"@type":"BreadcrumbList","@id":"https:\/\/www.blogsoestado.com\/evandrojunior\/2024\/05\/14\/granorte-e-ponto-de-coleta-de-doacoes-para-o-rio-grande-do-sul\/#breadcrumb","itemListElement":[{"@type":"ListItem","position":1,"name":"In\u00edcio","item":"https:\/\/www.blogsoestado.com\/evandrojunior\/"},{"@type":"ListItem","position":2,"name":"Granorte \u00e9 ponto de coleta de doa\u00e7\u00f5es para o Rio Grande do Sul"}]},{"@type":"WebSite","@id":"https:\/\/www.blogsoestado.com\/evandrojunior\/#website","url":"https:\/\/www.blogsoestado.com\/evandrojunior\/","name":"Evandro Junior","description":"","potentialAction":[{"@type":"SearchAction","target":{"@type":"EntryPoint","urlTemplate":"https:\/\/www.blogsoestado.com\/evandrojunior\/?s={search_term_string}"},"query-input":{"@type":"PropertyValueSpecification","valueRequired":true,"valueName":"search_term_string"}}],"inLanguage":"pt-BR"},{"@type":"Person","@id":"https:\/\/www.blogsoestado.com\/evandrojunior\/#\/schema\/person\/3e6c3d8dbb740d1c6878ebc935cfb3be","name":"Evandro Junior","image":{"@type":"ImageObject","inLanguage":"pt-BR","@id":"https:\/\/www.blogsoestado.com\/evandrojunior\/#\/schema\/person\/image\/","url":"https:\/\/secure.gravatar.com\/avatar\/f80a03a2294a580cd2318bfb459bf354cfa8be661ef3d95b542cf9a04af8d129?s=96&d=mm&r=g","contentUrl":"https:\/\/secure.gravatar.com\/avatar\/f80a03a2294a580cd2318bfb459bf354cfa8be661ef3d95b542cf9a04af8d129?s=96&d=mm&r=g","caption":"Evandro Junior"},"url":"https:\/\/www.blogsoestado.com\/evandrojunior\/author\/evandrojunior\/"}]}},"jetpack_featured_media_url":"","_links":{"self":[{"href":"https:\/\/www.blogsoestado.com\/evandrojunior\/wp-json\/wp\/v2\/posts\/11783","targetHints":{"allow":["GET"]}}],"collection":[{"href":"https:\/\/www.blogsoestado.com\/evandrojunior\/wp-json\/wp\/v2\/posts"}],"about":[{"href":"https:\/\/www.blogsoestado.com\/evandrojunior\/wp-json\/wp\/v2\/types\/post"}],"author":[{"embeddable":true,"href":"https:\/\/www.blogsoestado.com\/evandrojunior\/wp-json\/wp\/v2\/users\/4"}],"replies":[{"embeddable":true,"href":"https:\/\/www.blogsoestado.com\/evandrojunior\/wp-json\/wp\/v2\/comments?post=11783"}],"version-history":[{"count":0,"href":"https:\/\/www.blogsoestado.com\/evandrojunior\/wp-json\/wp\/v2\/posts\/11783\/revisions"}],"wp:attachment":[{"href":"https:\/\/www.blogsoestado.com\/evandrojunior\/wp-json\/wp\/v2\/media?parent=11783"}],"wp:term":[{"taxonomy":"category","embeddable":true,"href":"https:\/\/www.blogsoestado.com\/evandrojunior\/wp-json\/wp\/v2\/categories?post=11783"},{"taxonomy":"post_tag","embeddable":true,"href":"https:\/\/www.blogsoestado.com\/evandrojunior\/wp-json\/wp\/v2\/tags?post=11783"}],"curies":[{"name":"wp","href":"https:\/\/api.w.org\/{rel}","templated":true}]}}