{"id":11785,"date":"2024-05-14T10:08:28","date_gmt":"2024-05-14T13:08:28","guid":{"rendered":"https:\/\/www.blogsoestado.com\/evandrojunior\/?p=11785"},"modified":"2024-05-14T10:08:28","modified_gmt":"2024-05-14T13:08:28","slug":"set-prorroga-prazo-para-troca-de-cartoes-de-passagem","status":"publish","type":"post","link":"https:\/\/www.blogsoestado.com\/evandrojunior\/2024\/05\/14\/set-prorroga-prazo-para-troca-de-cartoes-de-passagem\/","title":{"rendered":"SET prorroga prazo para troca de cart\u00f5es de passagem"},"content":{"rendered":"\n<div class=\"wp-block-image\"><figure class=\"aligncenter size-large is-resized\"><img fetchpriority=\"high\" decoding=\"async\" src=\"https:\/\/www.blogsoestado.com\/evandrojunior\/files\/2024\/05\/WhatsApp-Image-2024-05-14-at-08.59.16.jpeg\" alt=\"\" class=\"wp-image-11786\" width=\"525\" height=\"394\"\/><figcaption><strong>SET prorroga prazo de troca dos cart\u00f5es de transporte do novo sistema de bilhetagem<\/strong><\/figcaption><\/figure><\/div>\n\n\n\n<p>Para garantir tranquilidade e comodidade aos usu\u00e1rios do transporte p\u00fablico de S\u00e3o Lu\u00eds e Regi\u00e3o Metropolitana, o Sindicato das Empresas de Transporte de Passageiros de S\u00e3o Lu\u00eds (SET) prorrogou para o dia 22 de maio o prazo para troca dos cart\u00f5es de transporte do novo sistema de Bilhetagem Eletr\u00f4nica. Anteriormente, o prazo era 15 de maio.<\/p>\n\n\n\n<p>De acordo com o diretor executivo do SET, Paulo Pires, a prorroga\u00e7\u00e3o do prazo visa deixar a popula\u00e7\u00e3o mais tranquila, j\u00e1 que muitos ainda n\u00e3o tinham ido buscar seus cart\u00f5es, apesar do amplo prazo dado pelo Sindicato, e, com o fim do prazo se aproximando, muitos usu\u00e1rios ficaram preocupados. <\/p>\n\n\n\n<p>\u201cNosso intuito \u00e9 fazer a transi\u00e7\u00e3o do sistema de forma mais tranquila poss\u00edvel. Ent\u00e3o, para que n\u00e3o haja corrida aos postos de atendimento, decidimos prorrogar para o dia 22 deste m\u00eas o prazo para troca dos cart\u00f5es. Assim, os usu\u00e1rios ter\u00e3o mais tempo para receber seus novos cart\u00f5es com calma e comodidade\u201d, justifica o diretor.<\/p>\n\n\n\n<p>Os novos cart\u00f5es n\u00e3o custam nada para os usu\u00e1rios e quem tem cr\u00e9dito no anterior, o repasse para o novo \u00e9 autom\u00e1tico. Os cart\u00f5es ser\u00e3o utilizados para pagamento de meia passagem, vale transporte pessoa f\u00edsica, passe f\u00e1cil e gratuidades.<\/p>\n\n\n\n<p>A entrega dos novos cart\u00f5es est\u00e1 sendo feita na central de Atendimento do SET do Parque Bom Menino (exclusiva para o atendimento de pessoas com defici\u00eancia) e nos Terminais de Integra\u00e7\u00e3o da Praia Grande, Cohama, S\u00e3o Crist\u00f3v\u00e3o e Cohab e na Central do Estudante (Apeadouro).<\/p>\n\n\n\n<p>Paulo Pires destaca que a implanta\u00e7\u00e3o da nova Bilhetagem Eletr\u00f4nica vem sendo feita gradativamente e com orienta\u00e7\u00f5es aos usu\u00e1rios para que, a cada etapa, eles se adaptem e o sistema funcione plenamente. \u201cA informa\u00e7\u00e3o e orienta\u00e7\u00e3o dos usu\u00e1rios t\u00eam sido pr\u00e1ticas importantes para que ele n\u00e3o tenha dificuldades com o novo sistema, pelo contr\u00e1rio, s\u00f3 sentir\u00e1 os benef\u00edcios, que s\u00e3o significativos para todo o sistema de transporte p\u00fablico. Nosso objetivo \u00e9 melhorar cada vez mais a presta\u00e7\u00e3o de servi\u00e7os \u00e0 popula\u00e7\u00e3o\u201d, afirma Paulo Pires.<\/p>\n\n\n\n<p>E para que a entrega dos cart\u00f5es de transporte transcorra de forma r\u00e1pida e organizada, o SET adotou medidas que t\u00eam contribu\u00eddo para que tudo ocorra de forma tranquila. <\/p>\n\n\n\n<p>\u201cPara facilitar o acesso aos usu\u00e1rios, descentralizamos a entrega dos cart\u00f5es, criando postos nos Terminais de Integra\u00e7\u00e3o e ampliamos o funcionamento para dois s\u00e1bados do Posto de Atendimento do Terminal da Praia Grande para que idosos e pessoas com defici\u00eancias recebam seus cart\u00f5es com tranquilidade. Estamos com equipes treinadas para o atendimento \u00e1gil e seguro aos usu\u00e1rios nos postos de atendimento, portanto, n\u00e3o \u00e9 necess\u00e1rio correria, pois estamos facilitando, ao m\u00e1ximo, a entrega dos novos cart\u00f5es, pois n\u00e3o queremos causar nenhum preju\u00edzo aos usu\u00e1rios\u201d, informa a coordenadora de Gratuidades do SET, Porf\u00edria Silva.<\/p>\n\n\n\n<p>O novo sistema de Bilhetagem Eletr\u00f4nica garantir\u00e1 mais agilidade, seguran\u00e7a e comodidade aos usu\u00e1rios do transporte p\u00fablico de S\u00e3o Lu\u00eds e Regi\u00e3o Metropolitana. Entre os benef\u00edcios est\u00e3o a forma mais r\u00e1pida e c\u00f4moda de recarga, que poder\u00e1 ser feita at\u00e9 via pix; n\u00e3o haver\u00e1 mais dinheiro circulando nos \u00f4nibus, o que deve contribuir para a redu\u00e7\u00e3o da a\u00e7\u00e3o de assaltantes; utiliza\u00e7\u00e3o de um sistema inovador, que traz agilidade no momento do pagamento da passagens, al\u00e9m de outros.<\/p>\n\n\n\n<p><strong>Locais de troca dos novos cart\u00f5es de transporte<\/strong><\/p>\n\n\n\n<ul class=\"wp-block-list\"><li>Central de Atendimento do SET do Parque Bom Menino<\/li><li>Terminais de Integra\u00e7\u00e3o da Praia Grande, Cohama, S\u00e3o Crist\u00f3v\u00e3o e Cohab &#8211; Central do Estudante (Apeadouro)<\/li><\/ul>\n\n\n\n<p><strong>Canais do SET para informa\u00e7\u00f5es<br><\/strong>Central whatsApp: (98) 98819-5482<br>Instagram: setsaoluisma<\/p>\n","protected":false},"excerpt":{"rendered":"<p>Para garantir tranquilidade e comodidade aos usu\u00e1rios do transporte p\u00fablico de S\u00e3o Lu\u00eds e Regi\u00e3o Metropolitana, o Sindicato das Empresas [&hellip;]<\/p>\n","protected":false},"author":4,"featured_media":0,"comment_status":"open","ping_status":"open","sticky":false,"template":"","format":"standard","meta":{"site-sidebar-layout":"default","site-content-layout":"","ast-site-content-layout":"default","site-content-style":"default","site-sidebar-style":"default","ast-global-header-display":"","ast-banner-title-visibility":"","ast-main-header-display":"","ast-hfb-above-header-display":"","ast-hfb-below-header-display":"","ast-hfb-mobile-header-display":"","site-post-title":"","ast-breadcrumbs-content":"","ast-featured-img":"","footer-sml-layout":"","ast-disable-related-posts":"","theme-transparent-header-meta":"","adv-header-id-meta":"","stick-header-meta":"","header-above-stick-meta":"","header-main-stick-meta":"","header-below-stick-meta":"","astra-migrate-meta-layouts":"default","ast-page-background-enabled":"default","ast-page-background-meta":{"desktop":{"background-color":"var(--ast-global-color-5)","background-image":"","background-repeat":"repeat","background-position":"center center","background-size":"auto","background-attachment":"scroll","background-type":"","background-media":"","overlay-type":"","overlay-color":"","overlay-opacity":"","overlay-gradient":""},"tablet":{"background-color":"","background-image":"","background-repeat":"repeat","background-position":"center center","background-size":"auto","background-attachment":"scroll","background-type":"","background-media":"","overlay-type":"","overlay-color":"","overlay-opacity":"","overlay-gradient":""},"mobile":{"background-color":"","background-image":"","background-repeat":"repeat","background-position":"center center","background-size":"auto","background-attachment":"scroll","background-type":"","background-media":"","overlay-type":"","overlay-color":"","overlay-opacity":"","overlay-gradient":""}},"ast-content-background-meta":{"desktop":{"background-color":"var(--ast-global-color-4)","background-image":"","background-repeat":"repeat","background-position":"center center","background-size":"auto","background-attachment":"scroll","background-type":"","background-media":"","overlay-type":"","overlay-color":"","overlay-opacity":"","overlay-gradient":""},"tablet":{"background-color":"var(--ast-global-color-4)","background-image":"","background-repeat":"repeat","background-position":"center center","background-size":"auto","background-attachment":"scroll","background-type":"","background-media":"","overlay-type":"","overlay-color":"","overlay-opacity":"","overlay-gradient":""},"mobile":{"background-color":"var(--ast-global-color-4)","background-image":"","background-repeat":"repeat","background-position":"center center","background-size":"auto","background-attachment":"scroll","background-type":"","background-media":"","overlay-type":"","overlay-color":"","overlay-opacity":"","overlay-gradient":""}},"footnotes":""},"categories":[1],"tags":[],"class_list":["post-11785","post","type-post","status-publish","format-standard","hentry","category-sem-categoria"],"yoast_head":"<!-- This site is optimized with the Yoast SEO plugin v26.6 - https:\/\/yoast.com\/wordpress\/plugins\/seo\/ -->\n<title>SET prorroga prazo para troca de cart\u00f5es de passagem - Evandro Junior<\/title>\n<meta name=\"robots\" content=\"index, follow, max-snippet:-1, max-image-preview:large, max-video-preview:-1\" \/>\n<link rel=\"canonical\" href=\"https:\/\/www.blogsoestado.com\/evandrojunior\/2024\/05\/14\/set-prorroga-prazo-para-troca-de-cartoes-de-passagem\/\" \/>\n<meta property=\"og:locale\" content=\"pt_BR\" \/>\n<meta property=\"og:type\" content=\"article\" \/>\n<meta property=\"og:title\" content=\"SET prorroga prazo para troca de cart\u00f5es de passagem - Evandro Junior\" \/>\n<meta property=\"og:description\" content=\"Para garantir tranquilidade e comodidade aos usu\u00e1rios do transporte p\u00fablico de S\u00e3o Lu\u00eds e Regi\u00e3o Metropolitana, o Sindicato das Empresas [&hellip;]\" \/>\n<meta property=\"og:url\" content=\"https:\/\/www.blogsoestado.com\/evandrojunior\/2024\/05\/14\/set-prorroga-prazo-para-troca-de-cartoes-de-passagem\/\" \/>\n<meta property=\"og:site_name\" content=\"Evandro Junior\" \/>\n<meta property=\"article:published_time\" content=\"2024-05-14T13:08:28+00:00\" \/>\n<meta property=\"og:image\" content=\"https:\/\/www.blogsoestado.com\/evandrojunior\/files\/2024\/05\/WhatsApp-Image-2024-05-14-at-08.59.16.jpeg\" \/>\n<meta name=\"author\" content=\"Evandro Junior\" \/>\n<meta name=\"twitter:card\" content=\"summary_large_image\" \/>\n<meta name=\"twitter:label1\" content=\"Escrito por\" \/>\n\t<meta name=\"twitter:data1\" content=\"Evandro Junior\" \/>\n\t<meta name=\"twitter:label2\" content=\"Est. tempo de leitura\" \/>\n\t<meta name=\"twitter:data2\" content=\"3 minutos\" \/>\n<script type=\"application\/ld+json\" class=\"yoast-schema-graph\">{\"@context\":\"https:\/\/schema.org\",\"@graph\":[{\"@type\":\"WebPage\",\"@id\":\"https:\/\/www.blogsoestado.com\/evandrojunior\/2024\/05\/14\/set-prorroga-prazo-para-troca-de-cartoes-de-passagem\/\",\"url\":\"https:\/\/www.blogsoestado.com\/evandrojunior\/2024\/05\/14\/set-prorroga-prazo-para-troca-de-cartoes-de-passagem\/\",\"name\":\"SET prorroga prazo para troca de cart\u00f5es de passagem - Evandro Junior\",\"isPartOf\":{\"@id\":\"https:\/\/www.blogsoestado.com\/evandrojunior\/#website\"},\"primaryImageOfPage\":{\"@id\":\"https:\/\/www.blogsoestado.com\/evandrojunior\/2024\/05\/14\/set-prorroga-prazo-para-troca-de-cartoes-de-passagem\/#primaryimage\"},\"image\":{\"@id\":\"https:\/\/www.blogsoestado.com\/evandrojunior\/2024\/05\/14\/set-prorroga-prazo-para-troca-de-cartoes-de-passagem\/#primaryimage\"},\"thumbnailUrl\":\"https:\/\/www.blogsoestado.com\/evandrojunior\/files\/2024\/05\/WhatsApp-Image-2024-05-14-at-08.59.16.jpeg\",\"datePublished\":\"2024-05-14T13:08:28+00:00\",\"author\":{\"@id\":\"https:\/\/www.blogsoestado.com\/evandrojunior\/#\/schema\/person\/3e6c3d8dbb740d1c6878ebc935cfb3be\"},\"breadcrumb\":{\"@id\":\"https:\/\/www.blogsoestado.com\/evandrojunior\/2024\/05\/14\/set-prorroga-prazo-para-troca-de-cartoes-de-passagem\/#breadcrumb\"},\"inLanguage\":\"pt-BR\",\"potentialAction\":[{\"@type\":\"ReadAction\",\"target\":[\"https:\/\/www.blogsoestado.com\/evandrojunior\/2024\/05\/14\/set-prorroga-prazo-para-troca-de-cartoes-de-passagem\/\"]}]},{\"@type\":\"ImageObject\",\"inLanguage\":\"pt-BR\",\"@id\":\"https:\/\/www.blogsoestado.com\/evandrojunior\/2024\/05\/14\/set-prorroga-prazo-para-troca-de-cartoes-de-passagem\/#primaryimage\",\"url\":\"https:\/\/www.blogsoestado.com\/evandrojunior\/files\/2024\/05\/WhatsApp-Image-2024-05-14-at-08.59.16.jpeg\",\"contentUrl\":\"https:\/\/www.blogsoestado.com\/evandrojunior\/files\/2024\/05\/WhatsApp-Image-2024-05-14-at-08.59.16.jpeg\"},{\"@type\":\"BreadcrumbList\",\"@id\":\"https:\/\/www.blogsoestado.com\/evandrojunior\/2024\/05\/14\/set-prorroga-prazo-para-troca-de-cartoes-de-passagem\/#breadcrumb\",\"itemListElement\":[{\"@type\":\"ListItem\",\"position\":1,\"name\":\"In\u00edcio\",\"item\":\"https:\/\/www.blogsoestado.com\/evandrojunior\/\"},{\"@type\":\"ListItem\",\"position\":2,\"name\":\"SET prorroga prazo para troca de cart\u00f5es de passagem\"}]},{\"@type\":\"WebSite\",\"@id\":\"https:\/\/www.blogsoestado.com\/evandrojunior\/#website\",\"url\":\"https:\/\/www.blogsoestado.com\/evandrojunior\/\",\"name\":\"Evandro Junior\",\"description\":\"\",\"potentialAction\":[{\"@type\":\"SearchAction\",\"target\":{\"@type\":\"EntryPoint\",\"urlTemplate\":\"https:\/\/www.blogsoestado.com\/evandrojunior\/?s={search_term_string}\"},\"query-input\":{\"@type\":\"PropertyValueSpecification\",\"valueRequired\":true,\"valueName\":\"search_term_string\"}}],\"inLanguage\":\"pt-BR\"},{\"@type\":\"Person\",\"@id\":\"https:\/\/www.blogsoestado.com\/evandrojunior\/#\/schema\/person\/3e6c3d8dbb740d1c6878ebc935cfb3be\",\"name\":\"Evandro Junior\",\"image\":{\"@type\":\"ImageObject\",\"inLanguage\":\"pt-BR\",\"@id\":\"https:\/\/www.blogsoestado.com\/evandrojunior\/#\/schema\/person\/image\/\",\"url\":\"https:\/\/secure.gravatar.com\/avatar\/f80a03a2294a580cd2318bfb459bf354cfa8be661ef3d95b542cf9a04af8d129?s=96&d=mm&r=g\",\"contentUrl\":\"https:\/\/secure.gravatar.com\/avatar\/f80a03a2294a580cd2318bfb459bf354cfa8be661ef3d95b542cf9a04af8d129?s=96&d=mm&r=g\",\"caption\":\"Evandro Junior\"},\"url\":\"https:\/\/www.blogsoestado.com\/evandrojunior\/author\/evandrojunior\/\"}]}<\/script>\n<!-- \/ Yoast SEO plugin. -->","yoast_head_json":{"title":"SET prorroga prazo para troca de cart\u00f5es de passagem - Evandro Junior","robots":{"index":"index","follow":"follow","max-snippet":"max-snippet:-1","max-image-preview":"max-image-preview:large","max-video-preview":"max-video-preview:-1"},"canonical":"https:\/\/www.blogsoestado.com\/evandrojunior\/2024\/05\/14\/set-prorroga-prazo-para-troca-de-cartoes-de-passagem\/","og_locale":"pt_BR","og_type":"article","og_title":"SET prorroga prazo para troca de cart\u00f5es de passagem - Evandro Junior","og_description":"Para garantir tranquilidade e comodidade aos usu\u00e1rios do transporte p\u00fablico de S\u00e3o Lu\u00eds e Regi\u00e3o Metropolitana, o Sindicato das Empresas [&hellip;]","og_url":"https:\/\/www.blogsoestado.com\/evandrojunior\/2024\/05\/14\/set-prorroga-prazo-para-troca-de-cartoes-de-passagem\/","og_site_name":"Evandro Junior","article_published_time":"2024-05-14T13:08:28+00:00","og_image":[{"url":"https:\/\/www.blogsoestado.com\/evandrojunior\/files\/2024\/05\/WhatsApp-Image-2024-05-14-at-08.59.16.jpeg","type":"","width":"","height":""}],"author":"Evandro Junior","twitter_card":"summary_large_image","twitter_misc":{"Escrito por":"Evandro Junior","Est. tempo de leitura":"3 minutos"},"schema":{"@context":"https:\/\/schema.org","@graph":[{"@type":"WebPage","@id":"https:\/\/www.blogsoestado.com\/evandrojunior\/2024\/05\/14\/set-prorroga-prazo-para-troca-de-cartoes-de-passagem\/","url":"https:\/\/www.blogsoestado.com\/evandrojunior\/2024\/05\/14\/set-prorroga-prazo-para-troca-de-cartoes-de-passagem\/","name":"SET prorroga prazo para troca de cart\u00f5es de passagem - Evandro Junior","isPartOf":{"@id":"https:\/\/www.blogsoestado.com\/evandrojunior\/#website"},"primaryImageOfPage":{"@id":"https:\/\/www.blogsoestado.com\/evandrojunior\/2024\/05\/14\/set-prorroga-prazo-para-troca-de-cartoes-de-passagem\/#primaryimage"},"image":{"@id":"https:\/\/www.blogsoestado.com\/evandrojunior\/2024\/05\/14\/set-prorroga-prazo-para-troca-de-cartoes-de-passagem\/#primaryimage"},"thumbnailUrl":"https:\/\/www.blogsoestado.com\/evandrojunior\/files\/2024\/05\/WhatsApp-Image-2024-05-14-at-08.59.16.jpeg","datePublished":"2024-05-14T13:08:28+00:00","author":{"@id":"https:\/\/www.blogsoestado.com\/evandrojunior\/#\/schema\/person\/3e6c3d8dbb740d1c6878ebc935cfb3be"},"breadcrumb":{"@id":"https:\/\/www.blogsoestado.com\/evandrojunior\/2024\/05\/14\/set-prorroga-prazo-para-troca-de-cartoes-de-passagem\/#breadcrumb"},"inLanguage":"pt-BR","potentialAction":[{"@type":"ReadAction","target":["https:\/\/www.blogsoestado.com\/evandrojunior\/2024\/05\/14\/set-prorroga-prazo-para-troca-de-cartoes-de-passagem\/"]}]},{"@type":"ImageObject","inLanguage":"pt-BR","@id":"https:\/\/www.blogsoestado.com\/evandrojunior\/2024\/05\/14\/set-prorroga-prazo-para-troca-de-cartoes-de-passagem\/#primaryimage","url":"https:\/\/www.blogsoestado.com\/evandrojunior\/files\/2024\/05\/WhatsApp-Image-2024-05-14-at-08.59.16.jpeg","contentUrl":"https:\/\/www.blogsoestado.com\/evandrojunior\/files\/2024\/05\/WhatsApp-Image-2024-05-14-at-08.59.16.jpeg"},{"@type":"BreadcrumbList","@id":"https:\/\/www.blogsoestado.com\/evandrojunior\/2024\/05\/14\/set-prorroga-prazo-para-troca-de-cartoes-de-passagem\/#breadcrumb","itemListElement":[{"@type":"ListItem","position":1,"name":"In\u00edcio","item":"https:\/\/www.blogsoestado.com\/evandrojunior\/"},{"@type":"ListItem","position":2,"name":"SET prorroga prazo para troca de cart\u00f5es de passagem"}]},{"@type":"WebSite","@id":"https:\/\/www.blogsoestado.com\/evandrojunior\/#website","url":"https:\/\/www.blogsoestado.com\/evandrojunior\/","name":"Evandro Junior","description":"","potentialAction":[{"@type":"SearchAction","target":{"@type":"EntryPoint","urlTemplate":"https:\/\/www.blogsoestado.com\/evandrojunior\/?s={search_term_string}"},"query-input":{"@type":"PropertyValueSpecification","valueRequired":true,"valueName":"search_term_string"}}],"inLanguage":"pt-BR"},{"@type":"Person","@id":"https:\/\/www.blogsoestado.com\/evandrojunior\/#\/schema\/person\/3e6c3d8dbb740d1c6878ebc935cfb3be","name":"Evandro Junior","image":{"@type":"ImageObject","inLanguage":"pt-BR","@id":"https:\/\/www.blogsoestado.com\/evandrojunior\/#\/schema\/person\/image\/","url":"https:\/\/secure.gravatar.com\/avatar\/f80a03a2294a580cd2318bfb459bf354cfa8be661ef3d95b542cf9a04af8d129?s=96&d=mm&r=g","contentUrl":"https:\/\/secure.gravatar.com\/avatar\/f80a03a2294a580cd2318bfb459bf354cfa8be661ef3d95b542cf9a04af8d129?s=96&d=mm&r=g","caption":"Evandro Junior"},"url":"https:\/\/www.blogsoestado.com\/evandrojunior\/author\/evandrojunior\/"}]}},"jetpack_featured_media_url":"","_links":{"self":[{"href":"https:\/\/www.blogsoestado.com\/evandrojunior\/wp-json\/wp\/v2\/posts\/11785","targetHints":{"allow":["GET"]}}],"collection":[{"href":"https:\/\/www.blogsoestado.com\/evandrojunior\/wp-json\/wp\/v2\/posts"}],"about":[{"href":"https:\/\/www.blogsoestado.com\/evandrojunior\/wp-json\/wp\/v2\/types\/post"}],"author":[{"embeddable":true,"href":"https:\/\/www.blogsoestado.com\/evandrojunior\/wp-json\/wp\/v2\/users\/4"}],"replies":[{"embeddable":true,"href":"https:\/\/www.blogsoestado.com\/evandrojunior\/wp-json\/wp\/v2\/comments?post=11785"}],"version-history":[{"count":0,"href":"https:\/\/www.blogsoestado.com\/evandrojunior\/wp-json\/wp\/v2\/posts\/11785\/revisions"}],"wp:attachment":[{"href":"https:\/\/www.blogsoestado.com\/evandrojunior\/wp-json\/wp\/v2\/media?parent=11785"}],"wp:term":[{"taxonomy":"category","embeddable":true,"href":"https:\/\/www.blogsoestado.com\/evandrojunior\/wp-json\/wp\/v2\/categories?post=11785"},{"taxonomy":"post_tag","embeddable":true,"href":"https:\/\/www.blogsoestado.com\/evandrojunior\/wp-json\/wp\/v2\/tags?post=11785"}],"curies":[{"name":"wp","href":"https:\/\/api.w.org\/{rel}","templated":true}]}}