{"id":11933,"date":"2024-06-03T11:57:37","date_gmt":"2024-06-03T14:57:37","guid":{"rendered":"https:\/\/www.blogsoestado.com\/evandrojunior\/?p=11933"},"modified":"2024-06-03T11:57:37","modified_gmt":"2024-06-03T14:57:37","slug":"ilha-festival-promete-agitar-sao-luis-com-atracoes-nacionais-e-locais","status":"publish","type":"post","link":"https:\/\/www.blogsoestado.com\/evandrojunior\/2024\/06\/03\/ilha-festival-promete-agitar-sao-luis-com-atracoes-nacionais-e-locais\/","title":{"rendered":"Ilha Festival promete agitar S\u00e3o Lu\u00eds com atra\u00e7\u00f5es nacionais e locais"},"content":{"rendered":"\n<div class=\"wp-block-image\"><figure class=\"aligncenter size-large is-resized\"><img decoding=\"async\" src=\"https:\/\/www.blogsoestado.com\/evandrojunior\/files\/2024\/06\/Maneva-e-uma-das-atracoes-confirmadas-para-o-ILHA-Festival.jpg\" alt=\"\" class=\"wp-image-11934\" width=\"-204\" height=\"-306\"\/><figcaption><strong>Banda Maneva \u00e9 uma das atra\u00e7\u00f5es do evento <\/strong><\/figcaption><\/figure><\/div>\n\n\n\n<p><strong>S\u00c3O LU\u00cdS<\/strong>\u00a0\u2013 A\u00a0DUX Produ\u00e7\u00f5es, uma das maiores empresas de entretenimento do Maranh\u00e3o, em parceira com o Shopping da Ilha, promove, em setembro de 2024, o\u00a0Ilha Festival, que promete ser considerado o maior festival da diversidade musical brasileira no Maranh\u00e3o (rock, pop, reggae), reunindo no mesmo espa\u00e7o boa m\u00fasica, comida e bebida para todos os p\u00fablicos.<\/p>\n\n\n\n<p>O evento\u00a0contar\u00e1 com uma megaestrutura, com palco cenogr\u00e1fico para celebrar grandes artistas, al\u00e9m de um ambiente incr\u00edvel para o p\u00fablico aproveitar o m\u00e1ximo dessa experi\u00eancia, em um projeto assinado pela\u00a0DUX Produ\u00e7\u00f5es,\u00a0que ir\u00e1 transformar o Espa\u00e7o Reserva do Shopping da Ilha numa verdadeira arena de shows alternativos, numa experi\u00eancia nunca vista. Os ingressos j\u00e1 est\u00e3o dispon\u00edveis desde o dia 31 de maio no instagram da DUX Produ\u00e7\u00f5es e no site da Bilheteria Digital.<\/p>\n\n\n\n<p><strong>Line-up<\/strong><\/p>\n\n\n\n<p>O Ilha Festival\u00a0acontece nos dias 13 e 14 de setembro e j\u00e1 est\u00e3o confirmadas no line-up cinco bandas e artistas que marcaram uma gera\u00e7\u00e3o:\u00a0<strong>M<\/strong>arcelo Falc\u00e3o, a inconfund\u00edvel voz d\u00b4O Rappa, uma das bandas mais lend\u00e1rias do Brasil e que conquistou uma legi\u00e3o de f\u00e3s;<strong>\u00a0<\/strong>Samuel Rosa,<strong>\u00a0<\/strong>compositor e voz do Skank, banda da qual o cantor fez parte desde o in\u00edcio e agora lan\u00e7a uma turn\u00ea solo com os cl\u00e1ssicos e grandes lan\u00e7amentos;\u00a0LS Jack<strong>,<\/strong>\u00a0que retorna aos palcos com a turn\u00ea especial, trazendo um repert\u00f3rio nost\u00e1lgico e marcante;\u00a0Maneva, um dos movimentos mais expressivos da m\u00fasica brasileira nos \u00faltimos anos, TOP 200 do Spotify, indicado ao Grammy e com mais de um bilh\u00e3o de\u00a0<em>streams<\/em>. <\/p>\n\n\n\n<p>A banda preparou um repert\u00f3rio vibrante para um show hist\u00f3rico na ilha do reggae e\u00a0Charlie Brown Jr 30 A anos com<strong> <\/strong>Marc\u00e3o Britto &amp; Thiago Castanho,\u00a0voltando aos palcos juntos para tocar os grandes sucessos da banda. Uma verdadeira viagem ao tempo, onde os f\u00e3s de todas as gera\u00e7\u00f5es ter\u00e3o a oportunidade de curtir, ao vivo, as m\u00fasicas que se tornaram trilha sonora de muitos momentos em suas vidas.<\/p>\n\n\n\n<p>Os shows contar\u00e3o ainda com participa\u00e7\u00f5es de bandas locais, representando a diversidade cultural e art\u00edstica do festival: Banda <strong>\u201c<\/strong>Os Tropix\u201d\u00a0com participa\u00e7\u00e3o especial de \u201cBar\u00e9 de Casco\u201d, \u201cPutaBend\u201d\u00a0com participa\u00e7\u00e3o especial do \u201cMestre Josias Sobrinho\u201d,\u00a0al\u00e9m da banda\u00a0\u201cRaiz Tribal\u201d.<\/p>\n\n\n\n<p>As cantoras\u00a0\u201cRegiane Ara\u00fajo\u201d e \u201cN\u00fabia\u201d\u00a0tamb\u00e9m fazem parte da programa\u00e7\u00e3o do\u00a0<strong>I<\/strong>lha Festival\u00a0\u00a0e trar\u00e3o shows da representatividade da voz feminina maranhense.<\/p>\n\n\n\n<p>\u201cO Ilha Festival ter\u00e1 ainda um incr\u00edvel parque de divers\u00f5es numa \u00e1rea radical para a galera apreciar em fam\u00edlia e com os amigos. Vamos embarcar nessa aventura?\u00a0O evento busca integrar diferentes manifesta\u00e7\u00f5es art\u00edsticas, promovendo a cultura e o entretenimento em um ambiente \u00fanico. Durante o festival, os visitantes poder\u00e3o desfrutar de uma variedade de atividades que v\u00e3o al\u00e9m dos shows musicais. Queremos propor para o nosso p\u00fablico uma experi\u00eancia e n\u00e3o apenas um show!. O Festival Ilha 2024 busca criar mem\u00f3rias inesquec\u00edveis e promover uma experi\u00eancia enriquecedora para todos os presentes\u201d, destaca Fernando Teixeira, da DUX Produ\u00e7\u00f5es, que ressalta que os ingressos s\u00e3o limitados.\u00a0<\/p>\n\n\n\n<p>Al\u00e9m de shows inesquec\u00edveis, o&nbsp;<strong>ILHA FESTIVAL<\/strong>&nbsp;vai oferecer dois formatos de experi\u00eancias ao p\u00fablico:<\/p>\n\n\n\n<p>\u00b7\u00a0\u00a0<strong>FRONTSTAGE<\/strong>: O cora\u00e7\u00e3o do festival, onde tudo acontece. Aberta ao p\u00fablico em geral, fica bem perto do palco, com acesso frontal e ambienta\u00e7\u00e3o de bares, \u00e1rea de alimenta\u00e7\u00e3o, banheiros e toda \u00e1rea radical do parque de divers\u00f5es.<\/p>\n\n\n\n<p>\u00b7\u00a0<strong>CAMAROTE<\/strong>: Setor em frente ao palco, com muita energia positiva e um espa\u00e7o premium com capacidade reduzida de p\u00fablico, acessos diferenciados, bares exclusivos, drinks, melhor variedade de food, park e banheiros. Contar\u00e1 ainda com um lounge de descanso, com vis\u00e3o lateral, mesas bistr\u00f4s, espa\u00e7os para retocar maquiagem, decora\u00e7\u00e3o diferenciada e acesso livre \u00e0s demais \u00e1reas, caso deseje circular por todo festival.<\/p>\n","protected":false},"excerpt":{"rendered":"<p>S\u00c3O LU\u00cdS\u00a0\u2013 A\u00a0DUX Produ\u00e7\u00f5es, uma das maiores empresas de entretenimento do Maranh\u00e3o, em parceira com o Shopping da Ilha, promove, [&hellip;]<\/p>\n","protected":false},"author":4,"featured_media":0,"comment_status":"open","ping_status":"open","sticky":false,"template":"","format":"standard","meta":{"site-sidebar-layout":"default","site-content-layout":"","ast-site-content-layout":"default","site-content-style":"default","site-sidebar-style":"default","ast-global-header-display":"","ast-banner-title-visibility":"","ast-main-header-display":"","ast-hfb-above-header-display":"","ast-hfb-below-header-display":"","ast-hfb-mobile-header-display":"","site-post-title":"","ast-breadcrumbs-content":"","ast-featured-img":"","footer-sml-layout":"","ast-disable-related-posts":"","theme-transparent-header-meta":"","adv-header-id-meta":"","stick-header-meta":"","header-above-stick-meta":"","header-main-stick-meta":"","header-below-stick-meta":"","astra-migrate-meta-layouts":"default","ast-page-background-enabled":"default","ast-page-background-meta":{"desktop":{"background-color":"var(--ast-global-color-5)","background-image":"","background-repeat":"repeat","background-position":"center center","background-size":"auto","background-attachment":"scroll","background-type":"","background-media":"","overlay-type":"","overlay-color":"","overlay-opacity":"","overlay-gradient":""},"tablet":{"background-color":"","background-image":"","background-repeat":"repeat","background-position":"center center","background-size":"auto","background-attachment":"scroll","background-type":"","background-media":"","overlay-type":"","overlay-color":"","overlay-opacity":"","overlay-gradient":""},"mobile":{"background-color":"","background-image":"","background-repeat":"repeat","background-position":"center center","background-size":"auto","background-attachment":"scroll","background-type":"","background-media":"","overlay-type":"","overlay-color":"","overlay-opacity":"","overlay-gradient":""}},"ast-content-background-meta":{"desktop":{"background-color":"var(--ast-global-color-4)","background-image":"","background-repeat":"repeat","background-position":"center center","background-size":"auto","background-attachment":"scroll","background-type":"","background-media":"","overlay-type":"","overlay-color":"","overlay-opacity":"","overlay-gradient":""},"tablet":{"background-color":"var(--ast-global-color-4)","background-image":"","background-repeat":"repeat","background-position":"center center","background-size":"auto","background-attachment":"scroll","background-type":"","background-media":"","overlay-type":"","overlay-color":"","overlay-opacity":"","overlay-gradient":""},"mobile":{"background-color":"var(--ast-global-color-4)","background-image":"","background-repeat":"repeat","background-position":"center center","background-size":"auto","background-attachment":"scroll","background-type":"","background-media":"","overlay-type":"","overlay-color":"","overlay-opacity":"","overlay-gradient":""}},"footnotes":""},"categories":[1],"tags":[],"class_list":["post-11933","post","type-post","status-publish","format-standard","hentry","category-sem-categoria"],"yoast_head":"<!-- This site is optimized with the Yoast SEO plugin v26.6 - https:\/\/yoast.com\/wordpress\/plugins\/seo\/ -->\n<title>Ilha Festival promete agitar S\u00e3o Lu\u00eds com atra\u00e7\u00f5es nacionais e locais - Evandro Junior<\/title>\n<meta name=\"robots\" content=\"index, follow, max-snippet:-1, max-image-preview:large, max-video-preview:-1\" \/>\n<link rel=\"canonical\" href=\"https:\/\/www.blogsoestado.com\/evandrojunior\/2024\/06\/03\/ilha-festival-promete-agitar-sao-luis-com-atracoes-nacionais-e-locais\/\" \/>\n<meta property=\"og:locale\" content=\"pt_BR\" \/>\n<meta property=\"og:type\" content=\"article\" \/>\n<meta property=\"og:title\" content=\"Ilha Festival promete agitar S\u00e3o Lu\u00eds com atra\u00e7\u00f5es nacionais e locais - Evandro Junior\" \/>\n<meta property=\"og:description\" content=\"S\u00c3O LU\u00cdS\u00a0\u2013 A\u00a0DUX Produ\u00e7\u00f5es, uma das maiores empresas de entretenimento do Maranh\u00e3o, em parceira com o Shopping da Ilha, promove, [&hellip;]\" \/>\n<meta property=\"og:url\" content=\"https:\/\/www.blogsoestado.com\/evandrojunior\/2024\/06\/03\/ilha-festival-promete-agitar-sao-luis-com-atracoes-nacionais-e-locais\/\" \/>\n<meta property=\"og:site_name\" content=\"Evandro Junior\" \/>\n<meta property=\"article:published_time\" content=\"2024-06-03T14:57:37+00:00\" \/>\n<meta property=\"og:image\" content=\"https:\/\/www.blogsoestado.com\/evandrojunior\/files\/2024\/06\/Maneva-e-uma-das-atracoes-confirmadas-para-o-ILHA-Festival.jpg\" \/>\n<meta name=\"author\" content=\"Evandro Junior\" \/>\n<meta name=\"twitter:card\" content=\"summary_large_image\" \/>\n<meta name=\"twitter:label1\" content=\"Escrito por\" \/>\n\t<meta name=\"twitter:data1\" content=\"Evandro Junior\" \/>\n\t<meta name=\"twitter:label2\" content=\"Est. tempo de leitura\" \/>\n\t<meta name=\"twitter:data2\" content=\"3 minutos\" \/>\n<script type=\"application\/ld+json\" class=\"yoast-schema-graph\">{\"@context\":\"https:\/\/schema.org\",\"@graph\":[{\"@type\":\"WebPage\",\"@id\":\"https:\/\/www.blogsoestado.com\/evandrojunior\/2024\/06\/03\/ilha-festival-promete-agitar-sao-luis-com-atracoes-nacionais-e-locais\/\",\"url\":\"https:\/\/www.blogsoestado.com\/evandrojunior\/2024\/06\/03\/ilha-festival-promete-agitar-sao-luis-com-atracoes-nacionais-e-locais\/\",\"name\":\"Ilha Festival promete agitar S\u00e3o Lu\u00eds com atra\u00e7\u00f5es nacionais e locais - Evandro Junior\",\"isPartOf\":{\"@id\":\"https:\/\/www.blogsoestado.com\/evandrojunior\/#website\"},\"primaryImageOfPage\":{\"@id\":\"https:\/\/www.blogsoestado.com\/evandrojunior\/2024\/06\/03\/ilha-festival-promete-agitar-sao-luis-com-atracoes-nacionais-e-locais\/#primaryimage\"},\"image\":{\"@id\":\"https:\/\/www.blogsoestado.com\/evandrojunior\/2024\/06\/03\/ilha-festival-promete-agitar-sao-luis-com-atracoes-nacionais-e-locais\/#primaryimage\"},\"thumbnailUrl\":\"https:\/\/www.blogsoestado.com\/evandrojunior\/files\/2024\/06\/Maneva-e-uma-das-atracoes-confirmadas-para-o-ILHA-Festival.jpg\",\"datePublished\":\"2024-06-03T14:57:37+00:00\",\"author\":{\"@id\":\"https:\/\/www.blogsoestado.com\/evandrojunior\/#\/schema\/person\/3e6c3d8dbb740d1c6878ebc935cfb3be\"},\"breadcrumb\":{\"@id\":\"https:\/\/www.blogsoestado.com\/evandrojunior\/2024\/06\/03\/ilha-festival-promete-agitar-sao-luis-com-atracoes-nacionais-e-locais\/#breadcrumb\"},\"inLanguage\":\"pt-BR\",\"potentialAction\":[{\"@type\":\"ReadAction\",\"target\":[\"https:\/\/www.blogsoestado.com\/evandrojunior\/2024\/06\/03\/ilha-festival-promete-agitar-sao-luis-com-atracoes-nacionais-e-locais\/\"]}]},{\"@type\":\"ImageObject\",\"inLanguage\":\"pt-BR\",\"@id\":\"https:\/\/www.blogsoestado.com\/evandrojunior\/2024\/06\/03\/ilha-festival-promete-agitar-sao-luis-com-atracoes-nacionais-e-locais\/#primaryimage\",\"url\":\"https:\/\/www.blogsoestado.com\/evandrojunior\/files\/2024\/06\/Maneva-e-uma-das-atracoes-confirmadas-para-o-ILHA-Festival.jpg\",\"contentUrl\":\"https:\/\/www.blogsoestado.com\/evandrojunior\/files\/2024\/06\/Maneva-e-uma-das-atracoes-confirmadas-para-o-ILHA-Festival.jpg\"},{\"@type\":\"BreadcrumbList\",\"@id\":\"https:\/\/www.blogsoestado.com\/evandrojunior\/2024\/06\/03\/ilha-festival-promete-agitar-sao-luis-com-atracoes-nacionais-e-locais\/#breadcrumb\",\"itemListElement\":[{\"@type\":\"ListItem\",\"position\":1,\"name\":\"In\u00edcio\",\"item\":\"https:\/\/www.blogsoestado.com\/evandrojunior\/\"},{\"@type\":\"ListItem\",\"position\":2,\"name\":\"Ilha Festival promete agitar S\u00e3o Lu\u00eds com atra\u00e7\u00f5es nacionais e locais\"}]},{\"@type\":\"WebSite\",\"@id\":\"https:\/\/www.blogsoestado.com\/evandrojunior\/#website\",\"url\":\"https:\/\/www.blogsoestado.com\/evandrojunior\/\",\"name\":\"Evandro Junior\",\"description\":\"\",\"potentialAction\":[{\"@type\":\"SearchAction\",\"target\":{\"@type\":\"EntryPoint\",\"urlTemplate\":\"https:\/\/www.blogsoestado.com\/evandrojunior\/?s={search_term_string}\"},\"query-input\":{\"@type\":\"PropertyValueSpecification\",\"valueRequired\":true,\"valueName\":\"search_term_string\"}}],\"inLanguage\":\"pt-BR\"},{\"@type\":\"Person\",\"@id\":\"https:\/\/www.blogsoestado.com\/evandrojunior\/#\/schema\/person\/3e6c3d8dbb740d1c6878ebc935cfb3be\",\"name\":\"Evandro Junior\",\"image\":{\"@type\":\"ImageObject\",\"inLanguage\":\"pt-BR\",\"@id\":\"https:\/\/www.blogsoestado.com\/evandrojunior\/#\/schema\/person\/image\/\",\"url\":\"https:\/\/secure.gravatar.com\/avatar\/f80a03a2294a580cd2318bfb459bf354cfa8be661ef3d95b542cf9a04af8d129?s=96&d=mm&r=g\",\"contentUrl\":\"https:\/\/secure.gravatar.com\/avatar\/f80a03a2294a580cd2318bfb459bf354cfa8be661ef3d95b542cf9a04af8d129?s=96&d=mm&r=g\",\"caption\":\"Evandro Junior\"},\"url\":\"https:\/\/www.blogsoestado.com\/evandrojunior\/author\/evandrojunior\/\"}]}<\/script>\n<!-- \/ Yoast SEO plugin. -->","yoast_head_json":{"title":"Ilha Festival promete agitar S\u00e3o Lu\u00eds com atra\u00e7\u00f5es nacionais e locais - Evandro Junior","robots":{"index":"index","follow":"follow","max-snippet":"max-snippet:-1","max-image-preview":"max-image-preview:large","max-video-preview":"max-video-preview:-1"},"canonical":"https:\/\/www.blogsoestado.com\/evandrojunior\/2024\/06\/03\/ilha-festival-promete-agitar-sao-luis-com-atracoes-nacionais-e-locais\/","og_locale":"pt_BR","og_type":"article","og_title":"Ilha Festival promete agitar S\u00e3o Lu\u00eds com atra\u00e7\u00f5es nacionais e locais - Evandro Junior","og_description":"S\u00c3O LU\u00cdS\u00a0\u2013 A\u00a0DUX Produ\u00e7\u00f5es, uma das maiores empresas de entretenimento do Maranh\u00e3o, em parceira com o Shopping da Ilha, promove, [&hellip;]","og_url":"https:\/\/www.blogsoestado.com\/evandrojunior\/2024\/06\/03\/ilha-festival-promete-agitar-sao-luis-com-atracoes-nacionais-e-locais\/","og_site_name":"Evandro Junior","article_published_time":"2024-06-03T14:57:37+00:00","og_image":[{"url":"https:\/\/www.blogsoestado.com\/evandrojunior\/files\/2024\/06\/Maneva-e-uma-das-atracoes-confirmadas-para-o-ILHA-Festival.jpg","type":"","width":"","height":""}],"author":"Evandro Junior","twitter_card":"summary_large_image","twitter_misc":{"Escrito por":"Evandro Junior","Est. tempo de leitura":"3 minutos"},"schema":{"@context":"https:\/\/schema.org","@graph":[{"@type":"WebPage","@id":"https:\/\/www.blogsoestado.com\/evandrojunior\/2024\/06\/03\/ilha-festival-promete-agitar-sao-luis-com-atracoes-nacionais-e-locais\/","url":"https:\/\/www.blogsoestado.com\/evandrojunior\/2024\/06\/03\/ilha-festival-promete-agitar-sao-luis-com-atracoes-nacionais-e-locais\/","name":"Ilha Festival promete agitar S\u00e3o Lu\u00eds com atra\u00e7\u00f5es nacionais e locais - Evandro Junior","isPartOf":{"@id":"https:\/\/www.blogsoestado.com\/evandrojunior\/#website"},"primaryImageOfPage":{"@id":"https:\/\/www.blogsoestado.com\/evandrojunior\/2024\/06\/03\/ilha-festival-promete-agitar-sao-luis-com-atracoes-nacionais-e-locais\/#primaryimage"},"image":{"@id":"https:\/\/www.blogsoestado.com\/evandrojunior\/2024\/06\/03\/ilha-festival-promete-agitar-sao-luis-com-atracoes-nacionais-e-locais\/#primaryimage"},"thumbnailUrl":"https:\/\/www.blogsoestado.com\/evandrojunior\/files\/2024\/06\/Maneva-e-uma-das-atracoes-confirmadas-para-o-ILHA-Festival.jpg","datePublished":"2024-06-03T14:57:37+00:00","author":{"@id":"https:\/\/www.blogsoestado.com\/evandrojunior\/#\/schema\/person\/3e6c3d8dbb740d1c6878ebc935cfb3be"},"breadcrumb":{"@id":"https:\/\/www.blogsoestado.com\/evandrojunior\/2024\/06\/03\/ilha-festival-promete-agitar-sao-luis-com-atracoes-nacionais-e-locais\/#breadcrumb"},"inLanguage":"pt-BR","potentialAction":[{"@type":"ReadAction","target":["https:\/\/www.blogsoestado.com\/evandrojunior\/2024\/06\/03\/ilha-festival-promete-agitar-sao-luis-com-atracoes-nacionais-e-locais\/"]}]},{"@type":"ImageObject","inLanguage":"pt-BR","@id":"https:\/\/www.blogsoestado.com\/evandrojunior\/2024\/06\/03\/ilha-festival-promete-agitar-sao-luis-com-atracoes-nacionais-e-locais\/#primaryimage","url":"https:\/\/www.blogsoestado.com\/evandrojunior\/files\/2024\/06\/Maneva-e-uma-das-atracoes-confirmadas-para-o-ILHA-Festival.jpg","contentUrl":"https:\/\/www.blogsoestado.com\/evandrojunior\/files\/2024\/06\/Maneva-e-uma-das-atracoes-confirmadas-para-o-ILHA-Festival.jpg"},{"@type":"BreadcrumbList","@id":"https:\/\/www.blogsoestado.com\/evandrojunior\/2024\/06\/03\/ilha-festival-promete-agitar-sao-luis-com-atracoes-nacionais-e-locais\/#breadcrumb","itemListElement":[{"@type":"ListItem","position":1,"name":"In\u00edcio","item":"https:\/\/www.blogsoestado.com\/evandrojunior\/"},{"@type":"ListItem","position":2,"name":"Ilha Festival promete agitar S\u00e3o Lu\u00eds com atra\u00e7\u00f5es nacionais e locais"}]},{"@type":"WebSite","@id":"https:\/\/www.blogsoestado.com\/evandrojunior\/#website","url":"https:\/\/www.blogsoestado.com\/evandrojunior\/","name":"Evandro Junior","description":"","potentialAction":[{"@type":"SearchAction","target":{"@type":"EntryPoint","urlTemplate":"https:\/\/www.blogsoestado.com\/evandrojunior\/?s={search_term_string}"},"query-input":{"@type":"PropertyValueSpecification","valueRequired":true,"valueName":"search_term_string"}}],"inLanguage":"pt-BR"},{"@type":"Person","@id":"https:\/\/www.blogsoestado.com\/evandrojunior\/#\/schema\/person\/3e6c3d8dbb740d1c6878ebc935cfb3be","name":"Evandro Junior","image":{"@type":"ImageObject","inLanguage":"pt-BR","@id":"https:\/\/www.blogsoestado.com\/evandrojunior\/#\/schema\/person\/image\/","url":"https:\/\/secure.gravatar.com\/avatar\/f80a03a2294a580cd2318bfb459bf354cfa8be661ef3d95b542cf9a04af8d129?s=96&d=mm&r=g","contentUrl":"https:\/\/secure.gravatar.com\/avatar\/f80a03a2294a580cd2318bfb459bf354cfa8be661ef3d95b542cf9a04af8d129?s=96&d=mm&r=g","caption":"Evandro Junior"},"url":"https:\/\/www.blogsoestado.com\/evandrojunior\/author\/evandrojunior\/"}]}},"jetpack_featured_media_url":"","_links":{"self":[{"href":"https:\/\/www.blogsoestado.com\/evandrojunior\/wp-json\/wp\/v2\/posts\/11933","targetHints":{"allow":["GET"]}}],"collection":[{"href":"https:\/\/www.blogsoestado.com\/evandrojunior\/wp-json\/wp\/v2\/posts"}],"about":[{"href":"https:\/\/www.blogsoestado.com\/evandrojunior\/wp-json\/wp\/v2\/types\/post"}],"author":[{"embeddable":true,"href":"https:\/\/www.blogsoestado.com\/evandrojunior\/wp-json\/wp\/v2\/users\/4"}],"replies":[{"embeddable":true,"href":"https:\/\/www.blogsoestado.com\/evandrojunior\/wp-json\/wp\/v2\/comments?post=11933"}],"version-history":[{"count":0,"href":"https:\/\/www.blogsoestado.com\/evandrojunior\/wp-json\/wp\/v2\/posts\/11933\/revisions"}],"wp:attachment":[{"href":"https:\/\/www.blogsoestado.com\/evandrojunior\/wp-json\/wp\/v2\/media?parent=11933"}],"wp:term":[{"taxonomy":"category","embeddable":true,"href":"https:\/\/www.blogsoestado.com\/evandrojunior\/wp-json\/wp\/v2\/categories?post=11933"},{"taxonomy":"post_tag","embeddable":true,"href":"https:\/\/www.blogsoestado.com\/evandrojunior\/wp-json\/wp\/v2\/tags?post=11933"}],"curies":[{"name":"wp","href":"https:\/\/api.w.org\/{rel}","templated":true}]}}