{"id":11988,"date":"2024-06-11T08:46:33","date_gmt":"2024-06-11T11:46:33","guid":{"rendered":"https:\/\/www.blogsoestado.com\/evandrojunior\/?p=11988"},"modified":"2024-06-11T08:46:33","modified_gmt":"2024-06-11T11:46:33","slug":"osmar-filho-traz-eric-land-para-o-sao-joao-na-praca","status":"publish","type":"post","link":"https:\/\/www.blogsoestado.com\/evandrojunior\/2024\/06\/11\/osmar-filho-traz-eric-land-para-o-sao-joao-na-praca\/","title":{"rendered":"Deputado Osmar Filho traz Eric Land para o &#8220;S\u00e3o Jo\u00e3o na Pra\u00e7a&#8221;"},"content":{"rendered":"\n<div class=\"wp-block-image\"><figure class=\"aligncenter size-large is-resized\"><img fetchpriority=\"high\" decoding=\"async\" src=\"https:\/\/www.blogsoestado.com\/evandrojunior\/files\/2024\/06\/WhatsApp-Image-2024-06-11-at-08.43.36.jpeg\" alt=\"\" class=\"wp-image-11989\" width=\"562\" height=\"422\"\/><figcaption><strong>Cantor Eric Land vai se apresentar hoje (11) na Pra\u00e7a Frei Ant\u00f4nio Sinibaldi, na Avenida Ferreira Gullar<\/strong><\/figcaption><\/figure><\/div>\n\n\n\n<p><strong>S\u00c3O LU\u00cdS<\/strong> &#8211; O deputado estadual Osmar Filho (PDT) promove, nesta ter\u00e7a-feira (11), no bairro S\u00e3o Francisco, mais uma edi\u00e7\u00e3o do \u201cS\u00e3o Jo\u00e3o na Pra\u00e7a\u201d, arraial junino com muitas atra\u00e7\u00f5es culturais e shows. O evento \u00e9 aberto ao p\u00fablico e come\u00e7a \u00e0s 17h, na Pra\u00e7a Frei Ant\u00f4nio Sinibaldi, na Avenida Ferreira Gullar.<\/p>\n\n\n\n<p>\u201cA festa j\u00e1 se consolidou como uma tradi\u00e7\u00e3o neste per\u00edodo de festejos juninos. Al\u00e9m de proporcionar momentos de lazer para a comunidade, o evento impulsiona a economia local\u201d, declarou o pedetista.<\/p>\n\n\n\n<p>Tendo como principal atra\u00e7\u00e3o o cearense Eric Land, a programa\u00e7\u00e3o ainda valoriza a cultura local com apresenta\u00e7\u00f5es j\u00e1 confirmadas de Bruno Shinoda, Boi de Nina Rodrigues, Boi de Maracan\u00e3, DJ Almeida e o grupo de quadrilha junina Nova Esperan\u00e7a. <\/p>\n\n\n\n<p>Este ano, \u201cS\u00e3o Jo\u00e3o na Pra\u00e7a\u201d conta com as parcerias do Governo do Maranh\u00e3o, por meio da Secretaria de Estado da Cultura (Secma), e do Instituto Maranhense de Aten\u00e7\u00e3o e Prote\u00e7\u00e3o Social (IMAPS), al\u00e9m do Senac, Fecom\u00e9rcio e Sesc.<\/p>\n","protected":false},"excerpt":{"rendered":"<p>S\u00c3O LU\u00cdS &#8211; O deputado estadual Osmar Filho (PDT) promove, nesta ter\u00e7a-feira (11), no bairro S\u00e3o Francisco, mais uma edi\u00e7\u00e3o [&hellip;]<\/p>\n","protected":false},"author":4,"featured_media":0,"comment_status":"open","ping_status":"open","sticky":false,"template":"","format":"standard","meta":{"site-sidebar-layout":"default","site-content-layout":"","ast-site-content-layout":"default","site-content-style":"default","site-sidebar-style":"default","ast-global-header-display":"","ast-banner-title-visibility":"","ast-main-header-display":"","ast-hfb-above-header-display":"","ast-hfb-below-header-display":"","ast-hfb-mobile-header-display":"","site-post-title":"","ast-breadcrumbs-content":"","ast-featured-img":"","footer-sml-layout":"","ast-disable-related-posts":"","theme-transparent-header-meta":"","adv-header-id-meta":"","stick-header-meta":"","header-above-stick-meta":"","header-main-stick-meta":"","header-below-stick-meta":"","astra-migrate-meta-layouts":"default","ast-page-background-enabled":"default","ast-page-background-meta":{"desktop":{"background-color":"var(--ast-global-color-5)","background-image":"","background-repeat":"repeat","background-position":"center center","background-size":"auto","background-attachment":"scroll","background-type":"","background-media":"","overlay-type":"","overlay-color":"","overlay-opacity":"","overlay-gradient":""},"tablet":{"background-color":"","background-image":"","background-repeat":"repeat","background-position":"center center","background-size":"auto","background-attachment":"scroll","background-type":"","background-media":"","overlay-type":"","overlay-color":"","overlay-opacity":"","overlay-gradient":""},"mobile":{"background-color":"","background-image":"","background-repeat":"repeat","background-position":"center center","background-size":"auto","background-attachment":"scroll","background-type":"","background-media":"","overlay-type":"","overlay-color":"","overlay-opacity":"","overlay-gradient":""}},"ast-content-background-meta":{"desktop":{"background-color":"var(--ast-global-color-4)","background-image":"","background-repeat":"repeat","background-position":"center center","background-size":"auto","background-attachment":"scroll","background-type":"","background-media":"","overlay-type":"","overlay-color":"","overlay-opacity":"","overlay-gradient":""},"tablet":{"background-color":"var(--ast-global-color-4)","background-image":"","background-repeat":"repeat","background-position":"center center","background-size":"auto","background-attachment":"scroll","background-type":"","background-media":"","overlay-type":"","overlay-color":"","overlay-opacity":"","overlay-gradient":""},"mobile":{"background-color":"var(--ast-global-color-4)","background-image":"","background-repeat":"repeat","background-position":"center center","background-size":"auto","background-attachment":"scroll","background-type":"","background-media":"","overlay-type":"","overlay-color":"","overlay-opacity":"","overlay-gradient":""}},"footnotes":""},"categories":[1],"tags":[],"class_list":["post-11988","post","type-post","status-publish","format-standard","hentry","category-sem-categoria"],"yoast_head":"<!-- This site is optimized with the Yoast SEO plugin v26.6 - https:\/\/yoast.com\/wordpress\/plugins\/seo\/ -->\n<title>Deputado Osmar Filho traz Eric Land para o &quot;S\u00e3o Jo\u00e3o na Pra\u00e7a&quot; - Evandro Junior<\/title>\n<meta name=\"robots\" content=\"index, follow, max-snippet:-1, max-image-preview:large, max-video-preview:-1\" \/>\n<link rel=\"canonical\" href=\"https:\/\/www.blogsoestado.com\/evandrojunior\/2024\/06\/11\/osmar-filho-traz-eric-land-para-o-sao-joao-na-praca\/\" \/>\n<meta property=\"og:locale\" content=\"pt_BR\" \/>\n<meta property=\"og:type\" content=\"article\" \/>\n<meta property=\"og:title\" content=\"Deputado Osmar Filho traz Eric Land para o &quot;S\u00e3o Jo\u00e3o na Pra\u00e7a&quot; - Evandro Junior\" \/>\n<meta property=\"og:description\" content=\"S\u00c3O LU\u00cdS &#8211; O deputado estadual Osmar Filho (PDT) promove, nesta ter\u00e7a-feira (11), no bairro S\u00e3o Francisco, mais uma edi\u00e7\u00e3o [&hellip;]\" \/>\n<meta property=\"og:url\" content=\"https:\/\/www.blogsoestado.com\/evandrojunior\/2024\/06\/11\/osmar-filho-traz-eric-land-para-o-sao-joao-na-praca\/\" \/>\n<meta property=\"og:site_name\" content=\"Evandro Junior\" \/>\n<meta property=\"article:published_time\" content=\"2024-06-11T11:46:33+00:00\" \/>\n<meta property=\"og:image\" content=\"https:\/\/www.blogsoestado.com\/evandrojunior\/files\/2024\/06\/WhatsApp-Image-2024-06-11-at-08.43.36.jpeg\" \/>\n<meta name=\"author\" content=\"Evandro Junior\" \/>\n<meta name=\"twitter:card\" content=\"summary_large_image\" \/>\n<meta name=\"twitter:label1\" content=\"Escrito por\" \/>\n\t<meta name=\"twitter:data1\" content=\"Evandro Junior\" \/>\n\t<meta name=\"twitter:label2\" content=\"Est. tempo de leitura\" \/>\n\t<meta name=\"twitter:data2\" content=\"1 minuto\" \/>\n<script type=\"application\/ld+json\" class=\"yoast-schema-graph\">{\"@context\":\"https:\/\/schema.org\",\"@graph\":[{\"@type\":\"WebPage\",\"@id\":\"https:\/\/www.blogsoestado.com\/evandrojunior\/2024\/06\/11\/osmar-filho-traz-eric-land-para-o-sao-joao-na-praca\/\",\"url\":\"https:\/\/www.blogsoestado.com\/evandrojunior\/2024\/06\/11\/osmar-filho-traz-eric-land-para-o-sao-joao-na-praca\/\",\"name\":\"Deputado Osmar Filho traz Eric Land para o \\\"S\u00e3o Jo\u00e3o na Pra\u00e7a\\\" - Evandro Junior\",\"isPartOf\":{\"@id\":\"https:\/\/www.blogsoestado.com\/evandrojunior\/#website\"},\"primaryImageOfPage\":{\"@id\":\"https:\/\/www.blogsoestado.com\/evandrojunior\/2024\/06\/11\/osmar-filho-traz-eric-land-para-o-sao-joao-na-praca\/#primaryimage\"},\"image\":{\"@id\":\"https:\/\/www.blogsoestado.com\/evandrojunior\/2024\/06\/11\/osmar-filho-traz-eric-land-para-o-sao-joao-na-praca\/#primaryimage\"},\"thumbnailUrl\":\"https:\/\/www.blogsoestado.com\/evandrojunior\/files\/2024\/06\/WhatsApp-Image-2024-06-11-at-08.43.36.jpeg\",\"datePublished\":\"2024-06-11T11:46:33+00:00\",\"author\":{\"@id\":\"https:\/\/www.blogsoestado.com\/evandrojunior\/#\/schema\/person\/3e6c3d8dbb740d1c6878ebc935cfb3be\"},\"breadcrumb\":{\"@id\":\"https:\/\/www.blogsoestado.com\/evandrojunior\/2024\/06\/11\/osmar-filho-traz-eric-land-para-o-sao-joao-na-praca\/#breadcrumb\"},\"inLanguage\":\"pt-BR\",\"potentialAction\":[{\"@type\":\"ReadAction\",\"target\":[\"https:\/\/www.blogsoestado.com\/evandrojunior\/2024\/06\/11\/osmar-filho-traz-eric-land-para-o-sao-joao-na-praca\/\"]}]},{\"@type\":\"ImageObject\",\"inLanguage\":\"pt-BR\",\"@id\":\"https:\/\/www.blogsoestado.com\/evandrojunior\/2024\/06\/11\/osmar-filho-traz-eric-land-para-o-sao-joao-na-praca\/#primaryimage\",\"url\":\"https:\/\/www.blogsoestado.com\/evandrojunior\/files\/2024\/06\/WhatsApp-Image-2024-06-11-at-08.43.36.jpeg\",\"contentUrl\":\"https:\/\/www.blogsoestado.com\/evandrojunior\/files\/2024\/06\/WhatsApp-Image-2024-06-11-at-08.43.36.jpeg\"},{\"@type\":\"BreadcrumbList\",\"@id\":\"https:\/\/www.blogsoestado.com\/evandrojunior\/2024\/06\/11\/osmar-filho-traz-eric-land-para-o-sao-joao-na-praca\/#breadcrumb\",\"itemListElement\":[{\"@type\":\"ListItem\",\"position\":1,\"name\":\"In\u00edcio\",\"item\":\"https:\/\/www.blogsoestado.com\/evandrojunior\/\"},{\"@type\":\"ListItem\",\"position\":2,\"name\":\"Deputado Osmar Filho traz Eric Land para o &#8220;S\u00e3o Jo\u00e3o na Pra\u00e7a&#8221;\"}]},{\"@type\":\"WebSite\",\"@id\":\"https:\/\/www.blogsoestado.com\/evandrojunior\/#website\",\"url\":\"https:\/\/www.blogsoestado.com\/evandrojunior\/\",\"name\":\"Evandro Junior\",\"description\":\"\",\"potentialAction\":[{\"@type\":\"SearchAction\",\"target\":{\"@type\":\"EntryPoint\",\"urlTemplate\":\"https:\/\/www.blogsoestado.com\/evandrojunior\/?s={search_term_string}\"},\"query-input\":{\"@type\":\"PropertyValueSpecification\",\"valueRequired\":true,\"valueName\":\"search_term_string\"}}],\"inLanguage\":\"pt-BR\"},{\"@type\":\"Person\",\"@id\":\"https:\/\/www.blogsoestado.com\/evandrojunior\/#\/schema\/person\/3e6c3d8dbb740d1c6878ebc935cfb3be\",\"name\":\"Evandro Junior\",\"image\":{\"@type\":\"ImageObject\",\"inLanguage\":\"pt-BR\",\"@id\":\"https:\/\/www.blogsoestado.com\/evandrojunior\/#\/schema\/person\/image\/\",\"url\":\"https:\/\/secure.gravatar.com\/avatar\/f80a03a2294a580cd2318bfb459bf354cfa8be661ef3d95b542cf9a04af8d129?s=96&d=mm&r=g\",\"contentUrl\":\"https:\/\/secure.gravatar.com\/avatar\/f80a03a2294a580cd2318bfb459bf354cfa8be661ef3d95b542cf9a04af8d129?s=96&d=mm&r=g\",\"caption\":\"Evandro Junior\"},\"url\":\"https:\/\/www.blogsoestado.com\/evandrojunior\/author\/evandrojunior\/\"}]}<\/script>\n<!-- \/ Yoast SEO plugin. -->","yoast_head_json":{"title":"Deputado Osmar Filho traz Eric Land para o \"S\u00e3o Jo\u00e3o na Pra\u00e7a\" - Evandro Junior","robots":{"index":"index","follow":"follow","max-snippet":"max-snippet:-1","max-image-preview":"max-image-preview:large","max-video-preview":"max-video-preview:-1"},"canonical":"https:\/\/www.blogsoestado.com\/evandrojunior\/2024\/06\/11\/osmar-filho-traz-eric-land-para-o-sao-joao-na-praca\/","og_locale":"pt_BR","og_type":"article","og_title":"Deputado Osmar Filho traz Eric Land para o \"S\u00e3o Jo\u00e3o na Pra\u00e7a\" - Evandro Junior","og_description":"S\u00c3O LU\u00cdS &#8211; O deputado estadual Osmar Filho (PDT) promove, nesta ter\u00e7a-feira (11), no bairro S\u00e3o Francisco, mais uma edi\u00e7\u00e3o [&hellip;]","og_url":"https:\/\/www.blogsoestado.com\/evandrojunior\/2024\/06\/11\/osmar-filho-traz-eric-land-para-o-sao-joao-na-praca\/","og_site_name":"Evandro Junior","article_published_time":"2024-06-11T11:46:33+00:00","og_image":[{"url":"https:\/\/www.blogsoestado.com\/evandrojunior\/files\/2024\/06\/WhatsApp-Image-2024-06-11-at-08.43.36.jpeg","type":"","width":"","height":""}],"author":"Evandro Junior","twitter_card":"summary_large_image","twitter_misc":{"Escrito por":"Evandro Junior","Est. tempo de leitura":"1 minuto"},"schema":{"@context":"https:\/\/schema.org","@graph":[{"@type":"WebPage","@id":"https:\/\/www.blogsoestado.com\/evandrojunior\/2024\/06\/11\/osmar-filho-traz-eric-land-para-o-sao-joao-na-praca\/","url":"https:\/\/www.blogsoestado.com\/evandrojunior\/2024\/06\/11\/osmar-filho-traz-eric-land-para-o-sao-joao-na-praca\/","name":"Deputado Osmar Filho traz Eric Land para o \"S\u00e3o Jo\u00e3o na Pra\u00e7a\" - Evandro Junior","isPartOf":{"@id":"https:\/\/www.blogsoestado.com\/evandrojunior\/#website"},"primaryImageOfPage":{"@id":"https:\/\/www.blogsoestado.com\/evandrojunior\/2024\/06\/11\/osmar-filho-traz-eric-land-para-o-sao-joao-na-praca\/#primaryimage"},"image":{"@id":"https:\/\/www.blogsoestado.com\/evandrojunior\/2024\/06\/11\/osmar-filho-traz-eric-land-para-o-sao-joao-na-praca\/#primaryimage"},"thumbnailUrl":"https:\/\/www.blogsoestado.com\/evandrojunior\/files\/2024\/06\/WhatsApp-Image-2024-06-11-at-08.43.36.jpeg","datePublished":"2024-06-11T11:46:33+00:00","author":{"@id":"https:\/\/www.blogsoestado.com\/evandrojunior\/#\/schema\/person\/3e6c3d8dbb740d1c6878ebc935cfb3be"},"breadcrumb":{"@id":"https:\/\/www.blogsoestado.com\/evandrojunior\/2024\/06\/11\/osmar-filho-traz-eric-land-para-o-sao-joao-na-praca\/#breadcrumb"},"inLanguage":"pt-BR","potentialAction":[{"@type":"ReadAction","target":["https:\/\/www.blogsoestado.com\/evandrojunior\/2024\/06\/11\/osmar-filho-traz-eric-land-para-o-sao-joao-na-praca\/"]}]},{"@type":"ImageObject","inLanguage":"pt-BR","@id":"https:\/\/www.blogsoestado.com\/evandrojunior\/2024\/06\/11\/osmar-filho-traz-eric-land-para-o-sao-joao-na-praca\/#primaryimage","url":"https:\/\/www.blogsoestado.com\/evandrojunior\/files\/2024\/06\/WhatsApp-Image-2024-06-11-at-08.43.36.jpeg","contentUrl":"https:\/\/www.blogsoestado.com\/evandrojunior\/files\/2024\/06\/WhatsApp-Image-2024-06-11-at-08.43.36.jpeg"},{"@type":"BreadcrumbList","@id":"https:\/\/www.blogsoestado.com\/evandrojunior\/2024\/06\/11\/osmar-filho-traz-eric-land-para-o-sao-joao-na-praca\/#breadcrumb","itemListElement":[{"@type":"ListItem","position":1,"name":"In\u00edcio","item":"https:\/\/www.blogsoestado.com\/evandrojunior\/"},{"@type":"ListItem","position":2,"name":"Deputado Osmar Filho traz Eric Land para o &#8220;S\u00e3o Jo\u00e3o na Pra\u00e7a&#8221;"}]},{"@type":"WebSite","@id":"https:\/\/www.blogsoestado.com\/evandrojunior\/#website","url":"https:\/\/www.blogsoestado.com\/evandrojunior\/","name":"Evandro Junior","description":"","potentialAction":[{"@type":"SearchAction","target":{"@type":"EntryPoint","urlTemplate":"https:\/\/www.blogsoestado.com\/evandrojunior\/?s={search_term_string}"},"query-input":{"@type":"PropertyValueSpecification","valueRequired":true,"valueName":"search_term_string"}}],"inLanguage":"pt-BR"},{"@type":"Person","@id":"https:\/\/www.blogsoestado.com\/evandrojunior\/#\/schema\/person\/3e6c3d8dbb740d1c6878ebc935cfb3be","name":"Evandro Junior","image":{"@type":"ImageObject","inLanguage":"pt-BR","@id":"https:\/\/www.blogsoestado.com\/evandrojunior\/#\/schema\/person\/image\/","url":"https:\/\/secure.gravatar.com\/avatar\/f80a03a2294a580cd2318bfb459bf354cfa8be661ef3d95b542cf9a04af8d129?s=96&d=mm&r=g","contentUrl":"https:\/\/secure.gravatar.com\/avatar\/f80a03a2294a580cd2318bfb459bf354cfa8be661ef3d95b542cf9a04af8d129?s=96&d=mm&r=g","caption":"Evandro Junior"},"url":"https:\/\/www.blogsoestado.com\/evandrojunior\/author\/evandrojunior\/"}]}},"jetpack_featured_media_url":"","_links":{"self":[{"href":"https:\/\/www.blogsoestado.com\/evandrojunior\/wp-json\/wp\/v2\/posts\/11988","targetHints":{"allow":["GET"]}}],"collection":[{"href":"https:\/\/www.blogsoestado.com\/evandrojunior\/wp-json\/wp\/v2\/posts"}],"about":[{"href":"https:\/\/www.blogsoestado.com\/evandrojunior\/wp-json\/wp\/v2\/types\/post"}],"author":[{"embeddable":true,"href":"https:\/\/www.blogsoestado.com\/evandrojunior\/wp-json\/wp\/v2\/users\/4"}],"replies":[{"embeddable":true,"href":"https:\/\/www.blogsoestado.com\/evandrojunior\/wp-json\/wp\/v2\/comments?post=11988"}],"version-history":[{"count":0,"href":"https:\/\/www.blogsoestado.com\/evandrojunior\/wp-json\/wp\/v2\/posts\/11988\/revisions"}],"wp:attachment":[{"href":"https:\/\/www.blogsoestado.com\/evandrojunior\/wp-json\/wp\/v2\/media?parent=11988"}],"wp:term":[{"taxonomy":"category","embeddable":true,"href":"https:\/\/www.blogsoestado.com\/evandrojunior\/wp-json\/wp\/v2\/categories?post=11988"},{"taxonomy":"post_tag","embeddable":true,"href":"https:\/\/www.blogsoestado.com\/evandrojunior\/wp-json\/wp\/v2\/tags?post=11988"}],"curies":[{"name":"wp","href":"https:\/\/api.w.org\/{rel}","templated":true}]}}