{"id":12026,"date":"2024-06-17T10:43:09","date_gmt":"2024-06-17T13:43:09","guid":{"rendered":"https:\/\/www.blogsoestado.com\/evandrojunior\/?p=12026"},"modified":"2024-06-17T10:43:09","modified_gmt":"2024-06-17T13:43:09","slug":"sessao-solene-destaca-contribuicao-da-equatorial-para-sao-luis-e-o-maranhao","status":"publish","type":"post","link":"https:\/\/www.blogsoestado.com\/evandrojunior\/2024\/06\/17\/sessao-solene-destaca-contribuicao-da-equatorial-para-sao-luis-e-o-maranhao\/","title":{"rendered":"Sess\u00e3o solene destaca contribui\u00e7\u00e3o da Equatorial para S\u00e3o Lu\u00eds e o Maranh\u00e3o"},"content":{"rendered":"\n<div class=\"wp-block-image\"><figure class=\"aligncenter size-large is-resized\"><img fetchpriority=\"high\" decoding=\"async\" src=\"https:\/\/www.blogsoestado.com\/evandrojunior\/files\/2024\/06\/WhatsApp-Image-2024-06-17-at-09.33.30-1-1024x683.jpeg\" alt=\"\" class=\"wp-image-12027\" width=\"541\" height=\"361\"\/><figcaption><strong>Homenagem \u00e0 Equatorial Maranh\u00e3o em sess\u00e3o solene promovida pela C\u00e2mara Municipal de S\u00e3o Lu\u00eds<\/strong><\/figcaption><\/figure><\/div>\n\n\n\n<p><strong>S\u00e3o Lu\u00eds<\/strong> &#8211; O presidente da Equatorial Maranh\u00e3o, S\u00e9rvio T\u00falio, acompanhado do diretor de Rela\u00e7\u00f5es Institucionais Jos\u00e9 Jorge Leite Soares e diversos executivos, representou o Grupo Equatorial na sess\u00e3o solene promovida pela C\u00e2mara Municipal de S\u00e3o Lu\u00eds na sexta-feira (14).<\/p>\n\n\n\n<p>A homenagem pelos 20 anos do Grupo Equatorial aconteceu no plen\u00e1rio Sim\u00e3o Est\u00e1cio da Silveira, do Pal\u00e1cio Pedro Neiva de Santana, no Centro Hist\u00f3rico, em uma iniciativa do vereador Ivaldo Rodrigues, que comandou a sess\u00e3o solene.<\/p>\n\n\n\n<p>O vereador Ivaldo fez quest\u00e3o de frisar o orgulho da cidade de S\u00e3o Lu\u00eds em sediar um dos maiores grupos do setor el\u00e9trico brasileiro. Atualmente, o Grupo Equatorial est\u00e1 presente em 13 estados e no Distrito Federal, operando 7 distribuidoras no Brasil e com mais de 14 milh\u00f5es de clientes. \u00c9 o terceiro maior grupo de distribui\u00e7\u00e3o de energia do Brasil em n\u00famero de clientes. E tudo come\u00e7ou h\u00e1 20 anos, com a Equatorial Maranh\u00e3o sediada em S\u00e3o Lu\u00eds.<\/p>\n\n\n\n<p>\u201cO Maranh\u00e3o tem aqui uma das maiores empresas do setor el\u00e9trico brasileiro, que \u00e9 o Grupo Equatorial, e nada mais justo que prestarmos essa homenagem nesse momento em que a empresa completa 20 anos de opera\u00e7\u00e3o. Uma homenagem institucional merecida, por todo o hist\u00f3rico da empresa na gera\u00e7\u00e3o de emprego e renda, pelos diversos programas sociais que desenvolve no Maranh\u00e3o e em outros estados onde opera; e pelo seu compromisso para com o meio ambiente e produ\u00e7\u00e3o de energia limpa\u201d, destacou Ivaldo Rodrigues.<\/p>\n\n\n\n<p>Ele tamb\u00e9m elogiou o relacionamento da Equatorial junto \u00e0s comunidades. \u201cEssas parcerias que t\u00eam sido feitas pela empresa com as comunidades ao longo desses vinte anos de exist\u00eancia s\u00e3o muito importantes para o desenvolvimento da cidade\u201d, frisou Ivaldo Rodrigues.<\/p>\n\n\n\n<p>A vereadora Karla Sarney destacou a trajet\u00f3ria de melhorias e investimentos crescentes que marcaram esses 20 anos da empresa, elogiando o tratamento respeitoso da distribuidora para com a sociedade, vereadores e clientes.<\/p>\n\n\n\n<p>\u201cA Equatorial est\u00e1 presente nos 217 munic\u00edpios maranhenses fazendo a diferen\u00e7a. Nesses 20 anos, a empresa sempre investiu para melhorar os servi\u00e7os prestados e isso \u00e9 muito importante, porque hoje em dia ningu\u00e9m vive bem sem energia el\u00e9trica. Al\u00e9m disso, quero destacar e agradecer o apoio da Equatorial aos diversos projetos culturais e esportivos que a empresa patrocina, assim como o tratamento respeitoso que sempre dirigiu a n\u00f3s vereadores. Gratid\u00e3o \u00e0 Equatorial e parab\u00e9ns a todos que comandam essa empresa. Que continue crescendo muito em nosso Estado\u201d, declarou Karla Sarney.<\/p>\n\n\n\n<p>O Presidente do Conselho de Consumidores da Equatorial Maranh\u00e3o Marlon Aguiar fez quest\u00e3o de prestigiar a homenagem e elogiou a trajet\u00f3ria da empresa:<\/p>\n\n\n\n<p>\u201cAcompanhamos a evolu\u00e7\u00e3o da Equatorial e a sociedade maranhense reconhece as melhorias. Os consumidores sabem que podem contar com a Equatorial Maranh\u00e3o no que diz respeito ao servi\u00e7o de distribui\u00e7\u00e3o de energia el\u00e9trica. A confian\u00e7a da sociedade para com uma empresa se estabelece ao longo de v\u00e1rias etapas e a Equatorial est\u00e1 de parab\u00e9ns pela qualidade dessas rela\u00e7\u00f5es, e tamb\u00e9m pelos diversos benef\u00edcios sociais que promove\u201d ressaltou Marlon Aguiar.<\/p>\n\n\n\n<p>Vale ressaltar que, nestes 20 anos, a Equatorial Maranh\u00e3o se tornou um modelo de excel\u00eancia e de benchmarking para o setor el\u00e9trico brasileiro. Gra\u00e7as a uma gest\u00e3o moderna e focada na melhoria cont\u00ednua de seus servi\u00e7os, a Distribuidora segue crescendo, investindo recursos, implementando seus processos e atuando ativamente no setor social, atrav\u00e9s de patroc\u00ednios, al\u00e9m de diversos projetos de P&amp;D (Pesquisa e Desenvolvimento) que oferecem solu\u00e7\u00f5es estrat\u00e9gicas de transforma\u00e7\u00e3o e inova\u00e7\u00e3o. Al\u00e9m disso, t\u00eam promovido o uso racional da energia el\u00e9trica, a exemplo das doa\u00e7\u00f5es de geladeiras para pessoas em estado de vulnerabilidade, entre outros programas relevantes. Essa trajet\u00f3ria de evolu\u00e7\u00e3o, marcada por desafios e conquistas do Grupo Equatorial ao longo dos anos foi apresentada pelo Presidente da Equatorial Maranh\u00e3o S\u00e9rvio T\u00falio durante a solenidade.<\/p>\n\n\n\n<p>\u201dEstamos muito gratos e honrados com essa iniciativa do vereador Ivaldo Rodrigues e da C\u00e2mara Municipal em reconhecer a trajet\u00f3ria vitoriosa do Grupo Equatorial, que come\u00e7ou aqui em S\u00e3o Lu\u00eds no ano de 2004. Atrav\u00e9s de muito trabalho conseguimos construir essa empresa que hoje \u00e9 gigante e est\u00e1 presente em v\u00e1rios estados, mas que manteve o mesmo DNA do seu in\u00edcio na Equatorial Maranh\u00e3o. Seguimos gerando empregos, investindo forte no social, na cultura e no esporte. Essa trajet\u00f3ria de sucesso sintetiza uma hist\u00f3ria de trabalho e investimentos, contribuindo para sermos hoje uma das maiores e melhores empresas do setor el\u00e9trico brasileiro, com muito orgulho\u201d declarou o Presidente da Equatorial Maranh\u00e3o S\u00e9rvio T\u00falio.<\/p>\n","protected":false},"excerpt":{"rendered":"<p>S\u00e3o Lu\u00eds &#8211; O presidente da Equatorial Maranh\u00e3o, S\u00e9rvio T\u00falio, acompanhado do diretor de Rela\u00e7\u00f5es Institucionais Jos\u00e9 Jorge Leite Soares [&hellip;]<\/p>\n","protected":false},"author":4,"featured_media":0,"comment_status":"open","ping_status":"open","sticky":false,"template":"","format":"standard","meta":{"site-sidebar-layout":"default","site-content-layout":"","ast-site-content-layout":"default","site-content-style":"default","site-sidebar-style":"default","ast-global-header-display":"","ast-banner-title-visibility":"","ast-main-header-display":"","ast-hfb-above-header-display":"","ast-hfb-below-header-display":"","ast-hfb-mobile-header-display":"","site-post-title":"","ast-breadcrumbs-content":"","ast-featured-img":"","footer-sml-layout":"","ast-disable-related-posts":"","theme-transparent-header-meta":"","adv-header-id-meta":"","stick-header-meta":"","header-above-stick-meta":"","header-main-stick-meta":"","header-below-stick-meta":"","astra-migrate-meta-layouts":"default","ast-page-background-enabled":"default","ast-page-background-meta":{"desktop":{"background-color":"var(--ast-global-color-5)","background-image":"","background-repeat":"repeat","background-position":"center center","background-size":"auto","background-attachment":"scroll","background-type":"","background-media":"","overlay-type":"","overlay-color":"","overlay-opacity":"","overlay-gradient":""},"tablet":{"background-color":"","background-image":"","background-repeat":"repeat","background-position":"center center","background-size":"auto","background-attachment":"scroll","background-type":"","background-media":"","overlay-type":"","overlay-color":"","overlay-opacity":"","overlay-gradient":""},"mobile":{"background-color":"","background-image":"","background-repeat":"repeat","background-position":"center center","background-size":"auto","background-attachment":"scroll","background-type":"","background-media":"","overlay-type":"","overlay-color":"","overlay-opacity":"","overlay-gradient":""}},"ast-content-background-meta":{"desktop":{"background-color":"var(--ast-global-color-4)","background-image":"","background-repeat":"repeat","background-position":"center center","background-size":"auto","background-attachment":"scroll","background-type":"","background-media":"","overlay-type":"","overlay-color":"","overlay-opacity":"","overlay-gradient":""},"tablet":{"background-color":"var(--ast-global-color-4)","background-image":"","background-repeat":"repeat","background-position":"center center","background-size":"auto","background-attachment":"scroll","background-type":"","background-media":"","overlay-type":"","overlay-color":"","overlay-opacity":"","overlay-gradient":""},"mobile":{"background-color":"var(--ast-global-color-4)","background-image":"","background-repeat":"repeat","background-position":"center center","background-size":"auto","background-attachment":"scroll","background-type":"","background-media":"","overlay-type":"","overlay-color":"","overlay-opacity":"","overlay-gradient":""}},"footnotes":""},"categories":[1],"tags":[],"class_list":["post-12026","post","type-post","status-publish","format-standard","hentry","category-sem-categoria"],"yoast_head":"<!-- This site is optimized with the Yoast SEO plugin v26.6 - https:\/\/yoast.com\/wordpress\/plugins\/seo\/ -->\n<title>Sess\u00e3o solene destaca contribui\u00e7\u00e3o da Equatorial para S\u00e3o Lu\u00eds e o Maranh\u00e3o - Evandro Junior<\/title>\n<meta name=\"robots\" content=\"index, follow, max-snippet:-1, max-image-preview:large, max-video-preview:-1\" \/>\n<link rel=\"canonical\" href=\"https:\/\/www.blogsoestado.com\/evandrojunior\/2024\/06\/17\/sessao-solene-destaca-contribuicao-da-equatorial-para-sao-luis-e-o-maranhao\/\" \/>\n<meta property=\"og:locale\" content=\"pt_BR\" \/>\n<meta property=\"og:type\" content=\"article\" \/>\n<meta property=\"og:title\" content=\"Sess\u00e3o solene destaca contribui\u00e7\u00e3o da Equatorial para S\u00e3o Lu\u00eds e o Maranh\u00e3o - Evandro Junior\" \/>\n<meta property=\"og:description\" content=\"S\u00e3o Lu\u00eds &#8211; O presidente da Equatorial Maranh\u00e3o, S\u00e9rvio T\u00falio, acompanhado do diretor de Rela\u00e7\u00f5es Institucionais Jos\u00e9 Jorge Leite Soares [&hellip;]\" \/>\n<meta property=\"og:url\" content=\"https:\/\/www.blogsoestado.com\/evandrojunior\/2024\/06\/17\/sessao-solene-destaca-contribuicao-da-equatorial-para-sao-luis-e-o-maranhao\/\" \/>\n<meta property=\"og:site_name\" content=\"Evandro Junior\" \/>\n<meta property=\"article:published_time\" content=\"2024-06-17T13:43:09+00:00\" \/>\n<meta property=\"og:image\" content=\"https:\/\/www.blogsoestado.com\/evandrojunior\/files\/2024\/06\/WhatsApp-Image-2024-06-17-at-09.33.30-1-1024x683.jpeg\" \/>\n<meta name=\"author\" content=\"Evandro Junior\" \/>\n<meta name=\"twitter:card\" content=\"summary_large_image\" \/>\n<meta name=\"twitter:label1\" content=\"Escrito por\" \/>\n\t<meta name=\"twitter:data1\" content=\"Evandro Junior\" \/>\n\t<meta name=\"twitter:label2\" content=\"Est. tempo de leitura\" \/>\n\t<meta name=\"twitter:data2\" content=\"4 minutos\" \/>\n<script type=\"application\/ld+json\" class=\"yoast-schema-graph\">{\"@context\":\"https:\/\/schema.org\",\"@graph\":[{\"@type\":\"WebPage\",\"@id\":\"https:\/\/www.blogsoestado.com\/evandrojunior\/2024\/06\/17\/sessao-solene-destaca-contribuicao-da-equatorial-para-sao-luis-e-o-maranhao\/\",\"url\":\"https:\/\/www.blogsoestado.com\/evandrojunior\/2024\/06\/17\/sessao-solene-destaca-contribuicao-da-equatorial-para-sao-luis-e-o-maranhao\/\",\"name\":\"Sess\u00e3o solene destaca contribui\u00e7\u00e3o da Equatorial para S\u00e3o Lu\u00eds e o Maranh\u00e3o - Evandro Junior\",\"isPartOf\":{\"@id\":\"https:\/\/www.blogsoestado.com\/evandrojunior\/#website\"},\"primaryImageOfPage\":{\"@id\":\"https:\/\/www.blogsoestado.com\/evandrojunior\/2024\/06\/17\/sessao-solene-destaca-contribuicao-da-equatorial-para-sao-luis-e-o-maranhao\/#primaryimage\"},\"image\":{\"@id\":\"https:\/\/www.blogsoestado.com\/evandrojunior\/2024\/06\/17\/sessao-solene-destaca-contribuicao-da-equatorial-para-sao-luis-e-o-maranhao\/#primaryimage\"},\"thumbnailUrl\":\"https:\/\/www.blogsoestado.com\/evandrojunior\/files\/2024\/06\/WhatsApp-Image-2024-06-17-at-09.33.30-1-1024x683.jpeg\",\"datePublished\":\"2024-06-17T13:43:09+00:00\",\"author\":{\"@id\":\"https:\/\/www.blogsoestado.com\/evandrojunior\/#\/schema\/person\/3e6c3d8dbb740d1c6878ebc935cfb3be\"},\"breadcrumb\":{\"@id\":\"https:\/\/www.blogsoestado.com\/evandrojunior\/2024\/06\/17\/sessao-solene-destaca-contribuicao-da-equatorial-para-sao-luis-e-o-maranhao\/#breadcrumb\"},\"inLanguage\":\"pt-BR\",\"potentialAction\":[{\"@type\":\"ReadAction\",\"target\":[\"https:\/\/www.blogsoestado.com\/evandrojunior\/2024\/06\/17\/sessao-solene-destaca-contribuicao-da-equatorial-para-sao-luis-e-o-maranhao\/\"]}]},{\"@type\":\"ImageObject\",\"inLanguage\":\"pt-BR\",\"@id\":\"https:\/\/www.blogsoestado.com\/evandrojunior\/2024\/06\/17\/sessao-solene-destaca-contribuicao-da-equatorial-para-sao-luis-e-o-maranhao\/#primaryimage\",\"url\":\"https:\/\/www.blogsoestado.com\/evandrojunior\/files\/2024\/06\/WhatsApp-Image-2024-06-17-at-09.33.30-1-1024x683.jpeg\",\"contentUrl\":\"https:\/\/www.blogsoestado.com\/evandrojunior\/files\/2024\/06\/WhatsApp-Image-2024-06-17-at-09.33.30-1-1024x683.jpeg\"},{\"@type\":\"BreadcrumbList\",\"@id\":\"https:\/\/www.blogsoestado.com\/evandrojunior\/2024\/06\/17\/sessao-solene-destaca-contribuicao-da-equatorial-para-sao-luis-e-o-maranhao\/#breadcrumb\",\"itemListElement\":[{\"@type\":\"ListItem\",\"position\":1,\"name\":\"In\u00edcio\",\"item\":\"https:\/\/www.blogsoestado.com\/evandrojunior\/\"},{\"@type\":\"ListItem\",\"position\":2,\"name\":\"Sess\u00e3o solene destaca contribui\u00e7\u00e3o da Equatorial para S\u00e3o Lu\u00eds e o Maranh\u00e3o\"}]},{\"@type\":\"WebSite\",\"@id\":\"https:\/\/www.blogsoestado.com\/evandrojunior\/#website\",\"url\":\"https:\/\/www.blogsoestado.com\/evandrojunior\/\",\"name\":\"Evandro Junior\",\"description\":\"\",\"potentialAction\":[{\"@type\":\"SearchAction\",\"target\":{\"@type\":\"EntryPoint\",\"urlTemplate\":\"https:\/\/www.blogsoestado.com\/evandrojunior\/?s={search_term_string}\"},\"query-input\":{\"@type\":\"PropertyValueSpecification\",\"valueRequired\":true,\"valueName\":\"search_term_string\"}}],\"inLanguage\":\"pt-BR\"},{\"@type\":\"Person\",\"@id\":\"https:\/\/www.blogsoestado.com\/evandrojunior\/#\/schema\/person\/3e6c3d8dbb740d1c6878ebc935cfb3be\",\"name\":\"Evandro Junior\",\"image\":{\"@type\":\"ImageObject\",\"inLanguage\":\"pt-BR\",\"@id\":\"https:\/\/www.blogsoestado.com\/evandrojunior\/#\/schema\/person\/image\/\",\"url\":\"https:\/\/secure.gravatar.com\/avatar\/f80a03a2294a580cd2318bfb459bf354cfa8be661ef3d95b542cf9a04af8d129?s=96&d=mm&r=g\",\"contentUrl\":\"https:\/\/secure.gravatar.com\/avatar\/f80a03a2294a580cd2318bfb459bf354cfa8be661ef3d95b542cf9a04af8d129?s=96&d=mm&r=g\",\"caption\":\"Evandro Junior\"},\"url\":\"https:\/\/www.blogsoestado.com\/evandrojunior\/author\/evandrojunior\/\"}]}<\/script>\n<!-- \/ Yoast SEO plugin. -->","yoast_head_json":{"title":"Sess\u00e3o solene destaca contribui\u00e7\u00e3o da Equatorial para S\u00e3o Lu\u00eds e o Maranh\u00e3o - Evandro Junior","robots":{"index":"index","follow":"follow","max-snippet":"max-snippet:-1","max-image-preview":"max-image-preview:large","max-video-preview":"max-video-preview:-1"},"canonical":"https:\/\/www.blogsoestado.com\/evandrojunior\/2024\/06\/17\/sessao-solene-destaca-contribuicao-da-equatorial-para-sao-luis-e-o-maranhao\/","og_locale":"pt_BR","og_type":"article","og_title":"Sess\u00e3o solene destaca contribui\u00e7\u00e3o da Equatorial para S\u00e3o Lu\u00eds e o Maranh\u00e3o - Evandro Junior","og_description":"S\u00e3o Lu\u00eds &#8211; O presidente da Equatorial Maranh\u00e3o, S\u00e9rvio T\u00falio, acompanhado do diretor de Rela\u00e7\u00f5es Institucionais Jos\u00e9 Jorge Leite Soares [&hellip;]","og_url":"https:\/\/www.blogsoestado.com\/evandrojunior\/2024\/06\/17\/sessao-solene-destaca-contribuicao-da-equatorial-para-sao-luis-e-o-maranhao\/","og_site_name":"Evandro Junior","article_published_time":"2024-06-17T13:43:09+00:00","og_image":[{"url":"https:\/\/www.blogsoestado.com\/evandrojunior\/files\/2024\/06\/WhatsApp-Image-2024-06-17-at-09.33.30-1-1024x683.jpeg","type":"","width":"","height":""}],"author":"Evandro Junior","twitter_card":"summary_large_image","twitter_misc":{"Escrito por":"Evandro Junior","Est. tempo de leitura":"4 minutos"},"schema":{"@context":"https:\/\/schema.org","@graph":[{"@type":"WebPage","@id":"https:\/\/www.blogsoestado.com\/evandrojunior\/2024\/06\/17\/sessao-solene-destaca-contribuicao-da-equatorial-para-sao-luis-e-o-maranhao\/","url":"https:\/\/www.blogsoestado.com\/evandrojunior\/2024\/06\/17\/sessao-solene-destaca-contribuicao-da-equatorial-para-sao-luis-e-o-maranhao\/","name":"Sess\u00e3o solene destaca contribui\u00e7\u00e3o da Equatorial para S\u00e3o Lu\u00eds e o Maranh\u00e3o - Evandro Junior","isPartOf":{"@id":"https:\/\/www.blogsoestado.com\/evandrojunior\/#website"},"primaryImageOfPage":{"@id":"https:\/\/www.blogsoestado.com\/evandrojunior\/2024\/06\/17\/sessao-solene-destaca-contribuicao-da-equatorial-para-sao-luis-e-o-maranhao\/#primaryimage"},"image":{"@id":"https:\/\/www.blogsoestado.com\/evandrojunior\/2024\/06\/17\/sessao-solene-destaca-contribuicao-da-equatorial-para-sao-luis-e-o-maranhao\/#primaryimage"},"thumbnailUrl":"https:\/\/www.blogsoestado.com\/evandrojunior\/files\/2024\/06\/WhatsApp-Image-2024-06-17-at-09.33.30-1-1024x683.jpeg","datePublished":"2024-06-17T13:43:09+00:00","author":{"@id":"https:\/\/www.blogsoestado.com\/evandrojunior\/#\/schema\/person\/3e6c3d8dbb740d1c6878ebc935cfb3be"},"breadcrumb":{"@id":"https:\/\/www.blogsoestado.com\/evandrojunior\/2024\/06\/17\/sessao-solene-destaca-contribuicao-da-equatorial-para-sao-luis-e-o-maranhao\/#breadcrumb"},"inLanguage":"pt-BR","potentialAction":[{"@type":"ReadAction","target":["https:\/\/www.blogsoestado.com\/evandrojunior\/2024\/06\/17\/sessao-solene-destaca-contribuicao-da-equatorial-para-sao-luis-e-o-maranhao\/"]}]},{"@type":"ImageObject","inLanguage":"pt-BR","@id":"https:\/\/www.blogsoestado.com\/evandrojunior\/2024\/06\/17\/sessao-solene-destaca-contribuicao-da-equatorial-para-sao-luis-e-o-maranhao\/#primaryimage","url":"https:\/\/www.blogsoestado.com\/evandrojunior\/files\/2024\/06\/WhatsApp-Image-2024-06-17-at-09.33.30-1-1024x683.jpeg","contentUrl":"https:\/\/www.blogsoestado.com\/evandrojunior\/files\/2024\/06\/WhatsApp-Image-2024-06-17-at-09.33.30-1-1024x683.jpeg"},{"@type":"BreadcrumbList","@id":"https:\/\/www.blogsoestado.com\/evandrojunior\/2024\/06\/17\/sessao-solene-destaca-contribuicao-da-equatorial-para-sao-luis-e-o-maranhao\/#breadcrumb","itemListElement":[{"@type":"ListItem","position":1,"name":"In\u00edcio","item":"https:\/\/www.blogsoestado.com\/evandrojunior\/"},{"@type":"ListItem","position":2,"name":"Sess\u00e3o solene destaca contribui\u00e7\u00e3o da Equatorial para S\u00e3o Lu\u00eds e o Maranh\u00e3o"}]},{"@type":"WebSite","@id":"https:\/\/www.blogsoestado.com\/evandrojunior\/#website","url":"https:\/\/www.blogsoestado.com\/evandrojunior\/","name":"Evandro Junior","description":"","potentialAction":[{"@type":"SearchAction","target":{"@type":"EntryPoint","urlTemplate":"https:\/\/www.blogsoestado.com\/evandrojunior\/?s={search_term_string}"},"query-input":{"@type":"PropertyValueSpecification","valueRequired":true,"valueName":"search_term_string"}}],"inLanguage":"pt-BR"},{"@type":"Person","@id":"https:\/\/www.blogsoestado.com\/evandrojunior\/#\/schema\/person\/3e6c3d8dbb740d1c6878ebc935cfb3be","name":"Evandro Junior","image":{"@type":"ImageObject","inLanguage":"pt-BR","@id":"https:\/\/www.blogsoestado.com\/evandrojunior\/#\/schema\/person\/image\/","url":"https:\/\/secure.gravatar.com\/avatar\/f80a03a2294a580cd2318bfb459bf354cfa8be661ef3d95b542cf9a04af8d129?s=96&d=mm&r=g","contentUrl":"https:\/\/secure.gravatar.com\/avatar\/f80a03a2294a580cd2318bfb459bf354cfa8be661ef3d95b542cf9a04af8d129?s=96&d=mm&r=g","caption":"Evandro Junior"},"url":"https:\/\/www.blogsoestado.com\/evandrojunior\/author\/evandrojunior\/"}]}},"jetpack_featured_media_url":"","_links":{"self":[{"href":"https:\/\/www.blogsoestado.com\/evandrojunior\/wp-json\/wp\/v2\/posts\/12026","targetHints":{"allow":["GET"]}}],"collection":[{"href":"https:\/\/www.blogsoestado.com\/evandrojunior\/wp-json\/wp\/v2\/posts"}],"about":[{"href":"https:\/\/www.blogsoestado.com\/evandrojunior\/wp-json\/wp\/v2\/types\/post"}],"author":[{"embeddable":true,"href":"https:\/\/www.blogsoestado.com\/evandrojunior\/wp-json\/wp\/v2\/users\/4"}],"replies":[{"embeddable":true,"href":"https:\/\/www.blogsoestado.com\/evandrojunior\/wp-json\/wp\/v2\/comments?post=12026"}],"version-history":[{"count":0,"href":"https:\/\/www.blogsoestado.com\/evandrojunior\/wp-json\/wp\/v2\/posts\/12026\/revisions"}],"wp:attachment":[{"href":"https:\/\/www.blogsoestado.com\/evandrojunior\/wp-json\/wp\/v2\/media?parent=12026"}],"wp:term":[{"taxonomy":"category","embeddable":true,"href":"https:\/\/www.blogsoestado.com\/evandrojunior\/wp-json\/wp\/v2\/categories?post=12026"},{"taxonomy":"post_tag","embeddable":true,"href":"https:\/\/www.blogsoestado.com\/evandrojunior\/wp-json\/wp\/v2\/tags?post=12026"}],"curies":[{"name":"wp","href":"https:\/\/api.w.org\/{rel}","templated":true}]}}