{"id":12033,"date":"2024-06-17T11:31:56","date_gmt":"2024-06-17T14:31:56","guid":{"rendered":"https:\/\/www.blogsoestado.com\/evandrojunior\/?p=12033"},"modified":"2024-06-17T11:31:56","modified_gmt":"2024-06-17T14:31:56","slug":"double-you-vai-se-apresentar-em-sao-luis-em-setembro","status":"publish","type":"post","link":"https:\/\/www.blogsoestado.com\/evandrojunior\/2024\/06\/17\/double-you-vai-se-apresentar-em-sao-luis-em-setembro\/","title":{"rendered":"Double You vai se apresentar em S\u00e3o Lu\u00eds em setembro"},"content":{"rendered":"\n<div class=\"wp-block-image\"><figure class=\"aligncenter size-large is-resized\"><img fetchpriority=\"high\" decoding=\"async\" src=\"https:\/\/www.blogsoestado.com\/evandrojunior\/files\/2024\/06\/WhatsApp-Image-2024-06-17-at-11.29.41.jpeg\" alt=\"\" class=\"wp-image-12034\" width=\"565\" height=\"372\"\/><figcaption><strong>&nbsp;Banda italiana de eurodance&nbsp;Double You&nbsp;foi confirmada para show na Glam House<\/strong><\/figcaption><\/figure><\/div>\n\n\n\n<p><strong>S\u00e3o Lu\u00eds <\/strong>&#8211; A banda italiana de eurodance Double You, um grande sucesso nos anos 1990, vai se apresentar na capital maranhense no m\u00eas de setembro. A apresenta\u00e7\u00e3o, no dia 28, ser\u00e1 na boate Glam House, como primeira atra\u00e7\u00e3o internacional do espa\u00e7o. A boate fica na lateral do Rio Poty Hotel &amp; Resort, na Ponta d&#8217;Areia, sempre com as melhores noitadas da Ilha.<\/p>\n\n\n\n<p><strong>Sucesso desde 1985<\/strong><\/p>\n\n\n\n<p>Double You \u00e9 um grupo italiano de eurodance que surgiu em 1985. Em 1991 tornaram-se mundialmente conhecidos com a vers\u00e3o cover da can\u00e7\u00e3o &#8220;Please Don&#8217;t Go&#8221; de KC and the Sunshine Band. Chegaram a vender mais de 10 milh\u00f5es de discos em todo o mundo.<br><br>&#8220;Please Don&#8217;t Go&#8221;, uma vers\u00e3o dance de uma can\u00e7\u00e3o da banda KC and the Sunshine Band, ganhou o ouro e muitos discos de platina na Europa, Am\u00e9rica Latina, \u00c1frica e \u00c1sia. O \u00e1lbum tamb\u00e9m vendido na Am\u00e9rica do Norte (vendas top ten maxi), em Israel (# 12) e no Reino Unido.<\/p>\n\n\n\n<p>No in\u00edcio de 1996, com a sa\u00edda de Andrea de Antoni que seguiu em a sua pr\u00f3pria carreira art\u00edstica, o grupo foi reformulado e o m\u00fasico e produtor brasileiro Gino Martini passou a integr\u00e1-lo, refor\u00e7ando a \u201calma brasileira\u201d do Double You.&nbsp;William e Gino ent\u00e3o tornaram-se parceiros de composi\u00e7\u00e3o e produ\u00e7\u00e3o musical, estabelecendo est\u00fadios no Brasil e It\u00e1lia.<\/p>\n\n\n\n<p>Neste per\u00edodo, o Double You teve uma grande demanda de shows no Brasil, tendo iniciado uma nova turn\u00ea. Eles apresentaram-se nas mais importantes salas de concerto do pa\u00eds. O grupo dedicou o \u00e1lbum Forever a todos os seus f\u00e3s brasileiros. Este novo \u00e1lbum foi produzido 50% na It\u00e1lia e 50% no Brasil. Foi lan\u00e7ado apenas no pa\u00eds, vendendo 150 mil c\u00f3pias. Um single foi lan\u00e7ado no mesmo ano, apenas no Brasil, sob os holofotes da etiqueta. Foi intitulado &#8220;If You Say Goodbye&#8221;.<\/p>\n","protected":false},"excerpt":{"rendered":"<p>S\u00e3o Lu\u00eds &#8211; A banda italiana de eurodance Double You, um grande sucesso nos anos 1990, vai se apresentar na [&hellip;]<\/p>\n","protected":false},"author":4,"featured_media":0,"comment_status":"open","ping_status":"open","sticky":false,"template":"","format":"standard","meta":{"site-sidebar-layout":"default","site-content-layout":"","ast-site-content-layout":"default","site-content-style":"default","site-sidebar-style":"default","ast-global-header-display":"","ast-banner-title-visibility":"","ast-main-header-display":"","ast-hfb-above-header-display":"","ast-hfb-below-header-display":"","ast-hfb-mobile-header-display":"","site-post-title":"","ast-breadcrumbs-content":"","ast-featured-img":"","footer-sml-layout":"","ast-disable-related-posts":"","theme-transparent-header-meta":"","adv-header-id-meta":"","stick-header-meta":"","header-above-stick-meta":"","header-main-stick-meta":"","header-below-stick-meta":"","astra-migrate-meta-layouts":"default","ast-page-background-enabled":"default","ast-page-background-meta":{"desktop":{"background-color":"var(--ast-global-color-5)","background-image":"","background-repeat":"repeat","background-position":"center center","background-size":"auto","background-attachment":"scroll","background-type":"","background-media":"","overlay-type":"","overlay-color":"","overlay-opacity":"","overlay-gradient":""},"tablet":{"background-color":"","background-image":"","background-repeat":"repeat","background-position":"center center","background-size":"auto","background-attachment":"scroll","background-type":"","background-media":"","overlay-type":"","overlay-color":"","overlay-opacity":"","overlay-gradient":""},"mobile":{"background-color":"","background-image":"","background-repeat":"repeat","background-position":"center center","background-size":"auto","background-attachment":"scroll","background-type":"","background-media":"","overlay-type":"","overlay-color":"","overlay-opacity":"","overlay-gradient":""}},"ast-content-background-meta":{"desktop":{"background-color":"var(--ast-global-color-4)","background-image":"","background-repeat":"repeat","background-position":"center center","background-size":"auto","background-attachment":"scroll","background-type":"","background-media":"","overlay-type":"","overlay-color":"","overlay-opacity":"","overlay-gradient":""},"tablet":{"background-color":"var(--ast-global-color-4)","background-image":"","background-repeat":"repeat","background-position":"center center","background-size":"auto","background-attachment":"scroll","background-type":"","background-media":"","overlay-type":"","overlay-color":"","overlay-opacity":"","overlay-gradient":""},"mobile":{"background-color":"var(--ast-global-color-4)","background-image":"","background-repeat":"repeat","background-position":"center center","background-size":"auto","background-attachment":"scroll","background-type":"","background-media":"","overlay-type":"","overlay-color":"","overlay-opacity":"","overlay-gradient":""}},"footnotes":""},"categories":[1],"tags":[],"class_list":["post-12033","post","type-post","status-publish","format-standard","hentry","category-sem-categoria"],"yoast_head":"<!-- This site is optimized with the Yoast SEO plugin v26.6 - https:\/\/yoast.com\/wordpress\/plugins\/seo\/ -->\n<title>Double You vai se apresentar em S\u00e3o Lu\u00eds em setembro - Evandro Junior<\/title>\n<meta name=\"robots\" content=\"index, follow, max-snippet:-1, max-image-preview:large, max-video-preview:-1\" \/>\n<link rel=\"canonical\" href=\"https:\/\/www.blogsoestado.com\/evandrojunior\/2024\/06\/17\/double-you-vai-se-apresentar-em-sao-luis-em-setembro\/\" \/>\n<meta property=\"og:locale\" content=\"pt_BR\" \/>\n<meta property=\"og:type\" content=\"article\" \/>\n<meta property=\"og:title\" content=\"Double You vai se apresentar em S\u00e3o Lu\u00eds em setembro - Evandro Junior\" \/>\n<meta property=\"og:description\" content=\"S\u00e3o Lu\u00eds &#8211; A banda italiana de eurodance Double You, um grande sucesso nos anos 1990, vai se apresentar na [&hellip;]\" \/>\n<meta property=\"og:url\" content=\"https:\/\/www.blogsoestado.com\/evandrojunior\/2024\/06\/17\/double-you-vai-se-apresentar-em-sao-luis-em-setembro\/\" \/>\n<meta property=\"og:site_name\" content=\"Evandro Junior\" \/>\n<meta property=\"article:published_time\" content=\"2024-06-17T14:31:56+00:00\" \/>\n<meta property=\"og:image\" content=\"https:\/\/www.blogsoestado.com\/evandrojunior\/files\/2024\/06\/WhatsApp-Image-2024-06-17-at-11.29.41.jpeg\" \/>\n<meta name=\"author\" content=\"Evandro Junior\" \/>\n<meta name=\"twitter:card\" content=\"summary_large_image\" \/>\n<meta name=\"twitter:label1\" content=\"Escrito por\" \/>\n\t<meta name=\"twitter:data1\" content=\"Evandro Junior\" \/>\n\t<meta name=\"twitter:label2\" content=\"Est. tempo de leitura\" \/>\n\t<meta name=\"twitter:data2\" content=\"2 minutos\" \/>\n<script type=\"application\/ld+json\" class=\"yoast-schema-graph\">{\"@context\":\"https:\/\/schema.org\",\"@graph\":[{\"@type\":\"WebPage\",\"@id\":\"https:\/\/www.blogsoestado.com\/evandrojunior\/2024\/06\/17\/double-you-vai-se-apresentar-em-sao-luis-em-setembro\/\",\"url\":\"https:\/\/www.blogsoestado.com\/evandrojunior\/2024\/06\/17\/double-you-vai-se-apresentar-em-sao-luis-em-setembro\/\",\"name\":\"Double You vai se apresentar em S\u00e3o Lu\u00eds em setembro - Evandro Junior\",\"isPartOf\":{\"@id\":\"https:\/\/www.blogsoestado.com\/evandrojunior\/#website\"},\"primaryImageOfPage\":{\"@id\":\"https:\/\/www.blogsoestado.com\/evandrojunior\/2024\/06\/17\/double-you-vai-se-apresentar-em-sao-luis-em-setembro\/#primaryimage\"},\"image\":{\"@id\":\"https:\/\/www.blogsoestado.com\/evandrojunior\/2024\/06\/17\/double-you-vai-se-apresentar-em-sao-luis-em-setembro\/#primaryimage\"},\"thumbnailUrl\":\"https:\/\/www.blogsoestado.com\/evandrojunior\/files\/2024\/06\/WhatsApp-Image-2024-06-17-at-11.29.41.jpeg\",\"datePublished\":\"2024-06-17T14:31:56+00:00\",\"author\":{\"@id\":\"https:\/\/www.blogsoestado.com\/evandrojunior\/#\/schema\/person\/3e6c3d8dbb740d1c6878ebc935cfb3be\"},\"breadcrumb\":{\"@id\":\"https:\/\/www.blogsoestado.com\/evandrojunior\/2024\/06\/17\/double-you-vai-se-apresentar-em-sao-luis-em-setembro\/#breadcrumb\"},\"inLanguage\":\"pt-BR\",\"potentialAction\":[{\"@type\":\"ReadAction\",\"target\":[\"https:\/\/www.blogsoestado.com\/evandrojunior\/2024\/06\/17\/double-you-vai-se-apresentar-em-sao-luis-em-setembro\/\"]}]},{\"@type\":\"ImageObject\",\"inLanguage\":\"pt-BR\",\"@id\":\"https:\/\/www.blogsoestado.com\/evandrojunior\/2024\/06\/17\/double-you-vai-se-apresentar-em-sao-luis-em-setembro\/#primaryimage\",\"url\":\"https:\/\/www.blogsoestado.com\/evandrojunior\/files\/2024\/06\/WhatsApp-Image-2024-06-17-at-11.29.41.jpeg\",\"contentUrl\":\"https:\/\/www.blogsoestado.com\/evandrojunior\/files\/2024\/06\/WhatsApp-Image-2024-06-17-at-11.29.41.jpeg\"},{\"@type\":\"BreadcrumbList\",\"@id\":\"https:\/\/www.blogsoestado.com\/evandrojunior\/2024\/06\/17\/double-you-vai-se-apresentar-em-sao-luis-em-setembro\/#breadcrumb\",\"itemListElement\":[{\"@type\":\"ListItem\",\"position\":1,\"name\":\"In\u00edcio\",\"item\":\"https:\/\/www.blogsoestado.com\/evandrojunior\/\"},{\"@type\":\"ListItem\",\"position\":2,\"name\":\"Double You vai se apresentar em S\u00e3o Lu\u00eds em setembro\"}]},{\"@type\":\"WebSite\",\"@id\":\"https:\/\/www.blogsoestado.com\/evandrojunior\/#website\",\"url\":\"https:\/\/www.blogsoestado.com\/evandrojunior\/\",\"name\":\"Evandro Junior\",\"description\":\"\",\"potentialAction\":[{\"@type\":\"SearchAction\",\"target\":{\"@type\":\"EntryPoint\",\"urlTemplate\":\"https:\/\/www.blogsoestado.com\/evandrojunior\/?s={search_term_string}\"},\"query-input\":{\"@type\":\"PropertyValueSpecification\",\"valueRequired\":true,\"valueName\":\"search_term_string\"}}],\"inLanguage\":\"pt-BR\"},{\"@type\":\"Person\",\"@id\":\"https:\/\/www.blogsoestado.com\/evandrojunior\/#\/schema\/person\/3e6c3d8dbb740d1c6878ebc935cfb3be\",\"name\":\"Evandro Junior\",\"image\":{\"@type\":\"ImageObject\",\"inLanguage\":\"pt-BR\",\"@id\":\"https:\/\/www.blogsoestado.com\/evandrojunior\/#\/schema\/person\/image\/\",\"url\":\"https:\/\/secure.gravatar.com\/avatar\/f80a03a2294a580cd2318bfb459bf354cfa8be661ef3d95b542cf9a04af8d129?s=96&d=mm&r=g\",\"contentUrl\":\"https:\/\/secure.gravatar.com\/avatar\/f80a03a2294a580cd2318bfb459bf354cfa8be661ef3d95b542cf9a04af8d129?s=96&d=mm&r=g\",\"caption\":\"Evandro Junior\"},\"url\":\"https:\/\/www.blogsoestado.com\/evandrojunior\/author\/evandrojunior\/\"}]}<\/script>\n<!-- \/ Yoast SEO plugin. -->","yoast_head_json":{"title":"Double You vai se apresentar em S\u00e3o Lu\u00eds em setembro - Evandro Junior","robots":{"index":"index","follow":"follow","max-snippet":"max-snippet:-1","max-image-preview":"max-image-preview:large","max-video-preview":"max-video-preview:-1"},"canonical":"https:\/\/www.blogsoestado.com\/evandrojunior\/2024\/06\/17\/double-you-vai-se-apresentar-em-sao-luis-em-setembro\/","og_locale":"pt_BR","og_type":"article","og_title":"Double You vai se apresentar em S\u00e3o Lu\u00eds em setembro - Evandro Junior","og_description":"S\u00e3o Lu\u00eds &#8211; A banda italiana de eurodance Double You, um grande sucesso nos anos 1990, vai se apresentar na [&hellip;]","og_url":"https:\/\/www.blogsoestado.com\/evandrojunior\/2024\/06\/17\/double-you-vai-se-apresentar-em-sao-luis-em-setembro\/","og_site_name":"Evandro Junior","article_published_time":"2024-06-17T14:31:56+00:00","og_image":[{"url":"https:\/\/www.blogsoestado.com\/evandrojunior\/files\/2024\/06\/WhatsApp-Image-2024-06-17-at-11.29.41.jpeg","type":"","width":"","height":""}],"author":"Evandro Junior","twitter_card":"summary_large_image","twitter_misc":{"Escrito por":"Evandro Junior","Est. tempo de leitura":"2 minutos"},"schema":{"@context":"https:\/\/schema.org","@graph":[{"@type":"WebPage","@id":"https:\/\/www.blogsoestado.com\/evandrojunior\/2024\/06\/17\/double-you-vai-se-apresentar-em-sao-luis-em-setembro\/","url":"https:\/\/www.blogsoestado.com\/evandrojunior\/2024\/06\/17\/double-you-vai-se-apresentar-em-sao-luis-em-setembro\/","name":"Double You vai se apresentar em S\u00e3o Lu\u00eds em setembro - Evandro Junior","isPartOf":{"@id":"https:\/\/www.blogsoestado.com\/evandrojunior\/#website"},"primaryImageOfPage":{"@id":"https:\/\/www.blogsoestado.com\/evandrojunior\/2024\/06\/17\/double-you-vai-se-apresentar-em-sao-luis-em-setembro\/#primaryimage"},"image":{"@id":"https:\/\/www.blogsoestado.com\/evandrojunior\/2024\/06\/17\/double-you-vai-se-apresentar-em-sao-luis-em-setembro\/#primaryimage"},"thumbnailUrl":"https:\/\/www.blogsoestado.com\/evandrojunior\/files\/2024\/06\/WhatsApp-Image-2024-06-17-at-11.29.41.jpeg","datePublished":"2024-06-17T14:31:56+00:00","author":{"@id":"https:\/\/www.blogsoestado.com\/evandrojunior\/#\/schema\/person\/3e6c3d8dbb740d1c6878ebc935cfb3be"},"breadcrumb":{"@id":"https:\/\/www.blogsoestado.com\/evandrojunior\/2024\/06\/17\/double-you-vai-se-apresentar-em-sao-luis-em-setembro\/#breadcrumb"},"inLanguage":"pt-BR","potentialAction":[{"@type":"ReadAction","target":["https:\/\/www.blogsoestado.com\/evandrojunior\/2024\/06\/17\/double-you-vai-se-apresentar-em-sao-luis-em-setembro\/"]}]},{"@type":"ImageObject","inLanguage":"pt-BR","@id":"https:\/\/www.blogsoestado.com\/evandrojunior\/2024\/06\/17\/double-you-vai-se-apresentar-em-sao-luis-em-setembro\/#primaryimage","url":"https:\/\/www.blogsoestado.com\/evandrojunior\/files\/2024\/06\/WhatsApp-Image-2024-06-17-at-11.29.41.jpeg","contentUrl":"https:\/\/www.blogsoestado.com\/evandrojunior\/files\/2024\/06\/WhatsApp-Image-2024-06-17-at-11.29.41.jpeg"},{"@type":"BreadcrumbList","@id":"https:\/\/www.blogsoestado.com\/evandrojunior\/2024\/06\/17\/double-you-vai-se-apresentar-em-sao-luis-em-setembro\/#breadcrumb","itemListElement":[{"@type":"ListItem","position":1,"name":"In\u00edcio","item":"https:\/\/www.blogsoestado.com\/evandrojunior\/"},{"@type":"ListItem","position":2,"name":"Double You vai se apresentar em S\u00e3o Lu\u00eds em setembro"}]},{"@type":"WebSite","@id":"https:\/\/www.blogsoestado.com\/evandrojunior\/#website","url":"https:\/\/www.blogsoestado.com\/evandrojunior\/","name":"Evandro Junior","description":"","potentialAction":[{"@type":"SearchAction","target":{"@type":"EntryPoint","urlTemplate":"https:\/\/www.blogsoestado.com\/evandrojunior\/?s={search_term_string}"},"query-input":{"@type":"PropertyValueSpecification","valueRequired":true,"valueName":"search_term_string"}}],"inLanguage":"pt-BR"},{"@type":"Person","@id":"https:\/\/www.blogsoestado.com\/evandrojunior\/#\/schema\/person\/3e6c3d8dbb740d1c6878ebc935cfb3be","name":"Evandro Junior","image":{"@type":"ImageObject","inLanguage":"pt-BR","@id":"https:\/\/www.blogsoestado.com\/evandrojunior\/#\/schema\/person\/image\/","url":"https:\/\/secure.gravatar.com\/avatar\/f80a03a2294a580cd2318bfb459bf354cfa8be661ef3d95b542cf9a04af8d129?s=96&d=mm&r=g","contentUrl":"https:\/\/secure.gravatar.com\/avatar\/f80a03a2294a580cd2318bfb459bf354cfa8be661ef3d95b542cf9a04af8d129?s=96&d=mm&r=g","caption":"Evandro Junior"},"url":"https:\/\/www.blogsoestado.com\/evandrojunior\/author\/evandrojunior\/"}]}},"jetpack_featured_media_url":"","_links":{"self":[{"href":"https:\/\/www.blogsoestado.com\/evandrojunior\/wp-json\/wp\/v2\/posts\/12033","targetHints":{"allow":["GET"]}}],"collection":[{"href":"https:\/\/www.blogsoestado.com\/evandrojunior\/wp-json\/wp\/v2\/posts"}],"about":[{"href":"https:\/\/www.blogsoestado.com\/evandrojunior\/wp-json\/wp\/v2\/types\/post"}],"author":[{"embeddable":true,"href":"https:\/\/www.blogsoestado.com\/evandrojunior\/wp-json\/wp\/v2\/users\/4"}],"replies":[{"embeddable":true,"href":"https:\/\/www.blogsoestado.com\/evandrojunior\/wp-json\/wp\/v2\/comments?post=12033"}],"version-history":[{"count":0,"href":"https:\/\/www.blogsoestado.com\/evandrojunior\/wp-json\/wp\/v2\/posts\/12033\/revisions"}],"wp:attachment":[{"href":"https:\/\/www.blogsoestado.com\/evandrojunior\/wp-json\/wp\/v2\/media?parent=12033"}],"wp:term":[{"taxonomy":"category","embeddable":true,"href":"https:\/\/www.blogsoestado.com\/evandrojunior\/wp-json\/wp\/v2\/categories?post=12033"},{"taxonomy":"post_tag","embeddable":true,"href":"https:\/\/www.blogsoestado.com\/evandrojunior\/wp-json\/wp\/v2\/tags?post=12033"}],"curies":[{"name":"wp","href":"https:\/\/api.w.org\/{rel}","templated":true}]}}