{"id":12043,"date":"2024-06-17T15:59:37","date_gmt":"2024-06-17T18:59:37","guid":{"rendered":"https:\/\/www.blogsoestado.com\/evandrojunior\/?p=12043"},"modified":"2024-06-17T15:59:37","modified_gmt":"2024-06-17T18:59:37","slug":"bumba-meu-sao-joao-transforma-arena-castelao-em-palco-de-estrelas","status":"publish","type":"post","link":"https:\/\/www.blogsoestado.com\/evandrojunior\/2024\/06\/17\/bumba-meu-sao-joao-transforma-arena-castelao-em-palco-de-estrelas\/","title":{"rendered":"&#8216;Bumba Meu S\u00e3o Jo\u00e3o&#8217;  transforma Arena Castel\u00e3o em palco de estrelas"},"content":{"rendered":"\n<div class=\"wp-block-image\"><figure class=\"aligncenter size-large is-resized\"><img fetchpriority=\"high\" decoding=\"async\" src=\"https:\/\/www.blogsoestado.com\/evandrojunior\/files\/2024\/06\/WhatsApp-Image-2024-06-17-at-15.56.15.jpeg\" alt=\"\" class=\"wp-image-12046\" width=\"657\" height=\"427\"\/><figcaption><strong>Arena Castel\u00e3o consagra-se como um dos mais prestigiados espa\u00e7os da temporada junina<\/strong><\/figcaption><\/figure><\/div>\n\n\n\n<p><strong>S\u00e3o Lu\u00eds<\/strong> &#8211; A primeira semana do &#8220;Bumba meu S\u00e3o Jo\u00e3o&#8221; foi marcada por momentos memor\u00e1veis e uma atmosfera de celebra\u00e7\u00e3o em meio \u00e0 energia positiva do p\u00fablico. <\/p>\n\n\n\n<p>O evento, que reuniu uma diversidade de atra\u00e7\u00f5es culturais, foi calorosamente recebido pela comunidade com uma aceita\u00e7\u00e3o extremamente positiva.<\/p>\n\n\n\n<p>O evento \u00e9 realizado com apoio do Governo do Maranh\u00e3o, Minist\u00e9rio do Turismo, Sesc, e patroc\u00ednio da Devassa, Vai de Bet, Correios, Governo Federal, Guaran\u00e1 Jesus, Claro e O Botic\u00e1rio.<\/p>\n\n\n\n<div class=\"wp-block-image\"><figure class=\"aligncenter size-large is-resized\"><img decoding=\"async\" src=\"https:\/\/www.blogsoestado.com\/evandrojunior\/files\/2024\/06\/WhatsApp-Image-2024-06-17-at-15.43.05-684x1024.jpeg\" alt=\"\" class=\"wp-image-12047\" width=\"445\" height=\"666\"\/><figcaption><strong>Nattan foi uma das atra\u00e7\u00f5es da noite de domingo (16)<\/strong><\/figcaption><\/figure><\/div>\n\n\n\n<p>As festividades proporcionaram aos presentes n\u00e3o apenas entretenimento de qualidade, mas tamb\u00e9m a oportunidade de mergulhar nas tradi\u00e7\u00f5es locais e vivenciar a riqueza da cultura junina. <\/p>\n\n\n\n<p>O clima acolhedor e a harmonia presente durante toda a semana foram provas do sucesso e da import\u00e2ncia do Bumba meu S\u00e3o Jo\u00e3o para a capital.<\/p>\n\n\n\n<p>O engajamento do p\u00fablico, a participa\u00e7\u00e3o ativa nos eventos e a energia vibrante que permeou cada apresenta\u00e7\u00e3o foram reflexos da conex\u00e3o especial criada entre os artistas, organizadores e o p\u00fablico presente. <\/p>\n\n\n\n<p>O apoio e a receptividade calorosa demonstrados ao longo da primeira semana s\u00e3o um ind\u00edcio claro do impacto positivo que o Bumba meu S\u00e3o Jo\u00e3o tem na comunidade e da expectativa por mais momentos inesquec\u00edveis nas pr\u00f3ximas etapas do festival.<\/p>\n\n\n\n<div class=\"wp-block-image\"><figure class=\"aligncenter size-large is-resized\"><img decoding=\"async\" src=\"https:\/\/www.blogsoestado.com\/evandrojunior\/files\/2024\/06\/WhatsApp-Image-2024-06-17-at-15.42.57-1024x684.jpeg\" alt=\"\" class=\"wp-image-12048\" width=\"611\" height=\"408\"\/><figcaption><strong>Clima de descontra\u00e7\u00e3o \u00e9 um dos atrativos da Arena Castel\u00e3o<\/strong><\/figcaption><\/figure><\/div>\n\n\n\n<p><strong>Informa\u00e7\u00f5es:<\/strong><\/p>\n\n\n\n<p>19 de junho: Luan Santana, Gustavo Mioto, Felipe Amorim e Toca do Vale<\/p>\n\n\n\n<p>21 de junho: Henrique &amp; Juliano, \u00c1vine e Z\u00e9 Cantor<\/p>\n\n\n\n<p>Hor\u00e1rio: 18h<\/p>\n\n\n\n<p>Quanto: Entrada gratuita na Arena. Ingressos para o Camarote \u00e0 venda na 4M\u00e3os Store ou na bilheteria do evento.<br>Informa\u00e7\u00f5es:<br><\/p>\n\n\n\n<p>Site: https:\/\/brasilticket.com.br\/categories\/bumba-meu-sao-joao.html<\/p>\n\n\n\n<p>Instagram: @bumbameusaojoao<\/p>\n","protected":false},"excerpt":{"rendered":"<p>S\u00e3o Lu\u00eds &#8211; A primeira semana do &#8220;Bumba meu S\u00e3o Jo\u00e3o&#8221; foi marcada por momentos memor\u00e1veis e uma atmosfera de [&hellip;]<\/p>\n","protected":false},"author":4,"featured_media":0,"comment_status":"open","ping_status":"open","sticky":false,"template":"","format":"standard","meta":{"site-sidebar-layout":"default","site-content-layout":"","ast-site-content-layout":"default","site-content-style":"default","site-sidebar-style":"default","ast-global-header-display":"","ast-banner-title-visibility":"","ast-main-header-display":"","ast-hfb-above-header-display":"","ast-hfb-below-header-display":"","ast-hfb-mobile-header-display":"","site-post-title":"","ast-breadcrumbs-content":"","ast-featured-img":"","footer-sml-layout":"","ast-disable-related-posts":"","theme-transparent-header-meta":"","adv-header-id-meta":"","stick-header-meta":"","header-above-stick-meta":"","header-main-stick-meta":"","header-below-stick-meta":"","astra-migrate-meta-layouts":"default","ast-page-background-enabled":"default","ast-page-background-meta":{"desktop":{"background-color":"var(--ast-global-color-5)","background-image":"","background-repeat":"repeat","background-position":"center center","background-size":"auto","background-attachment":"scroll","background-type":"","background-media":"","overlay-type":"","overlay-color":"","overlay-opacity":"","overlay-gradient":""},"tablet":{"background-color":"","background-image":"","background-repeat":"repeat","background-position":"center center","background-size":"auto","background-attachment":"scroll","background-type":"","background-media":"","overlay-type":"","overlay-color":"","overlay-opacity":"","overlay-gradient":""},"mobile":{"background-color":"","background-image":"","background-repeat":"repeat","background-position":"center center","background-size":"auto","background-attachment":"scroll","background-type":"","background-media":"","overlay-type":"","overlay-color":"","overlay-opacity":"","overlay-gradient":""}},"ast-content-background-meta":{"desktop":{"background-color":"var(--ast-global-color-4)","background-image":"","background-repeat":"repeat","background-position":"center center","background-size":"auto","background-attachment":"scroll","background-type":"","background-media":"","overlay-type":"","overlay-color":"","overlay-opacity":"","overlay-gradient":""},"tablet":{"background-color":"var(--ast-global-color-4)","background-image":"","background-repeat":"repeat","background-position":"center center","background-size":"auto","background-attachment":"scroll","background-type":"","background-media":"","overlay-type":"","overlay-color":"","overlay-opacity":"","overlay-gradient":""},"mobile":{"background-color":"var(--ast-global-color-4)","background-image":"","background-repeat":"repeat","background-position":"center center","background-size":"auto","background-attachment":"scroll","background-type":"","background-media":"","overlay-type":"","overlay-color":"","overlay-opacity":"","overlay-gradient":""}},"footnotes":""},"categories":[1],"tags":[],"class_list":["post-12043","post","type-post","status-publish","format-standard","hentry","category-sem-categoria"],"yoast_head":"<!-- This site is optimized with the Yoast SEO plugin v26.6 - https:\/\/yoast.com\/wordpress\/plugins\/seo\/ -->\n<title>&#039;Bumba Meu S\u00e3o Jo\u00e3o&#039; transforma Arena Castel\u00e3o em palco de estrelas - Evandro Junior<\/title>\n<meta name=\"robots\" content=\"index, follow, max-snippet:-1, max-image-preview:large, max-video-preview:-1\" \/>\n<link rel=\"canonical\" href=\"https:\/\/www.blogsoestado.com\/evandrojunior\/2024\/06\/17\/bumba-meu-sao-joao-transforma-arena-castelao-em-palco-de-estrelas\/\" \/>\n<meta property=\"og:locale\" content=\"pt_BR\" \/>\n<meta property=\"og:type\" content=\"article\" \/>\n<meta property=\"og:title\" content=\"&#039;Bumba Meu S\u00e3o Jo\u00e3o&#039; transforma Arena Castel\u00e3o em palco de estrelas - Evandro Junior\" \/>\n<meta property=\"og:description\" content=\"S\u00e3o Lu\u00eds &#8211; A primeira semana do &#8220;Bumba meu S\u00e3o Jo\u00e3o&#8221; foi marcada por momentos memor\u00e1veis e uma atmosfera de [&hellip;]\" \/>\n<meta property=\"og:url\" content=\"https:\/\/www.blogsoestado.com\/evandrojunior\/2024\/06\/17\/bumba-meu-sao-joao-transforma-arena-castelao-em-palco-de-estrelas\/\" \/>\n<meta property=\"og:site_name\" content=\"Evandro Junior\" \/>\n<meta property=\"article:published_time\" content=\"2024-06-17T18:59:37+00:00\" \/>\n<meta property=\"og:image\" content=\"https:\/\/www.blogsoestado.com\/evandrojunior\/files\/2024\/06\/WhatsApp-Image-2024-06-17-at-15.56.15.jpeg\" \/>\n<meta name=\"author\" content=\"Evandro Junior\" \/>\n<meta name=\"twitter:card\" content=\"summary_large_image\" \/>\n<meta name=\"twitter:label1\" content=\"Escrito por\" \/>\n\t<meta name=\"twitter:data1\" content=\"Evandro Junior\" \/>\n\t<meta name=\"twitter:label2\" content=\"Est. tempo de leitura\" \/>\n\t<meta name=\"twitter:data2\" content=\"2 minutos\" \/>\n<script type=\"application\/ld+json\" class=\"yoast-schema-graph\">{\"@context\":\"https:\/\/schema.org\",\"@graph\":[{\"@type\":\"WebPage\",\"@id\":\"https:\/\/www.blogsoestado.com\/evandrojunior\/2024\/06\/17\/bumba-meu-sao-joao-transforma-arena-castelao-em-palco-de-estrelas\/\",\"url\":\"https:\/\/www.blogsoestado.com\/evandrojunior\/2024\/06\/17\/bumba-meu-sao-joao-transforma-arena-castelao-em-palco-de-estrelas\/\",\"name\":\"'Bumba Meu S\u00e3o Jo\u00e3o' transforma Arena Castel\u00e3o em palco de estrelas - Evandro Junior\",\"isPartOf\":{\"@id\":\"https:\/\/www.blogsoestado.com\/evandrojunior\/#website\"},\"primaryImageOfPage\":{\"@id\":\"https:\/\/www.blogsoestado.com\/evandrojunior\/2024\/06\/17\/bumba-meu-sao-joao-transforma-arena-castelao-em-palco-de-estrelas\/#primaryimage\"},\"image\":{\"@id\":\"https:\/\/www.blogsoestado.com\/evandrojunior\/2024\/06\/17\/bumba-meu-sao-joao-transforma-arena-castelao-em-palco-de-estrelas\/#primaryimage\"},\"thumbnailUrl\":\"https:\/\/www.blogsoestado.com\/evandrojunior\/files\/2024\/06\/WhatsApp-Image-2024-06-17-at-15.56.15.jpeg\",\"datePublished\":\"2024-06-17T18:59:37+00:00\",\"author\":{\"@id\":\"https:\/\/www.blogsoestado.com\/evandrojunior\/#\/schema\/person\/3e6c3d8dbb740d1c6878ebc935cfb3be\"},\"breadcrumb\":{\"@id\":\"https:\/\/www.blogsoestado.com\/evandrojunior\/2024\/06\/17\/bumba-meu-sao-joao-transforma-arena-castelao-em-palco-de-estrelas\/#breadcrumb\"},\"inLanguage\":\"pt-BR\",\"potentialAction\":[{\"@type\":\"ReadAction\",\"target\":[\"https:\/\/www.blogsoestado.com\/evandrojunior\/2024\/06\/17\/bumba-meu-sao-joao-transforma-arena-castelao-em-palco-de-estrelas\/\"]}]},{\"@type\":\"ImageObject\",\"inLanguage\":\"pt-BR\",\"@id\":\"https:\/\/www.blogsoestado.com\/evandrojunior\/2024\/06\/17\/bumba-meu-sao-joao-transforma-arena-castelao-em-palco-de-estrelas\/#primaryimage\",\"url\":\"https:\/\/www.blogsoestado.com\/evandrojunior\/files\/2024\/06\/WhatsApp-Image-2024-06-17-at-15.56.15.jpeg\",\"contentUrl\":\"https:\/\/www.blogsoestado.com\/evandrojunior\/files\/2024\/06\/WhatsApp-Image-2024-06-17-at-15.56.15.jpeg\"},{\"@type\":\"BreadcrumbList\",\"@id\":\"https:\/\/www.blogsoestado.com\/evandrojunior\/2024\/06\/17\/bumba-meu-sao-joao-transforma-arena-castelao-em-palco-de-estrelas\/#breadcrumb\",\"itemListElement\":[{\"@type\":\"ListItem\",\"position\":1,\"name\":\"In\u00edcio\",\"item\":\"https:\/\/www.blogsoestado.com\/evandrojunior\/\"},{\"@type\":\"ListItem\",\"position\":2,\"name\":\"&#8216;Bumba Meu S\u00e3o Jo\u00e3o&#8217; transforma Arena Castel\u00e3o em palco de estrelas\"}]},{\"@type\":\"WebSite\",\"@id\":\"https:\/\/www.blogsoestado.com\/evandrojunior\/#website\",\"url\":\"https:\/\/www.blogsoestado.com\/evandrojunior\/\",\"name\":\"Evandro Junior\",\"description\":\"\",\"potentialAction\":[{\"@type\":\"SearchAction\",\"target\":{\"@type\":\"EntryPoint\",\"urlTemplate\":\"https:\/\/www.blogsoestado.com\/evandrojunior\/?s={search_term_string}\"},\"query-input\":{\"@type\":\"PropertyValueSpecification\",\"valueRequired\":true,\"valueName\":\"search_term_string\"}}],\"inLanguage\":\"pt-BR\"},{\"@type\":\"Person\",\"@id\":\"https:\/\/www.blogsoestado.com\/evandrojunior\/#\/schema\/person\/3e6c3d8dbb740d1c6878ebc935cfb3be\",\"name\":\"Evandro Junior\",\"image\":{\"@type\":\"ImageObject\",\"inLanguage\":\"pt-BR\",\"@id\":\"https:\/\/www.blogsoestado.com\/evandrojunior\/#\/schema\/person\/image\/\",\"url\":\"https:\/\/secure.gravatar.com\/avatar\/f80a03a2294a580cd2318bfb459bf354cfa8be661ef3d95b542cf9a04af8d129?s=96&d=mm&r=g\",\"contentUrl\":\"https:\/\/secure.gravatar.com\/avatar\/f80a03a2294a580cd2318bfb459bf354cfa8be661ef3d95b542cf9a04af8d129?s=96&d=mm&r=g\",\"caption\":\"Evandro Junior\"},\"url\":\"https:\/\/www.blogsoestado.com\/evandrojunior\/author\/evandrojunior\/\"}]}<\/script>\n<!-- \/ Yoast SEO plugin. -->","yoast_head_json":{"title":"'Bumba Meu S\u00e3o Jo\u00e3o' transforma Arena Castel\u00e3o em palco de estrelas - Evandro Junior","robots":{"index":"index","follow":"follow","max-snippet":"max-snippet:-1","max-image-preview":"max-image-preview:large","max-video-preview":"max-video-preview:-1"},"canonical":"https:\/\/www.blogsoestado.com\/evandrojunior\/2024\/06\/17\/bumba-meu-sao-joao-transforma-arena-castelao-em-palco-de-estrelas\/","og_locale":"pt_BR","og_type":"article","og_title":"'Bumba Meu S\u00e3o Jo\u00e3o' transforma Arena Castel\u00e3o em palco de estrelas - Evandro Junior","og_description":"S\u00e3o Lu\u00eds &#8211; A primeira semana do &#8220;Bumba meu S\u00e3o Jo\u00e3o&#8221; foi marcada por momentos memor\u00e1veis e uma atmosfera de [&hellip;]","og_url":"https:\/\/www.blogsoestado.com\/evandrojunior\/2024\/06\/17\/bumba-meu-sao-joao-transforma-arena-castelao-em-palco-de-estrelas\/","og_site_name":"Evandro Junior","article_published_time":"2024-06-17T18:59:37+00:00","og_image":[{"url":"https:\/\/www.blogsoestado.com\/evandrojunior\/files\/2024\/06\/WhatsApp-Image-2024-06-17-at-15.56.15.jpeg","type":"","width":"","height":""}],"author":"Evandro Junior","twitter_card":"summary_large_image","twitter_misc":{"Escrito por":"Evandro Junior","Est. tempo de leitura":"2 minutos"},"schema":{"@context":"https:\/\/schema.org","@graph":[{"@type":"WebPage","@id":"https:\/\/www.blogsoestado.com\/evandrojunior\/2024\/06\/17\/bumba-meu-sao-joao-transforma-arena-castelao-em-palco-de-estrelas\/","url":"https:\/\/www.blogsoestado.com\/evandrojunior\/2024\/06\/17\/bumba-meu-sao-joao-transforma-arena-castelao-em-palco-de-estrelas\/","name":"'Bumba Meu S\u00e3o Jo\u00e3o' transforma Arena Castel\u00e3o em palco de estrelas - Evandro Junior","isPartOf":{"@id":"https:\/\/www.blogsoestado.com\/evandrojunior\/#website"},"primaryImageOfPage":{"@id":"https:\/\/www.blogsoestado.com\/evandrojunior\/2024\/06\/17\/bumba-meu-sao-joao-transforma-arena-castelao-em-palco-de-estrelas\/#primaryimage"},"image":{"@id":"https:\/\/www.blogsoestado.com\/evandrojunior\/2024\/06\/17\/bumba-meu-sao-joao-transforma-arena-castelao-em-palco-de-estrelas\/#primaryimage"},"thumbnailUrl":"https:\/\/www.blogsoestado.com\/evandrojunior\/files\/2024\/06\/WhatsApp-Image-2024-06-17-at-15.56.15.jpeg","datePublished":"2024-06-17T18:59:37+00:00","author":{"@id":"https:\/\/www.blogsoestado.com\/evandrojunior\/#\/schema\/person\/3e6c3d8dbb740d1c6878ebc935cfb3be"},"breadcrumb":{"@id":"https:\/\/www.blogsoestado.com\/evandrojunior\/2024\/06\/17\/bumba-meu-sao-joao-transforma-arena-castelao-em-palco-de-estrelas\/#breadcrumb"},"inLanguage":"pt-BR","potentialAction":[{"@type":"ReadAction","target":["https:\/\/www.blogsoestado.com\/evandrojunior\/2024\/06\/17\/bumba-meu-sao-joao-transforma-arena-castelao-em-palco-de-estrelas\/"]}]},{"@type":"ImageObject","inLanguage":"pt-BR","@id":"https:\/\/www.blogsoestado.com\/evandrojunior\/2024\/06\/17\/bumba-meu-sao-joao-transforma-arena-castelao-em-palco-de-estrelas\/#primaryimage","url":"https:\/\/www.blogsoestado.com\/evandrojunior\/files\/2024\/06\/WhatsApp-Image-2024-06-17-at-15.56.15.jpeg","contentUrl":"https:\/\/www.blogsoestado.com\/evandrojunior\/files\/2024\/06\/WhatsApp-Image-2024-06-17-at-15.56.15.jpeg"},{"@type":"BreadcrumbList","@id":"https:\/\/www.blogsoestado.com\/evandrojunior\/2024\/06\/17\/bumba-meu-sao-joao-transforma-arena-castelao-em-palco-de-estrelas\/#breadcrumb","itemListElement":[{"@type":"ListItem","position":1,"name":"In\u00edcio","item":"https:\/\/www.blogsoestado.com\/evandrojunior\/"},{"@type":"ListItem","position":2,"name":"&#8216;Bumba Meu S\u00e3o Jo\u00e3o&#8217; transforma Arena Castel\u00e3o em palco de estrelas"}]},{"@type":"WebSite","@id":"https:\/\/www.blogsoestado.com\/evandrojunior\/#website","url":"https:\/\/www.blogsoestado.com\/evandrojunior\/","name":"Evandro Junior","description":"","potentialAction":[{"@type":"SearchAction","target":{"@type":"EntryPoint","urlTemplate":"https:\/\/www.blogsoestado.com\/evandrojunior\/?s={search_term_string}"},"query-input":{"@type":"PropertyValueSpecification","valueRequired":true,"valueName":"search_term_string"}}],"inLanguage":"pt-BR"},{"@type":"Person","@id":"https:\/\/www.blogsoestado.com\/evandrojunior\/#\/schema\/person\/3e6c3d8dbb740d1c6878ebc935cfb3be","name":"Evandro Junior","image":{"@type":"ImageObject","inLanguage":"pt-BR","@id":"https:\/\/www.blogsoestado.com\/evandrojunior\/#\/schema\/person\/image\/","url":"https:\/\/secure.gravatar.com\/avatar\/f80a03a2294a580cd2318bfb459bf354cfa8be661ef3d95b542cf9a04af8d129?s=96&d=mm&r=g","contentUrl":"https:\/\/secure.gravatar.com\/avatar\/f80a03a2294a580cd2318bfb459bf354cfa8be661ef3d95b542cf9a04af8d129?s=96&d=mm&r=g","caption":"Evandro Junior"},"url":"https:\/\/www.blogsoestado.com\/evandrojunior\/author\/evandrojunior\/"}]}},"jetpack_featured_media_url":"","_links":{"self":[{"href":"https:\/\/www.blogsoestado.com\/evandrojunior\/wp-json\/wp\/v2\/posts\/12043","targetHints":{"allow":["GET"]}}],"collection":[{"href":"https:\/\/www.blogsoestado.com\/evandrojunior\/wp-json\/wp\/v2\/posts"}],"about":[{"href":"https:\/\/www.blogsoestado.com\/evandrojunior\/wp-json\/wp\/v2\/types\/post"}],"author":[{"embeddable":true,"href":"https:\/\/www.blogsoestado.com\/evandrojunior\/wp-json\/wp\/v2\/users\/4"}],"replies":[{"embeddable":true,"href":"https:\/\/www.blogsoestado.com\/evandrojunior\/wp-json\/wp\/v2\/comments?post=12043"}],"version-history":[{"count":0,"href":"https:\/\/www.blogsoestado.com\/evandrojunior\/wp-json\/wp\/v2\/posts\/12043\/revisions"}],"wp:attachment":[{"href":"https:\/\/www.blogsoestado.com\/evandrojunior\/wp-json\/wp\/v2\/media?parent=12043"}],"wp:term":[{"taxonomy":"category","embeddable":true,"href":"https:\/\/www.blogsoestado.com\/evandrojunior\/wp-json\/wp\/v2\/categories?post=12043"},{"taxonomy":"post_tag","embeddable":true,"href":"https:\/\/www.blogsoestado.com\/evandrojunior\/wp-json\/wp\/v2\/tags?post=12043"}],"curies":[{"name":"wp","href":"https:\/\/api.w.org\/{rel}","templated":true}]}}