{"id":12082,"date":"2024-06-24T17:02:21","date_gmt":"2024-06-24T20:02:21","guid":{"rendered":"https:\/\/www.blogsoestado.com\/evandrojunior\/?p=12082"},"modified":"2024-06-24T17:02:21","modified_gmt":"2024-06-24T20:02:21","slug":"avine-emociona-publico-ao-levantar-bandeira-do-maranhao-ao-som-do-boi-da-maioba","status":"publish","type":"post","link":"https:\/\/www.blogsoestado.com\/evandrojunior\/2024\/06\/24\/avine-emociona-publico-ao-levantar-bandeira-do-maranhao-ao-som-do-boi-da-maioba\/","title":{"rendered":"\u00c1vine emociona p\u00fablico ao levantar bandeira do Maranh\u00e3o ao som do Boi da Maioba"},"content":{"rendered":"\n<div class=\"wp-block-image\"><figure class=\"aligncenter size-large\"><img decoding=\"async\" src=\"https:\/\/www.blogsoestado.com\/evandrojunior\/files\/2024\/06\/WhatsApp-Image-2024-06-24-at-13.20.20-576x1024.jpeg\" alt=\"\" class=\"wp-image-12083\"\/><figcaption><strong>\u00c1vine com a bandeira do Maranh\u00e3o em um dos shows mais marcantes da temporada junina em S\u00e3o Lu\u00eds, que reuniu mais de 100 mil pessoas na Arena Castel\u00e3o <\/strong><\/figcaption><\/figure><\/div>\n\n\n\n<p>S\u00e3o Lu\u00eds &#8211; Na noite de sexta-feira (21), a cidade de S\u00e3o Lu\u00eds foi palco de um dos shows mais emocionantes do S\u00e3o Jo\u00e3o do Governo do Maranh\u00e3o. O cantor \u00c1vine, conhecido por sua energia contagiante, fez uma apresenta\u00e7\u00e3o inesquec\u00edvel ao levantar a bandeira do estado ao som do Boi da Maioba. O evento, que marcou o encerramento das celebra\u00e7\u00f5es juninas, atraiu um p\u00fablico de aproximadamente 100 mil pessoas.<\/p>\n\n\n\n<p>A apresenta\u00e7\u00e3o de \u00c1vine ao som do Boi da Maioba foi um dos momentos mais marcantes da noite, refletindo a rica cultura maranhense e celebrando a uni\u00e3o e alegria do povo durante as festividades de S\u00e3o Jo\u00e3o.<\/p>\n\n\n\n<p>&#8220;Tenho um amor imenso pelo Maranh\u00e3o. Cada vez que subo no palco aqui, sinto uma energia \u00fanica e indescrit\u00edvel. O S\u00e3o Jo\u00e3o \u00e9 uma das festas que celebra a tradi\u00e7\u00e3o e a cultura deste estado maravilhoso, e poder fazer parte disso me enche de orgulho e gratid\u00e3o,&#8221; declarou \u00c1vine.<\/p>\n\n\n\n<p>Em turn\u00ea de S\u00e3o Jo\u00e3o com 24 apresenta\u00e7\u00f5es programadas para este per\u00edodo junino, \u00c1vine, com uma carreira em ascens\u00e3o e um p\u00fablico fiel, continua a conquistar cora\u00e7\u00f5es por onde passa. O show de encerramento em S\u00e3o Lu\u00eds foi uma prova do amor rec\u00edproco entre o cantor e seus f\u00e3s maranhenses.<\/p>\n\n\n\n<p>\u00c1vine \u00e9 um cantor que vem se destacando no cen\u00e1rio musical brasileiro, conhecido por suas apresenta\u00e7\u00f5es vibrantes e sua conex\u00e3o genu\u00edna com o p\u00fablico. Com v\u00e1rios sucessos nas paradas de todo o pa\u00eds, \u00c1vine continua a expandir sua carreira, levando sua m\u00fasica e carisma para cada vez mais pessoas.<\/p>\n\n\n\n<p>A festa tamb\u00e9m contou com as participa\u00e7\u00f5es dos artistas Henrique &amp; Juliano e Z\u00e9 Cantor.<\/p>\n","protected":false},"excerpt":{"rendered":"<p>S\u00e3o Lu\u00eds &#8211; Na noite de sexta-feira (21), a cidade de S\u00e3o Lu\u00eds foi palco de um dos shows mais [&hellip;]<\/p>\n","protected":false},"author":4,"featured_media":0,"comment_status":"open","ping_status":"open","sticky":false,"template":"","format":"standard","meta":{"site-sidebar-layout":"default","site-content-layout":"","ast-site-content-layout":"default","site-content-style":"default","site-sidebar-style":"default","ast-global-header-display":"","ast-banner-title-visibility":"","ast-main-header-display":"","ast-hfb-above-header-display":"","ast-hfb-below-header-display":"","ast-hfb-mobile-header-display":"","site-post-title":"","ast-breadcrumbs-content":"","ast-featured-img":"","footer-sml-layout":"","ast-disable-related-posts":"","theme-transparent-header-meta":"","adv-header-id-meta":"","stick-header-meta":"","header-above-stick-meta":"","header-main-stick-meta":"","header-below-stick-meta":"","astra-migrate-meta-layouts":"default","ast-page-background-enabled":"default","ast-page-background-meta":{"desktop":{"background-color":"var(--ast-global-color-5)","background-image":"","background-repeat":"repeat","background-position":"center center","background-size":"auto","background-attachment":"scroll","background-type":"","background-media":"","overlay-type":"","overlay-color":"","overlay-opacity":"","overlay-gradient":""},"tablet":{"background-color":"","background-image":"","background-repeat":"repeat","background-position":"center center","background-size":"auto","background-attachment":"scroll","background-type":"","background-media":"","overlay-type":"","overlay-color":"","overlay-opacity":"","overlay-gradient":""},"mobile":{"background-color":"","background-image":"","background-repeat":"repeat","background-position":"center center","background-size":"auto","background-attachment":"scroll","background-type":"","background-media":"","overlay-type":"","overlay-color":"","overlay-opacity":"","overlay-gradient":""}},"ast-content-background-meta":{"desktop":{"background-color":"var(--ast-global-color-4)","background-image":"","background-repeat":"repeat","background-position":"center center","background-size":"auto","background-attachment":"scroll","background-type":"","background-media":"","overlay-type":"","overlay-color":"","overlay-opacity":"","overlay-gradient":""},"tablet":{"background-color":"var(--ast-global-color-4)","background-image":"","background-repeat":"repeat","background-position":"center center","background-size":"auto","background-attachment":"scroll","background-type":"","background-media":"","overlay-type":"","overlay-color":"","overlay-opacity":"","overlay-gradient":""},"mobile":{"background-color":"var(--ast-global-color-4)","background-image":"","background-repeat":"repeat","background-position":"center center","background-size":"auto","background-attachment":"scroll","background-type":"","background-media":"","overlay-type":"","overlay-color":"","overlay-opacity":"","overlay-gradient":""}},"footnotes":""},"categories":[1],"tags":[],"class_list":["post-12082","post","type-post","status-publish","format-standard","hentry","category-sem-categoria"],"yoast_head":"<!-- This site is optimized with the Yoast SEO plugin v26.6 - https:\/\/yoast.com\/wordpress\/plugins\/seo\/ -->\n<title>\u00c1vine emociona p\u00fablico ao levantar bandeira do Maranh\u00e3o ao som do Boi da Maioba - Evandro Junior<\/title>\n<meta name=\"robots\" content=\"index, follow, max-snippet:-1, max-image-preview:large, max-video-preview:-1\" \/>\n<link rel=\"canonical\" href=\"https:\/\/www.blogsoestado.com\/evandrojunior\/2024\/06\/24\/avine-emociona-publico-ao-levantar-bandeira-do-maranhao-ao-som-do-boi-da-maioba\/\" \/>\n<meta property=\"og:locale\" content=\"pt_BR\" \/>\n<meta property=\"og:type\" content=\"article\" \/>\n<meta property=\"og:title\" content=\"\u00c1vine emociona p\u00fablico ao levantar bandeira do Maranh\u00e3o ao som do Boi da Maioba - Evandro Junior\" \/>\n<meta property=\"og:description\" content=\"S\u00e3o Lu\u00eds &#8211; Na noite de sexta-feira (21), a cidade de S\u00e3o Lu\u00eds foi palco de um dos shows mais [&hellip;]\" \/>\n<meta property=\"og:url\" content=\"https:\/\/www.blogsoestado.com\/evandrojunior\/2024\/06\/24\/avine-emociona-publico-ao-levantar-bandeira-do-maranhao-ao-som-do-boi-da-maioba\/\" \/>\n<meta property=\"og:site_name\" content=\"Evandro Junior\" \/>\n<meta property=\"article:published_time\" content=\"2024-06-24T20:02:21+00:00\" \/>\n<meta property=\"og:image\" content=\"https:\/\/www.blogsoestado.com\/evandrojunior\/files\/2024\/06\/WhatsApp-Image-2024-06-24-at-13.20.20-576x1024.jpeg\" \/>\n<meta name=\"author\" content=\"Evandro Junior\" \/>\n<meta name=\"twitter:card\" content=\"summary_large_image\" \/>\n<meta name=\"twitter:label1\" content=\"Escrito por\" \/>\n\t<meta name=\"twitter:data1\" content=\"Evandro Junior\" \/>\n\t<meta name=\"twitter:label2\" content=\"Est. tempo de leitura\" \/>\n\t<meta name=\"twitter:data2\" content=\"2 minutos\" \/>\n<script type=\"application\/ld+json\" class=\"yoast-schema-graph\">{\"@context\":\"https:\/\/schema.org\",\"@graph\":[{\"@type\":\"WebPage\",\"@id\":\"https:\/\/www.blogsoestado.com\/evandrojunior\/2024\/06\/24\/avine-emociona-publico-ao-levantar-bandeira-do-maranhao-ao-som-do-boi-da-maioba\/\",\"url\":\"https:\/\/www.blogsoestado.com\/evandrojunior\/2024\/06\/24\/avine-emociona-publico-ao-levantar-bandeira-do-maranhao-ao-som-do-boi-da-maioba\/\",\"name\":\"\u00c1vine emociona p\u00fablico ao levantar bandeira do Maranh\u00e3o ao som do Boi da Maioba - Evandro Junior\",\"isPartOf\":{\"@id\":\"https:\/\/www.blogsoestado.com\/evandrojunior\/#website\"},\"primaryImageOfPage\":{\"@id\":\"https:\/\/www.blogsoestado.com\/evandrojunior\/2024\/06\/24\/avine-emociona-publico-ao-levantar-bandeira-do-maranhao-ao-som-do-boi-da-maioba\/#primaryimage\"},\"image\":{\"@id\":\"https:\/\/www.blogsoestado.com\/evandrojunior\/2024\/06\/24\/avine-emociona-publico-ao-levantar-bandeira-do-maranhao-ao-som-do-boi-da-maioba\/#primaryimage\"},\"thumbnailUrl\":\"https:\/\/www.blogsoestado.com\/evandrojunior\/files\/2024\/06\/WhatsApp-Image-2024-06-24-at-13.20.20-576x1024.jpeg\",\"datePublished\":\"2024-06-24T20:02:21+00:00\",\"author\":{\"@id\":\"https:\/\/www.blogsoestado.com\/evandrojunior\/#\/schema\/person\/3e6c3d8dbb740d1c6878ebc935cfb3be\"},\"breadcrumb\":{\"@id\":\"https:\/\/www.blogsoestado.com\/evandrojunior\/2024\/06\/24\/avine-emociona-publico-ao-levantar-bandeira-do-maranhao-ao-som-do-boi-da-maioba\/#breadcrumb\"},\"inLanguage\":\"pt-BR\",\"potentialAction\":[{\"@type\":\"ReadAction\",\"target\":[\"https:\/\/www.blogsoestado.com\/evandrojunior\/2024\/06\/24\/avine-emociona-publico-ao-levantar-bandeira-do-maranhao-ao-som-do-boi-da-maioba\/\"]}]},{\"@type\":\"ImageObject\",\"inLanguage\":\"pt-BR\",\"@id\":\"https:\/\/www.blogsoestado.com\/evandrojunior\/2024\/06\/24\/avine-emociona-publico-ao-levantar-bandeira-do-maranhao-ao-som-do-boi-da-maioba\/#primaryimage\",\"url\":\"https:\/\/www.blogsoestado.com\/evandrojunior\/files\/2024\/06\/WhatsApp-Image-2024-06-24-at-13.20.20-576x1024.jpeg\",\"contentUrl\":\"https:\/\/www.blogsoestado.com\/evandrojunior\/files\/2024\/06\/WhatsApp-Image-2024-06-24-at-13.20.20-576x1024.jpeg\"},{\"@type\":\"BreadcrumbList\",\"@id\":\"https:\/\/www.blogsoestado.com\/evandrojunior\/2024\/06\/24\/avine-emociona-publico-ao-levantar-bandeira-do-maranhao-ao-som-do-boi-da-maioba\/#breadcrumb\",\"itemListElement\":[{\"@type\":\"ListItem\",\"position\":1,\"name\":\"In\u00edcio\",\"item\":\"https:\/\/www.blogsoestado.com\/evandrojunior\/\"},{\"@type\":\"ListItem\",\"position\":2,\"name\":\"\u00c1vine emociona p\u00fablico ao levantar bandeira do Maranh\u00e3o ao som do Boi da Maioba\"}]},{\"@type\":\"WebSite\",\"@id\":\"https:\/\/www.blogsoestado.com\/evandrojunior\/#website\",\"url\":\"https:\/\/www.blogsoestado.com\/evandrojunior\/\",\"name\":\"Evandro Junior\",\"description\":\"\",\"potentialAction\":[{\"@type\":\"SearchAction\",\"target\":{\"@type\":\"EntryPoint\",\"urlTemplate\":\"https:\/\/www.blogsoestado.com\/evandrojunior\/?s={search_term_string}\"},\"query-input\":{\"@type\":\"PropertyValueSpecification\",\"valueRequired\":true,\"valueName\":\"search_term_string\"}}],\"inLanguage\":\"pt-BR\"},{\"@type\":\"Person\",\"@id\":\"https:\/\/www.blogsoestado.com\/evandrojunior\/#\/schema\/person\/3e6c3d8dbb740d1c6878ebc935cfb3be\",\"name\":\"Evandro Junior\",\"image\":{\"@type\":\"ImageObject\",\"inLanguage\":\"pt-BR\",\"@id\":\"https:\/\/www.blogsoestado.com\/evandrojunior\/#\/schema\/person\/image\/\",\"url\":\"https:\/\/secure.gravatar.com\/avatar\/f80a03a2294a580cd2318bfb459bf354cfa8be661ef3d95b542cf9a04af8d129?s=96&d=mm&r=g\",\"contentUrl\":\"https:\/\/secure.gravatar.com\/avatar\/f80a03a2294a580cd2318bfb459bf354cfa8be661ef3d95b542cf9a04af8d129?s=96&d=mm&r=g\",\"caption\":\"Evandro Junior\"},\"url\":\"https:\/\/www.blogsoestado.com\/evandrojunior\/author\/evandrojunior\/\"}]}<\/script>\n<!-- \/ Yoast SEO plugin. -->","yoast_head_json":{"title":"\u00c1vine emociona p\u00fablico ao levantar bandeira do Maranh\u00e3o ao som do Boi da Maioba - Evandro Junior","robots":{"index":"index","follow":"follow","max-snippet":"max-snippet:-1","max-image-preview":"max-image-preview:large","max-video-preview":"max-video-preview:-1"},"canonical":"https:\/\/www.blogsoestado.com\/evandrojunior\/2024\/06\/24\/avine-emociona-publico-ao-levantar-bandeira-do-maranhao-ao-som-do-boi-da-maioba\/","og_locale":"pt_BR","og_type":"article","og_title":"\u00c1vine emociona p\u00fablico ao levantar bandeira do Maranh\u00e3o ao som do Boi da Maioba - Evandro Junior","og_description":"S\u00e3o Lu\u00eds &#8211; Na noite de sexta-feira (21), a cidade de S\u00e3o Lu\u00eds foi palco de um dos shows mais [&hellip;]","og_url":"https:\/\/www.blogsoestado.com\/evandrojunior\/2024\/06\/24\/avine-emociona-publico-ao-levantar-bandeira-do-maranhao-ao-som-do-boi-da-maioba\/","og_site_name":"Evandro Junior","article_published_time":"2024-06-24T20:02:21+00:00","og_image":[{"url":"https:\/\/www.blogsoestado.com\/evandrojunior\/files\/2024\/06\/WhatsApp-Image-2024-06-24-at-13.20.20-576x1024.jpeg","type":"","width":"","height":""}],"author":"Evandro Junior","twitter_card":"summary_large_image","twitter_misc":{"Escrito por":"Evandro Junior","Est. tempo de leitura":"2 minutos"},"schema":{"@context":"https:\/\/schema.org","@graph":[{"@type":"WebPage","@id":"https:\/\/www.blogsoestado.com\/evandrojunior\/2024\/06\/24\/avine-emociona-publico-ao-levantar-bandeira-do-maranhao-ao-som-do-boi-da-maioba\/","url":"https:\/\/www.blogsoestado.com\/evandrojunior\/2024\/06\/24\/avine-emociona-publico-ao-levantar-bandeira-do-maranhao-ao-som-do-boi-da-maioba\/","name":"\u00c1vine emociona p\u00fablico ao levantar bandeira do Maranh\u00e3o ao som do Boi da Maioba - Evandro Junior","isPartOf":{"@id":"https:\/\/www.blogsoestado.com\/evandrojunior\/#website"},"primaryImageOfPage":{"@id":"https:\/\/www.blogsoestado.com\/evandrojunior\/2024\/06\/24\/avine-emociona-publico-ao-levantar-bandeira-do-maranhao-ao-som-do-boi-da-maioba\/#primaryimage"},"image":{"@id":"https:\/\/www.blogsoestado.com\/evandrojunior\/2024\/06\/24\/avine-emociona-publico-ao-levantar-bandeira-do-maranhao-ao-som-do-boi-da-maioba\/#primaryimage"},"thumbnailUrl":"https:\/\/www.blogsoestado.com\/evandrojunior\/files\/2024\/06\/WhatsApp-Image-2024-06-24-at-13.20.20-576x1024.jpeg","datePublished":"2024-06-24T20:02:21+00:00","author":{"@id":"https:\/\/www.blogsoestado.com\/evandrojunior\/#\/schema\/person\/3e6c3d8dbb740d1c6878ebc935cfb3be"},"breadcrumb":{"@id":"https:\/\/www.blogsoestado.com\/evandrojunior\/2024\/06\/24\/avine-emociona-publico-ao-levantar-bandeira-do-maranhao-ao-som-do-boi-da-maioba\/#breadcrumb"},"inLanguage":"pt-BR","potentialAction":[{"@type":"ReadAction","target":["https:\/\/www.blogsoestado.com\/evandrojunior\/2024\/06\/24\/avine-emociona-publico-ao-levantar-bandeira-do-maranhao-ao-som-do-boi-da-maioba\/"]}]},{"@type":"ImageObject","inLanguage":"pt-BR","@id":"https:\/\/www.blogsoestado.com\/evandrojunior\/2024\/06\/24\/avine-emociona-publico-ao-levantar-bandeira-do-maranhao-ao-som-do-boi-da-maioba\/#primaryimage","url":"https:\/\/www.blogsoestado.com\/evandrojunior\/files\/2024\/06\/WhatsApp-Image-2024-06-24-at-13.20.20-576x1024.jpeg","contentUrl":"https:\/\/www.blogsoestado.com\/evandrojunior\/files\/2024\/06\/WhatsApp-Image-2024-06-24-at-13.20.20-576x1024.jpeg"},{"@type":"BreadcrumbList","@id":"https:\/\/www.blogsoestado.com\/evandrojunior\/2024\/06\/24\/avine-emociona-publico-ao-levantar-bandeira-do-maranhao-ao-som-do-boi-da-maioba\/#breadcrumb","itemListElement":[{"@type":"ListItem","position":1,"name":"In\u00edcio","item":"https:\/\/www.blogsoestado.com\/evandrojunior\/"},{"@type":"ListItem","position":2,"name":"\u00c1vine emociona p\u00fablico ao levantar bandeira do Maranh\u00e3o ao som do Boi da Maioba"}]},{"@type":"WebSite","@id":"https:\/\/www.blogsoestado.com\/evandrojunior\/#website","url":"https:\/\/www.blogsoestado.com\/evandrojunior\/","name":"Evandro Junior","description":"","potentialAction":[{"@type":"SearchAction","target":{"@type":"EntryPoint","urlTemplate":"https:\/\/www.blogsoestado.com\/evandrojunior\/?s={search_term_string}"},"query-input":{"@type":"PropertyValueSpecification","valueRequired":true,"valueName":"search_term_string"}}],"inLanguage":"pt-BR"},{"@type":"Person","@id":"https:\/\/www.blogsoestado.com\/evandrojunior\/#\/schema\/person\/3e6c3d8dbb740d1c6878ebc935cfb3be","name":"Evandro Junior","image":{"@type":"ImageObject","inLanguage":"pt-BR","@id":"https:\/\/www.blogsoestado.com\/evandrojunior\/#\/schema\/person\/image\/","url":"https:\/\/secure.gravatar.com\/avatar\/f80a03a2294a580cd2318bfb459bf354cfa8be661ef3d95b542cf9a04af8d129?s=96&d=mm&r=g","contentUrl":"https:\/\/secure.gravatar.com\/avatar\/f80a03a2294a580cd2318bfb459bf354cfa8be661ef3d95b542cf9a04af8d129?s=96&d=mm&r=g","caption":"Evandro Junior"},"url":"https:\/\/www.blogsoestado.com\/evandrojunior\/author\/evandrojunior\/"}]}},"jetpack_featured_media_url":"","_links":{"self":[{"href":"https:\/\/www.blogsoestado.com\/evandrojunior\/wp-json\/wp\/v2\/posts\/12082","targetHints":{"allow":["GET"]}}],"collection":[{"href":"https:\/\/www.blogsoestado.com\/evandrojunior\/wp-json\/wp\/v2\/posts"}],"about":[{"href":"https:\/\/www.blogsoestado.com\/evandrojunior\/wp-json\/wp\/v2\/types\/post"}],"author":[{"embeddable":true,"href":"https:\/\/www.blogsoestado.com\/evandrojunior\/wp-json\/wp\/v2\/users\/4"}],"replies":[{"embeddable":true,"href":"https:\/\/www.blogsoestado.com\/evandrojunior\/wp-json\/wp\/v2\/comments?post=12082"}],"version-history":[{"count":0,"href":"https:\/\/www.blogsoestado.com\/evandrojunior\/wp-json\/wp\/v2\/posts\/12082\/revisions"}],"wp:attachment":[{"href":"https:\/\/www.blogsoestado.com\/evandrojunior\/wp-json\/wp\/v2\/media?parent=12082"}],"wp:term":[{"taxonomy":"category","embeddable":true,"href":"https:\/\/www.blogsoestado.com\/evandrojunior\/wp-json\/wp\/v2\/categories?post=12082"},{"taxonomy":"post_tag","embeddable":true,"href":"https:\/\/www.blogsoestado.com\/evandrojunior\/wp-json\/wp\/v2\/tags?post=12082"}],"curies":[{"name":"wp","href":"https:\/\/api.w.org\/{rel}","templated":true}]}}