{"id":12086,"date":"2024-06-24T19:36:07","date_gmt":"2024-06-24T22:36:07","guid":{"rendered":"https:\/\/www.blogsoestado.com\/evandrojunior\/?p=12086"},"modified":"2024-06-24T19:36:07","modified_gmt":"2024-06-24T22:36:07","slug":"beira-dumar-sera-a-mais-bela-vista-para-a-felicidade","status":"publish","type":"post","link":"https:\/\/www.blogsoestado.com\/evandrojunior\/2024\/06\/24\/beira-dumar-sera-a-mais-bela-vista-para-a-felicidade\/","title":{"rendered":"Beira Dumar ser\u00e1 a mais bela vista para a felicidade"},"content":{"rendered":"\n<div class=\"wp-block-image\"><figure class=\"aligncenter size-large is-resized\"><img fetchpriority=\"high\" decoding=\"async\" src=\"https:\/\/www.blogsoestado.com\/evandrojunior\/files\/2024\/06\/eed0a2ea-2f6f-4fd1-8945-46695809c63c-768x1024.jpg\" alt=\"\" class=\"wp-image-12087\" width=\"570\" height=\"759\"\/><figcaption><strong>Vista do Beira Dumar \u00e9 uma das mais deslumbrantes de S\u00e3o Lu\u00eds<\/strong> (Fotos: Cris Benedito)<\/figcaption><\/figure><\/div>\n\n\n\n<p><strong>S\u00c3O LU\u00cdS<\/strong> &#8211; A Pororoca Produ\u00e7\u00f5es est\u00e1 prestes a inaugurar o mais novo espa\u00e7o musical e de entretenimento de S\u00e3o Lu\u00eds. Depois de muito mist\u00e9rio em torno do nome, o produtor cultural Ricardo Fernandes finalmente revelou a novidade. A data de inaugura\u00e7\u00e3o ainda ser\u00e1 anunciada. <\/p>\n\n\n\n<p>Nesta segunda-feira (24), Dia de S\u00e3o Jo\u00e3o, recebendo as b\u00ean\u00e7\u00e3os de um dos santos mais queridos do calend\u00e1rio festivo maranhense, foi anunciado o Beira Dumar (@beiradumar), que, sem d\u00favida alguma, ser\u00e1 o mais novo ponto de encontro da turma jovem, bonita, animada, antenada e descolada da Ilha do Amor.<\/p>\n\n\n\n<div class=\"wp-block-image\"><figure class=\"aligncenter size-large is-resized\"><img decoding=\"async\" src=\"https:\/\/www.blogsoestado.com\/evandrojunior\/files\/2024\/06\/06721e66-fef7-4df6-b455-f1196d4f72f2-768x1024.jpg\" alt=\"\" class=\"wp-image-12088\" width=\"573\" height=\"764\"\/><figcaption><strong>Detalhe do charme do projeto, em madeira, em um dos corredores com vista panor\u00e2mica para o mar<\/strong><\/figcaption><\/figure><\/div>\n\n\n\n<p>A casa fica na Avenida Beira-Mar, ap\u00f3s a Pra\u00e7a Maria Arag\u00e3o, com acesso principal pelo alto, ou seja, pela Pra\u00e7a Goncalves Dias, um dos mais belos cart\u00f5es-postais da capital. <\/p>\n\n\n\n<p>\u00c9 que a vista \u00e9 realmente deslumbrante naquele ponto da cidade, tanto ao nascer quanto ao p\u00f4r do sol, bem como quando a Lua chega para se admirar nas \u00e1guas po\u00e9ticas da Ba\u00eda de S\u00e3o Marcos. \u00c9 uma vista para a felicidade.<\/p>\n\n\n\n<div class=\"wp-block-image\"><figure class=\"aligncenter size-large is-resized\"><img decoding=\"async\" src=\"https:\/\/www.blogsoestado.com\/evandrojunior\/files\/2024\/06\/dda92372-fdea-4616-8290-80ae53a3acd5-768x1024.jpg\" alt=\"\" class=\"wp-image-12089\" width=\"595\" height=\"793\"\/><figcaption><strong>Detalhe do arco do casar\u00e3o que sedia o projeto<\/strong><\/figcaption><\/figure><\/div>\n\n\n\n<p>\u00c9 justamente naquele endere\u00e7o que o Beira Dumar est\u00e1 ganhando forma, cor e um brilho todo especial. A ambienta\u00e7\u00e3o ser\u00e1 das mais charmosas, com espa\u00e7os apraz\u00edveis e entrada buc\u00f3lica por uma estrutura de madeira. Ali\u00e1s, todo o projeto \u00e9 desenhado a partir da eleg\u00e2ncia e simplicidade da madeira, que faz toda a diferen\u00e7a.<\/p>\n\n\n\n<p>No entanto, ao contr\u00e1rio do que muitos imaginam, o Beira Dumar n\u00e3o ser\u00e1 o novo Casar\u00e3o Colonial, projeto de grande sucesso que, desde que come\u00e7ou, nunca saiu da crista da onda, no Centro Hist\u00f3rico de S\u00e3o Lu\u00eds. <\/p>\n\n\n\n<p>Ao contr\u00e1rio, trata-se de uma nova obra de arte que brota da mente criativa e sempre em erup\u00e7\u00e3o do produtor Ricardo Fernandes, um vislumbrador de horizontes que trabalha incansavelmente, cercado de abutres trai\u00e7oeiros por todos os lados, como se tentando derrub\u00e1-lo de uma ponte. Mas ele n\u00e3o parece despencar, simplesmente porque anda sobre uma linha imagin\u00e1vel tra\u00e7ada pelas m\u00e3os de Deus. <\/p>\n\n\n\n<p> <\/p>\n","protected":false},"excerpt":{"rendered":"<p>S\u00c3O LU\u00cdS &#8211; A Pororoca Produ\u00e7\u00f5es est\u00e1 prestes a inaugurar o mais novo espa\u00e7o musical e de entretenimento de S\u00e3o [&hellip;]<\/p>\n","protected":false},"author":4,"featured_media":0,"comment_status":"open","ping_status":"open","sticky":false,"template":"","format":"standard","meta":{"site-sidebar-layout":"default","site-content-layout":"","ast-site-content-layout":"default","site-content-style":"default","site-sidebar-style":"default","ast-global-header-display":"","ast-banner-title-visibility":"","ast-main-header-display":"","ast-hfb-above-header-display":"","ast-hfb-below-header-display":"","ast-hfb-mobile-header-display":"","site-post-title":"","ast-breadcrumbs-content":"","ast-featured-img":"","footer-sml-layout":"","ast-disable-related-posts":"","theme-transparent-header-meta":"","adv-header-id-meta":"","stick-header-meta":"","header-above-stick-meta":"","header-main-stick-meta":"","header-below-stick-meta":"","astra-migrate-meta-layouts":"default","ast-page-background-enabled":"default","ast-page-background-meta":{"desktop":{"background-color":"var(--ast-global-color-5)","background-image":"","background-repeat":"repeat","background-position":"center center","background-size":"auto","background-attachment":"scroll","background-type":"","background-media":"","overlay-type":"","overlay-color":"","overlay-opacity":"","overlay-gradient":""},"tablet":{"background-color":"","background-image":"","background-repeat":"repeat","background-position":"center center","background-size":"auto","background-attachment":"scroll","background-type":"","background-media":"","overlay-type":"","overlay-color":"","overlay-opacity":"","overlay-gradient":""},"mobile":{"background-color":"","background-image":"","background-repeat":"repeat","background-position":"center center","background-size":"auto","background-attachment":"scroll","background-type":"","background-media":"","overlay-type":"","overlay-color":"","overlay-opacity":"","overlay-gradient":""}},"ast-content-background-meta":{"desktop":{"background-color":"var(--ast-global-color-4)","background-image":"","background-repeat":"repeat","background-position":"center center","background-size":"auto","background-attachment":"scroll","background-type":"","background-media":"","overlay-type":"","overlay-color":"","overlay-opacity":"","overlay-gradient":""},"tablet":{"background-color":"var(--ast-global-color-4)","background-image":"","background-repeat":"repeat","background-position":"center center","background-size":"auto","background-attachment":"scroll","background-type":"","background-media":"","overlay-type":"","overlay-color":"","overlay-opacity":"","overlay-gradient":""},"mobile":{"background-color":"var(--ast-global-color-4)","background-image":"","background-repeat":"repeat","background-position":"center center","background-size":"auto","background-attachment":"scroll","background-type":"","background-media":"","overlay-type":"","overlay-color":"","overlay-opacity":"","overlay-gradient":""}},"footnotes":""},"categories":[1],"tags":[],"class_list":["post-12086","post","type-post","status-publish","format-standard","hentry","category-sem-categoria"],"yoast_head":"<!-- This site is optimized with the Yoast SEO plugin v26.6 - https:\/\/yoast.com\/wordpress\/plugins\/seo\/ -->\n<title>Beira Dumar ser\u00e1 a mais bela vista para a felicidade - Evandro Junior<\/title>\n<meta name=\"robots\" content=\"index, follow, max-snippet:-1, max-image-preview:large, max-video-preview:-1\" \/>\n<link rel=\"canonical\" href=\"https:\/\/www.blogsoestado.com\/evandrojunior\/2024\/06\/24\/beira-dumar-sera-a-mais-bela-vista-para-a-felicidade\/\" \/>\n<meta property=\"og:locale\" content=\"pt_BR\" \/>\n<meta property=\"og:type\" content=\"article\" \/>\n<meta property=\"og:title\" content=\"Beira Dumar ser\u00e1 a mais bela vista para a felicidade - Evandro Junior\" \/>\n<meta property=\"og:description\" content=\"S\u00c3O LU\u00cdS &#8211; A Pororoca Produ\u00e7\u00f5es est\u00e1 prestes a inaugurar o mais novo espa\u00e7o musical e de entretenimento de S\u00e3o [&hellip;]\" \/>\n<meta property=\"og:url\" content=\"https:\/\/www.blogsoestado.com\/evandrojunior\/2024\/06\/24\/beira-dumar-sera-a-mais-bela-vista-para-a-felicidade\/\" \/>\n<meta property=\"og:site_name\" content=\"Evandro Junior\" \/>\n<meta property=\"article:published_time\" content=\"2024-06-24T22:36:07+00:00\" \/>\n<meta property=\"og:image\" content=\"https:\/\/www.blogsoestado.com\/evandrojunior\/files\/2024\/06\/eed0a2ea-2f6f-4fd1-8945-46695809c63c-768x1024.jpg\" \/>\n<meta name=\"author\" content=\"Evandro Junior\" \/>\n<meta name=\"twitter:card\" content=\"summary_large_image\" \/>\n<meta name=\"twitter:label1\" content=\"Escrito por\" \/>\n\t<meta name=\"twitter:data1\" content=\"Evandro Junior\" \/>\n\t<meta name=\"twitter:label2\" content=\"Est. tempo de leitura\" \/>\n\t<meta name=\"twitter:data2\" content=\"3 minutos\" \/>\n<script type=\"application\/ld+json\" class=\"yoast-schema-graph\">{\"@context\":\"https:\/\/schema.org\",\"@graph\":[{\"@type\":\"WebPage\",\"@id\":\"https:\/\/www.blogsoestado.com\/evandrojunior\/2024\/06\/24\/beira-dumar-sera-a-mais-bela-vista-para-a-felicidade\/\",\"url\":\"https:\/\/www.blogsoestado.com\/evandrojunior\/2024\/06\/24\/beira-dumar-sera-a-mais-bela-vista-para-a-felicidade\/\",\"name\":\"Beira Dumar ser\u00e1 a mais bela vista para a felicidade - Evandro Junior\",\"isPartOf\":{\"@id\":\"https:\/\/www.blogsoestado.com\/evandrojunior\/#website\"},\"primaryImageOfPage\":{\"@id\":\"https:\/\/www.blogsoestado.com\/evandrojunior\/2024\/06\/24\/beira-dumar-sera-a-mais-bela-vista-para-a-felicidade\/#primaryimage\"},\"image\":{\"@id\":\"https:\/\/www.blogsoestado.com\/evandrojunior\/2024\/06\/24\/beira-dumar-sera-a-mais-bela-vista-para-a-felicidade\/#primaryimage\"},\"thumbnailUrl\":\"https:\/\/www.blogsoestado.com\/evandrojunior\/files\/2024\/06\/eed0a2ea-2f6f-4fd1-8945-46695809c63c-768x1024.jpg\",\"datePublished\":\"2024-06-24T22:36:07+00:00\",\"author\":{\"@id\":\"https:\/\/www.blogsoestado.com\/evandrojunior\/#\/schema\/person\/3e6c3d8dbb740d1c6878ebc935cfb3be\"},\"breadcrumb\":{\"@id\":\"https:\/\/www.blogsoestado.com\/evandrojunior\/2024\/06\/24\/beira-dumar-sera-a-mais-bela-vista-para-a-felicidade\/#breadcrumb\"},\"inLanguage\":\"pt-BR\",\"potentialAction\":[{\"@type\":\"ReadAction\",\"target\":[\"https:\/\/www.blogsoestado.com\/evandrojunior\/2024\/06\/24\/beira-dumar-sera-a-mais-bela-vista-para-a-felicidade\/\"]}]},{\"@type\":\"ImageObject\",\"inLanguage\":\"pt-BR\",\"@id\":\"https:\/\/www.blogsoestado.com\/evandrojunior\/2024\/06\/24\/beira-dumar-sera-a-mais-bela-vista-para-a-felicidade\/#primaryimage\",\"url\":\"https:\/\/www.blogsoestado.com\/evandrojunior\/files\/2024\/06\/eed0a2ea-2f6f-4fd1-8945-46695809c63c-768x1024.jpg\",\"contentUrl\":\"https:\/\/www.blogsoestado.com\/evandrojunior\/files\/2024\/06\/eed0a2ea-2f6f-4fd1-8945-46695809c63c-768x1024.jpg\"},{\"@type\":\"BreadcrumbList\",\"@id\":\"https:\/\/www.blogsoestado.com\/evandrojunior\/2024\/06\/24\/beira-dumar-sera-a-mais-bela-vista-para-a-felicidade\/#breadcrumb\",\"itemListElement\":[{\"@type\":\"ListItem\",\"position\":1,\"name\":\"In\u00edcio\",\"item\":\"https:\/\/www.blogsoestado.com\/evandrojunior\/\"},{\"@type\":\"ListItem\",\"position\":2,\"name\":\"Beira Dumar ser\u00e1 a mais bela vista para a felicidade\"}]},{\"@type\":\"WebSite\",\"@id\":\"https:\/\/www.blogsoestado.com\/evandrojunior\/#website\",\"url\":\"https:\/\/www.blogsoestado.com\/evandrojunior\/\",\"name\":\"Evandro Junior\",\"description\":\"\",\"potentialAction\":[{\"@type\":\"SearchAction\",\"target\":{\"@type\":\"EntryPoint\",\"urlTemplate\":\"https:\/\/www.blogsoestado.com\/evandrojunior\/?s={search_term_string}\"},\"query-input\":{\"@type\":\"PropertyValueSpecification\",\"valueRequired\":true,\"valueName\":\"search_term_string\"}}],\"inLanguage\":\"pt-BR\"},{\"@type\":\"Person\",\"@id\":\"https:\/\/www.blogsoestado.com\/evandrojunior\/#\/schema\/person\/3e6c3d8dbb740d1c6878ebc935cfb3be\",\"name\":\"Evandro Junior\",\"image\":{\"@type\":\"ImageObject\",\"inLanguage\":\"pt-BR\",\"@id\":\"https:\/\/www.blogsoestado.com\/evandrojunior\/#\/schema\/person\/image\/\",\"url\":\"https:\/\/secure.gravatar.com\/avatar\/f80a03a2294a580cd2318bfb459bf354cfa8be661ef3d95b542cf9a04af8d129?s=96&d=mm&r=g\",\"contentUrl\":\"https:\/\/secure.gravatar.com\/avatar\/f80a03a2294a580cd2318bfb459bf354cfa8be661ef3d95b542cf9a04af8d129?s=96&d=mm&r=g\",\"caption\":\"Evandro Junior\"},\"url\":\"https:\/\/www.blogsoestado.com\/evandrojunior\/author\/evandrojunior\/\"}]}<\/script>\n<!-- \/ Yoast SEO plugin. -->","yoast_head_json":{"title":"Beira Dumar ser\u00e1 a mais bela vista para a felicidade - Evandro Junior","robots":{"index":"index","follow":"follow","max-snippet":"max-snippet:-1","max-image-preview":"max-image-preview:large","max-video-preview":"max-video-preview:-1"},"canonical":"https:\/\/www.blogsoestado.com\/evandrojunior\/2024\/06\/24\/beira-dumar-sera-a-mais-bela-vista-para-a-felicidade\/","og_locale":"pt_BR","og_type":"article","og_title":"Beira Dumar ser\u00e1 a mais bela vista para a felicidade - Evandro Junior","og_description":"S\u00c3O LU\u00cdS &#8211; A Pororoca Produ\u00e7\u00f5es est\u00e1 prestes a inaugurar o mais novo espa\u00e7o musical e de entretenimento de S\u00e3o [&hellip;]","og_url":"https:\/\/www.blogsoestado.com\/evandrojunior\/2024\/06\/24\/beira-dumar-sera-a-mais-bela-vista-para-a-felicidade\/","og_site_name":"Evandro Junior","article_published_time":"2024-06-24T22:36:07+00:00","og_image":[{"url":"https:\/\/www.blogsoestado.com\/evandrojunior\/files\/2024\/06\/eed0a2ea-2f6f-4fd1-8945-46695809c63c-768x1024.jpg","type":"","width":"","height":""}],"author":"Evandro Junior","twitter_card":"summary_large_image","twitter_misc":{"Escrito por":"Evandro Junior","Est. tempo de leitura":"3 minutos"},"schema":{"@context":"https:\/\/schema.org","@graph":[{"@type":"WebPage","@id":"https:\/\/www.blogsoestado.com\/evandrojunior\/2024\/06\/24\/beira-dumar-sera-a-mais-bela-vista-para-a-felicidade\/","url":"https:\/\/www.blogsoestado.com\/evandrojunior\/2024\/06\/24\/beira-dumar-sera-a-mais-bela-vista-para-a-felicidade\/","name":"Beira Dumar ser\u00e1 a mais bela vista para a felicidade - Evandro Junior","isPartOf":{"@id":"https:\/\/www.blogsoestado.com\/evandrojunior\/#website"},"primaryImageOfPage":{"@id":"https:\/\/www.blogsoestado.com\/evandrojunior\/2024\/06\/24\/beira-dumar-sera-a-mais-bela-vista-para-a-felicidade\/#primaryimage"},"image":{"@id":"https:\/\/www.blogsoestado.com\/evandrojunior\/2024\/06\/24\/beira-dumar-sera-a-mais-bela-vista-para-a-felicidade\/#primaryimage"},"thumbnailUrl":"https:\/\/www.blogsoestado.com\/evandrojunior\/files\/2024\/06\/eed0a2ea-2f6f-4fd1-8945-46695809c63c-768x1024.jpg","datePublished":"2024-06-24T22:36:07+00:00","author":{"@id":"https:\/\/www.blogsoestado.com\/evandrojunior\/#\/schema\/person\/3e6c3d8dbb740d1c6878ebc935cfb3be"},"breadcrumb":{"@id":"https:\/\/www.blogsoestado.com\/evandrojunior\/2024\/06\/24\/beira-dumar-sera-a-mais-bela-vista-para-a-felicidade\/#breadcrumb"},"inLanguage":"pt-BR","potentialAction":[{"@type":"ReadAction","target":["https:\/\/www.blogsoestado.com\/evandrojunior\/2024\/06\/24\/beira-dumar-sera-a-mais-bela-vista-para-a-felicidade\/"]}]},{"@type":"ImageObject","inLanguage":"pt-BR","@id":"https:\/\/www.blogsoestado.com\/evandrojunior\/2024\/06\/24\/beira-dumar-sera-a-mais-bela-vista-para-a-felicidade\/#primaryimage","url":"https:\/\/www.blogsoestado.com\/evandrojunior\/files\/2024\/06\/eed0a2ea-2f6f-4fd1-8945-46695809c63c-768x1024.jpg","contentUrl":"https:\/\/www.blogsoestado.com\/evandrojunior\/files\/2024\/06\/eed0a2ea-2f6f-4fd1-8945-46695809c63c-768x1024.jpg"},{"@type":"BreadcrumbList","@id":"https:\/\/www.blogsoestado.com\/evandrojunior\/2024\/06\/24\/beira-dumar-sera-a-mais-bela-vista-para-a-felicidade\/#breadcrumb","itemListElement":[{"@type":"ListItem","position":1,"name":"In\u00edcio","item":"https:\/\/www.blogsoestado.com\/evandrojunior\/"},{"@type":"ListItem","position":2,"name":"Beira Dumar ser\u00e1 a mais bela vista para a felicidade"}]},{"@type":"WebSite","@id":"https:\/\/www.blogsoestado.com\/evandrojunior\/#website","url":"https:\/\/www.blogsoestado.com\/evandrojunior\/","name":"Evandro Junior","description":"","potentialAction":[{"@type":"SearchAction","target":{"@type":"EntryPoint","urlTemplate":"https:\/\/www.blogsoestado.com\/evandrojunior\/?s={search_term_string}"},"query-input":{"@type":"PropertyValueSpecification","valueRequired":true,"valueName":"search_term_string"}}],"inLanguage":"pt-BR"},{"@type":"Person","@id":"https:\/\/www.blogsoestado.com\/evandrojunior\/#\/schema\/person\/3e6c3d8dbb740d1c6878ebc935cfb3be","name":"Evandro Junior","image":{"@type":"ImageObject","inLanguage":"pt-BR","@id":"https:\/\/www.blogsoestado.com\/evandrojunior\/#\/schema\/person\/image\/","url":"https:\/\/secure.gravatar.com\/avatar\/f80a03a2294a580cd2318bfb459bf354cfa8be661ef3d95b542cf9a04af8d129?s=96&d=mm&r=g","contentUrl":"https:\/\/secure.gravatar.com\/avatar\/f80a03a2294a580cd2318bfb459bf354cfa8be661ef3d95b542cf9a04af8d129?s=96&d=mm&r=g","caption":"Evandro Junior"},"url":"https:\/\/www.blogsoestado.com\/evandrojunior\/author\/evandrojunior\/"}]}},"jetpack_featured_media_url":"","_links":{"self":[{"href":"https:\/\/www.blogsoestado.com\/evandrojunior\/wp-json\/wp\/v2\/posts\/12086","targetHints":{"allow":["GET"]}}],"collection":[{"href":"https:\/\/www.blogsoestado.com\/evandrojunior\/wp-json\/wp\/v2\/posts"}],"about":[{"href":"https:\/\/www.blogsoestado.com\/evandrojunior\/wp-json\/wp\/v2\/types\/post"}],"author":[{"embeddable":true,"href":"https:\/\/www.blogsoestado.com\/evandrojunior\/wp-json\/wp\/v2\/users\/4"}],"replies":[{"embeddable":true,"href":"https:\/\/www.blogsoestado.com\/evandrojunior\/wp-json\/wp\/v2\/comments?post=12086"}],"version-history":[{"count":0,"href":"https:\/\/www.blogsoestado.com\/evandrojunior\/wp-json\/wp\/v2\/posts\/12086\/revisions"}],"wp:attachment":[{"href":"https:\/\/www.blogsoestado.com\/evandrojunior\/wp-json\/wp\/v2\/media?parent=12086"}],"wp:term":[{"taxonomy":"category","embeddable":true,"href":"https:\/\/www.blogsoestado.com\/evandrojunior\/wp-json\/wp\/v2\/categories?post=12086"},{"taxonomy":"post_tag","embeddable":true,"href":"https:\/\/www.blogsoestado.com\/evandrojunior\/wp-json\/wp\/v2\/tags?post=12086"}],"curies":[{"name":"wp","href":"https:\/\/api.w.org\/{rel}","templated":true}]}}