{"id":12205,"date":"2024-07-03T17:39:28","date_gmt":"2024-07-03T20:39:28","guid":{"rendered":"https:\/\/www.blogsoestado.com\/evandrojunior\/?p=12205"},"modified":"2024-07-03T17:39:28","modified_gmt":"2024-07-03T20:39:28","slug":"villa-do-vinho-lancou-moda-e-inaugura-mais-um-salao-para-eventos","status":"publish","type":"post","link":"https:\/\/www.blogsoestado.com\/evandrojunior\/2024\/07\/03\/villa-do-vinho-lancou-moda-e-inaugura-mais-um-salao-para-eventos\/","title":{"rendered":"Villa do Vinho lan\u00e7ou moda e inaugura mais um sal\u00e3o para eventos"},"content":{"rendered":"\n<div class=\"wp-block-image\"><figure class=\"aligncenter size-large is-resized\"><img fetchpriority=\"high\" decoding=\"async\" src=\"https:\/\/www.blogsoestado.com\/evandrojunior\/files\/2024\/07\/FOTOS-DANIELLE-VIEIRA-32-1024x683.jpg\" alt=\"\" class=\"wp-image-12206\" width=\"507\" height=\"338\"\/><figcaption><em><strong>Evento m\u00e9dico promovido pela empresa Hosp Center no lan\u00e7amento da Capso Cam, realizada no mais novo sal\u00e3o para eventos corporativos da Villa do Vinho Bistr\u00f4<\/strong><\/em><\/figcaption><\/figure><\/div>\n\n\n\n<p>S\u00c3O LU\u00cdS &#8211; Casar para muitos noivos \u00e9 um sonho especial, com direito a uma festa inesquec\u00edvel para marcar esse grande dia, mas que com a economia em crise, fica cada vez mais inacess\u00edvel para muitos, por conta do or\u00e7amento final de uma festa que, em m\u00e9dia, re\u00fane mais de 200 pessoas e cujos pre\u00e7os podem ultrapassar facilmente o valor de um carro 0 Km ou de um apartamento de dois quartos em \u00e1rea nobre da cidade, dependendo do luxo e dos fornecedores dos mais diversos servi\u00e7os escolhidos pelo casal.<\/p>\n\n\n\n<p>E o pior para muitos, \u00e9 que, al\u00e9m de ter que arcar com uma despesa enorme na produ\u00e7\u00e3o da festa, os noivos muitas vezes confessam que n\u00e3o conseguiram curtir tanto o evento, pois passam quase o tempo todo se deslocando nos sal\u00f5es para cumprimentar todos os convidados e posar para fotos com mais de 200, 300 ou at\u00e9 mesmo 600 convidados. Haja disposi\u00e7\u00e3o, e o que era para ser celebra\u00e7\u00e3o, vira maratona.<\/p>\n\n\n\n<div class=\"wp-block-image\"><figure class=\"aligncenter size-large is-resized\"><img decoding=\"async\" src=\"https:\/\/www.blogsoestado.com\/evandrojunior\/files\/2024\/07\/MINI-WEDDING-12-1024x682.jpg\" alt=\"\" class=\"wp-image-12207\" width=\"540\" height=\"359\"\/><figcaption><strong>Empres\u00e1rio Werther Bandeira com noivos que adotaram o formato de mini-wedding e s\u00e3o s\u00f3 elogios ao evento<\/strong><\/figcaption><\/figure><\/div>\n\n\n\n<p>Mas ao contr\u00e1rio desse modelo de festa grande, muitos pa\u00edses da Europa e Estados Unidos sempre adotaram com sucesso o formato de mini-weddings, ou seja, cerim\u00f4nias mais restritas, para em m\u00e9dia 60 a, no m\u00e1ximo, 100 convidados; e com uma proposta mais intimista e mais requintada. E na qual os noivos podem ter tempo para desfrutar tamb\u00e9m de toda a festa, lado a lado com as pessoas mais queridas de suas fam\u00edlia, amigos e colegas de trabalho. O formato se consolidou como o ideal, pois re\u00fane todas as vantagens j\u00e1 citadas. <\/p>\n\n\n\n<div class=\"wp-block-image\"><figure class=\"aligncenter size-large is-resized\"><img decoding=\"async\" src=\"https:\/\/www.blogsoestado.com\/evandrojunior\/files\/2024\/07\/DANIELLE-VIEIRA-2.jpg\" alt=\"\" class=\"wp-image-12208\" width=\"550\" height=\"366\"\/><figcaption><strong>Altar para os noivos montado e decorado na entrada da Villa do Vinho<\/strong><\/figcaption><\/figure><\/div>\n\n\n\n<p>A dica para acertar em cheio nessa proposta \u00a0e ainda economizar \u00e9 \u00a0garantir um ambiente aconchegante, no qual o servi\u00e7o de buffet &#8211; comida, bebida e atendimento &#8211; seja impec\u00e1vel, assim como um local charmoso e que vai dispensar uma decora\u00e7\u00e3o muito grande. Como o que tem acontecido no Villa do Vinho Bistr\u00f4, restaurante localizado no Andreazza Center, na Cohama, e que foi o precursor dessa proposta de Mini Wedding em S\u00e3o Lu\u00eds.<\/p>\n\n\n\n<p>A Vila do Vinho \u00e9 comandado pelo empres\u00e1rio Werther Bandeira, que teve a ideia de apostar nesse nicho de evento, e literalmente lan\u00e7ou um formato muito usado na Europa, por exemplo, e que veio para ficar aqui tamb\u00e9m. Ele, que j\u00e1 fornecia itens de bebidas \u2013 vinhos, espumantes e u\u00edsques para casamentos e anivers\u00e1rios, e mesas de antepastos \u2013 frios, queijos e entradas para as mais diversas festas da cidade; sempre ouvia dos clientes noivos que, no dia da sua boda, gostariam de ter um jantar t\u00e3o requintado e saboroso para seus convidados, como o menu que encontravam na Villa. \u00a0<\/p>\n\n\n\n<div class=\"wp-block-image\"><figure class=\"aligncenter size-large is-resized\"><img loading=\"lazy\" decoding=\"async\" src=\"https:\/\/www.blogsoestado.com\/evandrojunior\/files\/2024\/07\/villa-niver-25anos2-1024x682.jpeg\" alt=\"\" class=\"wp-image-12209\" width=\"545\" height=\"363\"\/><figcaption>Anivers\u00e1rio tem\u00e1tico \u201cBall Masqu\u00e9\u201d de Isabelle Mesquita com produ\u00e7\u00e3o e decora\u00e7\u00e3o assinadas por Werther Bandeira da Villa do Vinho Bistr\u00f4<\/figcaption><\/figure><\/div>\n\n\n\n<p>\u201cTivemos a ideia de oferecer o nosso espa\u00e7o desde 2017, de forma exclusiva e fechada para os noivos receberam seus convidados da maneira que quiserem, mexendo ou n\u00e3o na nossa decora\u00e7\u00e3o; e desfrutando do nosso ambiente, que j\u00e1 \u00e9 aconchegante, al\u00e9m de j\u00e1 contar no mesmo local com uma equipe afinada de competentes gar\u00e7ons e um menu contempor\u00e2neo que sempre arranca elogios; bebidas das melhores marcas e safras e podendo customizar a m\u00fasica de sua prefer\u00eancia, com cantor ao vivo ou DJ. Bem no estilo do que vimos em filmes e no que os americanos gostam muito. Assim, formatamos essa proposta e logo tivemos muitas ades\u00f5es. E o melhor de tudo, com noivos realmente curtindo seu evento\u201d, explica Werther Bandeira.<\/p>\n\n\n\n<p>Logo depois que lan\u00e7ou essa proposta, a agenda da casa j\u00e1 lotava de casais interessados nesse formato. Al\u00e9m de mais barato, o mesmo tem at\u00e9 mais charme que uma festa grande, pois os itens de bebida e comida servidos s\u00e3o mais refinados por ser para um menor n\u00famero de convidados; com um servi\u00e7o mais personalizado tamb\u00e9m e, acima de tudo, em uma festa mais intimista. Outra op\u00e7\u00e3o para os noivos \u00e9 a realiza\u00e7\u00e3o do Pr\u00e9-Wedding Dinner, ou no bom portugu\u00eas, um jantar para padrinhos e madrinhas antes do casamento. Bem mais pr\u00e1tico para reunir todos e fazer a entrega dos kits com lembran\u00e7as dos noivos e ainda fazer muito fotos e celebrar em petit comit\u00e9.<\/p>\n\n\n\n<div class=\"wp-block-image\"><figure class=\"aligncenter size-large is-resized\"><img loading=\"lazy\" decoding=\"async\" src=\"https:\/\/www.blogsoestado.com\/evandrojunior\/files\/2024\/07\/VILLA-ABRHMA-1.jpeg\" alt=\"\" class=\"wp-image-12210\" width=\"461\" height=\"615\"\/><figcaption><strong>Evento corporativo da Diretoria da ABRH-MA na Villa do Vinho Bistr\u00f4<\/strong><\/figcaption><\/figure><\/div>\n\n\n\n<p>Mas se engana quem pensa que a Villa \u00e9 palco s\u00f3 de casamentos. O restaurante de Werther Bandeira \u00e9 sempre endere\u00e7o de festas de anivers\u00e1rios, de crian\u00e7as, 15 anos, adultos e idosos. \u00c9 tamb\u00e9m point de pedidos de noivado ou de casamento, e para isso, \u00e9 poss\u00edvel reservar gratuitamente o charmoso espa\u00e7o da adega da casa, que comporta at\u00e9 10 pessoas. O local \u00e9 muito procurado tamb\u00e9m para festas de formaturas e eventos corporativos de todos os tipos.<\/p>\n\n\n\n<p>E para facilitar ainda mais a produ\u00e7\u00e3o desses eventos, a Villa do Vinho Bistr\u00f4 oferece consultoria gratuita de sommelier para aux\u00edlio na escolha das quantidades e tipos de bebidas; op\u00e7\u00f5es de menu com pre\u00e7os diferenciados, al\u00e9m de venda de bebidas em consigna\u00e7\u00e3o, ou seja, o cliente s\u00f3 pagar\u00e1 o que, de fato, for consumido na festa, podendo devolver o excedente reservado. E mais, entre as novidades de 2023, est\u00e3o a op\u00e7\u00e3o de produ\u00e7\u00e3o da decora\u00e7\u00e3o completa da festa por conta da Villa, que tamb\u00e9m acabou de inaugurar seu segundo sal\u00e3o, anexo ao restaurante, perfeito para eventos corporativos e festas sociais.<\/p>\n\n\n\n<div class=\"wp-block-image\"><figure class=\"aligncenter size-large is-resized\"><img loading=\"lazy\" decoding=\"async\" src=\"https:\/\/www.blogsoestado.com\/evandrojunior\/files\/2024\/07\/VILLA-DO-VINHO-EVENTO-FAMILIA-OG6.jpg.jpeg\" alt=\"\" class=\"wp-image-12211\" width=\"585\" height=\"342\"\/><figcaption><strong>\u00a0Festa de anivers\u00e1rio dos pais da influencer Thaynara OG na Villa do Vinho Bistr\u00f4<\/strong><\/figcaption><\/figure><\/div>\n\n\n\n<p>\u201cNosso prop\u00f3sito \u00e9 criar as condi\u00e7\u00f5es perfeitas para as pessoas cultivarem mem\u00f3rias felizes na Villa do Vinho Bistr\u00f4. Queremos fazer parte da vida dos clientes, recebendo as pessoas aqui em todas as datas importantes de suas vidas. Com pre\u00e7os justos, consultoria gratuita na produ\u00e7\u00e3o, facilidade de pagamento e servi\u00e7o confi\u00e1vel e profissional; \u00e9 isso que oferecemos aos clientes e que tem feito a Villa se consolidar como um grande palco de momentos felizes\u201d, declarou Werther Bandeira, empres\u00e1rio e propriet\u00e1rio da casa. \u00a0\u00a0<\/p>\n","protected":false},"excerpt":{"rendered":"<p>S\u00c3O LU\u00cdS &#8211; Casar para muitos noivos \u00e9 um sonho especial, com direito a uma festa inesquec\u00edvel para marcar esse [&hellip;]<\/p>\n","protected":false},"author":4,"featured_media":0,"comment_status":"open","ping_status":"open","sticky":false,"template":"","format":"standard","meta":{"site-sidebar-layout":"default","site-content-layout":"","ast-site-content-layout":"default","site-content-style":"default","site-sidebar-style":"default","ast-global-header-display":"","ast-banner-title-visibility":"","ast-main-header-display":"","ast-hfb-above-header-display":"","ast-hfb-below-header-display":"","ast-hfb-mobile-header-display":"","site-post-title":"","ast-breadcrumbs-content":"","ast-featured-img":"","footer-sml-layout":"","ast-disable-related-posts":"","theme-transparent-header-meta":"","adv-header-id-meta":"","stick-header-meta":"","header-above-stick-meta":"","header-main-stick-meta":"","header-below-stick-meta":"","astra-migrate-meta-layouts":"default","ast-page-background-enabled":"default","ast-page-background-meta":{"desktop":{"background-color":"var(--ast-global-color-5)","background-image":"","background-repeat":"repeat","background-position":"center center","background-size":"auto","background-attachment":"scroll","background-type":"","background-media":"","overlay-type":"","overlay-color":"","overlay-opacity":"","overlay-gradient":""},"tablet":{"background-color":"","background-image":"","background-repeat":"repeat","background-position":"center center","background-size":"auto","background-attachment":"scroll","background-type":"","background-media":"","overlay-type":"","overlay-color":"","overlay-opacity":"","overlay-gradient":""},"mobile":{"background-color":"","background-image":"","background-repeat":"repeat","background-position":"center center","background-size":"auto","background-attachment":"scroll","background-type":"","background-media":"","overlay-type":"","overlay-color":"","overlay-opacity":"","overlay-gradient":""}},"ast-content-background-meta":{"desktop":{"background-color":"var(--ast-global-color-4)","background-image":"","background-repeat":"repeat","background-position":"center center","background-size":"auto","background-attachment":"scroll","background-type":"","background-media":"","overlay-type":"","overlay-color":"","overlay-opacity":"","overlay-gradient":""},"tablet":{"background-color":"var(--ast-global-color-4)","background-image":"","background-repeat":"repeat","background-position":"center center","background-size":"auto","background-attachment":"scroll","background-type":"","background-media":"","overlay-type":"","overlay-color":"","overlay-opacity":"","overlay-gradient":""},"mobile":{"background-color":"var(--ast-global-color-4)","background-image":"","background-repeat":"repeat","background-position":"center center","background-size":"auto","background-attachment":"scroll","background-type":"","background-media":"","overlay-type":"","overlay-color":"","overlay-opacity":"","overlay-gradient":""}},"footnotes":""},"categories":[1],"tags":[],"class_list":["post-12205","post","type-post","status-publish","format-standard","hentry","category-sem-categoria"],"yoast_head":"<!-- This site is optimized with the Yoast SEO plugin v26.6 - https:\/\/yoast.com\/wordpress\/plugins\/seo\/ -->\n<title>Villa do Vinho lan\u00e7ou moda e inaugura mais um sal\u00e3o para eventos - Evandro Junior<\/title>\n<meta name=\"robots\" content=\"index, follow, max-snippet:-1, max-image-preview:large, max-video-preview:-1\" \/>\n<link rel=\"canonical\" href=\"https:\/\/www.blogsoestado.com\/evandrojunior\/2024\/07\/03\/villa-do-vinho-lancou-moda-e-inaugura-mais-um-salao-para-eventos\/\" \/>\n<meta property=\"og:locale\" content=\"pt_BR\" \/>\n<meta property=\"og:type\" content=\"article\" \/>\n<meta property=\"og:title\" content=\"Villa do Vinho lan\u00e7ou moda e inaugura mais um sal\u00e3o para eventos - Evandro Junior\" \/>\n<meta property=\"og:description\" content=\"S\u00c3O LU\u00cdS &#8211; Casar para muitos noivos \u00e9 um sonho especial, com direito a uma festa inesquec\u00edvel para marcar esse [&hellip;]\" \/>\n<meta property=\"og:url\" content=\"https:\/\/www.blogsoestado.com\/evandrojunior\/2024\/07\/03\/villa-do-vinho-lancou-moda-e-inaugura-mais-um-salao-para-eventos\/\" \/>\n<meta property=\"og:site_name\" content=\"Evandro Junior\" \/>\n<meta property=\"article:published_time\" content=\"2024-07-03T20:39:28+00:00\" \/>\n<meta property=\"og:image\" content=\"https:\/\/www.blogsoestado.com\/evandrojunior\/files\/2024\/07\/FOTOS-DANIELLE-VIEIRA-32-1024x683.jpg\" \/>\n<meta name=\"author\" content=\"Evandro Junior\" \/>\n<meta name=\"twitter:card\" content=\"summary_large_image\" \/>\n<meta name=\"twitter:label1\" content=\"Escrito por\" \/>\n\t<meta name=\"twitter:data1\" content=\"Evandro Junior\" \/>\n\t<meta name=\"twitter:label2\" content=\"Est. tempo de leitura\" \/>\n\t<meta name=\"twitter:data2\" content=\"6 minutos\" \/>\n<script type=\"application\/ld+json\" class=\"yoast-schema-graph\">{\"@context\":\"https:\/\/schema.org\",\"@graph\":[{\"@type\":\"WebPage\",\"@id\":\"https:\/\/www.blogsoestado.com\/evandrojunior\/2024\/07\/03\/villa-do-vinho-lancou-moda-e-inaugura-mais-um-salao-para-eventos\/\",\"url\":\"https:\/\/www.blogsoestado.com\/evandrojunior\/2024\/07\/03\/villa-do-vinho-lancou-moda-e-inaugura-mais-um-salao-para-eventos\/\",\"name\":\"Villa do Vinho lan\u00e7ou moda e inaugura mais um sal\u00e3o para eventos - Evandro Junior\",\"isPartOf\":{\"@id\":\"https:\/\/www.blogsoestado.com\/evandrojunior\/#website\"},\"primaryImageOfPage\":{\"@id\":\"https:\/\/www.blogsoestado.com\/evandrojunior\/2024\/07\/03\/villa-do-vinho-lancou-moda-e-inaugura-mais-um-salao-para-eventos\/#primaryimage\"},\"image\":{\"@id\":\"https:\/\/www.blogsoestado.com\/evandrojunior\/2024\/07\/03\/villa-do-vinho-lancou-moda-e-inaugura-mais-um-salao-para-eventos\/#primaryimage\"},\"thumbnailUrl\":\"https:\/\/www.blogsoestado.com\/evandrojunior\/files\/2024\/07\/FOTOS-DANIELLE-VIEIRA-32-1024x683.jpg\",\"datePublished\":\"2024-07-03T20:39:28+00:00\",\"author\":{\"@id\":\"https:\/\/www.blogsoestado.com\/evandrojunior\/#\/schema\/person\/3e6c3d8dbb740d1c6878ebc935cfb3be\"},\"breadcrumb\":{\"@id\":\"https:\/\/www.blogsoestado.com\/evandrojunior\/2024\/07\/03\/villa-do-vinho-lancou-moda-e-inaugura-mais-um-salao-para-eventos\/#breadcrumb\"},\"inLanguage\":\"pt-BR\",\"potentialAction\":[{\"@type\":\"ReadAction\",\"target\":[\"https:\/\/www.blogsoestado.com\/evandrojunior\/2024\/07\/03\/villa-do-vinho-lancou-moda-e-inaugura-mais-um-salao-para-eventos\/\"]}]},{\"@type\":\"ImageObject\",\"inLanguage\":\"pt-BR\",\"@id\":\"https:\/\/www.blogsoestado.com\/evandrojunior\/2024\/07\/03\/villa-do-vinho-lancou-moda-e-inaugura-mais-um-salao-para-eventos\/#primaryimage\",\"url\":\"https:\/\/www.blogsoestado.com\/evandrojunior\/files\/2024\/07\/FOTOS-DANIELLE-VIEIRA-32-1024x683.jpg\",\"contentUrl\":\"https:\/\/www.blogsoestado.com\/evandrojunior\/files\/2024\/07\/FOTOS-DANIELLE-VIEIRA-32-1024x683.jpg\"},{\"@type\":\"BreadcrumbList\",\"@id\":\"https:\/\/www.blogsoestado.com\/evandrojunior\/2024\/07\/03\/villa-do-vinho-lancou-moda-e-inaugura-mais-um-salao-para-eventos\/#breadcrumb\",\"itemListElement\":[{\"@type\":\"ListItem\",\"position\":1,\"name\":\"In\u00edcio\",\"item\":\"https:\/\/www.blogsoestado.com\/evandrojunior\/\"},{\"@type\":\"ListItem\",\"position\":2,\"name\":\"Villa do Vinho lan\u00e7ou moda e inaugura mais um sal\u00e3o para eventos\"}]},{\"@type\":\"WebSite\",\"@id\":\"https:\/\/www.blogsoestado.com\/evandrojunior\/#website\",\"url\":\"https:\/\/www.blogsoestado.com\/evandrojunior\/\",\"name\":\"Evandro Junior\",\"description\":\"\",\"potentialAction\":[{\"@type\":\"SearchAction\",\"target\":{\"@type\":\"EntryPoint\",\"urlTemplate\":\"https:\/\/www.blogsoestado.com\/evandrojunior\/?s={search_term_string}\"},\"query-input\":{\"@type\":\"PropertyValueSpecification\",\"valueRequired\":true,\"valueName\":\"search_term_string\"}}],\"inLanguage\":\"pt-BR\"},{\"@type\":\"Person\",\"@id\":\"https:\/\/www.blogsoestado.com\/evandrojunior\/#\/schema\/person\/3e6c3d8dbb740d1c6878ebc935cfb3be\",\"name\":\"Evandro Junior\",\"image\":{\"@type\":\"ImageObject\",\"inLanguage\":\"pt-BR\",\"@id\":\"https:\/\/www.blogsoestado.com\/evandrojunior\/#\/schema\/person\/image\/\",\"url\":\"https:\/\/secure.gravatar.com\/avatar\/f80a03a2294a580cd2318bfb459bf354cfa8be661ef3d95b542cf9a04af8d129?s=96&d=mm&r=g\",\"contentUrl\":\"https:\/\/secure.gravatar.com\/avatar\/f80a03a2294a580cd2318bfb459bf354cfa8be661ef3d95b542cf9a04af8d129?s=96&d=mm&r=g\",\"caption\":\"Evandro Junior\"},\"url\":\"https:\/\/www.blogsoestado.com\/evandrojunior\/author\/evandrojunior\/\"}]}<\/script>\n<!-- \/ Yoast SEO plugin. -->","yoast_head_json":{"title":"Villa do Vinho lan\u00e7ou moda e inaugura mais um sal\u00e3o para eventos - Evandro Junior","robots":{"index":"index","follow":"follow","max-snippet":"max-snippet:-1","max-image-preview":"max-image-preview:large","max-video-preview":"max-video-preview:-1"},"canonical":"https:\/\/www.blogsoestado.com\/evandrojunior\/2024\/07\/03\/villa-do-vinho-lancou-moda-e-inaugura-mais-um-salao-para-eventos\/","og_locale":"pt_BR","og_type":"article","og_title":"Villa do Vinho lan\u00e7ou moda e inaugura mais um sal\u00e3o para eventos - Evandro Junior","og_description":"S\u00c3O LU\u00cdS &#8211; Casar para muitos noivos \u00e9 um sonho especial, com direito a uma festa inesquec\u00edvel para marcar esse [&hellip;]","og_url":"https:\/\/www.blogsoestado.com\/evandrojunior\/2024\/07\/03\/villa-do-vinho-lancou-moda-e-inaugura-mais-um-salao-para-eventos\/","og_site_name":"Evandro Junior","article_published_time":"2024-07-03T20:39:28+00:00","og_image":[{"url":"https:\/\/www.blogsoestado.com\/evandrojunior\/files\/2024\/07\/FOTOS-DANIELLE-VIEIRA-32-1024x683.jpg","type":"","width":"","height":""}],"author":"Evandro Junior","twitter_card":"summary_large_image","twitter_misc":{"Escrito por":"Evandro Junior","Est. tempo de leitura":"6 minutos"},"schema":{"@context":"https:\/\/schema.org","@graph":[{"@type":"WebPage","@id":"https:\/\/www.blogsoestado.com\/evandrojunior\/2024\/07\/03\/villa-do-vinho-lancou-moda-e-inaugura-mais-um-salao-para-eventos\/","url":"https:\/\/www.blogsoestado.com\/evandrojunior\/2024\/07\/03\/villa-do-vinho-lancou-moda-e-inaugura-mais-um-salao-para-eventos\/","name":"Villa do Vinho lan\u00e7ou moda e inaugura mais um sal\u00e3o para eventos - Evandro Junior","isPartOf":{"@id":"https:\/\/www.blogsoestado.com\/evandrojunior\/#website"},"primaryImageOfPage":{"@id":"https:\/\/www.blogsoestado.com\/evandrojunior\/2024\/07\/03\/villa-do-vinho-lancou-moda-e-inaugura-mais-um-salao-para-eventos\/#primaryimage"},"image":{"@id":"https:\/\/www.blogsoestado.com\/evandrojunior\/2024\/07\/03\/villa-do-vinho-lancou-moda-e-inaugura-mais-um-salao-para-eventos\/#primaryimage"},"thumbnailUrl":"https:\/\/www.blogsoestado.com\/evandrojunior\/files\/2024\/07\/FOTOS-DANIELLE-VIEIRA-32-1024x683.jpg","datePublished":"2024-07-03T20:39:28+00:00","author":{"@id":"https:\/\/www.blogsoestado.com\/evandrojunior\/#\/schema\/person\/3e6c3d8dbb740d1c6878ebc935cfb3be"},"breadcrumb":{"@id":"https:\/\/www.blogsoestado.com\/evandrojunior\/2024\/07\/03\/villa-do-vinho-lancou-moda-e-inaugura-mais-um-salao-para-eventos\/#breadcrumb"},"inLanguage":"pt-BR","potentialAction":[{"@type":"ReadAction","target":["https:\/\/www.blogsoestado.com\/evandrojunior\/2024\/07\/03\/villa-do-vinho-lancou-moda-e-inaugura-mais-um-salao-para-eventos\/"]}]},{"@type":"ImageObject","inLanguage":"pt-BR","@id":"https:\/\/www.blogsoestado.com\/evandrojunior\/2024\/07\/03\/villa-do-vinho-lancou-moda-e-inaugura-mais-um-salao-para-eventos\/#primaryimage","url":"https:\/\/www.blogsoestado.com\/evandrojunior\/files\/2024\/07\/FOTOS-DANIELLE-VIEIRA-32-1024x683.jpg","contentUrl":"https:\/\/www.blogsoestado.com\/evandrojunior\/files\/2024\/07\/FOTOS-DANIELLE-VIEIRA-32-1024x683.jpg"},{"@type":"BreadcrumbList","@id":"https:\/\/www.blogsoestado.com\/evandrojunior\/2024\/07\/03\/villa-do-vinho-lancou-moda-e-inaugura-mais-um-salao-para-eventos\/#breadcrumb","itemListElement":[{"@type":"ListItem","position":1,"name":"In\u00edcio","item":"https:\/\/www.blogsoestado.com\/evandrojunior\/"},{"@type":"ListItem","position":2,"name":"Villa do Vinho lan\u00e7ou moda e inaugura mais um sal\u00e3o para eventos"}]},{"@type":"WebSite","@id":"https:\/\/www.blogsoestado.com\/evandrojunior\/#website","url":"https:\/\/www.blogsoestado.com\/evandrojunior\/","name":"Evandro Junior","description":"","potentialAction":[{"@type":"SearchAction","target":{"@type":"EntryPoint","urlTemplate":"https:\/\/www.blogsoestado.com\/evandrojunior\/?s={search_term_string}"},"query-input":{"@type":"PropertyValueSpecification","valueRequired":true,"valueName":"search_term_string"}}],"inLanguage":"pt-BR"},{"@type":"Person","@id":"https:\/\/www.blogsoestado.com\/evandrojunior\/#\/schema\/person\/3e6c3d8dbb740d1c6878ebc935cfb3be","name":"Evandro Junior","image":{"@type":"ImageObject","inLanguage":"pt-BR","@id":"https:\/\/www.blogsoestado.com\/evandrojunior\/#\/schema\/person\/image\/","url":"https:\/\/secure.gravatar.com\/avatar\/f80a03a2294a580cd2318bfb459bf354cfa8be661ef3d95b542cf9a04af8d129?s=96&d=mm&r=g","contentUrl":"https:\/\/secure.gravatar.com\/avatar\/f80a03a2294a580cd2318bfb459bf354cfa8be661ef3d95b542cf9a04af8d129?s=96&d=mm&r=g","caption":"Evandro Junior"},"url":"https:\/\/www.blogsoestado.com\/evandrojunior\/author\/evandrojunior\/"}]}},"jetpack_featured_media_url":"","_links":{"self":[{"href":"https:\/\/www.blogsoestado.com\/evandrojunior\/wp-json\/wp\/v2\/posts\/12205","targetHints":{"allow":["GET"]}}],"collection":[{"href":"https:\/\/www.blogsoestado.com\/evandrojunior\/wp-json\/wp\/v2\/posts"}],"about":[{"href":"https:\/\/www.blogsoestado.com\/evandrojunior\/wp-json\/wp\/v2\/types\/post"}],"author":[{"embeddable":true,"href":"https:\/\/www.blogsoestado.com\/evandrojunior\/wp-json\/wp\/v2\/users\/4"}],"replies":[{"embeddable":true,"href":"https:\/\/www.blogsoestado.com\/evandrojunior\/wp-json\/wp\/v2\/comments?post=12205"}],"version-history":[{"count":0,"href":"https:\/\/www.blogsoestado.com\/evandrojunior\/wp-json\/wp\/v2\/posts\/12205\/revisions"}],"wp:attachment":[{"href":"https:\/\/www.blogsoestado.com\/evandrojunior\/wp-json\/wp\/v2\/media?parent=12205"}],"wp:term":[{"taxonomy":"category","embeddable":true,"href":"https:\/\/www.blogsoestado.com\/evandrojunior\/wp-json\/wp\/v2\/categories?post=12205"},{"taxonomy":"post_tag","embeddable":true,"href":"https:\/\/www.blogsoestado.com\/evandrojunior\/wp-json\/wp\/v2\/tags?post=12205"}],"curies":[{"name":"wp","href":"https:\/\/api.w.org\/{rel}","templated":true}]}}