{"id":12213,"date":"2024-07-04T11:13:01","date_gmt":"2024-07-04T14:13:01","guid":{"rendered":"https:\/\/www.blogsoestado.com\/evandrojunior\/?p=12213"},"modified":"2024-07-04T11:13:01","modified_gmt":"2024-07-04T14:13:01","slug":"boticario-levara-consumidores-para-o-mexico","status":"publish","type":"post","link":"https:\/\/www.blogsoestado.com\/evandrojunior\/2024\/07\/04\/boticario-levara-consumidores-para-o-mexico\/","title":{"rendered":"Botic\u00e1rio levar\u00e1 consumidores para o M\u00e9xico"},"content":{"rendered":"\n<div class=\"wp-block-image\"><figure class=\"aligncenter size-large\"><img decoding=\"async\" src=\"https:\/\/www.blogsoestado.com\/evandrojunior\/files\/2024\/07\/WhatsApp-Image-2024-07-04-at-11.11.18.jpeg\" alt=\"\" class=\"wp-image-12214\"\/><figcaption><strong>Nickelodeon Hotels &amp; Resorts Riviera Maya<\/strong><\/figcaption><\/figure><\/div>\n\n\n\n<p><strong>S\u00e3o Lu\u00eds <\/strong>&#8211; Para celebrar o anivers\u00e1rio de 25 anos do Bob Esponja, o\u00a0Botic\u00e1rio\u00a0lan\u00e7a mais uma collab ic\u00f4nica e anuncia parceria com a Paramount, por meio de seu departamento de Licenciamento de Produtos e Experi\u00eancias, para apresentar\u00a0Cuide-se Bem Bob Esponja, linha de edi\u00e7\u00e3o limitada inspirada nos personagens da franquia. <\/p>\n\n\n\n<p>Com campanha que leva o conceito \u201cA f\u00f3rmula secreta da amizade\u201d, a marca deseja fomentar o poder dessa rela\u00e7\u00e3o e, para isso, convida o p\u00fablico a participar de um concurso nas redes sociais para concorrer a uma viagem ao Nickelodeon Hotels &amp; Resorts em Riviera Maya, no M\u00e9xico.<\/p>\n\n\n\n<p>Cuide-se Bem Bob Esponja deseja revelar algo curioso e especial: os ingredientes secretos da f\u00f3rmula da amizade, celebrando as diferen\u00e7as, a divers\u00e3o e o mais importante: o cuidado. Pensando nisso, a marca apostou em uma estrat\u00e9gia focada em gerar conversa e conectar a comunidade com um tema t\u00e3o genu\u00edno, que engaja e converte, convocando os consumidores a conhecerem a f\u00f3rmula da amizade.<\/p>\n\n\n\n<p>Para impulsionar o lan\u00e7amento, a marca lan\u00e7ar\u00e1 um challengenas redes sociais desafiando duplas de amigos a concorrerem \u00e0 viagem e criarem mem\u00f3rias inesquec\u00edveis, como, com certeza, j\u00e1 tiveram assistindo ao desenho. Para participar, os consumidores devem soltar a criatividade em um v\u00eddeo contando a hist\u00f3ria e conex\u00e3o dessa rela\u00e7\u00e3o de amizade e basta apenas usar o \u00e1udio (dispon\u00edvel no perfil oficial da marca no TikTok) e hashtags oficiais da campanha (#CuideSeBemBobEsponja). <\/p>\n\n\n\n<p>A a\u00e7\u00e3o promocional ter\u00e1 dois vencedores com direito a acompanhante, que ganhar\u00e3o uma viagem para o Nickelodeon Hotels &amp; Resorts Riviera Maya, al\u00e9m de um kit completo com todos os itens da nova linha. <\/p>\n\n\n\n<p>\u201cAs collabs se consolidaram como uma fortaleza para Cuide-se Bem, e temos apostado cada vez mais em colabora\u00e7\u00f5es que agregam valor e se conectam genuinamente com os nossos consumidores. A anima\u00e7\u00e3o, al\u00e9m de muito querida, \u00e9 um sucesso entre o p\u00fablico, e da\u00ed j\u00e1 ter\u00edamos muitos motivos para nos associar e engajar a comunidade. Mas, para al\u00e9m disso, a sinergia de territ\u00f3rios e linguagem tamb\u00e9m culminou para que a parceria fizesse ainda mais sentido: Cuide-se Bem \u00e9 uma marca leve, fun e descontra\u00edda, assim como o Bob Esponja \u00e9 otimista, divertido e empolgado com tudo que faz. Unindo as duas marcas, vemos muito potencial de engajar, gerar conversa, desejo e conex\u00e3o com o nosso p\u00fablico\u201d, comenta\u00a0Marcela de Masi, diretora de Branding e Comunica\u00e7\u00e3o do Grupo Botic\u00e1rio.<\/p>\n","protected":false},"excerpt":{"rendered":"<p>S\u00e3o Lu\u00eds &#8211; Para celebrar o anivers\u00e1rio de 25 anos do Bob Esponja, o\u00a0Botic\u00e1rio\u00a0lan\u00e7a mais uma collab ic\u00f4nica e anuncia [&hellip;]<\/p>\n","protected":false},"author":4,"featured_media":0,"comment_status":"open","ping_status":"open","sticky":false,"template":"","format":"standard","meta":{"site-sidebar-layout":"default","site-content-layout":"","ast-site-content-layout":"default","site-content-style":"default","site-sidebar-style":"default","ast-global-header-display":"","ast-banner-title-visibility":"","ast-main-header-display":"","ast-hfb-above-header-display":"","ast-hfb-below-header-display":"","ast-hfb-mobile-header-display":"","site-post-title":"","ast-breadcrumbs-content":"","ast-featured-img":"","footer-sml-layout":"","ast-disable-related-posts":"","theme-transparent-header-meta":"","adv-header-id-meta":"","stick-header-meta":"","header-above-stick-meta":"","header-main-stick-meta":"","header-below-stick-meta":"","astra-migrate-meta-layouts":"default","ast-page-background-enabled":"default","ast-page-background-meta":{"desktop":{"background-color":"var(--ast-global-color-5)","background-image":"","background-repeat":"repeat","background-position":"center center","background-size":"auto","background-attachment":"scroll","background-type":"","background-media":"","overlay-type":"","overlay-color":"","overlay-opacity":"","overlay-gradient":""},"tablet":{"background-color":"","background-image":"","background-repeat":"repeat","background-position":"center center","background-size":"auto","background-attachment":"scroll","background-type":"","background-media":"","overlay-type":"","overlay-color":"","overlay-opacity":"","overlay-gradient":""},"mobile":{"background-color":"","background-image":"","background-repeat":"repeat","background-position":"center center","background-size":"auto","background-attachment":"scroll","background-type":"","background-media":"","overlay-type":"","overlay-color":"","overlay-opacity":"","overlay-gradient":""}},"ast-content-background-meta":{"desktop":{"background-color":"var(--ast-global-color-4)","background-image":"","background-repeat":"repeat","background-position":"center center","background-size":"auto","background-attachment":"scroll","background-type":"","background-media":"","overlay-type":"","overlay-color":"","overlay-opacity":"","overlay-gradient":""},"tablet":{"background-color":"var(--ast-global-color-4)","background-image":"","background-repeat":"repeat","background-position":"center center","background-size":"auto","background-attachment":"scroll","background-type":"","background-media":"","overlay-type":"","overlay-color":"","overlay-opacity":"","overlay-gradient":""},"mobile":{"background-color":"var(--ast-global-color-4)","background-image":"","background-repeat":"repeat","background-position":"center center","background-size":"auto","background-attachment":"scroll","background-type":"","background-media":"","overlay-type":"","overlay-color":"","overlay-opacity":"","overlay-gradient":""}},"footnotes":""},"categories":[1],"tags":[],"class_list":["post-12213","post","type-post","status-publish","format-standard","hentry","category-sem-categoria"],"yoast_head":"<!-- This site is optimized with the Yoast SEO plugin v26.6 - https:\/\/yoast.com\/wordpress\/plugins\/seo\/ -->\n<title>Botic\u00e1rio levar\u00e1 consumidores para o M\u00e9xico - Evandro Junior<\/title>\n<meta name=\"robots\" content=\"index, follow, max-snippet:-1, max-image-preview:large, max-video-preview:-1\" \/>\n<link rel=\"canonical\" href=\"https:\/\/www.blogsoestado.com\/evandrojunior\/2024\/07\/04\/boticario-levara-consumidores-para-o-mexico\/\" \/>\n<meta property=\"og:locale\" content=\"pt_BR\" \/>\n<meta property=\"og:type\" content=\"article\" \/>\n<meta property=\"og:title\" content=\"Botic\u00e1rio levar\u00e1 consumidores para o M\u00e9xico - Evandro Junior\" \/>\n<meta property=\"og:description\" content=\"S\u00e3o Lu\u00eds &#8211; Para celebrar o anivers\u00e1rio de 25 anos do Bob Esponja, o\u00a0Botic\u00e1rio\u00a0lan\u00e7a mais uma collab ic\u00f4nica e anuncia [&hellip;]\" \/>\n<meta property=\"og:url\" content=\"https:\/\/www.blogsoestado.com\/evandrojunior\/2024\/07\/04\/boticario-levara-consumidores-para-o-mexico\/\" \/>\n<meta property=\"og:site_name\" content=\"Evandro Junior\" \/>\n<meta property=\"article:published_time\" content=\"2024-07-04T14:13:01+00:00\" \/>\n<meta property=\"og:image\" content=\"https:\/\/www.blogsoestado.com\/evandrojunior\/files\/2024\/07\/WhatsApp-Image-2024-07-04-at-11.11.18.jpeg\" \/>\n<meta name=\"author\" content=\"Evandro Junior\" \/>\n<meta name=\"twitter:card\" content=\"summary_large_image\" \/>\n<meta name=\"twitter:label1\" content=\"Escrito por\" \/>\n\t<meta name=\"twitter:data1\" content=\"Evandro Junior\" \/>\n\t<meta name=\"twitter:label2\" content=\"Est. tempo de leitura\" \/>\n\t<meta name=\"twitter:data2\" content=\"2 minutos\" \/>\n<script type=\"application\/ld+json\" class=\"yoast-schema-graph\">{\"@context\":\"https:\/\/schema.org\",\"@graph\":[{\"@type\":\"WebPage\",\"@id\":\"https:\/\/www.blogsoestado.com\/evandrojunior\/2024\/07\/04\/boticario-levara-consumidores-para-o-mexico\/\",\"url\":\"https:\/\/www.blogsoestado.com\/evandrojunior\/2024\/07\/04\/boticario-levara-consumidores-para-o-mexico\/\",\"name\":\"Botic\u00e1rio levar\u00e1 consumidores para o M\u00e9xico - Evandro Junior\",\"isPartOf\":{\"@id\":\"https:\/\/www.blogsoestado.com\/evandrojunior\/#website\"},\"primaryImageOfPage\":{\"@id\":\"https:\/\/www.blogsoestado.com\/evandrojunior\/2024\/07\/04\/boticario-levara-consumidores-para-o-mexico\/#primaryimage\"},\"image\":{\"@id\":\"https:\/\/www.blogsoestado.com\/evandrojunior\/2024\/07\/04\/boticario-levara-consumidores-para-o-mexico\/#primaryimage\"},\"thumbnailUrl\":\"https:\/\/www.blogsoestado.com\/evandrojunior\/files\/2024\/07\/WhatsApp-Image-2024-07-04-at-11.11.18.jpeg\",\"datePublished\":\"2024-07-04T14:13:01+00:00\",\"author\":{\"@id\":\"https:\/\/www.blogsoestado.com\/evandrojunior\/#\/schema\/person\/3e6c3d8dbb740d1c6878ebc935cfb3be\"},\"breadcrumb\":{\"@id\":\"https:\/\/www.blogsoestado.com\/evandrojunior\/2024\/07\/04\/boticario-levara-consumidores-para-o-mexico\/#breadcrumb\"},\"inLanguage\":\"pt-BR\",\"potentialAction\":[{\"@type\":\"ReadAction\",\"target\":[\"https:\/\/www.blogsoestado.com\/evandrojunior\/2024\/07\/04\/boticario-levara-consumidores-para-o-mexico\/\"]}]},{\"@type\":\"ImageObject\",\"inLanguage\":\"pt-BR\",\"@id\":\"https:\/\/www.blogsoestado.com\/evandrojunior\/2024\/07\/04\/boticario-levara-consumidores-para-o-mexico\/#primaryimage\",\"url\":\"https:\/\/www.blogsoestado.com\/evandrojunior\/files\/2024\/07\/WhatsApp-Image-2024-07-04-at-11.11.18.jpeg\",\"contentUrl\":\"https:\/\/www.blogsoestado.com\/evandrojunior\/files\/2024\/07\/WhatsApp-Image-2024-07-04-at-11.11.18.jpeg\"},{\"@type\":\"BreadcrumbList\",\"@id\":\"https:\/\/www.blogsoestado.com\/evandrojunior\/2024\/07\/04\/boticario-levara-consumidores-para-o-mexico\/#breadcrumb\",\"itemListElement\":[{\"@type\":\"ListItem\",\"position\":1,\"name\":\"In\u00edcio\",\"item\":\"https:\/\/www.blogsoestado.com\/evandrojunior\/\"},{\"@type\":\"ListItem\",\"position\":2,\"name\":\"Botic\u00e1rio levar\u00e1 consumidores para o M\u00e9xico\"}]},{\"@type\":\"WebSite\",\"@id\":\"https:\/\/www.blogsoestado.com\/evandrojunior\/#website\",\"url\":\"https:\/\/www.blogsoestado.com\/evandrojunior\/\",\"name\":\"Evandro Junior\",\"description\":\"\",\"potentialAction\":[{\"@type\":\"SearchAction\",\"target\":{\"@type\":\"EntryPoint\",\"urlTemplate\":\"https:\/\/www.blogsoestado.com\/evandrojunior\/?s={search_term_string}\"},\"query-input\":{\"@type\":\"PropertyValueSpecification\",\"valueRequired\":true,\"valueName\":\"search_term_string\"}}],\"inLanguage\":\"pt-BR\"},{\"@type\":\"Person\",\"@id\":\"https:\/\/www.blogsoestado.com\/evandrojunior\/#\/schema\/person\/3e6c3d8dbb740d1c6878ebc935cfb3be\",\"name\":\"Evandro Junior\",\"image\":{\"@type\":\"ImageObject\",\"inLanguage\":\"pt-BR\",\"@id\":\"https:\/\/www.blogsoestado.com\/evandrojunior\/#\/schema\/person\/image\/\",\"url\":\"https:\/\/secure.gravatar.com\/avatar\/f80a03a2294a580cd2318bfb459bf354cfa8be661ef3d95b542cf9a04af8d129?s=96&d=mm&r=g\",\"contentUrl\":\"https:\/\/secure.gravatar.com\/avatar\/f80a03a2294a580cd2318bfb459bf354cfa8be661ef3d95b542cf9a04af8d129?s=96&d=mm&r=g\",\"caption\":\"Evandro Junior\"},\"url\":\"https:\/\/www.blogsoestado.com\/evandrojunior\/author\/evandrojunior\/\"}]}<\/script>\n<!-- \/ Yoast SEO plugin. -->","yoast_head_json":{"title":"Botic\u00e1rio levar\u00e1 consumidores para o M\u00e9xico - Evandro Junior","robots":{"index":"index","follow":"follow","max-snippet":"max-snippet:-1","max-image-preview":"max-image-preview:large","max-video-preview":"max-video-preview:-1"},"canonical":"https:\/\/www.blogsoestado.com\/evandrojunior\/2024\/07\/04\/boticario-levara-consumidores-para-o-mexico\/","og_locale":"pt_BR","og_type":"article","og_title":"Botic\u00e1rio levar\u00e1 consumidores para o M\u00e9xico - Evandro Junior","og_description":"S\u00e3o Lu\u00eds &#8211; Para celebrar o anivers\u00e1rio de 25 anos do Bob Esponja, o\u00a0Botic\u00e1rio\u00a0lan\u00e7a mais uma collab ic\u00f4nica e anuncia [&hellip;]","og_url":"https:\/\/www.blogsoestado.com\/evandrojunior\/2024\/07\/04\/boticario-levara-consumidores-para-o-mexico\/","og_site_name":"Evandro Junior","article_published_time":"2024-07-04T14:13:01+00:00","og_image":[{"url":"https:\/\/www.blogsoestado.com\/evandrojunior\/files\/2024\/07\/WhatsApp-Image-2024-07-04-at-11.11.18.jpeg","type":"","width":"","height":""}],"author":"Evandro Junior","twitter_card":"summary_large_image","twitter_misc":{"Escrito por":"Evandro Junior","Est. tempo de leitura":"2 minutos"},"schema":{"@context":"https:\/\/schema.org","@graph":[{"@type":"WebPage","@id":"https:\/\/www.blogsoestado.com\/evandrojunior\/2024\/07\/04\/boticario-levara-consumidores-para-o-mexico\/","url":"https:\/\/www.blogsoestado.com\/evandrojunior\/2024\/07\/04\/boticario-levara-consumidores-para-o-mexico\/","name":"Botic\u00e1rio levar\u00e1 consumidores para o M\u00e9xico - Evandro Junior","isPartOf":{"@id":"https:\/\/www.blogsoestado.com\/evandrojunior\/#website"},"primaryImageOfPage":{"@id":"https:\/\/www.blogsoestado.com\/evandrojunior\/2024\/07\/04\/boticario-levara-consumidores-para-o-mexico\/#primaryimage"},"image":{"@id":"https:\/\/www.blogsoestado.com\/evandrojunior\/2024\/07\/04\/boticario-levara-consumidores-para-o-mexico\/#primaryimage"},"thumbnailUrl":"https:\/\/www.blogsoestado.com\/evandrojunior\/files\/2024\/07\/WhatsApp-Image-2024-07-04-at-11.11.18.jpeg","datePublished":"2024-07-04T14:13:01+00:00","author":{"@id":"https:\/\/www.blogsoestado.com\/evandrojunior\/#\/schema\/person\/3e6c3d8dbb740d1c6878ebc935cfb3be"},"breadcrumb":{"@id":"https:\/\/www.blogsoestado.com\/evandrojunior\/2024\/07\/04\/boticario-levara-consumidores-para-o-mexico\/#breadcrumb"},"inLanguage":"pt-BR","potentialAction":[{"@type":"ReadAction","target":["https:\/\/www.blogsoestado.com\/evandrojunior\/2024\/07\/04\/boticario-levara-consumidores-para-o-mexico\/"]}]},{"@type":"ImageObject","inLanguage":"pt-BR","@id":"https:\/\/www.blogsoestado.com\/evandrojunior\/2024\/07\/04\/boticario-levara-consumidores-para-o-mexico\/#primaryimage","url":"https:\/\/www.blogsoestado.com\/evandrojunior\/files\/2024\/07\/WhatsApp-Image-2024-07-04-at-11.11.18.jpeg","contentUrl":"https:\/\/www.blogsoestado.com\/evandrojunior\/files\/2024\/07\/WhatsApp-Image-2024-07-04-at-11.11.18.jpeg"},{"@type":"BreadcrumbList","@id":"https:\/\/www.blogsoestado.com\/evandrojunior\/2024\/07\/04\/boticario-levara-consumidores-para-o-mexico\/#breadcrumb","itemListElement":[{"@type":"ListItem","position":1,"name":"In\u00edcio","item":"https:\/\/www.blogsoestado.com\/evandrojunior\/"},{"@type":"ListItem","position":2,"name":"Botic\u00e1rio levar\u00e1 consumidores para o M\u00e9xico"}]},{"@type":"WebSite","@id":"https:\/\/www.blogsoestado.com\/evandrojunior\/#website","url":"https:\/\/www.blogsoestado.com\/evandrojunior\/","name":"Evandro Junior","description":"","potentialAction":[{"@type":"SearchAction","target":{"@type":"EntryPoint","urlTemplate":"https:\/\/www.blogsoestado.com\/evandrojunior\/?s={search_term_string}"},"query-input":{"@type":"PropertyValueSpecification","valueRequired":true,"valueName":"search_term_string"}}],"inLanguage":"pt-BR"},{"@type":"Person","@id":"https:\/\/www.blogsoestado.com\/evandrojunior\/#\/schema\/person\/3e6c3d8dbb740d1c6878ebc935cfb3be","name":"Evandro Junior","image":{"@type":"ImageObject","inLanguage":"pt-BR","@id":"https:\/\/www.blogsoestado.com\/evandrojunior\/#\/schema\/person\/image\/","url":"https:\/\/secure.gravatar.com\/avatar\/f80a03a2294a580cd2318bfb459bf354cfa8be661ef3d95b542cf9a04af8d129?s=96&d=mm&r=g","contentUrl":"https:\/\/secure.gravatar.com\/avatar\/f80a03a2294a580cd2318bfb459bf354cfa8be661ef3d95b542cf9a04af8d129?s=96&d=mm&r=g","caption":"Evandro Junior"},"url":"https:\/\/www.blogsoestado.com\/evandrojunior\/author\/evandrojunior\/"}]}},"jetpack_featured_media_url":"","_links":{"self":[{"href":"https:\/\/www.blogsoestado.com\/evandrojunior\/wp-json\/wp\/v2\/posts\/12213","targetHints":{"allow":["GET"]}}],"collection":[{"href":"https:\/\/www.blogsoestado.com\/evandrojunior\/wp-json\/wp\/v2\/posts"}],"about":[{"href":"https:\/\/www.blogsoestado.com\/evandrojunior\/wp-json\/wp\/v2\/types\/post"}],"author":[{"embeddable":true,"href":"https:\/\/www.blogsoestado.com\/evandrojunior\/wp-json\/wp\/v2\/users\/4"}],"replies":[{"embeddable":true,"href":"https:\/\/www.blogsoestado.com\/evandrojunior\/wp-json\/wp\/v2\/comments?post=12213"}],"version-history":[{"count":0,"href":"https:\/\/www.blogsoestado.com\/evandrojunior\/wp-json\/wp\/v2\/posts\/12213\/revisions"}],"wp:attachment":[{"href":"https:\/\/www.blogsoestado.com\/evandrojunior\/wp-json\/wp\/v2\/media?parent=12213"}],"wp:term":[{"taxonomy":"category","embeddable":true,"href":"https:\/\/www.blogsoestado.com\/evandrojunior\/wp-json\/wp\/v2\/categories?post=12213"},{"taxonomy":"post_tag","embeddable":true,"href":"https:\/\/www.blogsoestado.com\/evandrojunior\/wp-json\/wp\/v2\/tags?post=12213"}],"curies":[{"name":"wp","href":"https:\/\/api.w.org\/{rel}","templated":true}]}}