{"id":12218,"date":"2024-07-04T11:54:24","date_gmt":"2024-07-04T14:54:24","guid":{"rendered":"https:\/\/www.blogsoestado.com\/evandrojunior\/?p=12218"},"modified":"2024-07-04T11:54:24","modified_gmt":"2024-07-04T14:54:24","slug":"alexandre-pires-e-so-pra-contrariar-darao-o-tom-deste-sabado-em-sao-luis","status":"publish","type":"post","link":"https:\/\/www.blogsoestado.com\/evandrojunior\/2024\/07\/04\/alexandre-pires-e-so-pra-contrariar-darao-o-tom-deste-sabado-em-sao-luis\/","title":{"rendered":"Alexandre Pires e S\u00f3 Pra Contrariar dar\u00e3o o tom deste s\u00e1bado em S\u00e3o Lu\u00eds"},"content":{"rendered":"\n<div class=\"wp-block-image\"><figure class=\"aligncenter is-resized\"><img fetchpriority=\"high\" decoding=\"async\" src=\"https:\/\/ofuxico.com.br\/img\/upload\/noticias\/2020\/10\/16\/alexandre-pires-sorrindo-enquanto-se-apresenta-em-show_387888_36.jpg\" alt=\"Alexandre Pires troca a ger\u00eancia de sua carreira art\u00edstica - OFuxico\" width=\"541\" height=\"343\"\/><figcaption><strong>Alexandre Pires vai se apresentar com S\u00f3 Pra Contrariar na noite deste s\u00e1bado (6)<\/strong> em S\u00e3o Lu\u00eds<\/figcaption><\/figure><\/div>\n\n\n\n<p><strong>S\u00c3O LU\u00cdS<\/strong> &#8211; Alexandre Pires e o S\u00f3 Pra Contrariar aterrissam em S\u00e3o Lu\u00eds neste s\u00e1bado (6) para um show esperado no estacionamento do S\u00e3o Lu\u00eds Shopping. A turn\u00ea \u2018\u00daltimo Encontro\u2019 marca a despedida oficial do cantor do grupo. A turn\u00ea passa por 32 cidades brasileiras. Quem traz \u00e9 a 4M\u00e3os Entretenimento, <\/p>\n\n\n\n<p>Sucesso do pagode nos anos 1990 e 2000, o S\u00f3 Pra Contrariar vendeu mais de 20 milh\u00f5es de discos ao longo dos 25 anos de exist\u00eancia e acumula hits como \u201cEssa Tal Liberdade\u201d,&nbsp; \u201cDepois do Prazer\u201d, \u201cMineirinho\u201d e \u201cSai da Minha Aba\u201d.&nbsp;<\/p>\n\n\n\n<p>Para a turn\u00ea de despedida, o grupo tem sua forma\u00e7\u00e3o cl\u00e1ssica: Alexandre Pires, Fernando Pires, Hamilton Faria, Juliano Pires, Lu\u00eds Fernando, S\u00e9rgio Sales e Alexandre Pop\u00f3.<\/p>\n","protected":false},"excerpt":{"rendered":"<p>S\u00c3O LU\u00cdS &#8211; Alexandre Pires e o S\u00f3 Pra Contrariar aterrissam em S\u00e3o Lu\u00eds neste s\u00e1bado (6) para um show [&hellip;]<\/p>\n","protected":false},"author":4,"featured_media":0,"comment_status":"open","ping_status":"open","sticky":false,"template":"","format":"standard","meta":{"site-sidebar-layout":"default","site-content-layout":"","ast-site-content-layout":"default","site-content-style":"default","site-sidebar-style":"default","ast-global-header-display":"","ast-banner-title-visibility":"","ast-main-header-display":"","ast-hfb-above-header-display":"","ast-hfb-below-header-display":"","ast-hfb-mobile-header-display":"","site-post-title":"","ast-breadcrumbs-content":"","ast-featured-img":"","footer-sml-layout":"","ast-disable-related-posts":"","theme-transparent-header-meta":"","adv-header-id-meta":"","stick-header-meta":"","header-above-stick-meta":"","header-main-stick-meta":"","header-below-stick-meta":"","astra-migrate-meta-layouts":"default","ast-page-background-enabled":"default","ast-page-background-meta":{"desktop":{"background-color":"var(--ast-global-color-5)","background-image":"","background-repeat":"repeat","background-position":"center center","background-size":"auto","background-attachment":"scroll","background-type":"","background-media":"","overlay-type":"","overlay-color":"","overlay-opacity":"","overlay-gradient":""},"tablet":{"background-color":"","background-image":"","background-repeat":"repeat","background-position":"center center","background-size":"auto","background-attachment":"scroll","background-type":"","background-media":"","overlay-type":"","overlay-color":"","overlay-opacity":"","overlay-gradient":""},"mobile":{"background-color":"","background-image":"","background-repeat":"repeat","background-position":"center center","background-size":"auto","background-attachment":"scroll","background-type":"","background-media":"","overlay-type":"","overlay-color":"","overlay-opacity":"","overlay-gradient":""}},"ast-content-background-meta":{"desktop":{"background-color":"var(--ast-global-color-4)","background-image":"","background-repeat":"repeat","background-position":"center center","background-size":"auto","background-attachment":"scroll","background-type":"","background-media":"","overlay-type":"","overlay-color":"","overlay-opacity":"","overlay-gradient":""},"tablet":{"background-color":"var(--ast-global-color-4)","background-image":"","background-repeat":"repeat","background-position":"center center","background-size":"auto","background-attachment":"scroll","background-type":"","background-media":"","overlay-type":"","overlay-color":"","overlay-opacity":"","overlay-gradient":""},"mobile":{"background-color":"var(--ast-global-color-4)","background-image":"","background-repeat":"repeat","background-position":"center center","background-size":"auto","background-attachment":"scroll","background-type":"","background-media":"","overlay-type":"","overlay-color":"","overlay-opacity":"","overlay-gradient":""}},"footnotes":""},"categories":[1],"tags":[],"class_list":["post-12218","post","type-post","status-publish","format-standard","hentry","category-sem-categoria"],"yoast_head":"<!-- This site is optimized with the Yoast SEO plugin v26.6 - https:\/\/yoast.com\/wordpress\/plugins\/seo\/ -->\n<title>Alexandre Pires e S\u00f3 Pra Contrariar dar\u00e3o o tom deste s\u00e1bado em S\u00e3o Lu\u00eds - Evandro Junior<\/title>\n<meta name=\"robots\" content=\"index, follow, max-snippet:-1, max-image-preview:large, max-video-preview:-1\" \/>\n<link rel=\"canonical\" href=\"https:\/\/www.blogsoestado.com\/evandrojunior\/2024\/07\/04\/alexandre-pires-e-so-pra-contrariar-darao-o-tom-deste-sabado-em-sao-luis\/\" \/>\n<meta property=\"og:locale\" content=\"pt_BR\" \/>\n<meta property=\"og:type\" content=\"article\" \/>\n<meta property=\"og:title\" content=\"Alexandre Pires e S\u00f3 Pra Contrariar dar\u00e3o o tom deste s\u00e1bado em S\u00e3o Lu\u00eds - Evandro Junior\" \/>\n<meta property=\"og:description\" content=\"S\u00c3O LU\u00cdS &#8211; Alexandre Pires e o S\u00f3 Pra Contrariar aterrissam em S\u00e3o Lu\u00eds neste s\u00e1bado (6) para um show [&hellip;]\" \/>\n<meta property=\"og:url\" content=\"https:\/\/www.blogsoestado.com\/evandrojunior\/2024\/07\/04\/alexandre-pires-e-so-pra-contrariar-darao-o-tom-deste-sabado-em-sao-luis\/\" \/>\n<meta property=\"og:site_name\" content=\"Evandro Junior\" \/>\n<meta property=\"article:published_time\" content=\"2024-07-04T14:54:24+00:00\" \/>\n<meta property=\"og:image\" content=\"https:\/\/ofuxico.com.br\/img\/upload\/noticias\/2020\/10\/16\/alexandre-pires-sorrindo-enquanto-se-apresenta-em-show_387888_36.jpg\" \/>\n<meta name=\"author\" content=\"Evandro Junior\" \/>\n<meta name=\"twitter:card\" content=\"summary_large_image\" \/>\n<meta name=\"twitter:label1\" content=\"Escrito por\" \/>\n\t<meta name=\"twitter:data1\" content=\"Evandro Junior\" \/>\n\t<meta name=\"twitter:label2\" content=\"Est. tempo de leitura\" \/>\n\t<meta name=\"twitter:data2\" content=\"1 minuto\" \/>\n<script type=\"application\/ld+json\" class=\"yoast-schema-graph\">{\"@context\":\"https:\/\/schema.org\",\"@graph\":[{\"@type\":\"WebPage\",\"@id\":\"https:\/\/www.blogsoestado.com\/evandrojunior\/2024\/07\/04\/alexandre-pires-e-so-pra-contrariar-darao-o-tom-deste-sabado-em-sao-luis\/\",\"url\":\"https:\/\/www.blogsoestado.com\/evandrojunior\/2024\/07\/04\/alexandre-pires-e-so-pra-contrariar-darao-o-tom-deste-sabado-em-sao-luis\/\",\"name\":\"Alexandre Pires e S\u00f3 Pra Contrariar dar\u00e3o o tom deste s\u00e1bado em S\u00e3o Lu\u00eds - Evandro Junior\",\"isPartOf\":{\"@id\":\"https:\/\/www.blogsoestado.com\/evandrojunior\/#website\"},\"primaryImageOfPage\":{\"@id\":\"https:\/\/www.blogsoestado.com\/evandrojunior\/2024\/07\/04\/alexandre-pires-e-so-pra-contrariar-darao-o-tom-deste-sabado-em-sao-luis\/#primaryimage\"},\"image\":{\"@id\":\"https:\/\/www.blogsoestado.com\/evandrojunior\/2024\/07\/04\/alexandre-pires-e-so-pra-contrariar-darao-o-tom-deste-sabado-em-sao-luis\/#primaryimage\"},\"thumbnailUrl\":\"https:\/\/ofuxico.com.br\/img\/upload\/noticias\/2020\/10\/16\/alexandre-pires-sorrindo-enquanto-se-apresenta-em-show_387888_36.jpg\",\"datePublished\":\"2024-07-04T14:54:24+00:00\",\"author\":{\"@id\":\"https:\/\/www.blogsoestado.com\/evandrojunior\/#\/schema\/person\/3e6c3d8dbb740d1c6878ebc935cfb3be\"},\"breadcrumb\":{\"@id\":\"https:\/\/www.blogsoestado.com\/evandrojunior\/2024\/07\/04\/alexandre-pires-e-so-pra-contrariar-darao-o-tom-deste-sabado-em-sao-luis\/#breadcrumb\"},\"inLanguage\":\"pt-BR\",\"potentialAction\":[{\"@type\":\"ReadAction\",\"target\":[\"https:\/\/www.blogsoestado.com\/evandrojunior\/2024\/07\/04\/alexandre-pires-e-so-pra-contrariar-darao-o-tom-deste-sabado-em-sao-luis\/\"]}]},{\"@type\":\"ImageObject\",\"inLanguage\":\"pt-BR\",\"@id\":\"https:\/\/www.blogsoestado.com\/evandrojunior\/2024\/07\/04\/alexandre-pires-e-so-pra-contrariar-darao-o-tom-deste-sabado-em-sao-luis\/#primaryimage\",\"url\":\"https:\/\/ofuxico.com.br\/img\/upload\/noticias\/2020\/10\/16\/alexandre-pires-sorrindo-enquanto-se-apresenta-em-show_387888_36.jpg\",\"contentUrl\":\"https:\/\/ofuxico.com.br\/img\/upload\/noticias\/2020\/10\/16\/alexandre-pires-sorrindo-enquanto-se-apresenta-em-show_387888_36.jpg\"},{\"@type\":\"BreadcrumbList\",\"@id\":\"https:\/\/www.blogsoestado.com\/evandrojunior\/2024\/07\/04\/alexandre-pires-e-so-pra-contrariar-darao-o-tom-deste-sabado-em-sao-luis\/#breadcrumb\",\"itemListElement\":[{\"@type\":\"ListItem\",\"position\":1,\"name\":\"In\u00edcio\",\"item\":\"https:\/\/www.blogsoestado.com\/evandrojunior\/\"},{\"@type\":\"ListItem\",\"position\":2,\"name\":\"Alexandre Pires e S\u00f3 Pra Contrariar dar\u00e3o o tom deste s\u00e1bado em S\u00e3o Lu\u00eds\"}]},{\"@type\":\"WebSite\",\"@id\":\"https:\/\/www.blogsoestado.com\/evandrojunior\/#website\",\"url\":\"https:\/\/www.blogsoestado.com\/evandrojunior\/\",\"name\":\"Evandro Junior\",\"description\":\"\",\"potentialAction\":[{\"@type\":\"SearchAction\",\"target\":{\"@type\":\"EntryPoint\",\"urlTemplate\":\"https:\/\/www.blogsoestado.com\/evandrojunior\/?s={search_term_string}\"},\"query-input\":{\"@type\":\"PropertyValueSpecification\",\"valueRequired\":true,\"valueName\":\"search_term_string\"}}],\"inLanguage\":\"pt-BR\"},{\"@type\":\"Person\",\"@id\":\"https:\/\/www.blogsoestado.com\/evandrojunior\/#\/schema\/person\/3e6c3d8dbb740d1c6878ebc935cfb3be\",\"name\":\"Evandro Junior\",\"image\":{\"@type\":\"ImageObject\",\"inLanguage\":\"pt-BR\",\"@id\":\"https:\/\/www.blogsoestado.com\/evandrojunior\/#\/schema\/person\/image\/\",\"url\":\"https:\/\/secure.gravatar.com\/avatar\/f80a03a2294a580cd2318bfb459bf354cfa8be661ef3d95b542cf9a04af8d129?s=96&d=mm&r=g\",\"contentUrl\":\"https:\/\/secure.gravatar.com\/avatar\/f80a03a2294a580cd2318bfb459bf354cfa8be661ef3d95b542cf9a04af8d129?s=96&d=mm&r=g\",\"caption\":\"Evandro Junior\"},\"url\":\"https:\/\/www.blogsoestado.com\/evandrojunior\/author\/evandrojunior\/\"}]}<\/script>\n<!-- \/ Yoast SEO plugin. -->","yoast_head_json":{"title":"Alexandre Pires e S\u00f3 Pra Contrariar dar\u00e3o o tom deste s\u00e1bado em S\u00e3o Lu\u00eds - Evandro Junior","robots":{"index":"index","follow":"follow","max-snippet":"max-snippet:-1","max-image-preview":"max-image-preview:large","max-video-preview":"max-video-preview:-1"},"canonical":"https:\/\/www.blogsoestado.com\/evandrojunior\/2024\/07\/04\/alexandre-pires-e-so-pra-contrariar-darao-o-tom-deste-sabado-em-sao-luis\/","og_locale":"pt_BR","og_type":"article","og_title":"Alexandre Pires e S\u00f3 Pra Contrariar dar\u00e3o o tom deste s\u00e1bado em S\u00e3o Lu\u00eds - Evandro Junior","og_description":"S\u00c3O LU\u00cdS &#8211; Alexandre Pires e o S\u00f3 Pra Contrariar aterrissam em S\u00e3o Lu\u00eds neste s\u00e1bado (6) para um show [&hellip;]","og_url":"https:\/\/www.blogsoestado.com\/evandrojunior\/2024\/07\/04\/alexandre-pires-e-so-pra-contrariar-darao-o-tom-deste-sabado-em-sao-luis\/","og_site_name":"Evandro Junior","article_published_time":"2024-07-04T14:54:24+00:00","og_image":[{"url":"https:\/\/ofuxico.com.br\/img\/upload\/noticias\/2020\/10\/16\/alexandre-pires-sorrindo-enquanto-se-apresenta-em-show_387888_36.jpg","type":"","width":"","height":""}],"author":"Evandro Junior","twitter_card":"summary_large_image","twitter_misc":{"Escrito por":"Evandro Junior","Est. tempo de leitura":"1 minuto"},"schema":{"@context":"https:\/\/schema.org","@graph":[{"@type":"WebPage","@id":"https:\/\/www.blogsoestado.com\/evandrojunior\/2024\/07\/04\/alexandre-pires-e-so-pra-contrariar-darao-o-tom-deste-sabado-em-sao-luis\/","url":"https:\/\/www.blogsoestado.com\/evandrojunior\/2024\/07\/04\/alexandre-pires-e-so-pra-contrariar-darao-o-tom-deste-sabado-em-sao-luis\/","name":"Alexandre Pires e S\u00f3 Pra Contrariar dar\u00e3o o tom deste s\u00e1bado em S\u00e3o Lu\u00eds - Evandro Junior","isPartOf":{"@id":"https:\/\/www.blogsoestado.com\/evandrojunior\/#website"},"primaryImageOfPage":{"@id":"https:\/\/www.blogsoestado.com\/evandrojunior\/2024\/07\/04\/alexandre-pires-e-so-pra-contrariar-darao-o-tom-deste-sabado-em-sao-luis\/#primaryimage"},"image":{"@id":"https:\/\/www.blogsoestado.com\/evandrojunior\/2024\/07\/04\/alexandre-pires-e-so-pra-contrariar-darao-o-tom-deste-sabado-em-sao-luis\/#primaryimage"},"thumbnailUrl":"https:\/\/ofuxico.com.br\/img\/upload\/noticias\/2020\/10\/16\/alexandre-pires-sorrindo-enquanto-se-apresenta-em-show_387888_36.jpg","datePublished":"2024-07-04T14:54:24+00:00","author":{"@id":"https:\/\/www.blogsoestado.com\/evandrojunior\/#\/schema\/person\/3e6c3d8dbb740d1c6878ebc935cfb3be"},"breadcrumb":{"@id":"https:\/\/www.blogsoestado.com\/evandrojunior\/2024\/07\/04\/alexandre-pires-e-so-pra-contrariar-darao-o-tom-deste-sabado-em-sao-luis\/#breadcrumb"},"inLanguage":"pt-BR","potentialAction":[{"@type":"ReadAction","target":["https:\/\/www.blogsoestado.com\/evandrojunior\/2024\/07\/04\/alexandre-pires-e-so-pra-contrariar-darao-o-tom-deste-sabado-em-sao-luis\/"]}]},{"@type":"ImageObject","inLanguage":"pt-BR","@id":"https:\/\/www.blogsoestado.com\/evandrojunior\/2024\/07\/04\/alexandre-pires-e-so-pra-contrariar-darao-o-tom-deste-sabado-em-sao-luis\/#primaryimage","url":"https:\/\/ofuxico.com.br\/img\/upload\/noticias\/2020\/10\/16\/alexandre-pires-sorrindo-enquanto-se-apresenta-em-show_387888_36.jpg","contentUrl":"https:\/\/ofuxico.com.br\/img\/upload\/noticias\/2020\/10\/16\/alexandre-pires-sorrindo-enquanto-se-apresenta-em-show_387888_36.jpg"},{"@type":"BreadcrumbList","@id":"https:\/\/www.blogsoestado.com\/evandrojunior\/2024\/07\/04\/alexandre-pires-e-so-pra-contrariar-darao-o-tom-deste-sabado-em-sao-luis\/#breadcrumb","itemListElement":[{"@type":"ListItem","position":1,"name":"In\u00edcio","item":"https:\/\/www.blogsoestado.com\/evandrojunior\/"},{"@type":"ListItem","position":2,"name":"Alexandre Pires e S\u00f3 Pra Contrariar dar\u00e3o o tom deste s\u00e1bado em S\u00e3o Lu\u00eds"}]},{"@type":"WebSite","@id":"https:\/\/www.blogsoestado.com\/evandrojunior\/#website","url":"https:\/\/www.blogsoestado.com\/evandrojunior\/","name":"Evandro Junior","description":"","potentialAction":[{"@type":"SearchAction","target":{"@type":"EntryPoint","urlTemplate":"https:\/\/www.blogsoestado.com\/evandrojunior\/?s={search_term_string}"},"query-input":{"@type":"PropertyValueSpecification","valueRequired":true,"valueName":"search_term_string"}}],"inLanguage":"pt-BR"},{"@type":"Person","@id":"https:\/\/www.blogsoestado.com\/evandrojunior\/#\/schema\/person\/3e6c3d8dbb740d1c6878ebc935cfb3be","name":"Evandro Junior","image":{"@type":"ImageObject","inLanguage":"pt-BR","@id":"https:\/\/www.blogsoestado.com\/evandrojunior\/#\/schema\/person\/image\/","url":"https:\/\/secure.gravatar.com\/avatar\/f80a03a2294a580cd2318bfb459bf354cfa8be661ef3d95b542cf9a04af8d129?s=96&d=mm&r=g","contentUrl":"https:\/\/secure.gravatar.com\/avatar\/f80a03a2294a580cd2318bfb459bf354cfa8be661ef3d95b542cf9a04af8d129?s=96&d=mm&r=g","caption":"Evandro Junior"},"url":"https:\/\/www.blogsoestado.com\/evandrojunior\/author\/evandrojunior\/"}]}},"jetpack_featured_media_url":"","_links":{"self":[{"href":"https:\/\/www.blogsoestado.com\/evandrojunior\/wp-json\/wp\/v2\/posts\/12218","targetHints":{"allow":["GET"]}}],"collection":[{"href":"https:\/\/www.blogsoestado.com\/evandrojunior\/wp-json\/wp\/v2\/posts"}],"about":[{"href":"https:\/\/www.blogsoestado.com\/evandrojunior\/wp-json\/wp\/v2\/types\/post"}],"author":[{"embeddable":true,"href":"https:\/\/www.blogsoestado.com\/evandrojunior\/wp-json\/wp\/v2\/users\/4"}],"replies":[{"embeddable":true,"href":"https:\/\/www.blogsoestado.com\/evandrojunior\/wp-json\/wp\/v2\/comments?post=12218"}],"version-history":[{"count":0,"href":"https:\/\/www.blogsoestado.com\/evandrojunior\/wp-json\/wp\/v2\/posts\/12218\/revisions"}],"wp:attachment":[{"href":"https:\/\/www.blogsoestado.com\/evandrojunior\/wp-json\/wp\/v2\/media?parent=12218"}],"wp:term":[{"taxonomy":"category","embeddable":true,"href":"https:\/\/www.blogsoestado.com\/evandrojunior\/wp-json\/wp\/v2\/categories?post=12218"},{"taxonomy":"post_tag","embeddable":true,"href":"https:\/\/www.blogsoestado.com\/evandrojunior\/wp-json\/wp\/v2\/tags?post=12218"}],"curies":[{"name":"wp","href":"https:\/\/api.w.org\/{rel}","templated":true}]}}