{"id":12271,"date":"2024-07-08T17:25:56","date_gmt":"2024-07-08T20:25:56","guid":{"rendered":"https:\/\/www.blogsoestado.com\/evandrojunior\/?p=12271"},"modified":"2024-07-08T17:25:56","modified_gmt":"2024-07-08T20:25:56","slug":"equatorial-maranhao-e-governo-federal-assinam-convenio-para-expansao-do-programa-luz-para-todos","status":"publish","type":"post","link":"https:\/\/www.blogsoestado.com\/evandrojunior\/2024\/07\/08\/equatorial-maranhao-e-governo-federal-assinam-convenio-para-expansao-do-programa-luz-para-todos\/","title":{"rendered":"Equatorial Maranh\u00e3o e Governo Federal assinam conv\u00eanio para expans\u00e3o do Programa Luz Para Todos"},"content":{"rendered":"\n<div class=\"wp-block-image\"><figure class=\"aligncenter size-large is-resized\"><img fetchpriority=\"high\" decoding=\"async\" src=\"https:\/\/www.blogsoestado.com\/evandrojunior\/files\/2024\/07\/WhatsApp-Image-2024-07-08-at-07.42.15-1024x683.jpeg\" alt=\"\" class=\"wp-image-12273\" width=\"582\" height=\"388\"\/><figcaption><strong>Assinatura do termo de compromisso para a expans\u00e3o do Programa Luz para Todos<\/strong><\/figcaption><\/figure><\/div>\n\n\n\n<p><strong>S\u00e3o Lu\u00edsa <\/strong>&#8211; O presidente Lu\u00eds In\u00e1cio Lula da Silva e o CEO do Grupo Equatorial Energia, Augusto Miranda, assinaram o termo de compromisso para a expans\u00e3o do Programa Nacional de Universaliza\u00e7\u00e3o do Acesso e Uso da Energia El\u00e9trica &#8211; Luz Para Todos, com investimento de R$ 482 milh\u00f5es, que vai beneficiar, aproximadamente, 10 mil fam\u00edlias maranhenses, at\u00e9 2026, em \u00e1reas rurais.<\/p>\n\n\n\n<p>Augusto Miranda elogiou a iniciativa de amplia\u00e7\u00e3o do Luz Para Todos e destacou a import\u00e2ncia deste que \u00e9 considerado um dos mais destacados programas de universaliza\u00e7\u00e3o de energia do mundo, segundo dados do Governo Federal, por meio do Minist\u00e9rio de Minas e Energia (MME). <\/p>\n\n\n\n<p>\u201cEssa ser\u00e1 uma etapa muito importante para o Programa Luz Para Todos, pois iremos contemplar aquelas comunidades mais long\u00ednquas e, com a chegada da energia el\u00e9trica nesses locais, muitas fam\u00edlias maranhenses ter\u00e3o mais qualidade de vida. E isso vai ocorrer no ano em que o Grupo Equatorial completa 20 anos de opera\u00e7\u00f5es. Vale lembrar que o Maranh\u00e3o est\u00e1 quase completamente universalizado em energia el\u00e9trica e a Equatorial Maranh\u00e3o teve um papel fundamental nesse processo, ao longo desses vinte anos\u201d, destacou o CEO do Grupo Equatorial, Augusto Miranda.<\/p>\n\n\n\n<p>Vale lembrar que o Programa Luz Para Todos se destina a fornecer energia el\u00e9trica \u00e0 popula\u00e7\u00e3o do meio rural e residente em regi\u00f5es remotas, que n\u00e3o possui o servi\u00e7o. O objetivo \u00e9 democratizar o acesso \u00e0 energia el\u00e9trica, contribuindo para combater a pobreza energ\u00e9tica, fomentar a inclus\u00e3o social de comunidades vulner\u00e1veis, promovendo cidadania e melhoria na qualidade de vida da popula\u00e7\u00e3o brasileira do meio rural e da Amaz\u00f4nia Legal.<\/p>\n\n\n\n<p>O programa foi concebido como instrumento de desenvolvimento e inclus\u00e3o social, pois, de acordo com o Censo do Instituto Brasileiro de Geografia e Estat\u00edstica &#8211; IBGE, no ano 2000, existiam dois milh\u00f5es de domic\u00edlios rurais n\u00e3o atendidos pela presta\u00e7\u00e3o do servi\u00e7o de energia el\u00e9trica. Ou seja, aproximadamente dez milh\u00f5es de brasileiros viviam, no meio rural, sem acesso a esse servi\u00e7o p\u00fablico, e cerca de noventa por cento dessas fam\u00edlias possu\u00edam renda mensal inferior a tr\u00eas sal\u00e1rios m\u00ednimos.<\/p>\n\n\n\n<p>Criado pelo Governo Federal em novembro de 2003, em sua primeira etapa, o Luz Para Todos teve como objetivo levar energia el\u00e9trica, at\u00e9 o ano de 2008, \u00e0queles domic\u00edlios rurais identificados pelo IBGE. No entanto, durante a execu\u00e7\u00e3o do Programa, novas fam\u00edlias foram localizadas sem energia el\u00e9trica em suas resid\u00eancias, o que resultou na edi\u00e7\u00e3o do Decreto n\u00ba 6.442, de 25 de abril de 2008, ampliando os objetivos no caminho \u00e0 erradica\u00e7\u00e3o da exclus\u00e3o el\u00e9trica.<\/p>\n\n\n\n<p>Os 20 anos do Programa Luz para Todos, celebrados em 11 de novembro de 2023, permitiram alcan\u00e7ar 3,6 milh\u00f5es de domic\u00edlios, beneficiando 18 milh\u00f5es de pessoas, segundo dados do Minist\u00e9rio de Minas e Energia. Diante dos desafios ainda iminentes para o alcance da universaliza\u00e7\u00e3o do acesso \u00e0 energia el\u00e9trica no Brasil, novas etapas de amplia\u00e7\u00e3o do Programa foram ocorrendo.<\/p>\n\n\n\n<p>\u201cNesses 20 anos, 375 mil fam\u00edlias maranhenses foram beneficiadas, ou seja, mais de 1.7 milh\u00e3o de pessoas com acesso \u00e0 energia el\u00e9trica pela primeira vez na vida. Agora, vamos avan\u00e7ar ainda mais com essa nova etapa do Luz Para Todos no estado\u201d, informou S\u00e9rvio T\u00falio, Presidente da Equatorial Maranh\u00e3o.<\/p>\n\n\n\n<p>S\u00e3o benefici\u00e1rios do Programa Luz Para Todos, as fam\u00edlias, os espa\u00e7os coletivos, as instala\u00e7\u00f5es de apoio e de desenvolvimento socioecon\u00f4mico local e as demais unidades consumidoras situadas no meio rural; nas regi\u00f5es remotas da Amaz\u00f4nia Legal, que n\u00e3o possuem acesso ao servi\u00e7o p\u00fablico de energia el\u00e9trica.<\/p>\n\n\n\n<p><strong>Energia que traz dignidade para iluminar o futuro<\/strong><\/p>\n\n\n\n<p>Os benef\u00edcios do Luz Para Todos est\u00e3o diretamente relacionados \u00e0 melhoria de qualidade de vida, inclus\u00e3o e resgate da dignidade das fam\u00edlias beneficiadas pelo Programa. S\u00e3o pessoas como Rosemary da Concei\u00e7\u00e3o Monteiro Pontes, de 50 anos, moradora do Cidade Nova Gapara, que s\u00f3 teve acesso \u00e0 energia el\u00e9trica quando sua comunidade foi beneficiada pelo Programa. O impacto da chegada da energia foi mais que positivo, transformando o cotidiano dela e de seus vizinhos, que passaram a ter mais qualidade de vida, conforto, seguran\u00e7a e a chance de empreender e poder sonhar com um futuro mais pr\u00f3spero.<\/p>\n\n\n\n<p>\u201cCom a chegada da luz, veio tamb\u00e9m a \u00e1gua, pois precisamos de energia para o po\u00e7o funcionar e abastecer a comunidade. Eu, inclusive, trabalho no abastecimento de \u00e1gua, ent\u00e3o, a energia \u00e9 tudo para mim, proporciona minha fonte de renda, al\u00e9m de trazer conforto. Em nossa comunidade, antes do Programa, as ruas eram muito escuras, a gente tinha at\u00e9 medo de sair de casa \u00e0 noite. Agora, tudo mudou para melhor\u201d, comemorou dona Rosemary, que fez quest\u00e3o de prestigiar a solenidade do Luz para Todos, com a presen\u00e7a do presidente Lu\u00eds In\u00e1cio Lula da Silva, que esteve em S\u00e3o Lu\u00eds e anunciou uma s\u00e9rie de investimentos.<\/p>\n","protected":false},"excerpt":{"rendered":"<p>S\u00e3o Lu\u00edsa &#8211; O presidente Lu\u00eds In\u00e1cio Lula da Silva e o CEO do Grupo Equatorial Energia, Augusto Miranda, assinaram [&hellip;]<\/p>\n","protected":false},"author":4,"featured_media":0,"comment_status":"open","ping_status":"open","sticky":false,"template":"","format":"standard","meta":{"site-sidebar-layout":"default","site-content-layout":"","ast-site-content-layout":"default","site-content-style":"default","site-sidebar-style":"default","ast-global-header-display":"","ast-banner-title-visibility":"","ast-main-header-display":"","ast-hfb-above-header-display":"","ast-hfb-below-header-display":"","ast-hfb-mobile-header-display":"","site-post-title":"","ast-breadcrumbs-content":"","ast-featured-img":"","footer-sml-layout":"","ast-disable-related-posts":"","theme-transparent-header-meta":"","adv-header-id-meta":"","stick-header-meta":"","header-above-stick-meta":"","header-main-stick-meta":"","header-below-stick-meta":"","astra-migrate-meta-layouts":"default","ast-page-background-enabled":"default","ast-page-background-meta":{"desktop":{"background-color":"var(--ast-global-color-5)","background-image":"","background-repeat":"repeat","background-position":"center center","background-size":"auto","background-attachment":"scroll","background-type":"","background-media":"","overlay-type":"","overlay-color":"","overlay-opacity":"","overlay-gradient":""},"tablet":{"background-color":"","background-image":"","background-repeat":"repeat","background-position":"center center","background-size":"auto","background-attachment":"scroll","background-type":"","background-media":"","overlay-type":"","overlay-color":"","overlay-opacity":"","overlay-gradient":""},"mobile":{"background-color":"","background-image":"","background-repeat":"repeat","background-position":"center center","background-size":"auto","background-attachment":"scroll","background-type":"","background-media":"","overlay-type":"","overlay-color":"","overlay-opacity":"","overlay-gradient":""}},"ast-content-background-meta":{"desktop":{"background-color":"var(--ast-global-color-4)","background-image":"","background-repeat":"repeat","background-position":"center center","background-size":"auto","background-attachment":"scroll","background-type":"","background-media":"","overlay-type":"","overlay-color":"","overlay-opacity":"","overlay-gradient":""},"tablet":{"background-color":"var(--ast-global-color-4)","background-image":"","background-repeat":"repeat","background-position":"center center","background-size":"auto","background-attachment":"scroll","background-type":"","background-media":"","overlay-type":"","overlay-color":"","overlay-opacity":"","overlay-gradient":""},"mobile":{"background-color":"var(--ast-global-color-4)","background-image":"","background-repeat":"repeat","background-position":"center center","background-size":"auto","background-attachment":"scroll","background-type":"","background-media":"","overlay-type":"","overlay-color":"","overlay-opacity":"","overlay-gradient":""}},"footnotes":""},"categories":[1],"tags":[],"class_list":["post-12271","post","type-post","status-publish","format-standard","hentry","category-sem-categoria"],"yoast_head":"<!-- This site is optimized with the Yoast SEO plugin v26.6 - https:\/\/yoast.com\/wordpress\/plugins\/seo\/ -->\n<title>Equatorial Maranh\u00e3o e Governo Federal assinam conv\u00eanio para expans\u00e3o do Programa Luz Para Todos - Evandro Junior<\/title>\n<meta name=\"robots\" content=\"index, follow, max-snippet:-1, max-image-preview:large, max-video-preview:-1\" \/>\n<link rel=\"canonical\" href=\"https:\/\/www.blogsoestado.com\/evandrojunior\/2024\/07\/08\/equatorial-maranhao-e-governo-federal-assinam-convenio-para-expansao-do-programa-luz-para-todos\/\" \/>\n<meta property=\"og:locale\" content=\"pt_BR\" \/>\n<meta property=\"og:type\" content=\"article\" \/>\n<meta property=\"og:title\" content=\"Equatorial Maranh\u00e3o e Governo Federal assinam conv\u00eanio para expans\u00e3o do Programa Luz Para Todos - Evandro Junior\" \/>\n<meta property=\"og:description\" content=\"S\u00e3o Lu\u00edsa &#8211; O presidente Lu\u00eds In\u00e1cio Lula da Silva e o CEO do Grupo Equatorial Energia, Augusto Miranda, assinaram [&hellip;]\" \/>\n<meta property=\"og:url\" content=\"https:\/\/www.blogsoestado.com\/evandrojunior\/2024\/07\/08\/equatorial-maranhao-e-governo-federal-assinam-convenio-para-expansao-do-programa-luz-para-todos\/\" \/>\n<meta property=\"og:site_name\" content=\"Evandro Junior\" \/>\n<meta property=\"article:published_time\" content=\"2024-07-08T20:25:56+00:00\" \/>\n<meta property=\"og:image\" content=\"https:\/\/www.blogsoestado.com\/evandrojunior\/files\/2024\/07\/WhatsApp-Image-2024-07-08-at-07.42.15-1024x683.jpeg\" \/>\n<meta name=\"author\" content=\"Evandro Junior\" \/>\n<meta name=\"twitter:card\" content=\"summary_large_image\" \/>\n<meta name=\"twitter:label1\" content=\"Escrito por\" \/>\n\t<meta name=\"twitter:data1\" content=\"Evandro Junior\" \/>\n\t<meta name=\"twitter:label2\" content=\"Est. tempo de leitura\" \/>\n\t<meta name=\"twitter:data2\" content=\"4 minutos\" \/>\n<script type=\"application\/ld+json\" class=\"yoast-schema-graph\">{\"@context\":\"https:\/\/schema.org\",\"@graph\":[{\"@type\":\"WebPage\",\"@id\":\"https:\/\/www.blogsoestado.com\/evandrojunior\/2024\/07\/08\/equatorial-maranhao-e-governo-federal-assinam-convenio-para-expansao-do-programa-luz-para-todos\/\",\"url\":\"https:\/\/www.blogsoestado.com\/evandrojunior\/2024\/07\/08\/equatorial-maranhao-e-governo-federal-assinam-convenio-para-expansao-do-programa-luz-para-todos\/\",\"name\":\"Equatorial Maranh\u00e3o e Governo Federal assinam conv\u00eanio para expans\u00e3o do Programa Luz Para Todos - Evandro Junior\",\"isPartOf\":{\"@id\":\"https:\/\/www.blogsoestado.com\/evandrojunior\/#website\"},\"primaryImageOfPage\":{\"@id\":\"https:\/\/www.blogsoestado.com\/evandrojunior\/2024\/07\/08\/equatorial-maranhao-e-governo-federal-assinam-convenio-para-expansao-do-programa-luz-para-todos\/#primaryimage\"},\"image\":{\"@id\":\"https:\/\/www.blogsoestado.com\/evandrojunior\/2024\/07\/08\/equatorial-maranhao-e-governo-federal-assinam-convenio-para-expansao-do-programa-luz-para-todos\/#primaryimage\"},\"thumbnailUrl\":\"https:\/\/www.blogsoestado.com\/evandrojunior\/files\/2024\/07\/WhatsApp-Image-2024-07-08-at-07.42.15-1024x683.jpeg\",\"datePublished\":\"2024-07-08T20:25:56+00:00\",\"author\":{\"@id\":\"https:\/\/www.blogsoestado.com\/evandrojunior\/#\/schema\/person\/3e6c3d8dbb740d1c6878ebc935cfb3be\"},\"breadcrumb\":{\"@id\":\"https:\/\/www.blogsoestado.com\/evandrojunior\/2024\/07\/08\/equatorial-maranhao-e-governo-federal-assinam-convenio-para-expansao-do-programa-luz-para-todos\/#breadcrumb\"},\"inLanguage\":\"pt-BR\",\"potentialAction\":[{\"@type\":\"ReadAction\",\"target\":[\"https:\/\/www.blogsoestado.com\/evandrojunior\/2024\/07\/08\/equatorial-maranhao-e-governo-federal-assinam-convenio-para-expansao-do-programa-luz-para-todos\/\"]}]},{\"@type\":\"ImageObject\",\"inLanguage\":\"pt-BR\",\"@id\":\"https:\/\/www.blogsoestado.com\/evandrojunior\/2024\/07\/08\/equatorial-maranhao-e-governo-federal-assinam-convenio-para-expansao-do-programa-luz-para-todos\/#primaryimage\",\"url\":\"https:\/\/www.blogsoestado.com\/evandrojunior\/files\/2024\/07\/WhatsApp-Image-2024-07-08-at-07.42.15-1024x683.jpeg\",\"contentUrl\":\"https:\/\/www.blogsoestado.com\/evandrojunior\/files\/2024\/07\/WhatsApp-Image-2024-07-08-at-07.42.15-1024x683.jpeg\"},{\"@type\":\"BreadcrumbList\",\"@id\":\"https:\/\/www.blogsoestado.com\/evandrojunior\/2024\/07\/08\/equatorial-maranhao-e-governo-federal-assinam-convenio-para-expansao-do-programa-luz-para-todos\/#breadcrumb\",\"itemListElement\":[{\"@type\":\"ListItem\",\"position\":1,\"name\":\"In\u00edcio\",\"item\":\"https:\/\/www.blogsoestado.com\/evandrojunior\/\"},{\"@type\":\"ListItem\",\"position\":2,\"name\":\"Equatorial Maranh\u00e3o e Governo Federal assinam conv\u00eanio para expans\u00e3o do Programa Luz Para Todos\"}]},{\"@type\":\"WebSite\",\"@id\":\"https:\/\/www.blogsoestado.com\/evandrojunior\/#website\",\"url\":\"https:\/\/www.blogsoestado.com\/evandrojunior\/\",\"name\":\"Evandro Junior\",\"description\":\"\",\"potentialAction\":[{\"@type\":\"SearchAction\",\"target\":{\"@type\":\"EntryPoint\",\"urlTemplate\":\"https:\/\/www.blogsoestado.com\/evandrojunior\/?s={search_term_string}\"},\"query-input\":{\"@type\":\"PropertyValueSpecification\",\"valueRequired\":true,\"valueName\":\"search_term_string\"}}],\"inLanguage\":\"pt-BR\"},{\"@type\":\"Person\",\"@id\":\"https:\/\/www.blogsoestado.com\/evandrojunior\/#\/schema\/person\/3e6c3d8dbb740d1c6878ebc935cfb3be\",\"name\":\"Evandro Junior\",\"image\":{\"@type\":\"ImageObject\",\"inLanguage\":\"pt-BR\",\"@id\":\"https:\/\/www.blogsoestado.com\/evandrojunior\/#\/schema\/person\/image\/\",\"url\":\"https:\/\/secure.gravatar.com\/avatar\/f80a03a2294a580cd2318bfb459bf354cfa8be661ef3d95b542cf9a04af8d129?s=96&d=mm&r=g\",\"contentUrl\":\"https:\/\/secure.gravatar.com\/avatar\/f80a03a2294a580cd2318bfb459bf354cfa8be661ef3d95b542cf9a04af8d129?s=96&d=mm&r=g\",\"caption\":\"Evandro Junior\"},\"url\":\"https:\/\/www.blogsoestado.com\/evandrojunior\/author\/evandrojunior\/\"}]}<\/script>\n<!-- \/ Yoast SEO plugin. -->","yoast_head_json":{"title":"Equatorial Maranh\u00e3o e Governo Federal assinam conv\u00eanio para expans\u00e3o do Programa Luz Para Todos - Evandro Junior","robots":{"index":"index","follow":"follow","max-snippet":"max-snippet:-1","max-image-preview":"max-image-preview:large","max-video-preview":"max-video-preview:-1"},"canonical":"https:\/\/www.blogsoestado.com\/evandrojunior\/2024\/07\/08\/equatorial-maranhao-e-governo-federal-assinam-convenio-para-expansao-do-programa-luz-para-todos\/","og_locale":"pt_BR","og_type":"article","og_title":"Equatorial Maranh\u00e3o e Governo Federal assinam conv\u00eanio para expans\u00e3o do Programa Luz Para Todos - Evandro Junior","og_description":"S\u00e3o Lu\u00edsa &#8211; O presidente Lu\u00eds In\u00e1cio Lula da Silva e o CEO do Grupo Equatorial Energia, Augusto Miranda, assinaram [&hellip;]","og_url":"https:\/\/www.blogsoestado.com\/evandrojunior\/2024\/07\/08\/equatorial-maranhao-e-governo-federal-assinam-convenio-para-expansao-do-programa-luz-para-todos\/","og_site_name":"Evandro Junior","article_published_time":"2024-07-08T20:25:56+00:00","og_image":[{"url":"https:\/\/www.blogsoestado.com\/evandrojunior\/files\/2024\/07\/WhatsApp-Image-2024-07-08-at-07.42.15-1024x683.jpeg","type":"","width":"","height":""}],"author":"Evandro Junior","twitter_card":"summary_large_image","twitter_misc":{"Escrito por":"Evandro Junior","Est. tempo de leitura":"4 minutos"},"schema":{"@context":"https:\/\/schema.org","@graph":[{"@type":"WebPage","@id":"https:\/\/www.blogsoestado.com\/evandrojunior\/2024\/07\/08\/equatorial-maranhao-e-governo-federal-assinam-convenio-para-expansao-do-programa-luz-para-todos\/","url":"https:\/\/www.blogsoestado.com\/evandrojunior\/2024\/07\/08\/equatorial-maranhao-e-governo-federal-assinam-convenio-para-expansao-do-programa-luz-para-todos\/","name":"Equatorial Maranh\u00e3o e Governo Federal assinam conv\u00eanio para expans\u00e3o do Programa Luz Para Todos - Evandro Junior","isPartOf":{"@id":"https:\/\/www.blogsoestado.com\/evandrojunior\/#website"},"primaryImageOfPage":{"@id":"https:\/\/www.blogsoestado.com\/evandrojunior\/2024\/07\/08\/equatorial-maranhao-e-governo-federal-assinam-convenio-para-expansao-do-programa-luz-para-todos\/#primaryimage"},"image":{"@id":"https:\/\/www.blogsoestado.com\/evandrojunior\/2024\/07\/08\/equatorial-maranhao-e-governo-federal-assinam-convenio-para-expansao-do-programa-luz-para-todos\/#primaryimage"},"thumbnailUrl":"https:\/\/www.blogsoestado.com\/evandrojunior\/files\/2024\/07\/WhatsApp-Image-2024-07-08-at-07.42.15-1024x683.jpeg","datePublished":"2024-07-08T20:25:56+00:00","author":{"@id":"https:\/\/www.blogsoestado.com\/evandrojunior\/#\/schema\/person\/3e6c3d8dbb740d1c6878ebc935cfb3be"},"breadcrumb":{"@id":"https:\/\/www.blogsoestado.com\/evandrojunior\/2024\/07\/08\/equatorial-maranhao-e-governo-federal-assinam-convenio-para-expansao-do-programa-luz-para-todos\/#breadcrumb"},"inLanguage":"pt-BR","potentialAction":[{"@type":"ReadAction","target":["https:\/\/www.blogsoestado.com\/evandrojunior\/2024\/07\/08\/equatorial-maranhao-e-governo-federal-assinam-convenio-para-expansao-do-programa-luz-para-todos\/"]}]},{"@type":"ImageObject","inLanguage":"pt-BR","@id":"https:\/\/www.blogsoestado.com\/evandrojunior\/2024\/07\/08\/equatorial-maranhao-e-governo-federal-assinam-convenio-para-expansao-do-programa-luz-para-todos\/#primaryimage","url":"https:\/\/www.blogsoestado.com\/evandrojunior\/files\/2024\/07\/WhatsApp-Image-2024-07-08-at-07.42.15-1024x683.jpeg","contentUrl":"https:\/\/www.blogsoestado.com\/evandrojunior\/files\/2024\/07\/WhatsApp-Image-2024-07-08-at-07.42.15-1024x683.jpeg"},{"@type":"BreadcrumbList","@id":"https:\/\/www.blogsoestado.com\/evandrojunior\/2024\/07\/08\/equatorial-maranhao-e-governo-federal-assinam-convenio-para-expansao-do-programa-luz-para-todos\/#breadcrumb","itemListElement":[{"@type":"ListItem","position":1,"name":"In\u00edcio","item":"https:\/\/www.blogsoestado.com\/evandrojunior\/"},{"@type":"ListItem","position":2,"name":"Equatorial Maranh\u00e3o e Governo Federal assinam conv\u00eanio para expans\u00e3o do Programa Luz Para Todos"}]},{"@type":"WebSite","@id":"https:\/\/www.blogsoestado.com\/evandrojunior\/#website","url":"https:\/\/www.blogsoestado.com\/evandrojunior\/","name":"Evandro Junior","description":"","potentialAction":[{"@type":"SearchAction","target":{"@type":"EntryPoint","urlTemplate":"https:\/\/www.blogsoestado.com\/evandrojunior\/?s={search_term_string}"},"query-input":{"@type":"PropertyValueSpecification","valueRequired":true,"valueName":"search_term_string"}}],"inLanguage":"pt-BR"},{"@type":"Person","@id":"https:\/\/www.blogsoestado.com\/evandrojunior\/#\/schema\/person\/3e6c3d8dbb740d1c6878ebc935cfb3be","name":"Evandro Junior","image":{"@type":"ImageObject","inLanguage":"pt-BR","@id":"https:\/\/www.blogsoestado.com\/evandrojunior\/#\/schema\/person\/image\/","url":"https:\/\/secure.gravatar.com\/avatar\/f80a03a2294a580cd2318bfb459bf354cfa8be661ef3d95b542cf9a04af8d129?s=96&d=mm&r=g","contentUrl":"https:\/\/secure.gravatar.com\/avatar\/f80a03a2294a580cd2318bfb459bf354cfa8be661ef3d95b542cf9a04af8d129?s=96&d=mm&r=g","caption":"Evandro Junior"},"url":"https:\/\/www.blogsoestado.com\/evandrojunior\/author\/evandrojunior\/"}]}},"jetpack_featured_media_url":"","_links":{"self":[{"href":"https:\/\/www.blogsoestado.com\/evandrojunior\/wp-json\/wp\/v2\/posts\/12271","targetHints":{"allow":["GET"]}}],"collection":[{"href":"https:\/\/www.blogsoestado.com\/evandrojunior\/wp-json\/wp\/v2\/posts"}],"about":[{"href":"https:\/\/www.blogsoestado.com\/evandrojunior\/wp-json\/wp\/v2\/types\/post"}],"author":[{"embeddable":true,"href":"https:\/\/www.blogsoestado.com\/evandrojunior\/wp-json\/wp\/v2\/users\/4"}],"replies":[{"embeddable":true,"href":"https:\/\/www.blogsoestado.com\/evandrojunior\/wp-json\/wp\/v2\/comments?post=12271"}],"version-history":[{"count":0,"href":"https:\/\/www.blogsoestado.com\/evandrojunior\/wp-json\/wp\/v2\/posts\/12271\/revisions"}],"wp:attachment":[{"href":"https:\/\/www.blogsoestado.com\/evandrojunior\/wp-json\/wp\/v2\/media?parent=12271"}],"wp:term":[{"taxonomy":"category","embeddable":true,"href":"https:\/\/www.blogsoestado.com\/evandrojunior\/wp-json\/wp\/v2\/categories?post=12271"},{"taxonomy":"post_tag","embeddable":true,"href":"https:\/\/www.blogsoestado.com\/evandrojunior\/wp-json\/wp\/v2\/tags?post=12271"}],"curies":[{"name":"wp","href":"https:\/\/api.w.org\/{rel}","templated":true}]}}