{"id":12280,"date":"2024-07-09T11:56:43","date_gmt":"2024-07-09T14:56:43","guid":{"rendered":"https:\/\/www.blogsoestado.com\/evandrojunior\/?p=12280"},"modified":"2024-07-09T11:56:43","modified_gmt":"2024-07-09T14:56:43","slug":"lulu-santos-traz-baritono-a-sao-luis-em-outubro","status":"publish","type":"post","link":"https:\/\/www.blogsoestado.com\/evandrojunior\/2024\/07\/09\/lulu-santos-traz-baritono-a-sao-luis-em-outubro\/","title":{"rendered":"Lulu Santos traz &#8220;Bar\u00edtono&#8221; a S\u00e3o Lu\u00eds em outubro"},"content":{"rendered":"\n<div class=\"wp-block-image\"><figure class=\"aligncenter size-large is-resized\"><img fetchpriority=\"high\" decoding=\"async\" src=\"https:\/\/www.blogsoestado.com\/evandrojunior\/files\/2024\/07\/LULU_Santos-chega-em-outubro-na-Ilha-do-AMor-683x1024.jpg\" alt=\"\" class=\"wp-image-12281\" width=\"424\" height=\"636\"\/><figcaption><strong>Lulu Santos vem a S\u00e3o Lu\u00eds para show ap\u00f3s um hiato de 11 anos<\/strong><\/figcaption><\/figure><\/div>\n\n\n\n<p><strong>S\u00e3o Lu\u00eds <\/strong>&#8211; Lulu Santos volta aos palcos da Ilha do Amor com a turn\u00ea &#8220;Bar\u00edtono\u201d, depois de estrear em grande estilo nos Estados Unidos e rodar diferentes regi\u00f5es do Brasil.\u00a0Com repert\u00f3rio de sucessos, o cantor apresenta seus hits em show que\u00a0celebra\u00a0seus 70 anos de vida e 50 de carreira. Os ingressos j\u00e1 est\u00e3o dispon\u00edveis pela Bilheteria Digital, com setores de mesas a R$ 1.200 (4 cadeiras) e pista individual, com valores a partir de R$ 100.<\/p>\n\n\n\n<p> Considerado pela cr\u00edtica e p\u00fablico um dos maiores nomes do pop rock nacional, o cantor retorna a S\u00e3o Lu\u00eds\u00a0ap\u00f3s 11 anos do seu \u00faltimo show, sendo uma das atra\u00e7\u00f5es mais esperadas pelos ludovicenses.<\/p>\n\n\n\n<p>Lulu Santos se apresentar\u00e1 no dia 17 de outubro no Espa\u00e7o Reserva, do\u00a0Shopping da Ilha, semanas ap\u00f3s sua participa\u00e7\u00e3o no Rock in Rio. O evento \u00e9 assinado pela Dux produ\u00e7\u00f5es, uma das maiores produtoras de entretenimento do Maranh\u00e3o.<\/p>\n\n\n\n<p>\u201cAdmiti tardiamente v\u00e1rias coisas importantes sobre mim, entre elas o fato de ser um bar\u00edtono, cantor de tessitura vocal grave. Desde que \u2018assumi\u2019 essa condi\u00e7\u00e3o, como costuma acontecer com essas coisas, facilitou enormemente minha vida e arte. O primeiro passo foi em 2000 quando gravei e lancei o \u00e1lbum Ac\u00fastico. Ali, por conforto e sabedoria, baixei um tom de boa parte do repert\u00f3rio e funcionou perfeitamente. Agora, 20 anos depois, percebi que se baixasse mais um tom, algumas can\u00e7\u00f5es voltaram a ser cant\u00e1veis sem sobressaltos ou esfor\u00e7o. A chave deste entendimento foi \u2018Esse brilho em seu olhar\u2019, do \u00e1lbum \u2018O Ritmo do Momento\u2019 que nunca esteve t\u00e3o confort\u00e1vel e dentro do meu alcance desde que a fiz em 1983. Sou Bar\u00edtono com paix\u00e3o, gosto dos graves, gosto de como minha voz soa nesta regi\u00e3o. \u00c9 com essa inten\u00e7\u00e3o e prop\u00f3sito que chegamos a este espet\u00e1culo no qual oferecemos, como de h\u00e1bito, nosso melhor. N\u00e3o vejo a hora de lhes apresent\u00e1-lo\u201d, destaca Lulu.<\/p>\n\n\n\n<p>&#8220;Bar\u00edtono&#8221;, que tem esgotado shows em diversas cidades, traz uma elegante cenografia e repert\u00f3rio vibrante, que mesmo em cadeiras, o p\u00fablico se rende \u00e0 energia contagiante do show. \u00c9 para dan\u00e7ar ao som de &#8216;De Repente Calif\u00f3rnia&#8217;, &#8216;Como Uma Onda&#8217;, &#8216;Toda Forma de Amor&#8217; ou &#8216;Um Certo Algu\u00e9m&#8217;. O espet\u00e1culo \u00e9 uma jun\u00e7\u00e3o de arte, dan\u00e7a, m\u00fasica e cenografia.<\/p>\n\n\n\n<p>O artista mostra que, como na m\u00fasica &#8220;Tempos Modernos&#8221;, est\u00e1 vivendo tudo que h\u00e1 para viver.\u00a0Das primeiras at\u00e9 as mais recentes composi\u00e7\u00f5es, Lulu transita por toda sua hist\u00f3ria durante sua apresenta\u00e7\u00e3o memor\u00e1vel. Para os f\u00e3s, a discografia do astro soa atemporal e transcende gera\u00e7\u00f5es. J\u00e1 ele, justifica que essa sensa\u00e7\u00e3o \u00e9 fruto da alian\u00e7a que cada can\u00e7\u00e3o tem com o p\u00fablico e revela o segredo. \u201cAs regrava\u00e7\u00f5es alimentam essa perenidade, como exemplo, o remix de\u00a0Tempos Modernos\u00a0com<strong>\u00a0<\/strong>Pedro Sampaio, lan\u00e7ado recentemente\u201d.<\/p>\n\n\n\n<p>Lulu Santos \u00e9 um dos mais bem sucedidos artistas brasileiros, hitmaker natural, dono de cl\u00e1ssicos incontest\u00e1veis (e vendagens milion\u00e1rias) ao longo de uma carreira com mais de 30 discos gravados. Dono de hits como &#8216;Tempos Modernos&#8217;, &#8216;O \u00daltimo Rom\u00e2ntico&#8217;, &#8216;Tudo Azul&#8217;, &#8216;Toda Forma de Amor&#8217;, &#8216;Um Certo Algu\u00e9m&#8217;, &#8216;Assim Caminha a Humanidade&#8217;, &#8216;Aviso aos Navegantes&#8217;, &#8216;Sereia e &#8216;De Repente Calif\u00f3rnia&#8217;.<\/p>\n\n\n\n<p>Mais informa\u00e7\u00f5es no Instagram @duxproducoes ou no site\u00a0<a href=\"http:\/\/www.duxproducoes.com.br\/\" target=\"_blank\" rel=\"noreferrer noopener\">www.duxproducoes.com.br<\/a>\u00a0.<\/p>\n\n\n\n<h2 class=\"wp-block-heading\">&nbsp;<\/h2>\n","protected":false},"excerpt":{"rendered":"<p>S\u00e3o Lu\u00eds &#8211; Lulu Santos volta aos palcos da Ilha do Amor com a turn\u00ea &#8220;Bar\u00edtono\u201d, depois de estrear em [&hellip;]<\/p>\n","protected":false},"author":4,"featured_media":0,"comment_status":"open","ping_status":"open","sticky":false,"template":"","format":"standard","meta":{"site-sidebar-layout":"default","site-content-layout":"","ast-site-content-layout":"default","site-content-style":"default","site-sidebar-style":"default","ast-global-header-display":"","ast-banner-title-visibility":"","ast-main-header-display":"","ast-hfb-above-header-display":"","ast-hfb-below-header-display":"","ast-hfb-mobile-header-display":"","site-post-title":"","ast-breadcrumbs-content":"","ast-featured-img":"","footer-sml-layout":"","ast-disable-related-posts":"","theme-transparent-header-meta":"","adv-header-id-meta":"","stick-header-meta":"","header-above-stick-meta":"","header-main-stick-meta":"","header-below-stick-meta":"","astra-migrate-meta-layouts":"default","ast-page-background-enabled":"default","ast-page-background-meta":{"desktop":{"background-color":"var(--ast-global-color-5)","background-image":"","background-repeat":"repeat","background-position":"center center","background-size":"auto","background-attachment":"scroll","background-type":"","background-media":"","overlay-type":"","overlay-color":"","overlay-opacity":"","overlay-gradient":""},"tablet":{"background-color":"","background-image":"","background-repeat":"repeat","background-position":"center center","background-size":"auto","background-attachment":"scroll","background-type":"","background-media":"","overlay-type":"","overlay-color":"","overlay-opacity":"","overlay-gradient":""},"mobile":{"background-color":"","background-image":"","background-repeat":"repeat","background-position":"center center","background-size":"auto","background-attachment":"scroll","background-type":"","background-media":"","overlay-type":"","overlay-color":"","overlay-opacity":"","overlay-gradient":""}},"ast-content-background-meta":{"desktop":{"background-color":"var(--ast-global-color-4)","background-image":"","background-repeat":"repeat","background-position":"center center","background-size":"auto","background-attachment":"scroll","background-type":"","background-media":"","overlay-type":"","overlay-color":"","overlay-opacity":"","overlay-gradient":""},"tablet":{"background-color":"var(--ast-global-color-4)","background-image":"","background-repeat":"repeat","background-position":"center center","background-size":"auto","background-attachment":"scroll","background-type":"","background-media":"","overlay-type":"","overlay-color":"","overlay-opacity":"","overlay-gradient":""},"mobile":{"background-color":"var(--ast-global-color-4)","background-image":"","background-repeat":"repeat","background-position":"center center","background-size":"auto","background-attachment":"scroll","background-type":"","background-media":"","overlay-type":"","overlay-color":"","overlay-opacity":"","overlay-gradient":""}},"footnotes":""},"categories":[1],"tags":[],"class_list":["post-12280","post","type-post","status-publish","format-standard","hentry","category-sem-categoria"],"yoast_head":"<!-- This site is optimized with the Yoast SEO plugin v26.6 - https:\/\/yoast.com\/wordpress\/plugins\/seo\/ -->\n<title>Lulu Santos traz &quot;Bar\u00edtono&quot; a S\u00e3o Lu\u00eds em outubro - Evandro Junior<\/title>\n<meta name=\"robots\" content=\"index, follow, max-snippet:-1, max-image-preview:large, max-video-preview:-1\" \/>\n<link rel=\"canonical\" href=\"https:\/\/www.blogsoestado.com\/evandrojunior\/2024\/07\/09\/lulu-santos-traz-baritono-a-sao-luis-em-outubro\/\" \/>\n<meta property=\"og:locale\" content=\"pt_BR\" \/>\n<meta property=\"og:type\" content=\"article\" \/>\n<meta property=\"og:title\" content=\"Lulu Santos traz &quot;Bar\u00edtono&quot; a S\u00e3o Lu\u00eds em outubro - Evandro Junior\" \/>\n<meta property=\"og:description\" content=\"S\u00e3o Lu\u00eds &#8211; Lulu Santos volta aos palcos da Ilha do Amor com a turn\u00ea &#8220;Bar\u00edtono\u201d, depois de estrear em [&hellip;]\" \/>\n<meta property=\"og:url\" content=\"https:\/\/www.blogsoestado.com\/evandrojunior\/2024\/07\/09\/lulu-santos-traz-baritono-a-sao-luis-em-outubro\/\" \/>\n<meta property=\"og:site_name\" content=\"Evandro Junior\" \/>\n<meta property=\"article:published_time\" content=\"2024-07-09T14:56:43+00:00\" \/>\n<meta property=\"og:image\" content=\"https:\/\/www.blogsoestado.com\/evandrojunior\/files\/2024\/07\/LULU_Santos-chega-em-outubro-na-Ilha-do-AMor-683x1024.jpg\" \/>\n<meta name=\"author\" content=\"Evandro Junior\" \/>\n<meta name=\"twitter:card\" content=\"summary_large_image\" \/>\n<meta name=\"twitter:label1\" content=\"Escrito por\" \/>\n\t<meta name=\"twitter:data1\" content=\"Evandro Junior\" \/>\n\t<meta name=\"twitter:label2\" content=\"Est. tempo de leitura\" \/>\n\t<meta name=\"twitter:data2\" content=\"3 minutos\" \/>\n<script type=\"application\/ld+json\" class=\"yoast-schema-graph\">{\"@context\":\"https:\/\/schema.org\",\"@graph\":[{\"@type\":\"WebPage\",\"@id\":\"https:\/\/www.blogsoestado.com\/evandrojunior\/2024\/07\/09\/lulu-santos-traz-baritono-a-sao-luis-em-outubro\/\",\"url\":\"https:\/\/www.blogsoestado.com\/evandrojunior\/2024\/07\/09\/lulu-santos-traz-baritono-a-sao-luis-em-outubro\/\",\"name\":\"Lulu Santos traz \\\"Bar\u00edtono\\\" a S\u00e3o Lu\u00eds em outubro - Evandro Junior\",\"isPartOf\":{\"@id\":\"https:\/\/www.blogsoestado.com\/evandrojunior\/#website\"},\"primaryImageOfPage\":{\"@id\":\"https:\/\/www.blogsoestado.com\/evandrojunior\/2024\/07\/09\/lulu-santos-traz-baritono-a-sao-luis-em-outubro\/#primaryimage\"},\"image\":{\"@id\":\"https:\/\/www.blogsoestado.com\/evandrojunior\/2024\/07\/09\/lulu-santos-traz-baritono-a-sao-luis-em-outubro\/#primaryimage\"},\"thumbnailUrl\":\"https:\/\/www.blogsoestado.com\/evandrojunior\/files\/2024\/07\/LULU_Santos-chega-em-outubro-na-Ilha-do-AMor-683x1024.jpg\",\"datePublished\":\"2024-07-09T14:56:43+00:00\",\"author\":{\"@id\":\"https:\/\/www.blogsoestado.com\/evandrojunior\/#\/schema\/person\/3e6c3d8dbb740d1c6878ebc935cfb3be\"},\"breadcrumb\":{\"@id\":\"https:\/\/www.blogsoestado.com\/evandrojunior\/2024\/07\/09\/lulu-santos-traz-baritono-a-sao-luis-em-outubro\/#breadcrumb\"},\"inLanguage\":\"pt-BR\",\"potentialAction\":[{\"@type\":\"ReadAction\",\"target\":[\"https:\/\/www.blogsoestado.com\/evandrojunior\/2024\/07\/09\/lulu-santos-traz-baritono-a-sao-luis-em-outubro\/\"]}]},{\"@type\":\"ImageObject\",\"inLanguage\":\"pt-BR\",\"@id\":\"https:\/\/www.blogsoestado.com\/evandrojunior\/2024\/07\/09\/lulu-santos-traz-baritono-a-sao-luis-em-outubro\/#primaryimage\",\"url\":\"https:\/\/www.blogsoestado.com\/evandrojunior\/files\/2024\/07\/LULU_Santos-chega-em-outubro-na-Ilha-do-AMor-683x1024.jpg\",\"contentUrl\":\"https:\/\/www.blogsoestado.com\/evandrojunior\/files\/2024\/07\/LULU_Santos-chega-em-outubro-na-Ilha-do-AMor-683x1024.jpg\"},{\"@type\":\"BreadcrumbList\",\"@id\":\"https:\/\/www.blogsoestado.com\/evandrojunior\/2024\/07\/09\/lulu-santos-traz-baritono-a-sao-luis-em-outubro\/#breadcrumb\",\"itemListElement\":[{\"@type\":\"ListItem\",\"position\":1,\"name\":\"In\u00edcio\",\"item\":\"https:\/\/www.blogsoestado.com\/evandrojunior\/\"},{\"@type\":\"ListItem\",\"position\":2,\"name\":\"Lulu Santos traz &#8220;Bar\u00edtono&#8221; a S\u00e3o Lu\u00eds em outubro\"}]},{\"@type\":\"WebSite\",\"@id\":\"https:\/\/www.blogsoestado.com\/evandrojunior\/#website\",\"url\":\"https:\/\/www.blogsoestado.com\/evandrojunior\/\",\"name\":\"Evandro Junior\",\"description\":\"\",\"potentialAction\":[{\"@type\":\"SearchAction\",\"target\":{\"@type\":\"EntryPoint\",\"urlTemplate\":\"https:\/\/www.blogsoestado.com\/evandrojunior\/?s={search_term_string}\"},\"query-input\":{\"@type\":\"PropertyValueSpecification\",\"valueRequired\":true,\"valueName\":\"search_term_string\"}}],\"inLanguage\":\"pt-BR\"},{\"@type\":\"Person\",\"@id\":\"https:\/\/www.blogsoestado.com\/evandrojunior\/#\/schema\/person\/3e6c3d8dbb740d1c6878ebc935cfb3be\",\"name\":\"Evandro Junior\",\"image\":{\"@type\":\"ImageObject\",\"inLanguage\":\"pt-BR\",\"@id\":\"https:\/\/www.blogsoestado.com\/evandrojunior\/#\/schema\/person\/image\/\",\"url\":\"https:\/\/secure.gravatar.com\/avatar\/f80a03a2294a580cd2318bfb459bf354cfa8be661ef3d95b542cf9a04af8d129?s=96&d=mm&r=g\",\"contentUrl\":\"https:\/\/secure.gravatar.com\/avatar\/f80a03a2294a580cd2318bfb459bf354cfa8be661ef3d95b542cf9a04af8d129?s=96&d=mm&r=g\",\"caption\":\"Evandro Junior\"},\"url\":\"https:\/\/www.blogsoestado.com\/evandrojunior\/author\/evandrojunior\/\"}]}<\/script>\n<!-- \/ Yoast SEO plugin. -->","yoast_head_json":{"title":"Lulu Santos traz \"Bar\u00edtono\" a S\u00e3o Lu\u00eds em outubro - Evandro Junior","robots":{"index":"index","follow":"follow","max-snippet":"max-snippet:-1","max-image-preview":"max-image-preview:large","max-video-preview":"max-video-preview:-1"},"canonical":"https:\/\/www.blogsoestado.com\/evandrojunior\/2024\/07\/09\/lulu-santos-traz-baritono-a-sao-luis-em-outubro\/","og_locale":"pt_BR","og_type":"article","og_title":"Lulu Santos traz \"Bar\u00edtono\" a S\u00e3o Lu\u00eds em outubro - Evandro Junior","og_description":"S\u00e3o Lu\u00eds &#8211; Lulu Santos volta aos palcos da Ilha do Amor com a turn\u00ea &#8220;Bar\u00edtono\u201d, depois de estrear em [&hellip;]","og_url":"https:\/\/www.blogsoestado.com\/evandrojunior\/2024\/07\/09\/lulu-santos-traz-baritono-a-sao-luis-em-outubro\/","og_site_name":"Evandro Junior","article_published_time":"2024-07-09T14:56:43+00:00","og_image":[{"url":"https:\/\/www.blogsoestado.com\/evandrojunior\/files\/2024\/07\/LULU_Santos-chega-em-outubro-na-Ilha-do-AMor-683x1024.jpg","type":"","width":"","height":""}],"author":"Evandro Junior","twitter_card":"summary_large_image","twitter_misc":{"Escrito por":"Evandro Junior","Est. tempo de leitura":"3 minutos"},"schema":{"@context":"https:\/\/schema.org","@graph":[{"@type":"WebPage","@id":"https:\/\/www.blogsoestado.com\/evandrojunior\/2024\/07\/09\/lulu-santos-traz-baritono-a-sao-luis-em-outubro\/","url":"https:\/\/www.blogsoestado.com\/evandrojunior\/2024\/07\/09\/lulu-santos-traz-baritono-a-sao-luis-em-outubro\/","name":"Lulu Santos traz \"Bar\u00edtono\" a S\u00e3o Lu\u00eds em outubro - Evandro Junior","isPartOf":{"@id":"https:\/\/www.blogsoestado.com\/evandrojunior\/#website"},"primaryImageOfPage":{"@id":"https:\/\/www.blogsoestado.com\/evandrojunior\/2024\/07\/09\/lulu-santos-traz-baritono-a-sao-luis-em-outubro\/#primaryimage"},"image":{"@id":"https:\/\/www.blogsoestado.com\/evandrojunior\/2024\/07\/09\/lulu-santos-traz-baritono-a-sao-luis-em-outubro\/#primaryimage"},"thumbnailUrl":"https:\/\/www.blogsoestado.com\/evandrojunior\/files\/2024\/07\/LULU_Santos-chega-em-outubro-na-Ilha-do-AMor-683x1024.jpg","datePublished":"2024-07-09T14:56:43+00:00","author":{"@id":"https:\/\/www.blogsoestado.com\/evandrojunior\/#\/schema\/person\/3e6c3d8dbb740d1c6878ebc935cfb3be"},"breadcrumb":{"@id":"https:\/\/www.blogsoestado.com\/evandrojunior\/2024\/07\/09\/lulu-santos-traz-baritono-a-sao-luis-em-outubro\/#breadcrumb"},"inLanguage":"pt-BR","potentialAction":[{"@type":"ReadAction","target":["https:\/\/www.blogsoestado.com\/evandrojunior\/2024\/07\/09\/lulu-santos-traz-baritono-a-sao-luis-em-outubro\/"]}]},{"@type":"ImageObject","inLanguage":"pt-BR","@id":"https:\/\/www.blogsoestado.com\/evandrojunior\/2024\/07\/09\/lulu-santos-traz-baritono-a-sao-luis-em-outubro\/#primaryimage","url":"https:\/\/www.blogsoestado.com\/evandrojunior\/files\/2024\/07\/LULU_Santos-chega-em-outubro-na-Ilha-do-AMor-683x1024.jpg","contentUrl":"https:\/\/www.blogsoestado.com\/evandrojunior\/files\/2024\/07\/LULU_Santos-chega-em-outubro-na-Ilha-do-AMor-683x1024.jpg"},{"@type":"BreadcrumbList","@id":"https:\/\/www.blogsoestado.com\/evandrojunior\/2024\/07\/09\/lulu-santos-traz-baritono-a-sao-luis-em-outubro\/#breadcrumb","itemListElement":[{"@type":"ListItem","position":1,"name":"In\u00edcio","item":"https:\/\/www.blogsoestado.com\/evandrojunior\/"},{"@type":"ListItem","position":2,"name":"Lulu Santos traz &#8220;Bar\u00edtono&#8221; a S\u00e3o Lu\u00eds em outubro"}]},{"@type":"WebSite","@id":"https:\/\/www.blogsoestado.com\/evandrojunior\/#website","url":"https:\/\/www.blogsoestado.com\/evandrojunior\/","name":"Evandro Junior","description":"","potentialAction":[{"@type":"SearchAction","target":{"@type":"EntryPoint","urlTemplate":"https:\/\/www.blogsoestado.com\/evandrojunior\/?s={search_term_string}"},"query-input":{"@type":"PropertyValueSpecification","valueRequired":true,"valueName":"search_term_string"}}],"inLanguage":"pt-BR"},{"@type":"Person","@id":"https:\/\/www.blogsoestado.com\/evandrojunior\/#\/schema\/person\/3e6c3d8dbb740d1c6878ebc935cfb3be","name":"Evandro Junior","image":{"@type":"ImageObject","inLanguage":"pt-BR","@id":"https:\/\/www.blogsoestado.com\/evandrojunior\/#\/schema\/person\/image\/","url":"https:\/\/secure.gravatar.com\/avatar\/f80a03a2294a580cd2318bfb459bf354cfa8be661ef3d95b542cf9a04af8d129?s=96&d=mm&r=g","contentUrl":"https:\/\/secure.gravatar.com\/avatar\/f80a03a2294a580cd2318bfb459bf354cfa8be661ef3d95b542cf9a04af8d129?s=96&d=mm&r=g","caption":"Evandro Junior"},"url":"https:\/\/www.blogsoestado.com\/evandrojunior\/author\/evandrojunior\/"}]}},"jetpack_featured_media_url":"","_links":{"self":[{"href":"https:\/\/www.blogsoestado.com\/evandrojunior\/wp-json\/wp\/v2\/posts\/12280","targetHints":{"allow":["GET"]}}],"collection":[{"href":"https:\/\/www.blogsoestado.com\/evandrojunior\/wp-json\/wp\/v2\/posts"}],"about":[{"href":"https:\/\/www.blogsoestado.com\/evandrojunior\/wp-json\/wp\/v2\/types\/post"}],"author":[{"embeddable":true,"href":"https:\/\/www.blogsoestado.com\/evandrojunior\/wp-json\/wp\/v2\/users\/4"}],"replies":[{"embeddable":true,"href":"https:\/\/www.blogsoestado.com\/evandrojunior\/wp-json\/wp\/v2\/comments?post=12280"}],"version-history":[{"count":0,"href":"https:\/\/www.blogsoestado.com\/evandrojunior\/wp-json\/wp\/v2\/posts\/12280\/revisions"}],"wp:attachment":[{"href":"https:\/\/www.blogsoestado.com\/evandrojunior\/wp-json\/wp\/v2\/media?parent=12280"}],"wp:term":[{"taxonomy":"category","embeddable":true,"href":"https:\/\/www.blogsoestado.com\/evandrojunior\/wp-json\/wp\/v2\/categories?post=12280"},{"taxonomy":"post_tag","embeddable":true,"href":"https:\/\/www.blogsoestado.com\/evandrojunior\/wp-json\/wp\/v2\/tags?post=12280"}],"curies":[{"name":"wp","href":"https:\/\/api.w.org\/{rel}","templated":true}]}}