{"id":12319,"date":"2024-07-12T08:23:40","date_gmt":"2024-07-12T11:23:40","guid":{"rendered":"https:\/\/www.blogsoestado.com\/evandrojunior\/?p=12319"},"modified":"2024-07-12T08:23:40","modified_gmt":"2024-07-12T11:23:40","slug":"mauricio-martins-e-homenageado-com-titulo-de-cidadao-maranhense-na-al","status":"publish","type":"post","link":"https:\/\/www.blogsoestado.com\/evandrojunior\/2024\/07\/12\/mauricio-martins-e-homenageado-com-titulo-de-cidadao-maranhense-na-al\/","title":{"rendered":"Maur\u00edcio Martins \u00e9 homenageado com T\u00edtulo de &#8216;Cidad\u00e3o Maranhense&#8217; na AL"},"content":{"rendered":"\n<div class=\"wp-block-image\"><figure class=\"aligncenter size-large is-resized\"><img fetchpriority=\"high\" decoding=\"async\" src=\"https:\/\/www.blogsoestado.com\/evandrojunior\/files\/2024\/07\/WhatsApp-Image-2024-07-11-at-21.14.21-1024x682.jpeg\" alt=\"\" class=\"wp-image-12320\" width=\"568\" height=\"378\"\/><figcaption><strong>Maur\u00edcio Ribeiro Martins recebe o t\u00edtulo de &#8216;Cidad\u00e3o Maranhense&#8217; na Assembleia Legislativa<\/strong><\/figcaption><\/figure><\/div>\n\n\n\n<p><strong>S\u00c3O LU\u00cdS<\/strong> &#8211; Maur\u00edcio Ribeiro Martins, atual secret\u00e1rio da Seguran\u00e7a P\u00fablica, recebeu, da Assembleia Legislativa do Maranh\u00e3o, o T\u00edtulo de &#8216;Cidad\u00e3o Maranhense&#8217; em uma cerim\u00f4nia emocionante no Plen\u00e1rio Nagib Haickel, na tarde de quarta-feira (10).<\/p>\n\n\n\n<p>A honraria, proposta pelo deputado Roberto Costa (MDB) e aprovada de forma un\u00e2nime pelo Parlamento, reconhece n\u00e3o apenas a trajet\u00f3ria p\u00fablica de Maur\u00edcio Martins, mas, tamb\u00e9m, sua profunda conex\u00e3o com a cultura e os valores que fazem do Maranh\u00e3o seu verdadeiro lar.<\/p>\n\n\n\n<p>A sess\u00e3o solene de homenagem reuniu dezenas de autoridades dos tr\u00eas poderes, familiares e amigos, inclusive de seu estado de nascimento, o vizinho Piau\u00ed. Durante seu discurso carregado de emo\u00e7\u00e3o, o secret\u00e1rio da Seguran\u00e7a P\u00fablica disse que o t\u00edtulo vem para coroar um sentimento que ele j\u00e1 nutria.<\/p>\n\n\n\n<div class=\"wp-block-image\"><figure class=\"aligncenter size-large is-resized\"><img decoding=\"async\" src=\"https:\/\/www.blogsoestado.com\/evandrojunior\/files\/2024\/07\/WhatsApp-Image-2024-07-11-at-21.14.21-1-1024x682.jpeg\" alt=\"\" class=\"wp-image-12321\" width=\"576\" height=\"383\"\/><figcaption><strong>Secret\u00e1rio da Seguran\u00e7a P\u00fablica do Maranh\u00e3o com a esposa Sumika e os filhas Juliana, Luiza e Jos\u00e9 Martins (com a namorada J\u00falia)<\/strong><\/figcaption><\/figure><\/div>\n\n\n\n<p>\u201cNo meu cora\u00e7\u00e3o, eu j\u00e1 havia me tornado maranhense. Portanto, representa muito este t\u00edtulo, que me reconhece como Cidad\u00e3o Maranhense. Se antes eu j\u00e1 trabalhava muito, tenham a certeza de que me empenharei para contribuir ainda mais com a seguran\u00e7a p\u00fablica e a qualidade de vida da popula\u00e7\u00e3o maranhense\u201d, destacou o homenageado.<\/p>\n\n\n\n<p>Maur\u00edcio Martins tamb\u00e9m demonstrou gratid\u00e3o a cada linha de seu discurso. \u201cAgrade\u00e7o \u00e0 minha fam\u00edlia, amigos e todos os que contribu\u00edram direta e indiretamente durante toda a minha trajet\u00f3ria. Agrade\u00e7o ao governador Carlos Brand\u00e3o, pelo desafio que \u00e9 comandar a seguran\u00e7a p\u00fablica do Maranh\u00e3o\u201d.<\/p>\n\n\n\n<p>A presidente da Assembleia Legislativa, deputada Iracema Vale, conduziu a solenidade e enfatizou sua admira\u00e7\u00e3o pelo homenageado.<\/p>\n\n\n\n<p>\u201cEsta \u00e9 uma homenagem just\u00edssima ao secret\u00e1rio Maur\u00edcio Martins, uma vez que ele tem mais de 20 anos de servi\u00e7os prestados ao povo do Maranh\u00e3o, de quem cuida com muito carinho, respeito, sensibilidade e responsabilidade, alcan\u00e7ando grande \u00eaxito no trabalho, tendo diminu\u00eddo a criminalidade. O governador Carlos Brand\u00e3o acertou ao escolh\u00ea-lo como titular da seguran\u00e7a e, nada mais justo, que contempl\u00e1-lo com o t\u00edtulo de cidad\u00e3o maranhense\u201d, disse.<\/p>\n\n\n\n<p>O deputado Roberto Costa frisou a trajet\u00f3ria de servi\u00e7os prestados por Maur\u00edcio Martins ao Maranh\u00e3o. \u201cO trabalho desenvolvido por Maur\u00edcio Martins na esfera p\u00fablica \u00e9 sempre pautado na prote\u00e7\u00e3o da sociedade maranhense. Por onde passou, construiu confian\u00e7a e respeito. Esta \u00e9 uma homenagem da Assembleia Legislativa, por meio de seus 42 deputados, e, tamb\u00e9m, do povo do Maranh\u00e3o, a quem tem feito um trabalho reconhecido nacionalmente, levando tranquilidade \u00e0 sociedade\u201d, asseverou.<\/p>\n\n\n\n<p>O T\u00edtulo de &#8216;Cidad\u00e3o Maranhense&#8217; \u00e9 uma honraria destinada a personalidades que prestaram relevantes servi\u00e7os ao Maranh\u00e3o. A aprova\u00e7\u00e3o un\u00e2nime na Assembleia Legislativa do Maranh\u00e3o reflete o apre\u00e7o e respeito que Maur\u00edcio Ribeiro Martins conquistou ao longo de sua carreira.<\/p>\n\n\n\n<p><strong>Perfil<\/strong><\/p>\n\n\n\n<p>Maur\u00edcio Martins tem 52 anos, \u00e9 bacharel em Direito e delegado de Pol\u00edcia. A trajet\u00f3ria dele no Maranh\u00e3o come\u00e7ou em 1996, aos 24 anos, quando, convidado pela irm\u00e3, Maria Luiza, mudou-se para S\u00e3o Lu\u00eds e passou a atuar como escriv\u00e3o na 5\u00aa Vara da Fazenda P\u00fablica da capital, no F\u00f3rum Desembargador Sarney Costa.<\/p>\n\n\n\n<p>Aos 27 anos, ingressou na Pol\u00edcia Civil do Maranh\u00e3o como delegado, ap\u00f3s ser aprovado em concurso p\u00fablico. Durante a carreira, foi titular de diversas delegacias no interior e na Grande Ilha, al\u00e9m de atuar como delegado plantonista.<\/p>\n\n\n\n<p>Mauricio Martins tamb\u00e9m foi subsecret\u00e1rio de Estado da Seguran\u00e7a P\u00fablica e ocupou posi\u00e7\u00f5es de destaque no Tribunal de Justi\u00e7a do Estado do Maranh\u00e3o, na Corregedoria Estadual de Pol\u00edcia Civil, foi chefe da Polinter e diretor da Academia de Pol\u00edcia Civil do Maranh\u00e3o (Acadepol), entre outros cargos importantes.<\/p>\n\n\n\n<p>Convidado pelo governador Carlos Brand\u00e3o, em abril de 2023, assumiu o comando da Secretaria de Estado da Seguran\u00e7a P\u00fablica, obtendo resultados significativos na redu\u00e7\u00e3o dos \u00edndices de criminalidade do estado e colocando o Maranh\u00e3o em uma posi\u00e7\u00e3o de refer\u00eancia na seguran\u00e7a p\u00fablica nacional.<\/p>\n","protected":false},"excerpt":{"rendered":"<p>S\u00c3O LU\u00cdS &#8211; Maur\u00edcio Ribeiro Martins, atual secret\u00e1rio da Seguran\u00e7a P\u00fablica, recebeu, da Assembleia Legislativa do Maranh\u00e3o, o T\u00edtulo de [&hellip;]<\/p>\n","protected":false},"author":4,"featured_media":0,"comment_status":"open","ping_status":"open","sticky":false,"template":"","format":"standard","meta":{"site-sidebar-layout":"default","site-content-layout":"","ast-site-content-layout":"default","site-content-style":"default","site-sidebar-style":"default","ast-global-header-display":"","ast-banner-title-visibility":"","ast-main-header-display":"","ast-hfb-above-header-display":"","ast-hfb-below-header-display":"","ast-hfb-mobile-header-display":"","site-post-title":"","ast-breadcrumbs-content":"","ast-featured-img":"","footer-sml-layout":"","ast-disable-related-posts":"","theme-transparent-header-meta":"","adv-header-id-meta":"","stick-header-meta":"","header-above-stick-meta":"","header-main-stick-meta":"","header-below-stick-meta":"","astra-migrate-meta-layouts":"default","ast-page-background-enabled":"default","ast-page-background-meta":{"desktop":{"background-color":"var(--ast-global-color-5)","background-image":"","background-repeat":"repeat","background-position":"center center","background-size":"auto","background-attachment":"scroll","background-type":"","background-media":"","overlay-type":"","overlay-color":"","overlay-opacity":"","overlay-gradient":""},"tablet":{"background-color":"","background-image":"","background-repeat":"repeat","background-position":"center center","background-size":"auto","background-attachment":"scroll","background-type":"","background-media":"","overlay-type":"","overlay-color":"","overlay-opacity":"","overlay-gradient":""},"mobile":{"background-color":"","background-image":"","background-repeat":"repeat","background-position":"center center","background-size":"auto","background-attachment":"scroll","background-type":"","background-media":"","overlay-type":"","overlay-color":"","overlay-opacity":"","overlay-gradient":""}},"ast-content-background-meta":{"desktop":{"background-color":"var(--ast-global-color-4)","background-image":"","background-repeat":"repeat","background-position":"center center","background-size":"auto","background-attachment":"scroll","background-type":"","background-media":"","overlay-type":"","overlay-color":"","overlay-opacity":"","overlay-gradient":""},"tablet":{"background-color":"var(--ast-global-color-4)","background-image":"","background-repeat":"repeat","background-position":"center center","background-size":"auto","background-attachment":"scroll","background-type":"","background-media":"","overlay-type":"","overlay-color":"","overlay-opacity":"","overlay-gradient":""},"mobile":{"background-color":"var(--ast-global-color-4)","background-image":"","background-repeat":"repeat","background-position":"center center","background-size":"auto","background-attachment":"scroll","background-type":"","background-media":"","overlay-type":"","overlay-color":"","overlay-opacity":"","overlay-gradient":""}},"footnotes":""},"categories":[1],"tags":[],"class_list":["post-12319","post","type-post","status-publish","format-standard","hentry","category-sem-categoria"],"yoast_head":"<!-- This site is optimized with the Yoast SEO plugin v26.6 - https:\/\/yoast.com\/wordpress\/plugins\/seo\/ -->\n<title>Maur\u00edcio Martins \u00e9 homenageado com T\u00edtulo de &#039;Cidad\u00e3o Maranhense&#039; na AL - Evandro Junior<\/title>\n<meta name=\"robots\" content=\"index, follow, max-snippet:-1, max-image-preview:large, max-video-preview:-1\" \/>\n<link rel=\"canonical\" href=\"https:\/\/www.blogsoestado.com\/evandrojunior\/2024\/07\/12\/mauricio-martins-e-homenageado-com-titulo-de-cidadao-maranhense-na-al\/\" \/>\n<meta property=\"og:locale\" content=\"pt_BR\" \/>\n<meta property=\"og:type\" content=\"article\" \/>\n<meta property=\"og:title\" content=\"Maur\u00edcio Martins \u00e9 homenageado com T\u00edtulo de &#039;Cidad\u00e3o Maranhense&#039; na AL - Evandro Junior\" \/>\n<meta property=\"og:description\" content=\"S\u00c3O LU\u00cdS &#8211; Maur\u00edcio Ribeiro Martins, atual secret\u00e1rio da Seguran\u00e7a P\u00fablica, recebeu, da Assembleia Legislativa do Maranh\u00e3o, o T\u00edtulo de [&hellip;]\" \/>\n<meta property=\"og:url\" content=\"https:\/\/www.blogsoestado.com\/evandrojunior\/2024\/07\/12\/mauricio-martins-e-homenageado-com-titulo-de-cidadao-maranhense-na-al\/\" \/>\n<meta property=\"og:site_name\" content=\"Evandro Junior\" \/>\n<meta property=\"article:published_time\" content=\"2024-07-12T11:23:40+00:00\" \/>\n<meta property=\"og:image\" content=\"https:\/\/www.blogsoestado.com\/evandrojunior\/files\/2024\/07\/WhatsApp-Image-2024-07-11-at-21.14.21-1024x682.jpeg\" \/>\n<meta name=\"author\" content=\"Evandro Junior\" \/>\n<meta name=\"twitter:card\" content=\"summary_large_image\" \/>\n<meta name=\"twitter:label1\" content=\"Escrito por\" \/>\n\t<meta name=\"twitter:data1\" content=\"Evandro Junior\" \/>\n\t<meta name=\"twitter:label2\" content=\"Est. tempo de leitura\" \/>\n\t<meta name=\"twitter:data2\" content=\"4 minutos\" \/>\n<script type=\"application\/ld+json\" class=\"yoast-schema-graph\">{\"@context\":\"https:\/\/schema.org\",\"@graph\":[{\"@type\":\"WebPage\",\"@id\":\"https:\/\/www.blogsoestado.com\/evandrojunior\/2024\/07\/12\/mauricio-martins-e-homenageado-com-titulo-de-cidadao-maranhense-na-al\/\",\"url\":\"https:\/\/www.blogsoestado.com\/evandrojunior\/2024\/07\/12\/mauricio-martins-e-homenageado-com-titulo-de-cidadao-maranhense-na-al\/\",\"name\":\"Maur\u00edcio Martins \u00e9 homenageado com T\u00edtulo de 'Cidad\u00e3o Maranhense' na AL - Evandro Junior\",\"isPartOf\":{\"@id\":\"https:\/\/www.blogsoestado.com\/evandrojunior\/#website\"},\"primaryImageOfPage\":{\"@id\":\"https:\/\/www.blogsoestado.com\/evandrojunior\/2024\/07\/12\/mauricio-martins-e-homenageado-com-titulo-de-cidadao-maranhense-na-al\/#primaryimage\"},\"image\":{\"@id\":\"https:\/\/www.blogsoestado.com\/evandrojunior\/2024\/07\/12\/mauricio-martins-e-homenageado-com-titulo-de-cidadao-maranhense-na-al\/#primaryimage\"},\"thumbnailUrl\":\"https:\/\/www.blogsoestado.com\/evandrojunior\/files\/2024\/07\/WhatsApp-Image-2024-07-11-at-21.14.21-1024x682.jpeg\",\"datePublished\":\"2024-07-12T11:23:40+00:00\",\"author\":{\"@id\":\"https:\/\/www.blogsoestado.com\/evandrojunior\/#\/schema\/person\/3e6c3d8dbb740d1c6878ebc935cfb3be\"},\"breadcrumb\":{\"@id\":\"https:\/\/www.blogsoestado.com\/evandrojunior\/2024\/07\/12\/mauricio-martins-e-homenageado-com-titulo-de-cidadao-maranhense-na-al\/#breadcrumb\"},\"inLanguage\":\"pt-BR\",\"potentialAction\":[{\"@type\":\"ReadAction\",\"target\":[\"https:\/\/www.blogsoestado.com\/evandrojunior\/2024\/07\/12\/mauricio-martins-e-homenageado-com-titulo-de-cidadao-maranhense-na-al\/\"]}]},{\"@type\":\"ImageObject\",\"inLanguage\":\"pt-BR\",\"@id\":\"https:\/\/www.blogsoestado.com\/evandrojunior\/2024\/07\/12\/mauricio-martins-e-homenageado-com-titulo-de-cidadao-maranhense-na-al\/#primaryimage\",\"url\":\"https:\/\/www.blogsoestado.com\/evandrojunior\/files\/2024\/07\/WhatsApp-Image-2024-07-11-at-21.14.21-1024x682.jpeg\",\"contentUrl\":\"https:\/\/www.blogsoestado.com\/evandrojunior\/files\/2024\/07\/WhatsApp-Image-2024-07-11-at-21.14.21-1024x682.jpeg\"},{\"@type\":\"BreadcrumbList\",\"@id\":\"https:\/\/www.blogsoestado.com\/evandrojunior\/2024\/07\/12\/mauricio-martins-e-homenageado-com-titulo-de-cidadao-maranhense-na-al\/#breadcrumb\",\"itemListElement\":[{\"@type\":\"ListItem\",\"position\":1,\"name\":\"In\u00edcio\",\"item\":\"https:\/\/www.blogsoestado.com\/evandrojunior\/\"},{\"@type\":\"ListItem\",\"position\":2,\"name\":\"Maur\u00edcio Martins \u00e9 homenageado com T\u00edtulo de &#8216;Cidad\u00e3o Maranhense&#8217; na AL\"}]},{\"@type\":\"WebSite\",\"@id\":\"https:\/\/www.blogsoestado.com\/evandrojunior\/#website\",\"url\":\"https:\/\/www.blogsoestado.com\/evandrojunior\/\",\"name\":\"Evandro Junior\",\"description\":\"\",\"potentialAction\":[{\"@type\":\"SearchAction\",\"target\":{\"@type\":\"EntryPoint\",\"urlTemplate\":\"https:\/\/www.blogsoestado.com\/evandrojunior\/?s={search_term_string}\"},\"query-input\":{\"@type\":\"PropertyValueSpecification\",\"valueRequired\":true,\"valueName\":\"search_term_string\"}}],\"inLanguage\":\"pt-BR\"},{\"@type\":\"Person\",\"@id\":\"https:\/\/www.blogsoestado.com\/evandrojunior\/#\/schema\/person\/3e6c3d8dbb740d1c6878ebc935cfb3be\",\"name\":\"Evandro Junior\",\"image\":{\"@type\":\"ImageObject\",\"inLanguage\":\"pt-BR\",\"@id\":\"https:\/\/www.blogsoestado.com\/evandrojunior\/#\/schema\/person\/image\/\",\"url\":\"https:\/\/secure.gravatar.com\/avatar\/f80a03a2294a580cd2318bfb459bf354cfa8be661ef3d95b542cf9a04af8d129?s=96&d=mm&r=g\",\"contentUrl\":\"https:\/\/secure.gravatar.com\/avatar\/f80a03a2294a580cd2318bfb459bf354cfa8be661ef3d95b542cf9a04af8d129?s=96&d=mm&r=g\",\"caption\":\"Evandro Junior\"},\"url\":\"https:\/\/www.blogsoestado.com\/evandrojunior\/author\/evandrojunior\/\"}]}<\/script>\n<!-- \/ Yoast SEO plugin. -->","yoast_head_json":{"title":"Maur\u00edcio Martins \u00e9 homenageado com T\u00edtulo de 'Cidad\u00e3o Maranhense' na AL - Evandro Junior","robots":{"index":"index","follow":"follow","max-snippet":"max-snippet:-1","max-image-preview":"max-image-preview:large","max-video-preview":"max-video-preview:-1"},"canonical":"https:\/\/www.blogsoestado.com\/evandrojunior\/2024\/07\/12\/mauricio-martins-e-homenageado-com-titulo-de-cidadao-maranhense-na-al\/","og_locale":"pt_BR","og_type":"article","og_title":"Maur\u00edcio Martins \u00e9 homenageado com T\u00edtulo de 'Cidad\u00e3o Maranhense' na AL - Evandro Junior","og_description":"S\u00c3O LU\u00cdS &#8211; Maur\u00edcio Ribeiro Martins, atual secret\u00e1rio da Seguran\u00e7a P\u00fablica, recebeu, da Assembleia Legislativa do Maranh\u00e3o, o T\u00edtulo de [&hellip;]","og_url":"https:\/\/www.blogsoestado.com\/evandrojunior\/2024\/07\/12\/mauricio-martins-e-homenageado-com-titulo-de-cidadao-maranhense-na-al\/","og_site_name":"Evandro Junior","article_published_time":"2024-07-12T11:23:40+00:00","og_image":[{"url":"https:\/\/www.blogsoestado.com\/evandrojunior\/files\/2024\/07\/WhatsApp-Image-2024-07-11-at-21.14.21-1024x682.jpeg","type":"","width":"","height":""}],"author":"Evandro Junior","twitter_card":"summary_large_image","twitter_misc":{"Escrito por":"Evandro Junior","Est. tempo de leitura":"4 minutos"},"schema":{"@context":"https:\/\/schema.org","@graph":[{"@type":"WebPage","@id":"https:\/\/www.blogsoestado.com\/evandrojunior\/2024\/07\/12\/mauricio-martins-e-homenageado-com-titulo-de-cidadao-maranhense-na-al\/","url":"https:\/\/www.blogsoestado.com\/evandrojunior\/2024\/07\/12\/mauricio-martins-e-homenageado-com-titulo-de-cidadao-maranhense-na-al\/","name":"Maur\u00edcio Martins \u00e9 homenageado com T\u00edtulo de 'Cidad\u00e3o Maranhense' na AL - Evandro Junior","isPartOf":{"@id":"https:\/\/www.blogsoestado.com\/evandrojunior\/#website"},"primaryImageOfPage":{"@id":"https:\/\/www.blogsoestado.com\/evandrojunior\/2024\/07\/12\/mauricio-martins-e-homenageado-com-titulo-de-cidadao-maranhense-na-al\/#primaryimage"},"image":{"@id":"https:\/\/www.blogsoestado.com\/evandrojunior\/2024\/07\/12\/mauricio-martins-e-homenageado-com-titulo-de-cidadao-maranhense-na-al\/#primaryimage"},"thumbnailUrl":"https:\/\/www.blogsoestado.com\/evandrojunior\/files\/2024\/07\/WhatsApp-Image-2024-07-11-at-21.14.21-1024x682.jpeg","datePublished":"2024-07-12T11:23:40+00:00","author":{"@id":"https:\/\/www.blogsoestado.com\/evandrojunior\/#\/schema\/person\/3e6c3d8dbb740d1c6878ebc935cfb3be"},"breadcrumb":{"@id":"https:\/\/www.blogsoestado.com\/evandrojunior\/2024\/07\/12\/mauricio-martins-e-homenageado-com-titulo-de-cidadao-maranhense-na-al\/#breadcrumb"},"inLanguage":"pt-BR","potentialAction":[{"@type":"ReadAction","target":["https:\/\/www.blogsoestado.com\/evandrojunior\/2024\/07\/12\/mauricio-martins-e-homenageado-com-titulo-de-cidadao-maranhense-na-al\/"]}]},{"@type":"ImageObject","inLanguage":"pt-BR","@id":"https:\/\/www.blogsoestado.com\/evandrojunior\/2024\/07\/12\/mauricio-martins-e-homenageado-com-titulo-de-cidadao-maranhense-na-al\/#primaryimage","url":"https:\/\/www.blogsoestado.com\/evandrojunior\/files\/2024\/07\/WhatsApp-Image-2024-07-11-at-21.14.21-1024x682.jpeg","contentUrl":"https:\/\/www.blogsoestado.com\/evandrojunior\/files\/2024\/07\/WhatsApp-Image-2024-07-11-at-21.14.21-1024x682.jpeg"},{"@type":"BreadcrumbList","@id":"https:\/\/www.blogsoestado.com\/evandrojunior\/2024\/07\/12\/mauricio-martins-e-homenageado-com-titulo-de-cidadao-maranhense-na-al\/#breadcrumb","itemListElement":[{"@type":"ListItem","position":1,"name":"In\u00edcio","item":"https:\/\/www.blogsoestado.com\/evandrojunior\/"},{"@type":"ListItem","position":2,"name":"Maur\u00edcio Martins \u00e9 homenageado com T\u00edtulo de &#8216;Cidad\u00e3o Maranhense&#8217; na AL"}]},{"@type":"WebSite","@id":"https:\/\/www.blogsoestado.com\/evandrojunior\/#website","url":"https:\/\/www.blogsoestado.com\/evandrojunior\/","name":"Evandro Junior","description":"","potentialAction":[{"@type":"SearchAction","target":{"@type":"EntryPoint","urlTemplate":"https:\/\/www.blogsoestado.com\/evandrojunior\/?s={search_term_string}"},"query-input":{"@type":"PropertyValueSpecification","valueRequired":true,"valueName":"search_term_string"}}],"inLanguage":"pt-BR"},{"@type":"Person","@id":"https:\/\/www.blogsoestado.com\/evandrojunior\/#\/schema\/person\/3e6c3d8dbb740d1c6878ebc935cfb3be","name":"Evandro Junior","image":{"@type":"ImageObject","inLanguage":"pt-BR","@id":"https:\/\/www.blogsoestado.com\/evandrojunior\/#\/schema\/person\/image\/","url":"https:\/\/secure.gravatar.com\/avatar\/f80a03a2294a580cd2318bfb459bf354cfa8be661ef3d95b542cf9a04af8d129?s=96&d=mm&r=g","contentUrl":"https:\/\/secure.gravatar.com\/avatar\/f80a03a2294a580cd2318bfb459bf354cfa8be661ef3d95b542cf9a04af8d129?s=96&d=mm&r=g","caption":"Evandro Junior"},"url":"https:\/\/www.blogsoestado.com\/evandrojunior\/author\/evandrojunior\/"}]}},"jetpack_featured_media_url":"","_links":{"self":[{"href":"https:\/\/www.blogsoestado.com\/evandrojunior\/wp-json\/wp\/v2\/posts\/12319","targetHints":{"allow":["GET"]}}],"collection":[{"href":"https:\/\/www.blogsoestado.com\/evandrojunior\/wp-json\/wp\/v2\/posts"}],"about":[{"href":"https:\/\/www.blogsoestado.com\/evandrojunior\/wp-json\/wp\/v2\/types\/post"}],"author":[{"embeddable":true,"href":"https:\/\/www.blogsoestado.com\/evandrojunior\/wp-json\/wp\/v2\/users\/4"}],"replies":[{"embeddable":true,"href":"https:\/\/www.blogsoestado.com\/evandrojunior\/wp-json\/wp\/v2\/comments?post=12319"}],"version-history":[{"count":0,"href":"https:\/\/www.blogsoestado.com\/evandrojunior\/wp-json\/wp\/v2\/posts\/12319\/revisions"}],"wp:attachment":[{"href":"https:\/\/www.blogsoestado.com\/evandrojunior\/wp-json\/wp\/v2\/media?parent=12319"}],"wp:term":[{"taxonomy":"category","embeddable":true,"href":"https:\/\/www.blogsoestado.com\/evandrojunior\/wp-json\/wp\/v2\/categories?post=12319"},{"taxonomy":"post_tag","embeddable":true,"href":"https:\/\/www.blogsoestado.com\/evandrojunior\/wp-json\/wp\/v2\/tags?post=12319"}],"curies":[{"name":"wp","href":"https:\/\/api.w.org\/{rel}","templated":true}]}}