{"id":12326,"date":"2024-07-12T08:32:31","date_gmt":"2024-07-12T11:32:31","guid":{"rendered":"https:\/\/www.blogsoestado.com\/evandrojunior\/?p=12326"},"modified":"2024-07-12T08:32:31","modified_gmt":"2024-07-12T11:32:31","slug":"humberto-gessinger-retorna-a-sao-luis-com-nova-turne","status":"publish","type":"post","link":"https:\/\/www.blogsoestado.com\/evandrojunior\/2024\/07\/12\/humberto-gessinger-retorna-a-sao-luis-com-nova-turne\/","title":{"rendered":"Humberto Gessinger retorna a S\u00e3o Lu\u00eds com nova turn\u00ea"},"content":{"rendered":"\n<div class=\"wp-block-image\"><figure class=\"aligncenter size-large is-resized\"><img fetchpriority=\"high\" decoding=\"async\" src=\"https:\/\/www.blogsoestado.com\/evandrojunior\/files\/2024\/07\/230619-Humberto-Gessinger-9-1-1024x683.jpg\" alt=\"\" class=\"wp-image-12327\" width=\"556\" height=\"370\"\/><figcaption><strong>Humberto Gessinger estar\u00e1 em S\u00e3o Lu\u00eds para show no dia 10 de agosto<\/strong><\/figcaption><\/figure><\/div>\n\n\n\n<p><strong>S\u00c3O LU\u00cdS <\/strong>&#8211; Um dos grandes artistas do pop rock nacional,\u00a0Humberto Gessinger\u00a0retorna a S\u00e3o Lu\u00eds com uma bagagem de sucessos. Ele se apresentar\u00e1 no\u00a0dia 10 de agosto, no Palazzo Eventos (Ara\u00e7agi).\u00a0O\u00a0show \u00e9 assinado pela Dux Produ\u00e7\u00f5es, uma das maiores produtoras de entretenimento do Maranh\u00e3o.<\/p>\n\n\n\n<p>O artista tem trilhado uma brilhante carreira solo, marcada sempre por experimentar v\u00e1rias forma\u00e7\u00f5es diferentes, muitas vezes no mesmo projeto. Seu quarto \u00e1lbum in\u00e9dito,\u00a0\u201cQuatro Cantos de um Mundo Redondo\u201d, traz diferentes forma\u00e7\u00f5es de banda, e foi lan\u00e7ado em quatro etapas no digital.<\/p>\n\n\n\n<p>Com 39 anos de estrada,\u00a0Gessinger\u00a0acumula mais de 23 \u00e1lbuns. Oito DVDs completam a discografia, rendendo oito Discos de Ouro, um Disco de Platina, quatro DVDs de Ouro e milhares de f\u00e3s apaixonados por sua m\u00fasica.<\/p>\n\n\n\n<p>Em S\u00e3o Lu\u00eds, o show traz cl\u00e1ssicos e lan\u00e7amentos em um repert\u00f3rio envolvente, com a inconfund\u00edvel\u00a0voz e alma dos Engenheiros do Hawaii. <\/p>\n\n\n\n<p>\u00a0&#8220;O\u00a0que eu descobri neste tempo \u00e9 que, do ponto de vista art\u00edstico, mesmo que por um lado a gente amadurece e envelhece, por outro pode rejuvenesce, perdendo certezas e ficando mais aberto. N\u00e3o gosto de comparar as fases da minha jornada, pois pode parecer que estou comparando pessoas que participaram de determinados momentos. Falando especificamente de mim, acho que toco e canto muito melhor hoje. Como compositor, acho que sigo muito parecido com o que sempre fui. Mas reconhe\u00e7o que n\u00e3o tenho mais muita energia para tudo que \u00e9 perif\u00e9rico \u00e0 m\u00fasica nestes tempos de superexposi\u00e7\u00e3o em redes sociais&#8221;, afirma.<\/p>\n\n\n\n<p>Gessinger afirma que se apresentar no Nordeste \u00e9 sempre um ponto alto de suas turn\u00eas, e, por isso, as expectativas s\u00e3o sempre positivas.<\/p>\n\n\n\n<p>Os ingressos para a turn\u00ea de Humberto Gessinger j\u00e1 est\u00e3o sendo vendidos pela Bilheteria Digital, com valores que variam de R$ 100 a R$ 250. Mais informa\u00e7\u00f5es no Instagram @duxproducoes ou no site&nbsp;<a href=\"http:\/\/www.duxproducoes.com.br\/\" target=\"_blank\" rel=\"noreferrer noopener\">www.duxproducoes.com.br<\/a>&nbsp;.<\/p>\n","protected":false},"excerpt":{"rendered":"<p>S\u00c3O LU\u00cdS &#8211; Um dos grandes artistas do pop rock nacional,\u00a0Humberto Gessinger\u00a0retorna a S\u00e3o Lu\u00eds com uma bagagem de sucessos. [&hellip;]<\/p>\n","protected":false},"author":4,"featured_media":0,"comment_status":"open","ping_status":"open","sticky":false,"template":"","format":"standard","meta":{"site-sidebar-layout":"default","site-content-layout":"","ast-site-content-layout":"default","site-content-style":"default","site-sidebar-style":"default","ast-global-header-display":"","ast-banner-title-visibility":"","ast-main-header-display":"","ast-hfb-above-header-display":"","ast-hfb-below-header-display":"","ast-hfb-mobile-header-display":"","site-post-title":"","ast-breadcrumbs-content":"","ast-featured-img":"","footer-sml-layout":"","ast-disable-related-posts":"","theme-transparent-header-meta":"","adv-header-id-meta":"","stick-header-meta":"","header-above-stick-meta":"","header-main-stick-meta":"","header-below-stick-meta":"","astra-migrate-meta-layouts":"default","ast-page-background-enabled":"default","ast-page-background-meta":{"desktop":{"background-color":"var(--ast-global-color-5)","background-image":"","background-repeat":"repeat","background-position":"center center","background-size":"auto","background-attachment":"scroll","background-type":"","background-media":"","overlay-type":"","overlay-color":"","overlay-opacity":"","overlay-gradient":""},"tablet":{"background-color":"","background-image":"","background-repeat":"repeat","background-position":"center center","background-size":"auto","background-attachment":"scroll","background-type":"","background-media":"","overlay-type":"","overlay-color":"","overlay-opacity":"","overlay-gradient":""},"mobile":{"background-color":"","background-image":"","background-repeat":"repeat","background-position":"center center","background-size":"auto","background-attachment":"scroll","background-type":"","background-media":"","overlay-type":"","overlay-color":"","overlay-opacity":"","overlay-gradient":""}},"ast-content-background-meta":{"desktop":{"background-color":"var(--ast-global-color-4)","background-image":"","background-repeat":"repeat","background-position":"center center","background-size":"auto","background-attachment":"scroll","background-type":"","background-media":"","overlay-type":"","overlay-color":"","overlay-opacity":"","overlay-gradient":""},"tablet":{"background-color":"var(--ast-global-color-4)","background-image":"","background-repeat":"repeat","background-position":"center center","background-size":"auto","background-attachment":"scroll","background-type":"","background-media":"","overlay-type":"","overlay-color":"","overlay-opacity":"","overlay-gradient":""},"mobile":{"background-color":"var(--ast-global-color-4)","background-image":"","background-repeat":"repeat","background-position":"center center","background-size":"auto","background-attachment":"scroll","background-type":"","background-media":"","overlay-type":"","overlay-color":"","overlay-opacity":"","overlay-gradient":""}},"footnotes":""},"categories":[1],"tags":[],"class_list":["post-12326","post","type-post","status-publish","format-standard","hentry","category-sem-categoria"],"yoast_head":"<!-- This site is optimized with the Yoast SEO plugin v26.6 - https:\/\/yoast.com\/wordpress\/plugins\/seo\/ -->\n<title>Humberto Gessinger retorna a S\u00e3o Lu\u00eds com nova turn\u00ea - Evandro Junior<\/title>\n<meta name=\"robots\" content=\"index, follow, max-snippet:-1, max-image-preview:large, max-video-preview:-1\" \/>\n<link rel=\"canonical\" href=\"https:\/\/www.blogsoestado.com\/evandrojunior\/2024\/07\/12\/humberto-gessinger-retorna-a-sao-luis-com-nova-turne\/\" \/>\n<meta property=\"og:locale\" content=\"pt_BR\" \/>\n<meta property=\"og:type\" content=\"article\" \/>\n<meta property=\"og:title\" content=\"Humberto Gessinger retorna a S\u00e3o Lu\u00eds com nova turn\u00ea - Evandro Junior\" \/>\n<meta property=\"og:description\" content=\"S\u00c3O LU\u00cdS &#8211; Um dos grandes artistas do pop rock nacional,\u00a0Humberto Gessinger\u00a0retorna a S\u00e3o Lu\u00eds com uma bagagem de sucessos. [&hellip;]\" \/>\n<meta property=\"og:url\" content=\"https:\/\/www.blogsoestado.com\/evandrojunior\/2024\/07\/12\/humberto-gessinger-retorna-a-sao-luis-com-nova-turne\/\" \/>\n<meta property=\"og:site_name\" content=\"Evandro Junior\" \/>\n<meta property=\"article:published_time\" content=\"2024-07-12T11:32:31+00:00\" \/>\n<meta property=\"og:image\" content=\"https:\/\/www.blogsoestado.com\/evandrojunior\/files\/2024\/07\/230619-Humberto-Gessinger-9-1-1024x683.jpg\" \/>\n<meta name=\"author\" content=\"Evandro Junior\" \/>\n<meta name=\"twitter:card\" content=\"summary_large_image\" \/>\n<meta name=\"twitter:label1\" content=\"Escrito por\" \/>\n\t<meta name=\"twitter:data1\" content=\"Evandro Junior\" \/>\n\t<meta name=\"twitter:label2\" content=\"Est. tempo de leitura\" \/>\n\t<meta name=\"twitter:data2\" content=\"2 minutos\" \/>\n<script type=\"application\/ld+json\" class=\"yoast-schema-graph\">{\"@context\":\"https:\/\/schema.org\",\"@graph\":[{\"@type\":\"WebPage\",\"@id\":\"https:\/\/www.blogsoestado.com\/evandrojunior\/2024\/07\/12\/humberto-gessinger-retorna-a-sao-luis-com-nova-turne\/\",\"url\":\"https:\/\/www.blogsoestado.com\/evandrojunior\/2024\/07\/12\/humberto-gessinger-retorna-a-sao-luis-com-nova-turne\/\",\"name\":\"Humberto Gessinger retorna a S\u00e3o Lu\u00eds com nova turn\u00ea - Evandro Junior\",\"isPartOf\":{\"@id\":\"https:\/\/www.blogsoestado.com\/evandrojunior\/#website\"},\"primaryImageOfPage\":{\"@id\":\"https:\/\/www.blogsoestado.com\/evandrojunior\/2024\/07\/12\/humberto-gessinger-retorna-a-sao-luis-com-nova-turne\/#primaryimage\"},\"image\":{\"@id\":\"https:\/\/www.blogsoestado.com\/evandrojunior\/2024\/07\/12\/humberto-gessinger-retorna-a-sao-luis-com-nova-turne\/#primaryimage\"},\"thumbnailUrl\":\"https:\/\/www.blogsoestado.com\/evandrojunior\/files\/2024\/07\/230619-Humberto-Gessinger-9-1-1024x683.jpg\",\"datePublished\":\"2024-07-12T11:32:31+00:00\",\"author\":{\"@id\":\"https:\/\/www.blogsoestado.com\/evandrojunior\/#\/schema\/person\/3e6c3d8dbb740d1c6878ebc935cfb3be\"},\"breadcrumb\":{\"@id\":\"https:\/\/www.blogsoestado.com\/evandrojunior\/2024\/07\/12\/humberto-gessinger-retorna-a-sao-luis-com-nova-turne\/#breadcrumb\"},\"inLanguage\":\"pt-BR\",\"potentialAction\":[{\"@type\":\"ReadAction\",\"target\":[\"https:\/\/www.blogsoestado.com\/evandrojunior\/2024\/07\/12\/humberto-gessinger-retorna-a-sao-luis-com-nova-turne\/\"]}]},{\"@type\":\"ImageObject\",\"inLanguage\":\"pt-BR\",\"@id\":\"https:\/\/www.blogsoestado.com\/evandrojunior\/2024\/07\/12\/humberto-gessinger-retorna-a-sao-luis-com-nova-turne\/#primaryimage\",\"url\":\"https:\/\/www.blogsoestado.com\/evandrojunior\/files\/2024\/07\/230619-Humberto-Gessinger-9-1-1024x683.jpg\",\"contentUrl\":\"https:\/\/www.blogsoestado.com\/evandrojunior\/files\/2024\/07\/230619-Humberto-Gessinger-9-1-1024x683.jpg\"},{\"@type\":\"BreadcrumbList\",\"@id\":\"https:\/\/www.blogsoestado.com\/evandrojunior\/2024\/07\/12\/humberto-gessinger-retorna-a-sao-luis-com-nova-turne\/#breadcrumb\",\"itemListElement\":[{\"@type\":\"ListItem\",\"position\":1,\"name\":\"In\u00edcio\",\"item\":\"https:\/\/www.blogsoestado.com\/evandrojunior\/\"},{\"@type\":\"ListItem\",\"position\":2,\"name\":\"Humberto Gessinger retorna a S\u00e3o Lu\u00eds com nova turn\u00ea\"}]},{\"@type\":\"WebSite\",\"@id\":\"https:\/\/www.blogsoestado.com\/evandrojunior\/#website\",\"url\":\"https:\/\/www.blogsoestado.com\/evandrojunior\/\",\"name\":\"Evandro Junior\",\"description\":\"\",\"potentialAction\":[{\"@type\":\"SearchAction\",\"target\":{\"@type\":\"EntryPoint\",\"urlTemplate\":\"https:\/\/www.blogsoestado.com\/evandrojunior\/?s={search_term_string}\"},\"query-input\":{\"@type\":\"PropertyValueSpecification\",\"valueRequired\":true,\"valueName\":\"search_term_string\"}}],\"inLanguage\":\"pt-BR\"},{\"@type\":\"Person\",\"@id\":\"https:\/\/www.blogsoestado.com\/evandrojunior\/#\/schema\/person\/3e6c3d8dbb740d1c6878ebc935cfb3be\",\"name\":\"Evandro Junior\",\"image\":{\"@type\":\"ImageObject\",\"inLanguage\":\"pt-BR\",\"@id\":\"https:\/\/www.blogsoestado.com\/evandrojunior\/#\/schema\/person\/image\/\",\"url\":\"https:\/\/secure.gravatar.com\/avatar\/f80a03a2294a580cd2318bfb459bf354cfa8be661ef3d95b542cf9a04af8d129?s=96&d=mm&r=g\",\"contentUrl\":\"https:\/\/secure.gravatar.com\/avatar\/f80a03a2294a580cd2318bfb459bf354cfa8be661ef3d95b542cf9a04af8d129?s=96&d=mm&r=g\",\"caption\":\"Evandro Junior\"},\"url\":\"https:\/\/www.blogsoestado.com\/evandrojunior\/author\/evandrojunior\/\"}]}<\/script>\n<!-- \/ Yoast SEO plugin. -->","yoast_head_json":{"title":"Humberto Gessinger retorna a S\u00e3o Lu\u00eds com nova turn\u00ea - Evandro Junior","robots":{"index":"index","follow":"follow","max-snippet":"max-snippet:-1","max-image-preview":"max-image-preview:large","max-video-preview":"max-video-preview:-1"},"canonical":"https:\/\/www.blogsoestado.com\/evandrojunior\/2024\/07\/12\/humberto-gessinger-retorna-a-sao-luis-com-nova-turne\/","og_locale":"pt_BR","og_type":"article","og_title":"Humberto Gessinger retorna a S\u00e3o Lu\u00eds com nova turn\u00ea - Evandro Junior","og_description":"S\u00c3O LU\u00cdS &#8211; Um dos grandes artistas do pop rock nacional,\u00a0Humberto Gessinger\u00a0retorna a S\u00e3o Lu\u00eds com uma bagagem de sucessos. [&hellip;]","og_url":"https:\/\/www.blogsoestado.com\/evandrojunior\/2024\/07\/12\/humberto-gessinger-retorna-a-sao-luis-com-nova-turne\/","og_site_name":"Evandro Junior","article_published_time":"2024-07-12T11:32:31+00:00","og_image":[{"url":"https:\/\/www.blogsoestado.com\/evandrojunior\/files\/2024\/07\/230619-Humberto-Gessinger-9-1-1024x683.jpg","type":"","width":"","height":""}],"author":"Evandro Junior","twitter_card":"summary_large_image","twitter_misc":{"Escrito por":"Evandro Junior","Est. tempo de leitura":"2 minutos"},"schema":{"@context":"https:\/\/schema.org","@graph":[{"@type":"WebPage","@id":"https:\/\/www.blogsoestado.com\/evandrojunior\/2024\/07\/12\/humberto-gessinger-retorna-a-sao-luis-com-nova-turne\/","url":"https:\/\/www.blogsoestado.com\/evandrojunior\/2024\/07\/12\/humberto-gessinger-retorna-a-sao-luis-com-nova-turne\/","name":"Humberto Gessinger retorna a S\u00e3o Lu\u00eds com nova turn\u00ea - Evandro Junior","isPartOf":{"@id":"https:\/\/www.blogsoestado.com\/evandrojunior\/#website"},"primaryImageOfPage":{"@id":"https:\/\/www.blogsoestado.com\/evandrojunior\/2024\/07\/12\/humberto-gessinger-retorna-a-sao-luis-com-nova-turne\/#primaryimage"},"image":{"@id":"https:\/\/www.blogsoestado.com\/evandrojunior\/2024\/07\/12\/humberto-gessinger-retorna-a-sao-luis-com-nova-turne\/#primaryimage"},"thumbnailUrl":"https:\/\/www.blogsoestado.com\/evandrojunior\/files\/2024\/07\/230619-Humberto-Gessinger-9-1-1024x683.jpg","datePublished":"2024-07-12T11:32:31+00:00","author":{"@id":"https:\/\/www.blogsoestado.com\/evandrojunior\/#\/schema\/person\/3e6c3d8dbb740d1c6878ebc935cfb3be"},"breadcrumb":{"@id":"https:\/\/www.blogsoestado.com\/evandrojunior\/2024\/07\/12\/humberto-gessinger-retorna-a-sao-luis-com-nova-turne\/#breadcrumb"},"inLanguage":"pt-BR","potentialAction":[{"@type":"ReadAction","target":["https:\/\/www.blogsoestado.com\/evandrojunior\/2024\/07\/12\/humberto-gessinger-retorna-a-sao-luis-com-nova-turne\/"]}]},{"@type":"ImageObject","inLanguage":"pt-BR","@id":"https:\/\/www.blogsoestado.com\/evandrojunior\/2024\/07\/12\/humberto-gessinger-retorna-a-sao-luis-com-nova-turne\/#primaryimage","url":"https:\/\/www.blogsoestado.com\/evandrojunior\/files\/2024\/07\/230619-Humberto-Gessinger-9-1-1024x683.jpg","contentUrl":"https:\/\/www.blogsoestado.com\/evandrojunior\/files\/2024\/07\/230619-Humberto-Gessinger-9-1-1024x683.jpg"},{"@type":"BreadcrumbList","@id":"https:\/\/www.blogsoestado.com\/evandrojunior\/2024\/07\/12\/humberto-gessinger-retorna-a-sao-luis-com-nova-turne\/#breadcrumb","itemListElement":[{"@type":"ListItem","position":1,"name":"In\u00edcio","item":"https:\/\/www.blogsoestado.com\/evandrojunior\/"},{"@type":"ListItem","position":2,"name":"Humberto Gessinger retorna a S\u00e3o Lu\u00eds com nova turn\u00ea"}]},{"@type":"WebSite","@id":"https:\/\/www.blogsoestado.com\/evandrojunior\/#website","url":"https:\/\/www.blogsoestado.com\/evandrojunior\/","name":"Evandro Junior","description":"","potentialAction":[{"@type":"SearchAction","target":{"@type":"EntryPoint","urlTemplate":"https:\/\/www.blogsoestado.com\/evandrojunior\/?s={search_term_string}"},"query-input":{"@type":"PropertyValueSpecification","valueRequired":true,"valueName":"search_term_string"}}],"inLanguage":"pt-BR"},{"@type":"Person","@id":"https:\/\/www.blogsoestado.com\/evandrojunior\/#\/schema\/person\/3e6c3d8dbb740d1c6878ebc935cfb3be","name":"Evandro Junior","image":{"@type":"ImageObject","inLanguage":"pt-BR","@id":"https:\/\/www.blogsoestado.com\/evandrojunior\/#\/schema\/person\/image\/","url":"https:\/\/secure.gravatar.com\/avatar\/f80a03a2294a580cd2318bfb459bf354cfa8be661ef3d95b542cf9a04af8d129?s=96&d=mm&r=g","contentUrl":"https:\/\/secure.gravatar.com\/avatar\/f80a03a2294a580cd2318bfb459bf354cfa8be661ef3d95b542cf9a04af8d129?s=96&d=mm&r=g","caption":"Evandro Junior"},"url":"https:\/\/www.blogsoestado.com\/evandrojunior\/author\/evandrojunior\/"}]}},"jetpack_featured_media_url":"","_links":{"self":[{"href":"https:\/\/www.blogsoestado.com\/evandrojunior\/wp-json\/wp\/v2\/posts\/12326","targetHints":{"allow":["GET"]}}],"collection":[{"href":"https:\/\/www.blogsoestado.com\/evandrojunior\/wp-json\/wp\/v2\/posts"}],"about":[{"href":"https:\/\/www.blogsoestado.com\/evandrojunior\/wp-json\/wp\/v2\/types\/post"}],"author":[{"embeddable":true,"href":"https:\/\/www.blogsoestado.com\/evandrojunior\/wp-json\/wp\/v2\/users\/4"}],"replies":[{"embeddable":true,"href":"https:\/\/www.blogsoestado.com\/evandrojunior\/wp-json\/wp\/v2\/comments?post=12326"}],"version-history":[{"count":0,"href":"https:\/\/www.blogsoestado.com\/evandrojunior\/wp-json\/wp\/v2\/posts\/12326\/revisions"}],"wp:attachment":[{"href":"https:\/\/www.blogsoestado.com\/evandrojunior\/wp-json\/wp\/v2\/media?parent=12326"}],"wp:term":[{"taxonomy":"category","embeddable":true,"href":"https:\/\/www.blogsoestado.com\/evandrojunior\/wp-json\/wp\/v2\/categories?post=12326"},{"taxonomy":"post_tag","embeddable":true,"href":"https:\/\/www.blogsoestado.com\/evandrojunior\/wp-json\/wp\/v2\/tags?post=12326"}],"curies":[{"name":"wp","href":"https:\/\/api.w.org\/{rel}","templated":true}]}}