{"id":12335,"date":"2024-07-12T21:11:02","date_gmt":"2024-07-13T00:11:02","guid":{"rendered":"https:\/\/www.blogsoestado.com\/evandrojunior\/?p=12335"},"modified":"2024-07-12T21:11:02","modified_gmt":"2024-07-13T00:11:02","slug":"sertanejos-fernando-e-franco-fecharao-julho-contabilizando-quase-40-shows","status":"publish","type":"post","link":"https:\/\/www.blogsoestado.com\/evandrojunior\/2024\/07\/12\/sertanejos-fernando-e-franco-fecharao-julho-contabilizando-quase-40-shows\/","title":{"rendered":"Quase 40 shows: Fernando e Franco fechar\u00e3o julho com recorde de apresenta\u00e7\u00f5es em um \u00fanico m\u00eas"},"content":{"rendered":"\n<div class=\"wp-block-image\"><figure class=\"aligncenter size-large is-resized\"><img decoding=\"async\" src=\"https:\/\/www.blogsoestado.com\/evandrojunior\/files\/2024\/07\/IMG_9743.jpg\" alt=\"\" class=\"wp-image-12336\" width=\"-224\" height=\"-152\"\/><figcaption><strong>Fernando e Franco seguem um ritmo ascendente na carreira e seu talento come\u00e7a a ser conhecido tamb\u00e9m em outras regi\u00f5es do Brasil<\/strong><\/figcaption><\/figure><\/div>\n\n\n\n<p><strong>S\u00c3O LU\u00cdS<\/strong> &#8211; A dupla sertaneja Fernando e Franco est\u00e1 mesmo na crista da onda e come\u00e7a a ter seu talento reconhecido em outras regi\u00f5es do Brasil. Os irm\u00e3os fechar\u00e3o o m\u00eas de julho com 37 shows, distribu\u00eddos entre Norte, Nordeste e Centro-Oeste. <\/p>\n\n\n\n<p>Considerada a melhor dupla sertaneja da atualidade no Maranh\u00e3o e uma das mais afinadas do Brasil, Fernando e Franco est\u00e1 sempre nos melhores eventos realizados na capital e na Regi\u00e3o Tocantina, que concentra p\u00fablico diversificado e exigente, incluindo ga\u00fachos, brasilienses e goianos. <\/p>\n\n\n\n<p>A agenda dos artistas segue super movimentada. Na \u00faltima quinta-feira (11), os sertanejos cantaram no badalado camarote da Expoimp, em Imperatriz, e esgotaram os ingressos com um dia de anteced\u00eancia. Foi o \u00fanico dia de ingressos esgotados para a programa\u00e7\u00e3o musical do evento at\u00e9 agora. <\/p>\n\n\n\n<p>A dupla n\u00e3o para. Os talentosos cantores tamb\u00e9m j\u00e1 est\u00e3o confirmados na Expofran, dia 20, em Porto Franco (MA), na Expoa\u00e7ail\u00e2ndia e na Expoema, em setembro.<\/p>\n\n\n\n<p>Eles tamb\u00e9m participar\u00e3o da abertura do show de Maiara e Mara\u00edsa em Balsas (MA) e do Fest Ver\u00e3o, no Par\u00e1. Al\u00e9m disso, cantar\u00e3o na Ilha Cabral, em Estreito (MA), no Festival do Peixe de Bom Jardim (MA) e em Palmas (TO), em agosto.<\/p>\n\n\n\n<div class=\"wp-block-image\"><figure class=\"aligncenter size-large is-resized\"><img fetchpriority=\"high\" decoding=\"async\" src=\"https:\/\/www.blogsoestado.com\/evandrojunior\/files\/2024\/07\/IMG_9742-819x1024.jpg\" alt=\"\" class=\"wp-image-12338\" width=\"510\" height=\"638\"\/><\/figure><\/div>\n","protected":false},"excerpt":{"rendered":"<p>S\u00c3O LU\u00cdS &#8211; A dupla sertaneja Fernando e Franco est\u00e1 mesmo na crista da onda e come\u00e7a a ter seu [&hellip;]<\/p>\n","protected":false},"author":4,"featured_media":0,"comment_status":"open","ping_status":"open","sticky":false,"template":"","format":"standard","meta":{"site-sidebar-layout":"default","site-content-layout":"","ast-site-content-layout":"default","site-content-style":"default","site-sidebar-style":"default","ast-global-header-display":"","ast-banner-title-visibility":"","ast-main-header-display":"","ast-hfb-above-header-display":"","ast-hfb-below-header-display":"","ast-hfb-mobile-header-display":"","site-post-title":"","ast-breadcrumbs-content":"","ast-featured-img":"","footer-sml-layout":"","ast-disable-related-posts":"","theme-transparent-header-meta":"","adv-header-id-meta":"","stick-header-meta":"","header-above-stick-meta":"","header-main-stick-meta":"","header-below-stick-meta":"","astra-migrate-meta-layouts":"default","ast-page-background-enabled":"default","ast-page-background-meta":{"desktop":{"background-color":"var(--ast-global-color-5)","background-image":"","background-repeat":"repeat","background-position":"center center","background-size":"auto","background-attachment":"scroll","background-type":"","background-media":"","overlay-type":"","overlay-color":"","overlay-opacity":"","overlay-gradient":""},"tablet":{"background-color":"","background-image":"","background-repeat":"repeat","background-position":"center center","background-size":"auto","background-attachment":"scroll","background-type":"","background-media":"","overlay-type":"","overlay-color":"","overlay-opacity":"","overlay-gradient":""},"mobile":{"background-color":"","background-image":"","background-repeat":"repeat","background-position":"center center","background-size":"auto","background-attachment":"scroll","background-type":"","background-media":"","overlay-type":"","overlay-color":"","overlay-opacity":"","overlay-gradient":""}},"ast-content-background-meta":{"desktop":{"background-color":"var(--ast-global-color-4)","background-image":"","background-repeat":"repeat","background-position":"center center","background-size":"auto","background-attachment":"scroll","background-type":"","background-media":"","overlay-type":"","overlay-color":"","overlay-opacity":"","overlay-gradient":""},"tablet":{"background-color":"var(--ast-global-color-4)","background-image":"","background-repeat":"repeat","background-position":"center center","background-size":"auto","background-attachment":"scroll","background-type":"","background-media":"","overlay-type":"","overlay-color":"","overlay-opacity":"","overlay-gradient":""},"mobile":{"background-color":"var(--ast-global-color-4)","background-image":"","background-repeat":"repeat","background-position":"center center","background-size":"auto","background-attachment":"scroll","background-type":"","background-media":"","overlay-type":"","overlay-color":"","overlay-opacity":"","overlay-gradient":""}},"footnotes":""},"categories":[1],"tags":[],"class_list":["post-12335","post","type-post","status-publish","format-standard","hentry","category-sem-categoria"],"yoast_head":"<!-- This site is optimized with the Yoast SEO plugin v26.6 - https:\/\/yoast.com\/wordpress\/plugins\/seo\/ -->\n<title>Quase 40 shows: Fernando e Franco fechar\u00e3o julho com recorde de apresenta\u00e7\u00f5es em um \u00fanico m\u00eas - Evandro Junior<\/title>\n<meta name=\"robots\" content=\"index, follow, max-snippet:-1, max-image-preview:large, max-video-preview:-1\" \/>\n<link rel=\"canonical\" href=\"https:\/\/www.blogsoestado.com\/evandrojunior\/2024\/07\/12\/sertanejos-fernando-e-franco-fecharao-julho-contabilizando-quase-40-shows\/\" \/>\n<meta property=\"og:locale\" content=\"pt_BR\" \/>\n<meta property=\"og:type\" content=\"article\" \/>\n<meta property=\"og:title\" content=\"Quase 40 shows: Fernando e Franco fechar\u00e3o julho com recorde de apresenta\u00e7\u00f5es em um \u00fanico m\u00eas - Evandro Junior\" \/>\n<meta property=\"og:description\" content=\"S\u00c3O LU\u00cdS &#8211; A dupla sertaneja Fernando e Franco est\u00e1 mesmo na crista da onda e come\u00e7a a ter seu [&hellip;]\" \/>\n<meta property=\"og:url\" content=\"https:\/\/www.blogsoestado.com\/evandrojunior\/2024\/07\/12\/sertanejos-fernando-e-franco-fecharao-julho-contabilizando-quase-40-shows\/\" \/>\n<meta property=\"og:site_name\" content=\"Evandro Junior\" \/>\n<meta property=\"article:published_time\" content=\"2024-07-13T00:11:02+00:00\" \/>\n<meta property=\"og:image\" content=\"https:\/\/www.blogsoestado.com\/evandrojunior\/files\/2024\/07\/IMG_9743.jpg\" \/>\n<meta name=\"author\" content=\"Evandro Junior\" \/>\n<meta name=\"twitter:card\" content=\"summary_large_image\" \/>\n<meta name=\"twitter:label1\" content=\"Escrito por\" \/>\n\t<meta name=\"twitter:data1\" content=\"Evandro Junior\" \/>\n\t<meta name=\"twitter:label2\" content=\"Est. tempo de leitura\" \/>\n\t<meta name=\"twitter:data2\" content=\"2 minutos\" \/>\n<script type=\"application\/ld+json\" class=\"yoast-schema-graph\">{\"@context\":\"https:\/\/schema.org\",\"@graph\":[{\"@type\":\"WebPage\",\"@id\":\"https:\/\/www.blogsoestado.com\/evandrojunior\/2024\/07\/12\/sertanejos-fernando-e-franco-fecharao-julho-contabilizando-quase-40-shows\/\",\"url\":\"https:\/\/www.blogsoestado.com\/evandrojunior\/2024\/07\/12\/sertanejos-fernando-e-franco-fecharao-julho-contabilizando-quase-40-shows\/\",\"name\":\"Quase 40 shows: Fernando e Franco fechar\u00e3o julho com recorde de apresenta\u00e7\u00f5es em um \u00fanico m\u00eas - Evandro Junior\",\"isPartOf\":{\"@id\":\"https:\/\/www.blogsoestado.com\/evandrojunior\/#website\"},\"primaryImageOfPage\":{\"@id\":\"https:\/\/www.blogsoestado.com\/evandrojunior\/2024\/07\/12\/sertanejos-fernando-e-franco-fecharao-julho-contabilizando-quase-40-shows\/#primaryimage\"},\"image\":{\"@id\":\"https:\/\/www.blogsoestado.com\/evandrojunior\/2024\/07\/12\/sertanejos-fernando-e-franco-fecharao-julho-contabilizando-quase-40-shows\/#primaryimage\"},\"thumbnailUrl\":\"https:\/\/www.blogsoestado.com\/evandrojunior\/files\/2024\/07\/IMG_9743.jpg\",\"datePublished\":\"2024-07-13T00:11:02+00:00\",\"author\":{\"@id\":\"https:\/\/www.blogsoestado.com\/evandrojunior\/#\/schema\/person\/3e6c3d8dbb740d1c6878ebc935cfb3be\"},\"breadcrumb\":{\"@id\":\"https:\/\/www.blogsoestado.com\/evandrojunior\/2024\/07\/12\/sertanejos-fernando-e-franco-fecharao-julho-contabilizando-quase-40-shows\/#breadcrumb\"},\"inLanguage\":\"pt-BR\",\"potentialAction\":[{\"@type\":\"ReadAction\",\"target\":[\"https:\/\/www.blogsoestado.com\/evandrojunior\/2024\/07\/12\/sertanejos-fernando-e-franco-fecharao-julho-contabilizando-quase-40-shows\/\"]}]},{\"@type\":\"ImageObject\",\"inLanguage\":\"pt-BR\",\"@id\":\"https:\/\/www.blogsoestado.com\/evandrojunior\/2024\/07\/12\/sertanejos-fernando-e-franco-fecharao-julho-contabilizando-quase-40-shows\/#primaryimage\",\"url\":\"https:\/\/www.blogsoestado.com\/evandrojunior\/files\/2024\/07\/IMG_9743.jpg\",\"contentUrl\":\"https:\/\/www.blogsoestado.com\/evandrojunior\/files\/2024\/07\/IMG_9743.jpg\"},{\"@type\":\"BreadcrumbList\",\"@id\":\"https:\/\/www.blogsoestado.com\/evandrojunior\/2024\/07\/12\/sertanejos-fernando-e-franco-fecharao-julho-contabilizando-quase-40-shows\/#breadcrumb\",\"itemListElement\":[{\"@type\":\"ListItem\",\"position\":1,\"name\":\"In\u00edcio\",\"item\":\"https:\/\/www.blogsoestado.com\/evandrojunior\/\"},{\"@type\":\"ListItem\",\"position\":2,\"name\":\"Quase 40 shows: Fernando e Franco fechar\u00e3o julho com recorde de apresenta\u00e7\u00f5es em um \u00fanico m\u00eas\"}]},{\"@type\":\"WebSite\",\"@id\":\"https:\/\/www.blogsoestado.com\/evandrojunior\/#website\",\"url\":\"https:\/\/www.blogsoestado.com\/evandrojunior\/\",\"name\":\"Evandro Junior\",\"description\":\"\",\"potentialAction\":[{\"@type\":\"SearchAction\",\"target\":{\"@type\":\"EntryPoint\",\"urlTemplate\":\"https:\/\/www.blogsoestado.com\/evandrojunior\/?s={search_term_string}\"},\"query-input\":{\"@type\":\"PropertyValueSpecification\",\"valueRequired\":true,\"valueName\":\"search_term_string\"}}],\"inLanguage\":\"pt-BR\"},{\"@type\":\"Person\",\"@id\":\"https:\/\/www.blogsoestado.com\/evandrojunior\/#\/schema\/person\/3e6c3d8dbb740d1c6878ebc935cfb3be\",\"name\":\"Evandro Junior\",\"image\":{\"@type\":\"ImageObject\",\"inLanguage\":\"pt-BR\",\"@id\":\"https:\/\/www.blogsoestado.com\/evandrojunior\/#\/schema\/person\/image\/\",\"url\":\"https:\/\/secure.gravatar.com\/avatar\/f80a03a2294a580cd2318bfb459bf354cfa8be661ef3d95b542cf9a04af8d129?s=96&d=mm&r=g\",\"contentUrl\":\"https:\/\/secure.gravatar.com\/avatar\/f80a03a2294a580cd2318bfb459bf354cfa8be661ef3d95b542cf9a04af8d129?s=96&d=mm&r=g\",\"caption\":\"Evandro Junior\"},\"url\":\"https:\/\/www.blogsoestado.com\/evandrojunior\/author\/evandrojunior\/\"}]}<\/script>\n<!-- \/ Yoast SEO plugin. -->","yoast_head_json":{"title":"Quase 40 shows: Fernando e Franco fechar\u00e3o julho com recorde de apresenta\u00e7\u00f5es em um \u00fanico m\u00eas - Evandro Junior","robots":{"index":"index","follow":"follow","max-snippet":"max-snippet:-1","max-image-preview":"max-image-preview:large","max-video-preview":"max-video-preview:-1"},"canonical":"https:\/\/www.blogsoestado.com\/evandrojunior\/2024\/07\/12\/sertanejos-fernando-e-franco-fecharao-julho-contabilizando-quase-40-shows\/","og_locale":"pt_BR","og_type":"article","og_title":"Quase 40 shows: Fernando e Franco fechar\u00e3o julho com recorde de apresenta\u00e7\u00f5es em um \u00fanico m\u00eas - Evandro Junior","og_description":"S\u00c3O LU\u00cdS &#8211; A dupla sertaneja Fernando e Franco est\u00e1 mesmo na crista da onda e come\u00e7a a ter seu [&hellip;]","og_url":"https:\/\/www.blogsoestado.com\/evandrojunior\/2024\/07\/12\/sertanejos-fernando-e-franco-fecharao-julho-contabilizando-quase-40-shows\/","og_site_name":"Evandro Junior","article_published_time":"2024-07-13T00:11:02+00:00","og_image":[{"url":"https:\/\/www.blogsoestado.com\/evandrojunior\/files\/2024\/07\/IMG_9743.jpg","type":"","width":"","height":""}],"author":"Evandro Junior","twitter_card":"summary_large_image","twitter_misc":{"Escrito por":"Evandro Junior","Est. tempo de leitura":"2 minutos"},"schema":{"@context":"https:\/\/schema.org","@graph":[{"@type":"WebPage","@id":"https:\/\/www.blogsoestado.com\/evandrojunior\/2024\/07\/12\/sertanejos-fernando-e-franco-fecharao-julho-contabilizando-quase-40-shows\/","url":"https:\/\/www.blogsoestado.com\/evandrojunior\/2024\/07\/12\/sertanejos-fernando-e-franco-fecharao-julho-contabilizando-quase-40-shows\/","name":"Quase 40 shows: Fernando e Franco fechar\u00e3o julho com recorde de apresenta\u00e7\u00f5es em um \u00fanico m\u00eas - Evandro Junior","isPartOf":{"@id":"https:\/\/www.blogsoestado.com\/evandrojunior\/#website"},"primaryImageOfPage":{"@id":"https:\/\/www.blogsoestado.com\/evandrojunior\/2024\/07\/12\/sertanejos-fernando-e-franco-fecharao-julho-contabilizando-quase-40-shows\/#primaryimage"},"image":{"@id":"https:\/\/www.blogsoestado.com\/evandrojunior\/2024\/07\/12\/sertanejos-fernando-e-franco-fecharao-julho-contabilizando-quase-40-shows\/#primaryimage"},"thumbnailUrl":"https:\/\/www.blogsoestado.com\/evandrojunior\/files\/2024\/07\/IMG_9743.jpg","datePublished":"2024-07-13T00:11:02+00:00","author":{"@id":"https:\/\/www.blogsoestado.com\/evandrojunior\/#\/schema\/person\/3e6c3d8dbb740d1c6878ebc935cfb3be"},"breadcrumb":{"@id":"https:\/\/www.blogsoestado.com\/evandrojunior\/2024\/07\/12\/sertanejos-fernando-e-franco-fecharao-julho-contabilizando-quase-40-shows\/#breadcrumb"},"inLanguage":"pt-BR","potentialAction":[{"@type":"ReadAction","target":["https:\/\/www.blogsoestado.com\/evandrojunior\/2024\/07\/12\/sertanejos-fernando-e-franco-fecharao-julho-contabilizando-quase-40-shows\/"]}]},{"@type":"ImageObject","inLanguage":"pt-BR","@id":"https:\/\/www.blogsoestado.com\/evandrojunior\/2024\/07\/12\/sertanejos-fernando-e-franco-fecharao-julho-contabilizando-quase-40-shows\/#primaryimage","url":"https:\/\/www.blogsoestado.com\/evandrojunior\/files\/2024\/07\/IMG_9743.jpg","contentUrl":"https:\/\/www.blogsoestado.com\/evandrojunior\/files\/2024\/07\/IMG_9743.jpg"},{"@type":"BreadcrumbList","@id":"https:\/\/www.blogsoestado.com\/evandrojunior\/2024\/07\/12\/sertanejos-fernando-e-franco-fecharao-julho-contabilizando-quase-40-shows\/#breadcrumb","itemListElement":[{"@type":"ListItem","position":1,"name":"In\u00edcio","item":"https:\/\/www.blogsoestado.com\/evandrojunior\/"},{"@type":"ListItem","position":2,"name":"Quase 40 shows: Fernando e Franco fechar\u00e3o julho com recorde de apresenta\u00e7\u00f5es em um \u00fanico m\u00eas"}]},{"@type":"WebSite","@id":"https:\/\/www.blogsoestado.com\/evandrojunior\/#website","url":"https:\/\/www.blogsoestado.com\/evandrojunior\/","name":"Evandro Junior","description":"","potentialAction":[{"@type":"SearchAction","target":{"@type":"EntryPoint","urlTemplate":"https:\/\/www.blogsoestado.com\/evandrojunior\/?s={search_term_string}"},"query-input":{"@type":"PropertyValueSpecification","valueRequired":true,"valueName":"search_term_string"}}],"inLanguage":"pt-BR"},{"@type":"Person","@id":"https:\/\/www.blogsoestado.com\/evandrojunior\/#\/schema\/person\/3e6c3d8dbb740d1c6878ebc935cfb3be","name":"Evandro Junior","image":{"@type":"ImageObject","inLanguage":"pt-BR","@id":"https:\/\/www.blogsoestado.com\/evandrojunior\/#\/schema\/person\/image\/","url":"https:\/\/secure.gravatar.com\/avatar\/f80a03a2294a580cd2318bfb459bf354cfa8be661ef3d95b542cf9a04af8d129?s=96&d=mm&r=g","contentUrl":"https:\/\/secure.gravatar.com\/avatar\/f80a03a2294a580cd2318bfb459bf354cfa8be661ef3d95b542cf9a04af8d129?s=96&d=mm&r=g","caption":"Evandro Junior"},"url":"https:\/\/www.blogsoestado.com\/evandrojunior\/author\/evandrojunior\/"}]}},"jetpack_featured_media_url":"","_links":{"self":[{"href":"https:\/\/www.blogsoestado.com\/evandrojunior\/wp-json\/wp\/v2\/posts\/12335","targetHints":{"allow":["GET"]}}],"collection":[{"href":"https:\/\/www.blogsoestado.com\/evandrojunior\/wp-json\/wp\/v2\/posts"}],"about":[{"href":"https:\/\/www.blogsoestado.com\/evandrojunior\/wp-json\/wp\/v2\/types\/post"}],"author":[{"embeddable":true,"href":"https:\/\/www.blogsoestado.com\/evandrojunior\/wp-json\/wp\/v2\/users\/4"}],"replies":[{"embeddable":true,"href":"https:\/\/www.blogsoestado.com\/evandrojunior\/wp-json\/wp\/v2\/comments?post=12335"}],"version-history":[{"count":0,"href":"https:\/\/www.blogsoestado.com\/evandrojunior\/wp-json\/wp\/v2\/posts\/12335\/revisions"}],"wp:attachment":[{"href":"https:\/\/www.blogsoestado.com\/evandrojunior\/wp-json\/wp\/v2\/media?parent=12335"}],"wp:term":[{"taxonomy":"category","embeddable":true,"href":"https:\/\/www.blogsoestado.com\/evandrojunior\/wp-json\/wp\/v2\/categories?post=12335"},{"taxonomy":"post_tag","embeddable":true,"href":"https:\/\/www.blogsoestado.com\/evandrojunior\/wp-json\/wp\/v2\/tags?post=12335"}],"curies":[{"name":"wp","href":"https:\/\/api.w.org\/{rel}","templated":true}]}}