{"id":12373,"date":"2024-07-15T11:56:13","date_gmt":"2024-07-15T14:56:13","guid":{"rendered":"https:\/\/www.blogsoestado.com\/evandrojunior\/?p=12373"},"modified":"2024-07-15T11:56:13","modified_gmt":"2024-07-15T14:56:13","slug":"sindibebidas-integrara-caravana-bebida-segura-e-bebida-legal-em-imperatriz","status":"publish","type":"post","link":"https:\/\/www.blogsoestado.com\/evandrojunior\/2024\/07\/15\/sindibebidas-integrara-caravana-bebida-segura-e-bebida-legal-em-imperatriz\/","title":{"rendered":"Sindibebidas integrar\u00e1 Caravana &#8220;Bebida Segura \u00e9 Bebida Legal&#8221; em Imperatriz"},"content":{"rendered":"\n<div class=\"wp-block-image\"><figure class=\"aligncenter size-large is-resized\"><img fetchpriority=\"high\" decoding=\"async\" src=\"https:\/\/www.blogsoestado.com\/evandrojunior\/files\/2024\/07\/Tania-Miyake-presidente-do-Sinduscon-1024x768.jpeg\" alt=\"\" class=\"wp-image-12374\" width=\"541\" height=\"406\"\/><figcaption><strong>T\u00e2nia Miyake, presidente do Sindibebidas<\/strong><\/figcaption><\/figure><\/div>\n\n\n\n<p><strong>S\u00c3O LU\u00cdS<\/strong> &#8211; O Sindicato das Ind\u00fastrias de Bebidas em Geral do Estado do Maranh\u00e3o (Sindibebidas) ter\u00e1 papel fundamental na Caravana de Educa\u00e7\u00e3o Sanit\u00e1ria &#8220;Bebida Segura \u00e9 Bebida Legal&#8221;, que acontecer\u00e1 entre os dias 29 de julho e 2 de agosto de 2024, em Imperatriz. A iniciativa, que visa fortalecer a cadeia produtiva de bebidas e combater a clandestinidade, contar\u00e1 com a participa\u00e7\u00e3o de diversas entidades p\u00fablicas e privadas.<\/p>\n\n\n\n<p>A caravana, pioneira no estado com foco em bebidas, tem como objetivo conscientizar produtores, comerciantes e consumidores sobre os riscos do consumo de bebidas clandestinas, al\u00e9m de facilitar o acesso \u00e0 informa\u00e7\u00e3o sobre regulariza\u00e7\u00e3o junto ao Minist\u00e9rio da Agricultura e Pecu\u00e1ria (Mapa).<\/p>\n\n\n\n<p>O Sindibebidas, entidade representativa da ind\u00fastria de bebidas no estado, contribuir\u00e1 ativamente na caravana, levando informa\u00e7\u00f5es relevantes aos seus associados e \u00e0 comunidade em geral. A participa\u00e7\u00e3o do sindicato refor\u00e7a o compromisso do setor com a produ\u00e7\u00e3o e comercializa\u00e7\u00e3o de bebidas seguras e de qualidade, em conformidade com as normas sanit\u00e1rias vigentes.<\/p>\n\n\n\n<p>T\u00e2nia Miyake, presidente do Sindibebidas, ressalta a import\u00e2ncia da Caravana &#8220;Bebida Segura \u00e9 Bebida Legal&#8221; como uma iniciativa fundamental para a regulariza\u00e7\u00e3o e conscientiza\u00e7\u00e3o do setor. Ela destaca o trabalho de v\u00e1rios parceiros nesse esfor\u00e7o conjunto para promover a formaliza\u00e7\u00e3o e oferecer produtos seguros \u00e0 popula\u00e7\u00e3o.<\/p>\n\n\n\n<p>A iniciativa faz parte das a\u00e7\u00f5es desenvolvidas pela Secretaria de Defesa Agropecu\u00e1ria, representada pelos Departamentos de Inspe\u00e7\u00e3o de Produtos de Origem Vegetal e de Suporte e Normas, Setor de Educa\u00e7\u00e3o Sanit\u00e1ria, pela Superintend\u00eancia Federal de Agricultura e Pecu\u00e1ria no estado do Maranh\u00e3o.<\/p>\n\n\n\n<p>Al\u00e9m do Sindibebidas, a Caravana conta com parceiros como Ag\u00eancia Estadual de Defesa Agropecu\u00e1ria (AGED); Ag\u00eancia Estadual de Pesquisa Agropecu\u00e1ria e Extens\u00e3o Rural (AGERP); Associa\u00e7\u00e3o de Bares e Restaurantes (Abrasel); Promotoria de Justi\u00e7a de Defesa do Consumidor &#8211; Minist\u00e9rio P\u00fablico Estadual; Procon-Maranh\u00e3o; Secretaria de Agricultura do Estado do Maranh\u00e3o; Secretaria de Agricultura Familiar; Secretaria Municipal de Agricultura, Pesca e Abastecimento; Sebrae; Senar, Vigil\u00e2ncia Sanit\u00e1ria Estadual e Vigil\u00e2ncia Sanit\u00e1ria de Imperatriz.<\/p>\n\n\n\n<p>A uni\u00e3o de esfor\u00e7os dessas entidades demonstra o compromisso conjunto em promover um mercado de bebidas mais seguro e respons\u00e1vel em todo o estado. Para T\u00e2nia Miyake, presidente do Sindibebidas, a Caravana &#8220;Bebida Segura \u00e9 Bebida Legal&#8221; surge como uma oportunidade para orientar e conscientizar as pequenas empresas do setor sobre a import\u00e2ncia da regulariza\u00e7\u00e3o, atuando como um apoio fundamental para o crescimento e desenvolvimento de todo o setor.<\/p>\n","protected":false},"excerpt":{"rendered":"<p>S\u00c3O LU\u00cdS &#8211; O Sindicato das Ind\u00fastrias de Bebidas em Geral do Estado do Maranh\u00e3o (Sindibebidas) ter\u00e1 papel fundamental na [&hellip;]<\/p>\n","protected":false},"author":4,"featured_media":0,"comment_status":"open","ping_status":"open","sticky":false,"template":"","format":"standard","meta":{"site-sidebar-layout":"default","site-content-layout":"","ast-site-content-layout":"default","site-content-style":"default","site-sidebar-style":"default","ast-global-header-display":"","ast-banner-title-visibility":"","ast-main-header-display":"","ast-hfb-above-header-display":"","ast-hfb-below-header-display":"","ast-hfb-mobile-header-display":"","site-post-title":"","ast-breadcrumbs-content":"","ast-featured-img":"","footer-sml-layout":"","ast-disable-related-posts":"","theme-transparent-header-meta":"","adv-header-id-meta":"","stick-header-meta":"","header-above-stick-meta":"","header-main-stick-meta":"","header-below-stick-meta":"","astra-migrate-meta-layouts":"default","ast-page-background-enabled":"default","ast-page-background-meta":{"desktop":{"background-color":"var(--ast-global-color-5)","background-image":"","background-repeat":"repeat","background-position":"center center","background-size":"auto","background-attachment":"scroll","background-type":"","background-media":"","overlay-type":"","overlay-color":"","overlay-opacity":"","overlay-gradient":""},"tablet":{"background-color":"","background-image":"","background-repeat":"repeat","background-position":"center center","background-size":"auto","background-attachment":"scroll","background-type":"","background-media":"","overlay-type":"","overlay-color":"","overlay-opacity":"","overlay-gradient":""},"mobile":{"background-color":"","background-image":"","background-repeat":"repeat","background-position":"center center","background-size":"auto","background-attachment":"scroll","background-type":"","background-media":"","overlay-type":"","overlay-color":"","overlay-opacity":"","overlay-gradient":""}},"ast-content-background-meta":{"desktop":{"background-color":"var(--ast-global-color-4)","background-image":"","background-repeat":"repeat","background-position":"center center","background-size":"auto","background-attachment":"scroll","background-type":"","background-media":"","overlay-type":"","overlay-color":"","overlay-opacity":"","overlay-gradient":""},"tablet":{"background-color":"var(--ast-global-color-4)","background-image":"","background-repeat":"repeat","background-position":"center center","background-size":"auto","background-attachment":"scroll","background-type":"","background-media":"","overlay-type":"","overlay-color":"","overlay-opacity":"","overlay-gradient":""},"mobile":{"background-color":"var(--ast-global-color-4)","background-image":"","background-repeat":"repeat","background-position":"center center","background-size":"auto","background-attachment":"scroll","background-type":"","background-media":"","overlay-type":"","overlay-color":"","overlay-opacity":"","overlay-gradient":""}},"footnotes":""},"categories":[1],"tags":[],"class_list":["post-12373","post","type-post","status-publish","format-standard","hentry","category-sem-categoria"],"yoast_head":"<!-- This site is optimized with the Yoast SEO plugin v26.6 - https:\/\/yoast.com\/wordpress\/plugins\/seo\/ -->\n<title>Sindibebidas integrar\u00e1 Caravana &quot;Bebida Segura \u00e9 Bebida Legal&quot; em Imperatriz - Evandro Junior<\/title>\n<meta name=\"robots\" content=\"index, follow, max-snippet:-1, max-image-preview:large, max-video-preview:-1\" \/>\n<link rel=\"canonical\" href=\"https:\/\/www.blogsoestado.com\/evandrojunior\/2024\/07\/15\/sindibebidas-integrara-caravana-bebida-segura-e-bebida-legal-em-imperatriz\/\" \/>\n<meta property=\"og:locale\" content=\"pt_BR\" \/>\n<meta property=\"og:type\" content=\"article\" \/>\n<meta property=\"og:title\" content=\"Sindibebidas integrar\u00e1 Caravana &quot;Bebida Segura \u00e9 Bebida Legal&quot; em Imperatriz - Evandro Junior\" \/>\n<meta property=\"og:description\" content=\"S\u00c3O LU\u00cdS &#8211; O Sindicato das Ind\u00fastrias de Bebidas em Geral do Estado do Maranh\u00e3o (Sindibebidas) ter\u00e1 papel fundamental na [&hellip;]\" \/>\n<meta property=\"og:url\" content=\"https:\/\/www.blogsoestado.com\/evandrojunior\/2024\/07\/15\/sindibebidas-integrara-caravana-bebida-segura-e-bebida-legal-em-imperatriz\/\" \/>\n<meta property=\"og:site_name\" content=\"Evandro Junior\" \/>\n<meta property=\"article:published_time\" content=\"2024-07-15T14:56:13+00:00\" \/>\n<meta property=\"og:image\" content=\"https:\/\/www.blogsoestado.com\/evandrojunior\/files\/2024\/07\/Tania-Miyake-presidente-do-Sinduscon-1024x768.jpeg\" \/>\n<meta name=\"author\" content=\"Evandro Junior\" \/>\n<meta name=\"twitter:card\" content=\"summary_large_image\" \/>\n<meta name=\"twitter:label1\" content=\"Escrito por\" \/>\n\t<meta name=\"twitter:data1\" content=\"Evandro Junior\" \/>\n\t<meta name=\"twitter:label2\" content=\"Est. tempo de leitura\" \/>\n\t<meta name=\"twitter:data2\" content=\"2 minutos\" \/>\n<script type=\"application\/ld+json\" class=\"yoast-schema-graph\">{\"@context\":\"https:\/\/schema.org\",\"@graph\":[{\"@type\":\"WebPage\",\"@id\":\"https:\/\/www.blogsoestado.com\/evandrojunior\/2024\/07\/15\/sindibebidas-integrara-caravana-bebida-segura-e-bebida-legal-em-imperatriz\/\",\"url\":\"https:\/\/www.blogsoestado.com\/evandrojunior\/2024\/07\/15\/sindibebidas-integrara-caravana-bebida-segura-e-bebida-legal-em-imperatriz\/\",\"name\":\"Sindibebidas integrar\u00e1 Caravana \\\"Bebida Segura \u00e9 Bebida Legal\\\" em Imperatriz - Evandro Junior\",\"isPartOf\":{\"@id\":\"https:\/\/www.blogsoestado.com\/evandrojunior\/#website\"},\"primaryImageOfPage\":{\"@id\":\"https:\/\/www.blogsoestado.com\/evandrojunior\/2024\/07\/15\/sindibebidas-integrara-caravana-bebida-segura-e-bebida-legal-em-imperatriz\/#primaryimage\"},\"image\":{\"@id\":\"https:\/\/www.blogsoestado.com\/evandrojunior\/2024\/07\/15\/sindibebidas-integrara-caravana-bebida-segura-e-bebida-legal-em-imperatriz\/#primaryimage\"},\"thumbnailUrl\":\"https:\/\/www.blogsoestado.com\/evandrojunior\/files\/2024\/07\/Tania-Miyake-presidente-do-Sinduscon-1024x768.jpeg\",\"datePublished\":\"2024-07-15T14:56:13+00:00\",\"author\":{\"@id\":\"https:\/\/www.blogsoestado.com\/evandrojunior\/#\/schema\/person\/3e6c3d8dbb740d1c6878ebc935cfb3be\"},\"breadcrumb\":{\"@id\":\"https:\/\/www.blogsoestado.com\/evandrojunior\/2024\/07\/15\/sindibebidas-integrara-caravana-bebida-segura-e-bebida-legal-em-imperatriz\/#breadcrumb\"},\"inLanguage\":\"pt-BR\",\"potentialAction\":[{\"@type\":\"ReadAction\",\"target\":[\"https:\/\/www.blogsoestado.com\/evandrojunior\/2024\/07\/15\/sindibebidas-integrara-caravana-bebida-segura-e-bebida-legal-em-imperatriz\/\"]}]},{\"@type\":\"ImageObject\",\"inLanguage\":\"pt-BR\",\"@id\":\"https:\/\/www.blogsoestado.com\/evandrojunior\/2024\/07\/15\/sindibebidas-integrara-caravana-bebida-segura-e-bebida-legal-em-imperatriz\/#primaryimage\",\"url\":\"https:\/\/www.blogsoestado.com\/evandrojunior\/files\/2024\/07\/Tania-Miyake-presidente-do-Sinduscon-1024x768.jpeg\",\"contentUrl\":\"https:\/\/www.blogsoestado.com\/evandrojunior\/files\/2024\/07\/Tania-Miyake-presidente-do-Sinduscon-1024x768.jpeg\"},{\"@type\":\"BreadcrumbList\",\"@id\":\"https:\/\/www.blogsoestado.com\/evandrojunior\/2024\/07\/15\/sindibebidas-integrara-caravana-bebida-segura-e-bebida-legal-em-imperatriz\/#breadcrumb\",\"itemListElement\":[{\"@type\":\"ListItem\",\"position\":1,\"name\":\"In\u00edcio\",\"item\":\"https:\/\/www.blogsoestado.com\/evandrojunior\/\"},{\"@type\":\"ListItem\",\"position\":2,\"name\":\"Sindibebidas integrar\u00e1 Caravana &#8220;Bebida Segura \u00e9 Bebida Legal&#8221; em Imperatriz\"}]},{\"@type\":\"WebSite\",\"@id\":\"https:\/\/www.blogsoestado.com\/evandrojunior\/#website\",\"url\":\"https:\/\/www.blogsoestado.com\/evandrojunior\/\",\"name\":\"Evandro Junior\",\"description\":\"\",\"potentialAction\":[{\"@type\":\"SearchAction\",\"target\":{\"@type\":\"EntryPoint\",\"urlTemplate\":\"https:\/\/www.blogsoestado.com\/evandrojunior\/?s={search_term_string}\"},\"query-input\":{\"@type\":\"PropertyValueSpecification\",\"valueRequired\":true,\"valueName\":\"search_term_string\"}}],\"inLanguage\":\"pt-BR\"},{\"@type\":\"Person\",\"@id\":\"https:\/\/www.blogsoestado.com\/evandrojunior\/#\/schema\/person\/3e6c3d8dbb740d1c6878ebc935cfb3be\",\"name\":\"Evandro Junior\",\"image\":{\"@type\":\"ImageObject\",\"inLanguage\":\"pt-BR\",\"@id\":\"https:\/\/www.blogsoestado.com\/evandrojunior\/#\/schema\/person\/image\/\",\"url\":\"https:\/\/secure.gravatar.com\/avatar\/f80a03a2294a580cd2318bfb459bf354cfa8be661ef3d95b542cf9a04af8d129?s=96&d=mm&r=g\",\"contentUrl\":\"https:\/\/secure.gravatar.com\/avatar\/f80a03a2294a580cd2318bfb459bf354cfa8be661ef3d95b542cf9a04af8d129?s=96&d=mm&r=g\",\"caption\":\"Evandro Junior\"},\"url\":\"https:\/\/www.blogsoestado.com\/evandrojunior\/author\/evandrojunior\/\"}]}<\/script>\n<!-- \/ Yoast SEO plugin. -->","yoast_head_json":{"title":"Sindibebidas integrar\u00e1 Caravana \"Bebida Segura \u00e9 Bebida Legal\" em Imperatriz - Evandro Junior","robots":{"index":"index","follow":"follow","max-snippet":"max-snippet:-1","max-image-preview":"max-image-preview:large","max-video-preview":"max-video-preview:-1"},"canonical":"https:\/\/www.blogsoestado.com\/evandrojunior\/2024\/07\/15\/sindibebidas-integrara-caravana-bebida-segura-e-bebida-legal-em-imperatriz\/","og_locale":"pt_BR","og_type":"article","og_title":"Sindibebidas integrar\u00e1 Caravana \"Bebida Segura \u00e9 Bebida Legal\" em Imperatriz - Evandro Junior","og_description":"S\u00c3O LU\u00cdS &#8211; O Sindicato das Ind\u00fastrias de Bebidas em Geral do Estado do Maranh\u00e3o (Sindibebidas) ter\u00e1 papel fundamental na [&hellip;]","og_url":"https:\/\/www.blogsoestado.com\/evandrojunior\/2024\/07\/15\/sindibebidas-integrara-caravana-bebida-segura-e-bebida-legal-em-imperatriz\/","og_site_name":"Evandro Junior","article_published_time":"2024-07-15T14:56:13+00:00","og_image":[{"url":"https:\/\/www.blogsoestado.com\/evandrojunior\/files\/2024\/07\/Tania-Miyake-presidente-do-Sinduscon-1024x768.jpeg","type":"","width":"","height":""}],"author":"Evandro Junior","twitter_card":"summary_large_image","twitter_misc":{"Escrito por":"Evandro Junior","Est. tempo de leitura":"2 minutos"},"schema":{"@context":"https:\/\/schema.org","@graph":[{"@type":"WebPage","@id":"https:\/\/www.blogsoestado.com\/evandrojunior\/2024\/07\/15\/sindibebidas-integrara-caravana-bebida-segura-e-bebida-legal-em-imperatriz\/","url":"https:\/\/www.blogsoestado.com\/evandrojunior\/2024\/07\/15\/sindibebidas-integrara-caravana-bebida-segura-e-bebida-legal-em-imperatriz\/","name":"Sindibebidas integrar\u00e1 Caravana \"Bebida Segura \u00e9 Bebida Legal\" em Imperatriz - Evandro Junior","isPartOf":{"@id":"https:\/\/www.blogsoestado.com\/evandrojunior\/#website"},"primaryImageOfPage":{"@id":"https:\/\/www.blogsoestado.com\/evandrojunior\/2024\/07\/15\/sindibebidas-integrara-caravana-bebida-segura-e-bebida-legal-em-imperatriz\/#primaryimage"},"image":{"@id":"https:\/\/www.blogsoestado.com\/evandrojunior\/2024\/07\/15\/sindibebidas-integrara-caravana-bebida-segura-e-bebida-legal-em-imperatriz\/#primaryimage"},"thumbnailUrl":"https:\/\/www.blogsoestado.com\/evandrojunior\/files\/2024\/07\/Tania-Miyake-presidente-do-Sinduscon-1024x768.jpeg","datePublished":"2024-07-15T14:56:13+00:00","author":{"@id":"https:\/\/www.blogsoestado.com\/evandrojunior\/#\/schema\/person\/3e6c3d8dbb740d1c6878ebc935cfb3be"},"breadcrumb":{"@id":"https:\/\/www.blogsoestado.com\/evandrojunior\/2024\/07\/15\/sindibebidas-integrara-caravana-bebida-segura-e-bebida-legal-em-imperatriz\/#breadcrumb"},"inLanguage":"pt-BR","potentialAction":[{"@type":"ReadAction","target":["https:\/\/www.blogsoestado.com\/evandrojunior\/2024\/07\/15\/sindibebidas-integrara-caravana-bebida-segura-e-bebida-legal-em-imperatriz\/"]}]},{"@type":"ImageObject","inLanguage":"pt-BR","@id":"https:\/\/www.blogsoestado.com\/evandrojunior\/2024\/07\/15\/sindibebidas-integrara-caravana-bebida-segura-e-bebida-legal-em-imperatriz\/#primaryimage","url":"https:\/\/www.blogsoestado.com\/evandrojunior\/files\/2024\/07\/Tania-Miyake-presidente-do-Sinduscon-1024x768.jpeg","contentUrl":"https:\/\/www.blogsoestado.com\/evandrojunior\/files\/2024\/07\/Tania-Miyake-presidente-do-Sinduscon-1024x768.jpeg"},{"@type":"BreadcrumbList","@id":"https:\/\/www.blogsoestado.com\/evandrojunior\/2024\/07\/15\/sindibebidas-integrara-caravana-bebida-segura-e-bebida-legal-em-imperatriz\/#breadcrumb","itemListElement":[{"@type":"ListItem","position":1,"name":"In\u00edcio","item":"https:\/\/www.blogsoestado.com\/evandrojunior\/"},{"@type":"ListItem","position":2,"name":"Sindibebidas integrar\u00e1 Caravana &#8220;Bebida Segura \u00e9 Bebida Legal&#8221; em Imperatriz"}]},{"@type":"WebSite","@id":"https:\/\/www.blogsoestado.com\/evandrojunior\/#website","url":"https:\/\/www.blogsoestado.com\/evandrojunior\/","name":"Evandro Junior","description":"","potentialAction":[{"@type":"SearchAction","target":{"@type":"EntryPoint","urlTemplate":"https:\/\/www.blogsoestado.com\/evandrojunior\/?s={search_term_string}"},"query-input":{"@type":"PropertyValueSpecification","valueRequired":true,"valueName":"search_term_string"}}],"inLanguage":"pt-BR"},{"@type":"Person","@id":"https:\/\/www.blogsoestado.com\/evandrojunior\/#\/schema\/person\/3e6c3d8dbb740d1c6878ebc935cfb3be","name":"Evandro Junior","image":{"@type":"ImageObject","inLanguage":"pt-BR","@id":"https:\/\/www.blogsoestado.com\/evandrojunior\/#\/schema\/person\/image\/","url":"https:\/\/secure.gravatar.com\/avatar\/f80a03a2294a580cd2318bfb459bf354cfa8be661ef3d95b542cf9a04af8d129?s=96&d=mm&r=g","contentUrl":"https:\/\/secure.gravatar.com\/avatar\/f80a03a2294a580cd2318bfb459bf354cfa8be661ef3d95b542cf9a04af8d129?s=96&d=mm&r=g","caption":"Evandro Junior"},"url":"https:\/\/www.blogsoestado.com\/evandrojunior\/author\/evandrojunior\/"}]}},"jetpack_featured_media_url":"","_links":{"self":[{"href":"https:\/\/www.blogsoestado.com\/evandrojunior\/wp-json\/wp\/v2\/posts\/12373","targetHints":{"allow":["GET"]}}],"collection":[{"href":"https:\/\/www.blogsoestado.com\/evandrojunior\/wp-json\/wp\/v2\/posts"}],"about":[{"href":"https:\/\/www.blogsoestado.com\/evandrojunior\/wp-json\/wp\/v2\/types\/post"}],"author":[{"embeddable":true,"href":"https:\/\/www.blogsoestado.com\/evandrojunior\/wp-json\/wp\/v2\/users\/4"}],"replies":[{"embeddable":true,"href":"https:\/\/www.blogsoestado.com\/evandrojunior\/wp-json\/wp\/v2\/comments?post=12373"}],"version-history":[{"count":0,"href":"https:\/\/www.blogsoestado.com\/evandrojunior\/wp-json\/wp\/v2\/posts\/12373\/revisions"}],"wp:attachment":[{"href":"https:\/\/www.blogsoestado.com\/evandrojunior\/wp-json\/wp\/v2\/media?parent=12373"}],"wp:term":[{"taxonomy":"category","embeddable":true,"href":"https:\/\/www.blogsoestado.com\/evandrojunior\/wp-json\/wp\/v2\/categories?post=12373"},{"taxonomy":"post_tag","embeddable":true,"href":"https:\/\/www.blogsoestado.com\/evandrojunior\/wp-json\/wp\/v2\/tags?post=12373"}],"curies":[{"name":"wp","href":"https:\/\/api.w.org\/{rel}","templated":true}]}}