{"id":12377,"date":"2024-07-15T15:19:49","date_gmt":"2024-07-15T18:19:49","guid":{"rendered":"https:\/\/www.blogsoestado.com\/evandrojunior\/?p=12377"},"modified":"2024-07-15T15:19:49","modified_gmt":"2024-07-15T18:19:49","slug":"uti-neonatal-do-natus-lumine-hospital-e-maternidade-tem-nova-estrutura","status":"publish","type":"post","link":"https:\/\/www.blogsoestado.com\/evandrojunior\/2024\/07\/15\/uti-neonatal-do-natus-lumine-hospital-e-maternidade-tem-nova-estrutura\/","title":{"rendered":"UTI Neonatal do Natus Lumine Hospital e Maternidade tem nova estrutura"},"content":{"rendered":"\n<div class=\"wp-block-image\"><figure class=\"aligncenter size-large is-resized\"><img fetchpriority=\"high\" decoding=\"async\" src=\"https:\/\/www.blogsoestado.com\/evandrojunior\/files\/2024\/07\/WhatsApp-Image-2024-07-13-at-19.04.25-1024x997.jpeg\" alt=\"\" class=\"wp-image-12378\" width=\"481\" height=\"467\"\/><figcaption><strong>Evento interno reuniu m\u00e9dicos e diretoria na apresenta\u00e7\u00e3o da unidade<\/strong><\/figcaption><\/figure><\/div>\n\n\n\n<p><strong>S\u00c3O LU\u00cdS<\/strong> &#8211; O Natus Lumine Hospital e Maternidade acabou de reinaugurar sua UTI Neonatal, que est\u00e1 ainda mais moderna. Um evento interno reuniu m\u00e9dicos e diretoria na apresenta\u00e7\u00e3o da unidade.<\/p>\n\n\n\n<p>A assist\u00eancia da Unidade de Terapia Intensiva (UTI) Neonatal do Natus Lumine \u00e9 feita por uma equipe multiprofissional experiente e especializada no cuidado de rec\u00e9m-nascidos de alto risco, prematuros, g\u00eameos ou beb\u00eas que necessitem de aten\u00e7\u00e3o especial. E mais, o Natus Lumine \u00e9 o \u00fanico hospital privado de S\u00e3o Lu\u00eds que atende emerg\u00eancias neonatais.<\/p>\n\n\n\n<p>Com uma infraestrutura hospitalar acolhedora, a nova estrutura conta tamb\u00e9m com uma novidade: a sala da fam\u00edlia, com todo o conforto para oferecer atendimento ainda mais humanizado e maior apoio aos familiares nessa espera importante de um novo membro da fam\u00edlia.<\/p>\n\n\n\n<p>\u201cN\u00e3o queremos ser a maior, mas sim a melhor maternidade e hospital de S\u00e3o Lu\u00eds\u201d declarou Paulo Braid, Presidente do Grupo Merc\u00fario \/ Natus Lumine.<\/p>\n\n\n\n<p>A Presidente da Sociedade de Pediatria do Maranh\u00e3o, neonatologista Maryn\u00e9a Vale, conheceu e elogiou a nova estrutura do Natus Lumine:<\/p>\n\n\n\n<p>\u201cA mortalidade infantil tem como principal componente a neonatalidade, e a grande incid\u00eancia de \u00f3bitos se d\u00e1 na primeira semana de vida. A import\u00e2ncia de termos uma estrutura como essa \u00e9 vital para salvar mais vidas de prematuros. Vale lembrar que a prematuridade exige um cuidado f\u00edsico, estrutural e ambiental. Outro ponto relevante \u00e9 o treinamento dos profissionais que trabalham numa UTI Neonatal, para que possam intervir prontamente em caso de necessidade. O Natus Lumine est\u00e1 de parab\u00e9ns por oferecer tudo isso nessa nova unidade\u201d, declarou Maryn\u00e9a Vale.<\/p>\n\n\n\n<p>Para o diretor m\u00e9dico do Natus Lumine, Aminadabe Sousa, esse investimento representa um marco para a sa\u00fade pedi\u00e1trica de S\u00e3o Lu\u00eds:<\/p>\n\n\n\n<p>\u201cA nossa nova UTI Neo refor\u00e7a o compromisso do Natus Lumine com a excel\u00eancia no atendimento e representa um marco significativo para a cidade, na capacidade ampliada de salvar vidas e oferecer cuidados intensivos de qualidade superior para esse p\u00fablico t\u00e3o especial que \u00e9 o neonatal. A estrutura da nova UTI Neonatal do Natus Lumine \u00e9 a mais moderna do Estado, com uma equipe t\u00e9cnica de ponta e reconhecida a n\u00edvel nacional. Entre as inova\u00e7\u00f5es, temos um sistema de videomonitoramento, com todos os leitos vigiados por c\u00e2mera e a monitoriza\u00e7\u00e3o dos sinais vitais sendo feita por uma central; al\u00e9m de leitos de isolamento modernos, ambiente mais aconchegante e uma sala da fam\u00edlia que \u00e9 diferenciada em nossa cidade.\u201d ressaltou o Diretor M\u00e9dico do Natus Lumine.<\/p>\n\n\n\n<p>Tiago Fortes, diretor executivo do Natus Lumine destaca o crescimento do Natus Lumine, sem perder a sua ess\u00eancia e foco na excel\u00eancia. <\/p>\n\n\n\n<p>\u201cO Natus Lumine j\u00e1 tem uma hist\u00f3ria de sucesso e uma tradi\u00e7\u00e3o em Maternidade, com nossa UTI Neonatal funcionando h\u00e1 sete anos. E agora com essa nova estrutura oferecemos um atendimento ainda mais humanizado aos rec\u00e9m-nascidos, \u00e0s m\u00e3es e \u00e0s fam\u00edlias. \u00c9 um momento muito especial, pois crescemos e somos um hospital geral, mas sem esquecer da nossa raiz que \u00e9 a Maternidade e por isso, investimos para oferecer aos pacientes uma UTI Neonatal de primeiro mundo, com v\u00e1rios equipamentos de seguran\u00e7a para o beb\u00ea\u201d refor\u00e7ou Tiago Fortes.<\/p>\n\n\n\n<p>A coordenadora m\u00e9dica da UTI Neonatal \u00e9 Let\u00edcia Tessaro. Ela ressalta a transforma\u00e7\u00e3o da estrutura que h\u00e1 sete anos vem operando com muita qualidade e ficou ainda melhor.<\/p>\n\n\n\n<p>\u201cNossa UTI Neonatal j\u00e1 opera h\u00e1 sete anos e sempre com implementa\u00e7\u00f5es. Agora, essa nova estrutura oferece mais tecnologia de ponta, muita seguran\u00e7a e tamb\u00e9m uma assist\u00eancia super humanizada aos beb\u00eas e suas fam\u00edlias. Nossa equipe multidisciplinar \u00e9 completa e muito experiente\u201d declarou a Dra. Let\u00edcia Tessaro.<\/p>\n","protected":false},"excerpt":{"rendered":"<p>S\u00c3O LU\u00cdS &#8211; O Natus Lumine Hospital e Maternidade acabou de reinaugurar sua UTI Neonatal, que est\u00e1 ainda mais moderna. [&hellip;]<\/p>\n","protected":false},"author":4,"featured_media":0,"comment_status":"open","ping_status":"open","sticky":false,"template":"","format":"standard","meta":{"site-sidebar-layout":"default","site-content-layout":"","ast-site-content-layout":"default","site-content-style":"default","site-sidebar-style":"default","ast-global-header-display":"","ast-banner-title-visibility":"","ast-main-header-display":"","ast-hfb-above-header-display":"","ast-hfb-below-header-display":"","ast-hfb-mobile-header-display":"","site-post-title":"","ast-breadcrumbs-content":"","ast-featured-img":"","footer-sml-layout":"","ast-disable-related-posts":"","theme-transparent-header-meta":"","adv-header-id-meta":"","stick-header-meta":"","header-above-stick-meta":"","header-main-stick-meta":"","header-below-stick-meta":"","astra-migrate-meta-layouts":"default","ast-page-background-enabled":"default","ast-page-background-meta":{"desktop":{"background-color":"var(--ast-global-color-5)","background-image":"","background-repeat":"repeat","background-position":"center center","background-size":"auto","background-attachment":"scroll","background-type":"","background-media":"","overlay-type":"","overlay-color":"","overlay-opacity":"","overlay-gradient":""},"tablet":{"background-color":"","background-image":"","background-repeat":"repeat","background-position":"center center","background-size":"auto","background-attachment":"scroll","background-type":"","background-media":"","overlay-type":"","overlay-color":"","overlay-opacity":"","overlay-gradient":""},"mobile":{"background-color":"","background-image":"","background-repeat":"repeat","background-position":"center center","background-size":"auto","background-attachment":"scroll","background-type":"","background-media":"","overlay-type":"","overlay-color":"","overlay-opacity":"","overlay-gradient":""}},"ast-content-background-meta":{"desktop":{"background-color":"var(--ast-global-color-4)","background-image":"","background-repeat":"repeat","background-position":"center center","background-size":"auto","background-attachment":"scroll","background-type":"","background-media":"","overlay-type":"","overlay-color":"","overlay-opacity":"","overlay-gradient":""},"tablet":{"background-color":"var(--ast-global-color-4)","background-image":"","background-repeat":"repeat","background-position":"center center","background-size":"auto","background-attachment":"scroll","background-type":"","background-media":"","overlay-type":"","overlay-color":"","overlay-opacity":"","overlay-gradient":""},"mobile":{"background-color":"var(--ast-global-color-4)","background-image":"","background-repeat":"repeat","background-position":"center center","background-size":"auto","background-attachment":"scroll","background-type":"","background-media":"","overlay-type":"","overlay-color":"","overlay-opacity":"","overlay-gradient":""}},"footnotes":""},"categories":[1],"tags":[],"class_list":["post-12377","post","type-post","status-publish","format-standard","hentry","category-sem-categoria"],"yoast_head":"<!-- This site is optimized with the Yoast SEO plugin v26.6 - https:\/\/yoast.com\/wordpress\/plugins\/seo\/ -->\n<title>UTI Neonatal do Natus Lumine Hospital e Maternidade tem nova estrutura - Evandro Junior<\/title>\n<meta name=\"robots\" content=\"index, follow, max-snippet:-1, max-image-preview:large, max-video-preview:-1\" \/>\n<link rel=\"canonical\" href=\"https:\/\/www.blogsoestado.com\/evandrojunior\/2024\/07\/15\/uti-neonatal-do-natus-lumine-hospital-e-maternidade-tem-nova-estrutura\/\" \/>\n<meta property=\"og:locale\" content=\"pt_BR\" \/>\n<meta property=\"og:type\" content=\"article\" \/>\n<meta property=\"og:title\" content=\"UTI Neonatal do Natus Lumine Hospital e Maternidade tem nova estrutura - Evandro Junior\" \/>\n<meta property=\"og:description\" content=\"S\u00c3O LU\u00cdS &#8211; O Natus Lumine Hospital e Maternidade acabou de reinaugurar sua UTI Neonatal, que est\u00e1 ainda mais moderna. [&hellip;]\" \/>\n<meta property=\"og:url\" content=\"https:\/\/www.blogsoestado.com\/evandrojunior\/2024\/07\/15\/uti-neonatal-do-natus-lumine-hospital-e-maternidade-tem-nova-estrutura\/\" \/>\n<meta property=\"og:site_name\" content=\"Evandro Junior\" \/>\n<meta property=\"article:published_time\" content=\"2024-07-15T18:19:49+00:00\" \/>\n<meta property=\"og:image\" content=\"https:\/\/www.blogsoestado.com\/evandrojunior\/files\/2024\/07\/WhatsApp-Image-2024-07-13-at-19.04.25-1024x997.jpeg\" \/>\n<meta name=\"author\" content=\"Evandro Junior\" \/>\n<meta name=\"twitter:card\" content=\"summary_large_image\" \/>\n<meta name=\"twitter:label1\" content=\"Escrito por\" \/>\n\t<meta name=\"twitter:data1\" content=\"Evandro Junior\" \/>\n\t<meta name=\"twitter:label2\" content=\"Est. tempo de leitura\" \/>\n\t<meta name=\"twitter:data2\" content=\"3 minutos\" \/>\n<script type=\"application\/ld+json\" class=\"yoast-schema-graph\">{\"@context\":\"https:\/\/schema.org\",\"@graph\":[{\"@type\":\"WebPage\",\"@id\":\"https:\/\/www.blogsoestado.com\/evandrojunior\/2024\/07\/15\/uti-neonatal-do-natus-lumine-hospital-e-maternidade-tem-nova-estrutura\/\",\"url\":\"https:\/\/www.blogsoestado.com\/evandrojunior\/2024\/07\/15\/uti-neonatal-do-natus-lumine-hospital-e-maternidade-tem-nova-estrutura\/\",\"name\":\"UTI Neonatal do Natus Lumine Hospital e Maternidade tem nova estrutura - Evandro Junior\",\"isPartOf\":{\"@id\":\"https:\/\/www.blogsoestado.com\/evandrojunior\/#website\"},\"primaryImageOfPage\":{\"@id\":\"https:\/\/www.blogsoestado.com\/evandrojunior\/2024\/07\/15\/uti-neonatal-do-natus-lumine-hospital-e-maternidade-tem-nova-estrutura\/#primaryimage\"},\"image\":{\"@id\":\"https:\/\/www.blogsoestado.com\/evandrojunior\/2024\/07\/15\/uti-neonatal-do-natus-lumine-hospital-e-maternidade-tem-nova-estrutura\/#primaryimage\"},\"thumbnailUrl\":\"https:\/\/www.blogsoestado.com\/evandrojunior\/files\/2024\/07\/WhatsApp-Image-2024-07-13-at-19.04.25-1024x997.jpeg\",\"datePublished\":\"2024-07-15T18:19:49+00:00\",\"author\":{\"@id\":\"https:\/\/www.blogsoestado.com\/evandrojunior\/#\/schema\/person\/3e6c3d8dbb740d1c6878ebc935cfb3be\"},\"breadcrumb\":{\"@id\":\"https:\/\/www.blogsoestado.com\/evandrojunior\/2024\/07\/15\/uti-neonatal-do-natus-lumine-hospital-e-maternidade-tem-nova-estrutura\/#breadcrumb\"},\"inLanguage\":\"pt-BR\",\"potentialAction\":[{\"@type\":\"ReadAction\",\"target\":[\"https:\/\/www.blogsoestado.com\/evandrojunior\/2024\/07\/15\/uti-neonatal-do-natus-lumine-hospital-e-maternidade-tem-nova-estrutura\/\"]}]},{\"@type\":\"ImageObject\",\"inLanguage\":\"pt-BR\",\"@id\":\"https:\/\/www.blogsoestado.com\/evandrojunior\/2024\/07\/15\/uti-neonatal-do-natus-lumine-hospital-e-maternidade-tem-nova-estrutura\/#primaryimage\",\"url\":\"https:\/\/www.blogsoestado.com\/evandrojunior\/files\/2024\/07\/WhatsApp-Image-2024-07-13-at-19.04.25-1024x997.jpeg\",\"contentUrl\":\"https:\/\/www.blogsoestado.com\/evandrojunior\/files\/2024\/07\/WhatsApp-Image-2024-07-13-at-19.04.25-1024x997.jpeg\"},{\"@type\":\"BreadcrumbList\",\"@id\":\"https:\/\/www.blogsoestado.com\/evandrojunior\/2024\/07\/15\/uti-neonatal-do-natus-lumine-hospital-e-maternidade-tem-nova-estrutura\/#breadcrumb\",\"itemListElement\":[{\"@type\":\"ListItem\",\"position\":1,\"name\":\"In\u00edcio\",\"item\":\"https:\/\/www.blogsoestado.com\/evandrojunior\/\"},{\"@type\":\"ListItem\",\"position\":2,\"name\":\"UTI Neonatal do Natus Lumine Hospital e Maternidade tem nova estrutura\"}]},{\"@type\":\"WebSite\",\"@id\":\"https:\/\/www.blogsoestado.com\/evandrojunior\/#website\",\"url\":\"https:\/\/www.blogsoestado.com\/evandrojunior\/\",\"name\":\"Evandro Junior\",\"description\":\"\",\"potentialAction\":[{\"@type\":\"SearchAction\",\"target\":{\"@type\":\"EntryPoint\",\"urlTemplate\":\"https:\/\/www.blogsoestado.com\/evandrojunior\/?s={search_term_string}\"},\"query-input\":{\"@type\":\"PropertyValueSpecification\",\"valueRequired\":true,\"valueName\":\"search_term_string\"}}],\"inLanguage\":\"pt-BR\"},{\"@type\":\"Person\",\"@id\":\"https:\/\/www.blogsoestado.com\/evandrojunior\/#\/schema\/person\/3e6c3d8dbb740d1c6878ebc935cfb3be\",\"name\":\"Evandro Junior\",\"image\":{\"@type\":\"ImageObject\",\"inLanguage\":\"pt-BR\",\"@id\":\"https:\/\/www.blogsoestado.com\/evandrojunior\/#\/schema\/person\/image\/\",\"url\":\"https:\/\/secure.gravatar.com\/avatar\/f80a03a2294a580cd2318bfb459bf354cfa8be661ef3d95b542cf9a04af8d129?s=96&d=mm&r=g\",\"contentUrl\":\"https:\/\/secure.gravatar.com\/avatar\/f80a03a2294a580cd2318bfb459bf354cfa8be661ef3d95b542cf9a04af8d129?s=96&d=mm&r=g\",\"caption\":\"Evandro Junior\"},\"url\":\"https:\/\/www.blogsoestado.com\/evandrojunior\/author\/evandrojunior\/\"}]}<\/script>\n<!-- \/ Yoast SEO plugin. -->","yoast_head_json":{"title":"UTI Neonatal do Natus Lumine Hospital e Maternidade tem nova estrutura - Evandro Junior","robots":{"index":"index","follow":"follow","max-snippet":"max-snippet:-1","max-image-preview":"max-image-preview:large","max-video-preview":"max-video-preview:-1"},"canonical":"https:\/\/www.blogsoestado.com\/evandrojunior\/2024\/07\/15\/uti-neonatal-do-natus-lumine-hospital-e-maternidade-tem-nova-estrutura\/","og_locale":"pt_BR","og_type":"article","og_title":"UTI Neonatal do Natus Lumine Hospital e Maternidade tem nova estrutura - Evandro Junior","og_description":"S\u00c3O LU\u00cdS &#8211; O Natus Lumine Hospital e Maternidade acabou de reinaugurar sua UTI Neonatal, que est\u00e1 ainda mais moderna. [&hellip;]","og_url":"https:\/\/www.blogsoestado.com\/evandrojunior\/2024\/07\/15\/uti-neonatal-do-natus-lumine-hospital-e-maternidade-tem-nova-estrutura\/","og_site_name":"Evandro Junior","article_published_time":"2024-07-15T18:19:49+00:00","og_image":[{"url":"https:\/\/www.blogsoestado.com\/evandrojunior\/files\/2024\/07\/WhatsApp-Image-2024-07-13-at-19.04.25-1024x997.jpeg","type":"","width":"","height":""}],"author":"Evandro Junior","twitter_card":"summary_large_image","twitter_misc":{"Escrito por":"Evandro Junior","Est. tempo de leitura":"3 minutos"},"schema":{"@context":"https:\/\/schema.org","@graph":[{"@type":"WebPage","@id":"https:\/\/www.blogsoestado.com\/evandrojunior\/2024\/07\/15\/uti-neonatal-do-natus-lumine-hospital-e-maternidade-tem-nova-estrutura\/","url":"https:\/\/www.blogsoestado.com\/evandrojunior\/2024\/07\/15\/uti-neonatal-do-natus-lumine-hospital-e-maternidade-tem-nova-estrutura\/","name":"UTI Neonatal do Natus Lumine Hospital e Maternidade tem nova estrutura - Evandro Junior","isPartOf":{"@id":"https:\/\/www.blogsoestado.com\/evandrojunior\/#website"},"primaryImageOfPage":{"@id":"https:\/\/www.blogsoestado.com\/evandrojunior\/2024\/07\/15\/uti-neonatal-do-natus-lumine-hospital-e-maternidade-tem-nova-estrutura\/#primaryimage"},"image":{"@id":"https:\/\/www.blogsoestado.com\/evandrojunior\/2024\/07\/15\/uti-neonatal-do-natus-lumine-hospital-e-maternidade-tem-nova-estrutura\/#primaryimage"},"thumbnailUrl":"https:\/\/www.blogsoestado.com\/evandrojunior\/files\/2024\/07\/WhatsApp-Image-2024-07-13-at-19.04.25-1024x997.jpeg","datePublished":"2024-07-15T18:19:49+00:00","author":{"@id":"https:\/\/www.blogsoestado.com\/evandrojunior\/#\/schema\/person\/3e6c3d8dbb740d1c6878ebc935cfb3be"},"breadcrumb":{"@id":"https:\/\/www.blogsoestado.com\/evandrojunior\/2024\/07\/15\/uti-neonatal-do-natus-lumine-hospital-e-maternidade-tem-nova-estrutura\/#breadcrumb"},"inLanguage":"pt-BR","potentialAction":[{"@type":"ReadAction","target":["https:\/\/www.blogsoestado.com\/evandrojunior\/2024\/07\/15\/uti-neonatal-do-natus-lumine-hospital-e-maternidade-tem-nova-estrutura\/"]}]},{"@type":"ImageObject","inLanguage":"pt-BR","@id":"https:\/\/www.blogsoestado.com\/evandrojunior\/2024\/07\/15\/uti-neonatal-do-natus-lumine-hospital-e-maternidade-tem-nova-estrutura\/#primaryimage","url":"https:\/\/www.blogsoestado.com\/evandrojunior\/files\/2024\/07\/WhatsApp-Image-2024-07-13-at-19.04.25-1024x997.jpeg","contentUrl":"https:\/\/www.blogsoestado.com\/evandrojunior\/files\/2024\/07\/WhatsApp-Image-2024-07-13-at-19.04.25-1024x997.jpeg"},{"@type":"BreadcrumbList","@id":"https:\/\/www.blogsoestado.com\/evandrojunior\/2024\/07\/15\/uti-neonatal-do-natus-lumine-hospital-e-maternidade-tem-nova-estrutura\/#breadcrumb","itemListElement":[{"@type":"ListItem","position":1,"name":"In\u00edcio","item":"https:\/\/www.blogsoestado.com\/evandrojunior\/"},{"@type":"ListItem","position":2,"name":"UTI Neonatal do Natus Lumine Hospital e Maternidade tem nova estrutura"}]},{"@type":"WebSite","@id":"https:\/\/www.blogsoestado.com\/evandrojunior\/#website","url":"https:\/\/www.blogsoestado.com\/evandrojunior\/","name":"Evandro Junior","description":"","potentialAction":[{"@type":"SearchAction","target":{"@type":"EntryPoint","urlTemplate":"https:\/\/www.blogsoestado.com\/evandrojunior\/?s={search_term_string}"},"query-input":{"@type":"PropertyValueSpecification","valueRequired":true,"valueName":"search_term_string"}}],"inLanguage":"pt-BR"},{"@type":"Person","@id":"https:\/\/www.blogsoestado.com\/evandrojunior\/#\/schema\/person\/3e6c3d8dbb740d1c6878ebc935cfb3be","name":"Evandro Junior","image":{"@type":"ImageObject","inLanguage":"pt-BR","@id":"https:\/\/www.blogsoestado.com\/evandrojunior\/#\/schema\/person\/image\/","url":"https:\/\/secure.gravatar.com\/avatar\/f80a03a2294a580cd2318bfb459bf354cfa8be661ef3d95b542cf9a04af8d129?s=96&d=mm&r=g","contentUrl":"https:\/\/secure.gravatar.com\/avatar\/f80a03a2294a580cd2318bfb459bf354cfa8be661ef3d95b542cf9a04af8d129?s=96&d=mm&r=g","caption":"Evandro Junior"},"url":"https:\/\/www.blogsoestado.com\/evandrojunior\/author\/evandrojunior\/"}]}},"jetpack_featured_media_url":"","_links":{"self":[{"href":"https:\/\/www.blogsoestado.com\/evandrojunior\/wp-json\/wp\/v2\/posts\/12377","targetHints":{"allow":["GET"]}}],"collection":[{"href":"https:\/\/www.blogsoestado.com\/evandrojunior\/wp-json\/wp\/v2\/posts"}],"about":[{"href":"https:\/\/www.blogsoestado.com\/evandrojunior\/wp-json\/wp\/v2\/types\/post"}],"author":[{"embeddable":true,"href":"https:\/\/www.blogsoestado.com\/evandrojunior\/wp-json\/wp\/v2\/users\/4"}],"replies":[{"embeddable":true,"href":"https:\/\/www.blogsoestado.com\/evandrojunior\/wp-json\/wp\/v2\/comments?post=12377"}],"version-history":[{"count":0,"href":"https:\/\/www.blogsoestado.com\/evandrojunior\/wp-json\/wp\/v2\/posts\/12377\/revisions"}],"wp:attachment":[{"href":"https:\/\/www.blogsoestado.com\/evandrojunior\/wp-json\/wp\/v2\/media?parent=12377"}],"wp:term":[{"taxonomy":"category","embeddable":true,"href":"https:\/\/www.blogsoestado.com\/evandrojunior\/wp-json\/wp\/v2\/categories?post=12377"},{"taxonomy":"post_tag","embeddable":true,"href":"https:\/\/www.blogsoestado.com\/evandrojunior\/wp-json\/wp\/v2\/tags?post=12377"}],"curies":[{"name":"wp","href":"https:\/\/api.w.org\/{rel}","templated":true}]}}