{"id":12380,"date":"2024-07-15T15:29:40","date_gmt":"2024-07-15T18:29:40","guid":{"rendered":"https:\/\/www.blogsoestado.com\/evandrojunior\/?p=12380"},"modified":"2024-07-15T15:29:40","modified_gmt":"2024-07-15T18:29:40","slug":"nova-ocupacao-do-itau-cultural-e-dedicada-a-nana-vasconcelos","status":"publish","type":"post","link":"https:\/\/www.blogsoestado.com\/evandrojunior\/2024\/07\/15\/nova-ocupacao-do-itau-cultural-e-dedicada-a-nana-vasconcelos\/","title":{"rendered":"Nova Ocupa\u00e7\u00e3o do Ita\u00fa Cultural \u00e9 dedicada a Nan\u00e1 Vasconcelos"},"content":{"rendered":"\n<div class=\"wp-block-image\"><figure class=\"aligncenter size-large is-resized\"><img fetchpriority=\"high\" decoding=\"async\" src=\"https:\/\/www.blogsoestado.com\/evandrojunior\/files\/2024\/07\/04EnsaioRevistaContinuum2011_FotoAndreSeiti_ItauCultural-1024x680.jpg\" alt=\"\" class=\"wp-image-12381\" width=\"535\" height=\"355\"\/><figcaption><strong>Exposi\u00e7\u00e3o no Ita\u00fa Cultural \u00e9 dedicada ao m\u00fasic<\/strong>o <strong>pernambucano\u00a0Nan\u00e1 <\/strong>Vasconcelos<\/figcaption><\/figure><\/div>\n\n\n\n<p><strong>S\u00c3O LU\u00cdS <\/strong>&#8211; O berimbau original de Nan\u00e1\u00a0Vasconcelos est\u00e1 fincado no cora\u00e7\u00e3o da\u00a0ocupa\u00e7\u00e3o\u00a0dedicada a ele no Ita\u00fa Cultural, em S\u00e3o Paulo, com abertura para o\u00a0p\u00fablico a partir de 17 de julho, \u00e0s 20h. O instrumento foi constru\u00eddo pelo percussionista, em 1967, com uma corda de piano afinada em Fa em substitui\u00e7\u00e3o \u00e0 tradicional. Foi o \u00fanico berimbau que teve e o acompanhou at\u00e9 a sua morte, em 2016.\u00a0Desde ent\u00e3o, o objeto permaneceu fechado em um dep\u00f3sito da fam\u00edlia, em Recife, e agora \u00e9 exposto pela primeira vez.<\/p>\n\n\n\n<p>Este \u00e9 o esp\u00edrito da\u00a0Ocupa\u00e7\u00e3o Nan\u00e1 Vasconcelos, que traz a ess\u00eancia e unicidade da vida e obra desse multiartista brasileiro, nascido em Pernambuco, em 1944. Localizada no t\u00e9rreo do Ita\u00fa Cultural. \u00c0 vista logo que se entra, a mostra traz ampla sele\u00e7\u00e3o de fotos, v\u00eddeos, vestimentas, instrumentos e objetos originais, como\u00a0uma das premia\u00e7\u00f5es recebidas por ele:\u00a0o Grammy Latino, conquistado em 2011 pelo \u00e1lbum\u00a0Sinfonia e Batuques.\u00a0O ambiente \u00e9 totalmente musical, as cores t\u00eam tons terrosos. A mostra permanece em cartaz at\u00e9\u00a027 de outubro.<\/p>\n\n\n\n<p>A concep\u00e7\u00e3o e realiza\u00e7\u00e3o da Ocupa\u00e7\u00e3o \u00e9 do Ita\u00fa Cultural, com curadoria da ger\u00eancia de Curadorias e Programa\u00e7\u00e3o Art\u00edstica, consultoria de Patr\u00edcia Vasconcelos, mulher de Nan\u00e1, e pesquisa do jornalista Mateus Ara\u00fajo. A expografia \u00e9 da Casa Criatura.<\/p>\n\n\n\n<p>O projeto desdobra-se em uma publica\u00e7\u00e3o impressa \u2013\u00a0a HQ\u00a0Quase dois irm\u00e3os, criada exclusivamente para esta mostra por Ara\u00fajo e Diox \u2013, que conta a hist\u00f3ria de Nan\u00e1 e seu melhor amigo, o berimbau. Fazem parte, ainda, recursos acess\u00edveis; shows de Silvanny Sivuca, na quinta-feira, dia 18, Badi Assad, no dia seguinte, Anelis Asump\u00e7\u00e3o no s\u00e1bado\u00a0\u2013 sempre \u00e0s 20h \u2013 e Lan Lanh, \u00e0s 19h do domingo, al\u00e9m de\u00a0um site com conte\u00fado exclusivo (<a href=\"http:\/\/itaucultural.org.br\/ocupa%C3%A7%C3%A3o\" target=\"_blank\" rel=\"noreferrer noopener\">itaucultural.org.br\/ocupa\u00e7\u00e3o<\/a>).<\/p>\n\n\n\n<p><strong>A mostra<\/strong><\/p>\n\n\n\n<p>Os \u00e1lbuns\u00a0Sinfonia e Batuques,\u00a0Isso Vai Dar Repercuss\u00e3o, Codona,\u00a0Contando est\u00f3rias\u00a0e\u00a0Africadeus\u00a0d\u00e3o o tom para as diferentes etapas da vida do artista, que o p\u00fablico vai desvendando no passo a passo. O sexto eixo leva o nome do pr\u00f3prio homenageado e se encontra com o primeiro, completando a espiral de sua vida.<\/p>\n\n\n\n<p>Ao entrar em\u00a0Sinfonia e Batuques, o visitante \u00e9 recebido\u00a0com um grande v\u00eddeo da abertura do Carnaval de 2024. Este espa\u00e7o tem foco no\u00a0esp\u00edrito carnavalesco recifense que sempre ferveu no sangue de Nan\u00e1 Vasconcelos. Ele acolhe manequins vestindo roupas usadas nessa grande festividade por ele, que sempre escolhia as cores de acordo com o orix\u00e1 do ano,\u00a0al\u00e9m de objetos e entrevistas gravadas com outros carnavalescos, como Andr\u00e9 Brasileiro e\u00a0Favio Soter, da Associa\u00e7\u00e3o dos Maracatus Na\u00e7\u00e3o de Pernambuco (Amanpe). Tudo isso \u00e9 acompanhado pelo som deste que foi o seu \u00faltimo \u00e1lbum, gravado em 2011, cinco anos antes de sua morte.<\/p>\n\n\n\n<p>Come\u00e7a, assim, o passeio pela vida do artista, iniciado, ainda crian\u00e7a, no mundo da percuss\u00e3o, observando os ensaios do pai, com quem chegou a se apresentar no bloco Batutas de S\u00e3o Jos\u00e9. Ele aprendeu sozinho a tocar os mais diferentes instrumentos de percuss\u00e3o, especializou-se no berimbau e seguiu pelo mundo. Foi de Nan\u00e1, a fa\u00e7anha de reunir 13 blocos recifenses, que sempre competiram entre si, somando mais de 500 batuqueiros sob sua reg\u00eancia.<\/p>\n\n\n\n<p><strong>Parcerias<\/strong><\/p>\n\n\n\n<p>No passo seguinte, dois eixos-\u00e1lbuns se tocam:&nbsp;<em>Isso Vai Dar Repercuss\u00e3o&nbsp;<\/em>e&nbsp;<em>Codona&nbsp;<\/em>em um passeio pelas suas parcerias nacionais e internacionais \u2013 foram mais de 400 desde&nbsp;1966. O primeiro, ele gravou com Itamar Assump\u00e7\u00e3o. Por isso mesmo, aqui se ouve Anelis Assump\u00e7\u00e3o declamar um poema que ela comp\u00f4s para Nan\u00e1, especialmente para a mostra. Fotos do percussionista com parceiros de toda a vida, v\u00eddeo com depoimentos desses seus pares, tablets com&nbsp;<em>playlist&nbsp;<\/em>de m\u00fasicas gravadas com ele, al\u00e9m de objetos pessoais e uma linha do tempo para acompanhar essa trajet\u00f3ria musical, que lhe rendeu diversos&nbsp;Grammys, complementam o espa\u00e7o.<\/p>\n\n\n\n<p>Codona,<strong>\u00a0<\/strong>ele gravou com\u00a0 Collin Walcott e Don Cherry. Neste eixo, o\u00a0p\u00fablico tem acesso \u00e0 capa original do \u00e1lbum, que esteve todos esses anos guardado no acervo pessoal da fam\u00edlia, e ouve as m\u00fasicas por meio de um tablet. Aqui se faz um mergulho nas parcerias internacionais. Uma \u00e1rvore estilizada incrustada na parede, acende quando o p\u00fablico se aproxima e ilumina\u00a0nomes de brasileiros que contribu\u00edram para a hist\u00f3ria do jazz ao longo do tempo.<\/p>\n\n\n\n<p>Seguindo o trajeto,\u00a0Contando Est\u00f3rias\u00a0abre passo para a rela\u00e7\u00e3o musical de Nan\u00e1 com as crian\u00e7as. O \u00e1lbum que d\u00e1 nome a esse eixo foi gravado por ele em 1994 e emoldura a sua liga\u00e7\u00e3o a projetos sociais que envolvem a meninada. Um deles,\u00a0<em>ABC Musical<\/em>, realizado com o maestro Gil Jardim, nos anos de 1990, envolveu crian\u00e7as de todo o Brasil. Desembocou em\u00a0<em>L\u00edngua M\u00e3e<\/em>,\u00a0 no qual se somaram os pequenos de\u00a0Angola, Brasil e Portugal. Este espa\u00e7o tamb\u00e9m apresenta os seus objetos musicais como verdadeiras obras de arte.<\/p>\n\n\n\n<p>Africadeus\u00a0batiza o cora\u00e7\u00e3o da mostra. Este \u00e1lbum de estreia, gravado por Nan\u00e1 em 1971, apresenta o momento em que o artista se iniciou no berimbau como instrumento musical que pode ser utilizado al\u00e9m da capoeira. Ele \u00e9 exibido como objeto nobre, envolto por cordas que sustentam uma chuva de pedras utilizadas para tocar o instrumento.<\/p>\n\n\n\n<p>Neste eixo, o p\u00fablico entra na intimidade de Nan\u00e1 ao assistir a v\u00eddeo-depoimentos de sua filha Luz e de sua companheira Patr\u00edcia, que moram em Nova York, e ao ver s\u00e9ries de&nbsp; fotografias do \u00e1lbum de fam\u00edlia que o mostram desde pequenino e o seguem pela vida afora.<\/p>\n\n\n\n<p>Esse espa\u00e7o mais intimista do artista d\u00e1 passo para o eixo que leva seu pr\u00f3prio nome e se encontra com o primeiro, completando a espiral da vida do artista. Aqui se encontra um dos dois \u00fanicos tapetes originais, que ele usou a vida inteira em suas apresenta\u00e7\u00f5es \u2013 neles, Nan\u00e1 colocava os instrumentos que utilizaria durante o espet\u00e1culo. Tem, ainda, uma proje\u00e7\u00e3o de&nbsp;trechos de entrevista&nbsp;que ele deu para o programa&nbsp;<em>Ensaio<\/em>, da TV Cultura,&nbsp;&nbsp;e alguns pequenos instrumentos de percuss\u00e3o.<\/p>\n","protected":false},"excerpt":{"rendered":"<p>S\u00c3O LU\u00cdS &#8211; O berimbau original de Nan\u00e1\u00a0Vasconcelos est\u00e1 fincado no cora\u00e7\u00e3o da\u00a0ocupa\u00e7\u00e3o\u00a0dedicada a ele no Ita\u00fa Cultural, em S\u00e3o [&hellip;]<\/p>\n","protected":false},"author":4,"featured_media":0,"comment_status":"open","ping_status":"open","sticky":false,"template":"","format":"standard","meta":{"site-sidebar-layout":"default","site-content-layout":"","ast-site-content-layout":"default","site-content-style":"default","site-sidebar-style":"default","ast-global-header-display":"","ast-banner-title-visibility":"","ast-main-header-display":"","ast-hfb-above-header-display":"","ast-hfb-below-header-display":"","ast-hfb-mobile-header-display":"","site-post-title":"","ast-breadcrumbs-content":"","ast-featured-img":"","footer-sml-layout":"","ast-disable-related-posts":"","theme-transparent-header-meta":"","adv-header-id-meta":"","stick-header-meta":"","header-above-stick-meta":"","header-main-stick-meta":"","header-below-stick-meta":"","astra-migrate-meta-layouts":"default","ast-page-background-enabled":"default","ast-page-background-meta":{"desktop":{"background-color":"var(--ast-global-color-5)","background-image":"","background-repeat":"repeat","background-position":"center center","background-size":"auto","background-attachment":"scroll","background-type":"","background-media":"","overlay-type":"","overlay-color":"","overlay-opacity":"","overlay-gradient":""},"tablet":{"background-color":"","background-image":"","background-repeat":"repeat","background-position":"center center","background-size":"auto","background-attachment":"scroll","background-type":"","background-media":"","overlay-type":"","overlay-color":"","overlay-opacity":"","overlay-gradient":""},"mobile":{"background-color":"","background-image":"","background-repeat":"repeat","background-position":"center center","background-size":"auto","background-attachment":"scroll","background-type":"","background-media":"","overlay-type":"","overlay-color":"","overlay-opacity":"","overlay-gradient":""}},"ast-content-background-meta":{"desktop":{"background-color":"var(--ast-global-color-4)","background-image":"","background-repeat":"repeat","background-position":"center center","background-size":"auto","background-attachment":"scroll","background-type":"","background-media":"","overlay-type":"","overlay-color":"","overlay-opacity":"","overlay-gradient":""},"tablet":{"background-color":"var(--ast-global-color-4)","background-image":"","background-repeat":"repeat","background-position":"center center","background-size":"auto","background-attachment":"scroll","background-type":"","background-media":"","overlay-type":"","overlay-color":"","overlay-opacity":"","overlay-gradient":""},"mobile":{"background-color":"var(--ast-global-color-4)","background-image":"","background-repeat":"repeat","background-position":"center center","background-size":"auto","background-attachment":"scroll","background-type":"","background-media":"","overlay-type":"","overlay-color":"","overlay-opacity":"","overlay-gradient":""}},"footnotes":""},"categories":[1],"tags":[],"class_list":["post-12380","post","type-post","status-publish","format-standard","hentry","category-sem-categoria"],"yoast_head":"<!-- This site is optimized with the Yoast SEO plugin v26.6 - https:\/\/yoast.com\/wordpress\/plugins\/seo\/ -->\n<title>Nova Ocupa\u00e7\u00e3o do Ita\u00fa Cultural \u00e9 dedicada a Nan\u00e1 Vasconcelos - Evandro Junior<\/title>\n<meta name=\"robots\" content=\"index, follow, max-snippet:-1, max-image-preview:large, max-video-preview:-1\" \/>\n<link rel=\"canonical\" href=\"https:\/\/www.blogsoestado.com\/evandrojunior\/2024\/07\/15\/nova-ocupacao-do-itau-cultural-e-dedicada-a-nana-vasconcelos\/\" \/>\n<meta property=\"og:locale\" content=\"pt_BR\" \/>\n<meta property=\"og:type\" content=\"article\" \/>\n<meta property=\"og:title\" content=\"Nova Ocupa\u00e7\u00e3o do Ita\u00fa Cultural \u00e9 dedicada a Nan\u00e1 Vasconcelos - Evandro Junior\" \/>\n<meta property=\"og:description\" content=\"S\u00c3O LU\u00cdS &#8211; O berimbau original de Nan\u00e1\u00a0Vasconcelos est\u00e1 fincado no cora\u00e7\u00e3o da\u00a0ocupa\u00e7\u00e3o\u00a0dedicada a ele no Ita\u00fa Cultural, em S\u00e3o [&hellip;]\" \/>\n<meta property=\"og:url\" content=\"https:\/\/www.blogsoestado.com\/evandrojunior\/2024\/07\/15\/nova-ocupacao-do-itau-cultural-e-dedicada-a-nana-vasconcelos\/\" \/>\n<meta property=\"og:site_name\" content=\"Evandro Junior\" \/>\n<meta property=\"article:published_time\" content=\"2024-07-15T18:29:40+00:00\" \/>\n<meta property=\"og:image\" content=\"https:\/\/www.blogsoestado.com\/evandrojunior\/files\/2024\/07\/04EnsaioRevistaContinuum2011_FotoAndreSeiti_ItauCultural-1024x680.jpg\" \/>\n<meta name=\"author\" content=\"Evandro Junior\" \/>\n<meta name=\"twitter:card\" content=\"summary_large_image\" \/>\n<meta name=\"twitter:label1\" content=\"Escrito por\" \/>\n\t<meta name=\"twitter:data1\" content=\"Evandro Junior\" \/>\n\t<meta name=\"twitter:label2\" content=\"Est. tempo de leitura\" \/>\n\t<meta name=\"twitter:data2\" content=\"5 minutos\" \/>\n<script type=\"application\/ld+json\" class=\"yoast-schema-graph\">{\"@context\":\"https:\/\/schema.org\",\"@graph\":[{\"@type\":\"WebPage\",\"@id\":\"https:\/\/www.blogsoestado.com\/evandrojunior\/2024\/07\/15\/nova-ocupacao-do-itau-cultural-e-dedicada-a-nana-vasconcelos\/\",\"url\":\"https:\/\/www.blogsoestado.com\/evandrojunior\/2024\/07\/15\/nova-ocupacao-do-itau-cultural-e-dedicada-a-nana-vasconcelos\/\",\"name\":\"Nova Ocupa\u00e7\u00e3o do Ita\u00fa Cultural \u00e9 dedicada a Nan\u00e1 Vasconcelos - Evandro Junior\",\"isPartOf\":{\"@id\":\"https:\/\/www.blogsoestado.com\/evandrojunior\/#website\"},\"primaryImageOfPage\":{\"@id\":\"https:\/\/www.blogsoestado.com\/evandrojunior\/2024\/07\/15\/nova-ocupacao-do-itau-cultural-e-dedicada-a-nana-vasconcelos\/#primaryimage\"},\"image\":{\"@id\":\"https:\/\/www.blogsoestado.com\/evandrojunior\/2024\/07\/15\/nova-ocupacao-do-itau-cultural-e-dedicada-a-nana-vasconcelos\/#primaryimage\"},\"thumbnailUrl\":\"https:\/\/www.blogsoestado.com\/evandrojunior\/files\/2024\/07\/04EnsaioRevistaContinuum2011_FotoAndreSeiti_ItauCultural-1024x680.jpg\",\"datePublished\":\"2024-07-15T18:29:40+00:00\",\"author\":{\"@id\":\"https:\/\/www.blogsoestado.com\/evandrojunior\/#\/schema\/person\/3e6c3d8dbb740d1c6878ebc935cfb3be\"},\"breadcrumb\":{\"@id\":\"https:\/\/www.blogsoestado.com\/evandrojunior\/2024\/07\/15\/nova-ocupacao-do-itau-cultural-e-dedicada-a-nana-vasconcelos\/#breadcrumb\"},\"inLanguage\":\"pt-BR\",\"potentialAction\":[{\"@type\":\"ReadAction\",\"target\":[\"https:\/\/www.blogsoestado.com\/evandrojunior\/2024\/07\/15\/nova-ocupacao-do-itau-cultural-e-dedicada-a-nana-vasconcelos\/\"]}]},{\"@type\":\"ImageObject\",\"inLanguage\":\"pt-BR\",\"@id\":\"https:\/\/www.blogsoestado.com\/evandrojunior\/2024\/07\/15\/nova-ocupacao-do-itau-cultural-e-dedicada-a-nana-vasconcelos\/#primaryimage\",\"url\":\"https:\/\/www.blogsoestado.com\/evandrojunior\/files\/2024\/07\/04EnsaioRevistaContinuum2011_FotoAndreSeiti_ItauCultural-1024x680.jpg\",\"contentUrl\":\"https:\/\/www.blogsoestado.com\/evandrojunior\/files\/2024\/07\/04EnsaioRevistaContinuum2011_FotoAndreSeiti_ItauCultural-1024x680.jpg\"},{\"@type\":\"BreadcrumbList\",\"@id\":\"https:\/\/www.blogsoestado.com\/evandrojunior\/2024\/07\/15\/nova-ocupacao-do-itau-cultural-e-dedicada-a-nana-vasconcelos\/#breadcrumb\",\"itemListElement\":[{\"@type\":\"ListItem\",\"position\":1,\"name\":\"In\u00edcio\",\"item\":\"https:\/\/www.blogsoestado.com\/evandrojunior\/\"},{\"@type\":\"ListItem\",\"position\":2,\"name\":\"Nova Ocupa\u00e7\u00e3o do Ita\u00fa Cultural \u00e9 dedicada a Nan\u00e1 Vasconcelos\"}]},{\"@type\":\"WebSite\",\"@id\":\"https:\/\/www.blogsoestado.com\/evandrojunior\/#website\",\"url\":\"https:\/\/www.blogsoestado.com\/evandrojunior\/\",\"name\":\"Evandro Junior\",\"description\":\"\",\"potentialAction\":[{\"@type\":\"SearchAction\",\"target\":{\"@type\":\"EntryPoint\",\"urlTemplate\":\"https:\/\/www.blogsoestado.com\/evandrojunior\/?s={search_term_string}\"},\"query-input\":{\"@type\":\"PropertyValueSpecification\",\"valueRequired\":true,\"valueName\":\"search_term_string\"}}],\"inLanguage\":\"pt-BR\"},{\"@type\":\"Person\",\"@id\":\"https:\/\/www.blogsoestado.com\/evandrojunior\/#\/schema\/person\/3e6c3d8dbb740d1c6878ebc935cfb3be\",\"name\":\"Evandro Junior\",\"image\":{\"@type\":\"ImageObject\",\"inLanguage\":\"pt-BR\",\"@id\":\"https:\/\/www.blogsoestado.com\/evandrojunior\/#\/schema\/person\/image\/\",\"url\":\"https:\/\/secure.gravatar.com\/avatar\/f80a03a2294a580cd2318bfb459bf354cfa8be661ef3d95b542cf9a04af8d129?s=96&d=mm&r=g\",\"contentUrl\":\"https:\/\/secure.gravatar.com\/avatar\/f80a03a2294a580cd2318bfb459bf354cfa8be661ef3d95b542cf9a04af8d129?s=96&d=mm&r=g\",\"caption\":\"Evandro Junior\"},\"url\":\"https:\/\/www.blogsoestado.com\/evandrojunior\/author\/evandrojunior\/\"}]}<\/script>\n<!-- \/ Yoast SEO plugin. -->","yoast_head_json":{"title":"Nova Ocupa\u00e7\u00e3o do Ita\u00fa Cultural \u00e9 dedicada a Nan\u00e1 Vasconcelos - Evandro Junior","robots":{"index":"index","follow":"follow","max-snippet":"max-snippet:-1","max-image-preview":"max-image-preview:large","max-video-preview":"max-video-preview:-1"},"canonical":"https:\/\/www.blogsoestado.com\/evandrojunior\/2024\/07\/15\/nova-ocupacao-do-itau-cultural-e-dedicada-a-nana-vasconcelos\/","og_locale":"pt_BR","og_type":"article","og_title":"Nova Ocupa\u00e7\u00e3o do Ita\u00fa Cultural \u00e9 dedicada a Nan\u00e1 Vasconcelos - Evandro Junior","og_description":"S\u00c3O LU\u00cdS &#8211; O berimbau original de Nan\u00e1\u00a0Vasconcelos est\u00e1 fincado no cora\u00e7\u00e3o da\u00a0ocupa\u00e7\u00e3o\u00a0dedicada a ele no Ita\u00fa Cultural, em S\u00e3o [&hellip;]","og_url":"https:\/\/www.blogsoestado.com\/evandrojunior\/2024\/07\/15\/nova-ocupacao-do-itau-cultural-e-dedicada-a-nana-vasconcelos\/","og_site_name":"Evandro Junior","article_published_time":"2024-07-15T18:29:40+00:00","og_image":[{"url":"https:\/\/www.blogsoestado.com\/evandrojunior\/files\/2024\/07\/04EnsaioRevistaContinuum2011_FotoAndreSeiti_ItauCultural-1024x680.jpg","type":"","width":"","height":""}],"author":"Evandro Junior","twitter_card":"summary_large_image","twitter_misc":{"Escrito por":"Evandro Junior","Est. tempo de leitura":"5 minutos"},"schema":{"@context":"https:\/\/schema.org","@graph":[{"@type":"WebPage","@id":"https:\/\/www.blogsoestado.com\/evandrojunior\/2024\/07\/15\/nova-ocupacao-do-itau-cultural-e-dedicada-a-nana-vasconcelos\/","url":"https:\/\/www.blogsoestado.com\/evandrojunior\/2024\/07\/15\/nova-ocupacao-do-itau-cultural-e-dedicada-a-nana-vasconcelos\/","name":"Nova Ocupa\u00e7\u00e3o do Ita\u00fa Cultural \u00e9 dedicada a Nan\u00e1 Vasconcelos - Evandro Junior","isPartOf":{"@id":"https:\/\/www.blogsoestado.com\/evandrojunior\/#website"},"primaryImageOfPage":{"@id":"https:\/\/www.blogsoestado.com\/evandrojunior\/2024\/07\/15\/nova-ocupacao-do-itau-cultural-e-dedicada-a-nana-vasconcelos\/#primaryimage"},"image":{"@id":"https:\/\/www.blogsoestado.com\/evandrojunior\/2024\/07\/15\/nova-ocupacao-do-itau-cultural-e-dedicada-a-nana-vasconcelos\/#primaryimage"},"thumbnailUrl":"https:\/\/www.blogsoestado.com\/evandrojunior\/files\/2024\/07\/04EnsaioRevistaContinuum2011_FotoAndreSeiti_ItauCultural-1024x680.jpg","datePublished":"2024-07-15T18:29:40+00:00","author":{"@id":"https:\/\/www.blogsoestado.com\/evandrojunior\/#\/schema\/person\/3e6c3d8dbb740d1c6878ebc935cfb3be"},"breadcrumb":{"@id":"https:\/\/www.blogsoestado.com\/evandrojunior\/2024\/07\/15\/nova-ocupacao-do-itau-cultural-e-dedicada-a-nana-vasconcelos\/#breadcrumb"},"inLanguage":"pt-BR","potentialAction":[{"@type":"ReadAction","target":["https:\/\/www.blogsoestado.com\/evandrojunior\/2024\/07\/15\/nova-ocupacao-do-itau-cultural-e-dedicada-a-nana-vasconcelos\/"]}]},{"@type":"ImageObject","inLanguage":"pt-BR","@id":"https:\/\/www.blogsoestado.com\/evandrojunior\/2024\/07\/15\/nova-ocupacao-do-itau-cultural-e-dedicada-a-nana-vasconcelos\/#primaryimage","url":"https:\/\/www.blogsoestado.com\/evandrojunior\/files\/2024\/07\/04EnsaioRevistaContinuum2011_FotoAndreSeiti_ItauCultural-1024x680.jpg","contentUrl":"https:\/\/www.blogsoestado.com\/evandrojunior\/files\/2024\/07\/04EnsaioRevistaContinuum2011_FotoAndreSeiti_ItauCultural-1024x680.jpg"},{"@type":"BreadcrumbList","@id":"https:\/\/www.blogsoestado.com\/evandrojunior\/2024\/07\/15\/nova-ocupacao-do-itau-cultural-e-dedicada-a-nana-vasconcelos\/#breadcrumb","itemListElement":[{"@type":"ListItem","position":1,"name":"In\u00edcio","item":"https:\/\/www.blogsoestado.com\/evandrojunior\/"},{"@type":"ListItem","position":2,"name":"Nova Ocupa\u00e7\u00e3o do Ita\u00fa Cultural \u00e9 dedicada a Nan\u00e1 Vasconcelos"}]},{"@type":"WebSite","@id":"https:\/\/www.blogsoestado.com\/evandrojunior\/#website","url":"https:\/\/www.blogsoestado.com\/evandrojunior\/","name":"Evandro Junior","description":"","potentialAction":[{"@type":"SearchAction","target":{"@type":"EntryPoint","urlTemplate":"https:\/\/www.blogsoestado.com\/evandrojunior\/?s={search_term_string}"},"query-input":{"@type":"PropertyValueSpecification","valueRequired":true,"valueName":"search_term_string"}}],"inLanguage":"pt-BR"},{"@type":"Person","@id":"https:\/\/www.blogsoestado.com\/evandrojunior\/#\/schema\/person\/3e6c3d8dbb740d1c6878ebc935cfb3be","name":"Evandro Junior","image":{"@type":"ImageObject","inLanguage":"pt-BR","@id":"https:\/\/www.blogsoestado.com\/evandrojunior\/#\/schema\/person\/image\/","url":"https:\/\/secure.gravatar.com\/avatar\/f80a03a2294a580cd2318bfb459bf354cfa8be661ef3d95b542cf9a04af8d129?s=96&d=mm&r=g","contentUrl":"https:\/\/secure.gravatar.com\/avatar\/f80a03a2294a580cd2318bfb459bf354cfa8be661ef3d95b542cf9a04af8d129?s=96&d=mm&r=g","caption":"Evandro Junior"},"url":"https:\/\/www.blogsoestado.com\/evandrojunior\/author\/evandrojunior\/"}]}},"jetpack_featured_media_url":"","_links":{"self":[{"href":"https:\/\/www.blogsoestado.com\/evandrojunior\/wp-json\/wp\/v2\/posts\/12380","targetHints":{"allow":["GET"]}}],"collection":[{"href":"https:\/\/www.blogsoestado.com\/evandrojunior\/wp-json\/wp\/v2\/posts"}],"about":[{"href":"https:\/\/www.blogsoestado.com\/evandrojunior\/wp-json\/wp\/v2\/types\/post"}],"author":[{"embeddable":true,"href":"https:\/\/www.blogsoestado.com\/evandrojunior\/wp-json\/wp\/v2\/users\/4"}],"replies":[{"embeddable":true,"href":"https:\/\/www.blogsoestado.com\/evandrojunior\/wp-json\/wp\/v2\/comments?post=12380"}],"version-history":[{"count":0,"href":"https:\/\/www.blogsoestado.com\/evandrojunior\/wp-json\/wp\/v2\/posts\/12380\/revisions"}],"wp:attachment":[{"href":"https:\/\/www.blogsoestado.com\/evandrojunior\/wp-json\/wp\/v2\/media?parent=12380"}],"wp:term":[{"taxonomy":"category","embeddable":true,"href":"https:\/\/www.blogsoestado.com\/evandrojunior\/wp-json\/wp\/v2\/categories?post=12380"},{"taxonomy":"post_tag","embeddable":true,"href":"https:\/\/www.blogsoestado.com\/evandrojunior\/wp-json\/wp\/v2\/tags?post=12380"}],"curies":[{"name":"wp","href":"https:\/\/api.w.org\/{rel}","templated":true}]}}