{"id":12384,"date":"2024-07-15T15:48:09","date_gmt":"2024-07-15T18:48:09","guid":{"rendered":"https:\/\/www.blogsoestado.com\/evandrojunior\/?p=12384"},"modified":"2024-07-15T15:48:09","modified_gmt":"2024-07-15T18:48:09","slug":"jovem-aprendiz-alumar-abre-vagas-para-tecnico-em-eletromecanica","status":"publish","type":"post","link":"https:\/\/www.blogsoestado.com\/evandrojunior\/2024\/07\/15\/jovem-aprendiz-alumar-abre-vagas-para-tecnico-em-eletromecanica\/","title":{"rendered":"Jovem Aprendiz: Alumar abre vagas para t\u00e9cnico em Eletromec\u00e2nica"},"content":{"rendered":"\n<div class=\"wp-block-image\"><figure class=\"aligncenter size-large is-resized\"><img fetchpriority=\"high\" decoding=\"async\" src=\"https:\/\/www.blogsoestado.com\/evandrojunior\/files\/2024\/07\/WhatsApp-Image-2024-07-15-at-15.44.06-1013x1024.jpeg\" alt=\"\" class=\"wp-image-12385\" width=\"492\" height=\"497\"\/><\/figure><\/div>\n\n\n\n<p><strong>S\u00c3O LU\u00cdS<\/strong> &#8211; A Alumar est\u00e1 com inscri\u00e7\u00f5es abertas para o processo seletivo do seu programa Jovem Aprendiz em S\u00e3o Lu\u00eds (MA). S\u00e3o 36 vagas para a forma\u00e7\u00e3o de t\u00e9nico (a) em Eletromec\u00e2nica. As inscri\u00e7\u00f5es v\u00e3o at\u00e9 26 de julho.<\/p>\n\n\n\n<p>O programa tem por objetivo desenvolver compet\u00eancias t\u00e9cnicas e comportamentais, e ainda fornecer metodologias necess\u00e1rias \u00e0 atua\u00e7\u00e3o do profissional nos processos de montagem e manuten\u00e7\u00e3o de sistemas mec\u00e2nicos, el\u00e9tricos e automatizados, e atuar no desenvolvimento de projetos de sistemas eletromec\u00e2nicos de m\u00e1quinas e equipamentos industriais, atendendo \u00e0s normas e padr\u00f5es t\u00e9cnicos de qualidade, sa\u00fade e seguran\u00e7a, e de meio ambiente. A forma\u00e7\u00e3o acontece presencialmente, com nove meses de aulas te\u00f3ricas e nove de aulas pr\u00e1ticas na planta.<\/p>\n\n\n\n<p>O programa \u00e9 realizado\u00a0 por meio de uma parceria entre a Alumar e o Servi\u00e7o Nacional de Aprendizagem Industrial (SENAI) e oferece remunera\u00e7\u00e3o e benef\u00edcios compat\u00edveis com o mercado. Ap\u00f3s a forma\u00e7\u00e3o, as pessoas poder\u00e3o ser absorvidas pela empresa, de acordo com a performance apresentada durante o ciclo de aprendizagem, ou podem, ainda, compor o Banco de Talentos da companhia.<\/p>\n\n\n\n<p>Um dos principais objetivos \u00e9 ter os melhores talentos se desenvolvendo e crescendo com a empresa. Para isso, a companhia investe em diversos programas de forma\u00e7\u00e3o profissional, promovendo a inclus\u00e3o de pessoas que est\u00e3o ingressando no mercado de trabalho.<\/p>\n\n\n\n<p><strong>Cronograma \u2013 Jovem Aprendiz S\u00e3o Lu\u00eds (MA)<\/strong><\/p>\n\n\n\n<p><strong>\u00a0Inscri\u00e7\u00f5es<\/strong>: 15 a 26 de julho de 2024<\/p>\n\n\n\n<p><strong>Avalia\u00e7\u00f5es online<\/strong>: 15 a 26 de julho de 2024<\/p>\n\n\n\n<p><strong>Painel de Entrevistas (Consultoria Serhum<\/strong>): 26 a 29 de agosto de 2024\u00a0<\/p>\n\n\n\n<p><strong>Painel de Entrevistas Alumar<\/strong>: 26 a 29 de agosto de 2024<\/p>\n\n\n\n<p><strong>Avalia\u00e7\u00e3o psicol\u00f3gica<\/strong>: 30 de agosto a 04 de setembro 2024<\/p>\n\n\n\n<p><strong>Exames admissionais e entrega de documentos<\/strong>: 9 a 13 de setembro de 2024<\/p>\n\n\n\n<p>In\u00edcio previsto para: 20 de setembro de 2024<\/p>\n\n\n\n<p><br>Qualquer d\u00favida entre em contato com a Serhum, pelo e-mail&nbsp;<a href=\"mailto:jovem@serhum.com.br\" target=\"_blank\" rel=\"noreferrer noopener\">jovem@serhum.com.br<\/a>.<\/p>\n\n\n\n<p>Increva-se no link:&nbsp;<a href=\"https:\/\/serhum.gupy.io\/jobs\/7418837?jobBoardSource=gupy_public_page\" target=\"_blank\" rel=\"noreferrer noopener\">https:\/\/serhum.gupy.io\/jobs\/7418837?jobBoardSource=gupy_public_page<\/a><\/p>\n","protected":false},"excerpt":{"rendered":"<p>S\u00c3O LU\u00cdS &#8211; A Alumar est\u00e1 com inscri\u00e7\u00f5es abertas para o processo seletivo do seu programa Jovem Aprendiz em S\u00e3o [&hellip;]<\/p>\n","protected":false},"author":4,"featured_media":0,"comment_status":"open","ping_status":"open","sticky":false,"template":"","format":"standard","meta":{"site-sidebar-layout":"default","site-content-layout":"","ast-site-content-layout":"default","site-content-style":"default","site-sidebar-style":"default","ast-global-header-display":"","ast-banner-title-visibility":"","ast-main-header-display":"","ast-hfb-above-header-display":"","ast-hfb-below-header-display":"","ast-hfb-mobile-header-display":"","site-post-title":"","ast-breadcrumbs-content":"","ast-featured-img":"","footer-sml-layout":"","ast-disable-related-posts":"","theme-transparent-header-meta":"","adv-header-id-meta":"","stick-header-meta":"","header-above-stick-meta":"","header-main-stick-meta":"","header-below-stick-meta":"","astra-migrate-meta-layouts":"default","ast-page-background-enabled":"default","ast-page-background-meta":{"desktop":{"background-color":"var(--ast-global-color-5)","background-image":"","background-repeat":"repeat","background-position":"center center","background-size":"auto","background-attachment":"scroll","background-type":"","background-media":"","overlay-type":"","overlay-color":"","overlay-opacity":"","overlay-gradient":""},"tablet":{"background-color":"","background-image":"","background-repeat":"repeat","background-position":"center center","background-size":"auto","background-attachment":"scroll","background-type":"","background-media":"","overlay-type":"","overlay-color":"","overlay-opacity":"","overlay-gradient":""},"mobile":{"background-color":"","background-image":"","background-repeat":"repeat","background-position":"center center","background-size":"auto","background-attachment":"scroll","background-type":"","background-media":"","overlay-type":"","overlay-color":"","overlay-opacity":"","overlay-gradient":""}},"ast-content-background-meta":{"desktop":{"background-color":"var(--ast-global-color-4)","background-image":"","background-repeat":"repeat","background-position":"center center","background-size":"auto","background-attachment":"scroll","background-type":"","background-media":"","overlay-type":"","overlay-color":"","overlay-opacity":"","overlay-gradient":""},"tablet":{"background-color":"var(--ast-global-color-4)","background-image":"","background-repeat":"repeat","background-position":"center center","background-size":"auto","background-attachment":"scroll","background-type":"","background-media":"","overlay-type":"","overlay-color":"","overlay-opacity":"","overlay-gradient":""},"mobile":{"background-color":"var(--ast-global-color-4)","background-image":"","background-repeat":"repeat","background-position":"center center","background-size":"auto","background-attachment":"scroll","background-type":"","background-media":"","overlay-type":"","overlay-color":"","overlay-opacity":"","overlay-gradient":""}},"footnotes":""},"categories":[1],"tags":[],"class_list":["post-12384","post","type-post","status-publish","format-standard","hentry","category-sem-categoria"],"yoast_head":"<!-- This site is optimized with the Yoast SEO plugin v26.6 - https:\/\/yoast.com\/wordpress\/plugins\/seo\/ -->\n<title>Jovem Aprendiz: Alumar abre vagas para t\u00e9cnico em Eletromec\u00e2nica - Evandro Junior<\/title>\n<meta name=\"robots\" content=\"index, follow, max-snippet:-1, max-image-preview:large, max-video-preview:-1\" \/>\n<link rel=\"canonical\" href=\"https:\/\/www.blogsoestado.com\/evandrojunior\/2024\/07\/15\/jovem-aprendiz-alumar-abre-vagas-para-tecnico-em-eletromecanica\/\" \/>\n<meta property=\"og:locale\" content=\"pt_BR\" \/>\n<meta property=\"og:type\" content=\"article\" \/>\n<meta property=\"og:title\" content=\"Jovem Aprendiz: Alumar abre vagas para t\u00e9cnico em Eletromec\u00e2nica - Evandro Junior\" \/>\n<meta property=\"og:description\" content=\"S\u00c3O LU\u00cdS &#8211; A Alumar est\u00e1 com inscri\u00e7\u00f5es abertas para o processo seletivo do seu programa Jovem Aprendiz em S\u00e3o [&hellip;]\" \/>\n<meta property=\"og:url\" content=\"https:\/\/www.blogsoestado.com\/evandrojunior\/2024\/07\/15\/jovem-aprendiz-alumar-abre-vagas-para-tecnico-em-eletromecanica\/\" \/>\n<meta property=\"og:site_name\" content=\"Evandro Junior\" \/>\n<meta property=\"article:published_time\" content=\"2024-07-15T18:48:09+00:00\" \/>\n<meta property=\"og:image\" content=\"https:\/\/www.blogsoestado.com\/evandrojunior\/files\/2024\/07\/WhatsApp-Image-2024-07-15-at-15.44.06-1013x1024.jpeg\" \/>\n<meta name=\"author\" content=\"Evandro Junior\" \/>\n<meta name=\"twitter:card\" content=\"summary_large_image\" \/>\n<meta name=\"twitter:label1\" content=\"Escrito por\" \/>\n\t<meta name=\"twitter:data1\" content=\"Evandro Junior\" \/>\n\t<meta name=\"twitter:label2\" content=\"Est. tempo de leitura\" \/>\n\t<meta name=\"twitter:data2\" content=\"2 minutos\" \/>\n<script type=\"application\/ld+json\" class=\"yoast-schema-graph\">{\"@context\":\"https:\/\/schema.org\",\"@graph\":[{\"@type\":\"WebPage\",\"@id\":\"https:\/\/www.blogsoestado.com\/evandrojunior\/2024\/07\/15\/jovem-aprendiz-alumar-abre-vagas-para-tecnico-em-eletromecanica\/\",\"url\":\"https:\/\/www.blogsoestado.com\/evandrojunior\/2024\/07\/15\/jovem-aprendiz-alumar-abre-vagas-para-tecnico-em-eletromecanica\/\",\"name\":\"Jovem Aprendiz: Alumar abre vagas para t\u00e9cnico em Eletromec\u00e2nica - Evandro Junior\",\"isPartOf\":{\"@id\":\"https:\/\/www.blogsoestado.com\/evandrojunior\/#website\"},\"primaryImageOfPage\":{\"@id\":\"https:\/\/www.blogsoestado.com\/evandrojunior\/2024\/07\/15\/jovem-aprendiz-alumar-abre-vagas-para-tecnico-em-eletromecanica\/#primaryimage\"},\"image\":{\"@id\":\"https:\/\/www.blogsoestado.com\/evandrojunior\/2024\/07\/15\/jovem-aprendiz-alumar-abre-vagas-para-tecnico-em-eletromecanica\/#primaryimage\"},\"thumbnailUrl\":\"https:\/\/www.blogsoestado.com\/evandrojunior\/files\/2024\/07\/WhatsApp-Image-2024-07-15-at-15.44.06-1013x1024.jpeg\",\"datePublished\":\"2024-07-15T18:48:09+00:00\",\"author\":{\"@id\":\"https:\/\/www.blogsoestado.com\/evandrojunior\/#\/schema\/person\/3e6c3d8dbb740d1c6878ebc935cfb3be\"},\"breadcrumb\":{\"@id\":\"https:\/\/www.blogsoestado.com\/evandrojunior\/2024\/07\/15\/jovem-aprendiz-alumar-abre-vagas-para-tecnico-em-eletromecanica\/#breadcrumb\"},\"inLanguage\":\"pt-BR\",\"potentialAction\":[{\"@type\":\"ReadAction\",\"target\":[\"https:\/\/www.blogsoestado.com\/evandrojunior\/2024\/07\/15\/jovem-aprendiz-alumar-abre-vagas-para-tecnico-em-eletromecanica\/\"]}]},{\"@type\":\"ImageObject\",\"inLanguage\":\"pt-BR\",\"@id\":\"https:\/\/www.blogsoestado.com\/evandrojunior\/2024\/07\/15\/jovem-aprendiz-alumar-abre-vagas-para-tecnico-em-eletromecanica\/#primaryimage\",\"url\":\"https:\/\/www.blogsoestado.com\/evandrojunior\/files\/2024\/07\/WhatsApp-Image-2024-07-15-at-15.44.06-1013x1024.jpeg\",\"contentUrl\":\"https:\/\/www.blogsoestado.com\/evandrojunior\/files\/2024\/07\/WhatsApp-Image-2024-07-15-at-15.44.06-1013x1024.jpeg\"},{\"@type\":\"BreadcrumbList\",\"@id\":\"https:\/\/www.blogsoestado.com\/evandrojunior\/2024\/07\/15\/jovem-aprendiz-alumar-abre-vagas-para-tecnico-em-eletromecanica\/#breadcrumb\",\"itemListElement\":[{\"@type\":\"ListItem\",\"position\":1,\"name\":\"In\u00edcio\",\"item\":\"https:\/\/www.blogsoestado.com\/evandrojunior\/\"},{\"@type\":\"ListItem\",\"position\":2,\"name\":\"Jovem Aprendiz: Alumar abre vagas para t\u00e9cnico em Eletromec\u00e2nica\"}]},{\"@type\":\"WebSite\",\"@id\":\"https:\/\/www.blogsoestado.com\/evandrojunior\/#website\",\"url\":\"https:\/\/www.blogsoestado.com\/evandrojunior\/\",\"name\":\"Evandro Junior\",\"description\":\"\",\"potentialAction\":[{\"@type\":\"SearchAction\",\"target\":{\"@type\":\"EntryPoint\",\"urlTemplate\":\"https:\/\/www.blogsoestado.com\/evandrojunior\/?s={search_term_string}\"},\"query-input\":{\"@type\":\"PropertyValueSpecification\",\"valueRequired\":true,\"valueName\":\"search_term_string\"}}],\"inLanguage\":\"pt-BR\"},{\"@type\":\"Person\",\"@id\":\"https:\/\/www.blogsoestado.com\/evandrojunior\/#\/schema\/person\/3e6c3d8dbb740d1c6878ebc935cfb3be\",\"name\":\"Evandro Junior\",\"image\":{\"@type\":\"ImageObject\",\"inLanguage\":\"pt-BR\",\"@id\":\"https:\/\/www.blogsoestado.com\/evandrojunior\/#\/schema\/person\/image\/\",\"url\":\"https:\/\/secure.gravatar.com\/avatar\/f80a03a2294a580cd2318bfb459bf354cfa8be661ef3d95b542cf9a04af8d129?s=96&d=mm&r=g\",\"contentUrl\":\"https:\/\/secure.gravatar.com\/avatar\/f80a03a2294a580cd2318bfb459bf354cfa8be661ef3d95b542cf9a04af8d129?s=96&d=mm&r=g\",\"caption\":\"Evandro Junior\"},\"url\":\"https:\/\/www.blogsoestado.com\/evandrojunior\/author\/evandrojunior\/\"}]}<\/script>\n<!-- \/ Yoast SEO plugin. -->","yoast_head_json":{"title":"Jovem Aprendiz: Alumar abre vagas para t\u00e9cnico em Eletromec\u00e2nica - Evandro Junior","robots":{"index":"index","follow":"follow","max-snippet":"max-snippet:-1","max-image-preview":"max-image-preview:large","max-video-preview":"max-video-preview:-1"},"canonical":"https:\/\/www.blogsoestado.com\/evandrojunior\/2024\/07\/15\/jovem-aprendiz-alumar-abre-vagas-para-tecnico-em-eletromecanica\/","og_locale":"pt_BR","og_type":"article","og_title":"Jovem Aprendiz: Alumar abre vagas para t\u00e9cnico em Eletromec\u00e2nica - Evandro Junior","og_description":"S\u00c3O LU\u00cdS &#8211; A Alumar est\u00e1 com inscri\u00e7\u00f5es abertas para o processo seletivo do seu programa Jovem Aprendiz em S\u00e3o [&hellip;]","og_url":"https:\/\/www.blogsoestado.com\/evandrojunior\/2024\/07\/15\/jovem-aprendiz-alumar-abre-vagas-para-tecnico-em-eletromecanica\/","og_site_name":"Evandro Junior","article_published_time":"2024-07-15T18:48:09+00:00","og_image":[{"url":"https:\/\/www.blogsoestado.com\/evandrojunior\/files\/2024\/07\/WhatsApp-Image-2024-07-15-at-15.44.06-1013x1024.jpeg","type":"","width":"","height":""}],"author":"Evandro Junior","twitter_card":"summary_large_image","twitter_misc":{"Escrito por":"Evandro Junior","Est. tempo de leitura":"2 minutos"},"schema":{"@context":"https:\/\/schema.org","@graph":[{"@type":"WebPage","@id":"https:\/\/www.blogsoestado.com\/evandrojunior\/2024\/07\/15\/jovem-aprendiz-alumar-abre-vagas-para-tecnico-em-eletromecanica\/","url":"https:\/\/www.blogsoestado.com\/evandrojunior\/2024\/07\/15\/jovem-aprendiz-alumar-abre-vagas-para-tecnico-em-eletromecanica\/","name":"Jovem Aprendiz: Alumar abre vagas para t\u00e9cnico em Eletromec\u00e2nica - Evandro Junior","isPartOf":{"@id":"https:\/\/www.blogsoestado.com\/evandrojunior\/#website"},"primaryImageOfPage":{"@id":"https:\/\/www.blogsoestado.com\/evandrojunior\/2024\/07\/15\/jovem-aprendiz-alumar-abre-vagas-para-tecnico-em-eletromecanica\/#primaryimage"},"image":{"@id":"https:\/\/www.blogsoestado.com\/evandrojunior\/2024\/07\/15\/jovem-aprendiz-alumar-abre-vagas-para-tecnico-em-eletromecanica\/#primaryimage"},"thumbnailUrl":"https:\/\/www.blogsoestado.com\/evandrojunior\/files\/2024\/07\/WhatsApp-Image-2024-07-15-at-15.44.06-1013x1024.jpeg","datePublished":"2024-07-15T18:48:09+00:00","author":{"@id":"https:\/\/www.blogsoestado.com\/evandrojunior\/#\/schema\/person\/3e6c3d8dbb740d1c6878ebc935cfb3be"},"breadcrumb":{"@id":"https:\/\/www.blogsoestado.com\/evandrojunior\/2024\/07\/15\/jovem-aprendiz-alumar-abre-vagas-para-tecnico-em-eletromecanica\/#breadcrumb"},"inLanguage":"pt-BR","potentialAction":[{"@type":"ReadAction","target":["https:\/\/www.blogsoestado.com\/evandrojunior\/2024\/07\/15\/jovem-aprendiz-alumar-abre-vagas-para-tecnico-em-eletromecanica\/"]}]},{"@type":"ImageObject","inLanguage":"pt-BR","@id":"https:\/\/www.blogsoestado.com\/evandrojunior\/2024\/07\/15\/jovem-aprendiz-alumar-abre-vagas-para-tecnico-em-eletromecanica\/#primaryimage","url":"https:\/\/www.blogsoestado.com\/evandrojunior\/files\/2024\/07\/WhatsApp-Image-2024-07-15-at-15.44.06-1013x1024.jpeg","contentUrl":"https:\/\/www.blogsoestado.com\/evandrojunior\/files\/2024\/07\/WhatsApp-Image-2024-07-15-at-15.44.06-1013x1024.jpeg"},{"@type":"BreadcrumbList","@id":"https:\/\/www.blogsoestado.com\/evandrojunior\/2024\/07\/15\/jovem-aprendiz-alumar-abre-vagas-para-tecnico-em-eletromecanica\/#breadcrumb","itemListElement":[{"@type":"ListItem","position":1,"name":"In\u00edcio","item":"https:\/\/www.blogsoestado.com\/evandrojunior\/"},{"@type":"ListItem","position":2,"name":"Jovem Aprendiz: Alumar abre vagas para t\u00e9cnico em Eletromec\u00e2nica"}]},{"@type":"WebSite","@id":"https:\/\/www.blogsoestado.com\/evandrojunior\/#website","url":"https:\/\/www.blogsoestado.com\/evandrojunior\/","name":"Evandro Junior","description":"","potentialAction":[{"@type":"SearchAction","target":{"@type":"EntryPoint","urlTemplate":"https:\/\/www.blogsoestado.com\/evandrojunior\/?s={search_term_string}"},"query-input":{"@type":"PropertyValueSpecification","valueRequired":true,"valueName":"search_term_string"}}],"inLanguage":"pt-BR"},{"@type":"Person","@id":"https:\/\/www.blogsoestado.com\/evandrojunior\/#\/schema\/person\/3e6c3d8dbb740d1c6878ebc935cfb3be","name":"Evandro Junior","image":{"@type":"ImageObject","inLanguage":"pt-BR","@id":"https:\/\/www.blogsoestado.com\/evandrojunior\/#\/schema\/person\/image\/","url":"https:\/\/secure.gravatar.com\/avatar\/f80a03a2294a580cd2318bfb459bf354cfa8be661ef3d95b542cf9a04af8d129?s=96&d=mm&r=g","contentUrl":"https:\/\/secure.gravatar.com\/avatar\/f80a03a2294a580cd2318bfb459bf354cfa8be661ef3d95b542cf9a04af8d129?s=96&d=mm&r=g","caption":"Evandro Junior"},"url":"https:\/\/www.blogsoestado.com\/evandrojunior\/author\/evandrojunior\/"}]}},"jetpack_featured_media_url":"","_links":{"self":[{"href":"https:\/\/www.blogsoestado.com\/evandrojunior\/wp-json\/wp\/v2\/posts\/12384","targetHints":{"allow":["GET"]}}],"collection":[{"href":"https:\/\/www.blogsoestado.com\/evandrojunior\/wp-json\/wp\/v2\/posts"}],"about":[{"href":"https:\/\/www.blogsoestado.com\/evandrojunior\/wp-json\/wp\/v2\/types\/post"}],"author":[{"embeddable":true,"href":"https:\/\/www.blogsoestado.com\/evandrojunior\/wp-json\/wp\/v2\/users\/4"}],"replies":[{"embeddable":true,"href":"https:\/\/www.blogsoestado.com\/evandrojunior\/wp-json\/wp\/v2\/comments?post=12384"}],"version-history":[{"count":0,"href":"https:\/\/www.blogsoestado.com\/evandrojunior\/wp-json\/wp\/v2\/posts\/12384\/revisions"}],"wp:attachment":[{"href":"https:\/\/www.blogsoestado.com\/evandrojunior\/wp-json\/wp\/v2\/media?parent=12384"}],"wp:term":[{"taxonomy":"category","embeddable":true,"href":"https:\/\/www.blogsoestado.com\/evandrojunior\/wp-json\/wp\/v2\/categories?post=12384"},{"taxonomy":"post_tag","embeddable":true,"href":"https:\/\/www.blogsoestado.com\/evandrojunior\/wp-json\/wp\/v2\/tags?post=12384"}],"curies":[{"name":"wp","href":"https:\/\/api.w.org\/{rel}","templated":true}]}}