{"id":12435,"date":"2024-07-21T13:57:46","date_gmt":"2024-07-21T16:57:46","guid":{"rendered":"https:\/\/www.blogsoestado.com\/evandrojunior\/?p=12435"},"modified":"2024-07-21T13:57:46","modified_gmt":"2024-07-21T16:57:46","slug":"lauf-sao-luis-e-patrocinadora-da-corrida-sao-luis-e-tera-estande-no-evento","status":"publish","type":"post","link":"https:\/\/www.blogsoestado.com\/evandrojunior\/2024\/07\/21\/lauf-sao-luis-e-patrocinadora-da-corrida-sao-luis-e-tera-estande-no-evento\/","title":{"rendered":"Lauf S\u00e3o Lu\u00eds \u00e9 patrocinadora da Corrida S\u00e3o Lu\u00eds e ter\u00e1 estande no evento"},"content":{"rendered":"\n<div class=\"wp-block-image\"><figure class=\"aligncenter size-large is-resized\"><img fetchpriority=\"high\" decoding=\"async\" src=\"https:\/\/www.blogsoestado.com\/evandrojunior\/files\/2024\/07\/2-1-732x1024.png\" alt=\"\" class=\"wp-image-12436\" width=\"570\" height=\"797\"\/><figcaption><strong>Lauf S\u00e3o Lu\u00eds busca constantemente inovar e estar pr\u00f3xima de iniciativas alinhadas ao estilo de vida dos seus consumidores<\/strong><\/figcaption><\/figure><\/div>\n\n\n\n<p><strong>S\u00e3o Lu\u00eds <\/strong>&#8211; A Lauf S\u00e3o Lu\u00eds participar\u00e1, como patrocinadora, da 11\u00aa edi\u00e7\u00e3o da Corrida S\u00e3o Lu\u00eds, um dos eventos mais prestigiados do calend\u00e1rio esportivo maranhense. A corrida ser\u00e1 realizada no dia 28 de julho, com percurso pela Avenida Litor\u00e2nea. A concentra\u00e7\u00e3o come\u00e7a \u00e0s 5h, com a primeira largada prevista para \u00e0s 6h. Organizada pelo Grupo Mirante, a Corrida S\u00e3o Lu\u00eds \u00e9 reconhecida por promover a import\u00e2ncia da pr\u00e1tica esportiva na cidade.<\/p>\n\n\n\n<p>Para garantir seguran\u00e7a e conforto aos participantes, ser\u00e1 montada uma grande estrutura no local da concentra\u00e7\u00e3o, com v\u00e1rios servi\u00e7os, tendas de hidrata\u00e7\u00e3o, frutas e ambul\u00e2ncia. Como patrocinadora oficial do evento, a Lauf estar\u00e1 presente com um estande promocional onde exibir\u00e1 as pe\u00e7as da cole\u00e7\u00e3o com a La Rouge Belle, al\u00e9m da Ver\u00e3o 24 com at\u00e9 65% OFF e, tamb\u00e9m, as pe\u00e7as da Cole\u00e7\u00e3o de Inverno 2024 com at\u00e9 50% de desconto. Os participantes que visitarem o estande poder\u00e3o descansar, participar de ativa\u00e7\u00f5es, concorrer a brindes e conhecer mais sobre os produtos da SALE.<\/p>\n\n\n\n<p>A participa\u00e7\u00e3o da marca neste evento \u00e9 um encontro de prop\u00f3sitos. A Lauf nasce do desejo de treinar com roupas que ofere\u00e7am qualidade, tecnologia, conforto e estilo. Enquanto entusiasta do esporte e representante dessa marca refer\u00eancia no mercado brasileiro, a Lauf S\u00e3o Lu\u00eds busca constantemente inovar e estar pr\u00f3xima de iniciativas alinhadas ao estilo de vida dos seus consumidores, como no caso da Corrida S\u00e3o Lu\u00eds e outros projetos do segmento.<\/p>\n\n\n\n<p>Com vestu\u00e1rio completo para atletas e amantes de corrida, a Lauf preparou o seu time para orientar os participantes que desejam se preparar para o grande dia, na escolha do look ideal. Os produtos possuem alta elasticidade, op\u00e7\u00f5es com m\u00e9dia e alta compress\u00e3o, secagem r\u00e1pida e s\u00e3o desenvolvidos com mat\u00e9rias-primas que causam o menor impacto ao meio ambiente, al\u00e9m de terem uma modelagem \u00fanica, com um toque de estilo. <\/p>\n\n\n\n<p>A Lauf fica localizada no S\u00e3o Lu\u00eds Shopping, primeiro piso, pr\u00f3ximo \u00e0 pra\u00e7a de eventos, e funciona de segunda a s\u00e1bado, de 10h \u00e0s 22h e domingo de 13h \u00e0s 20h.<\/p>\n","protected":false},"excerpt":{"rendered":"<p>S\u00e3o Lu\u00eds &#8211; A Lauf S\u00e3o Lu\u00eds participar\u00e1, como patrocinadora, da 11\u00aa edi\u00e7\u00e3o da Corrida S\u00e3o Lu\u00eds, um dos eventos [&hellip;]<\/p>\n","protected":false},"author":4,"featured_media":0,"comment_status":"open","ping_status":"open","sticky":false,"template":"","format":"standard","meta":{"site-sidebar-layout":"default","site-content-layout":"","ast-site-content-layout":"default","site-content-style":"default","site-sidebar-style":"default","ast-global-header-display":"","ast-banner-title-visibility":"","ast-main-header-display":"","ast-hfb-above-header-display":"","ast-hfb-below-header-display":"","ast-hfb-mobile-header-display":"","site-post-title":"","ast-breadcrumbs-content":"","ast-featured-img":"","footer-sml-layout":"","ast-disable-related-posts":"","theme-transparent-header-meta":"","adv-header-id-meta":"","stick-header-meta":"","header-above-stick-meta":"","header-main-stick-meta":"","header-below-stick-meta":"","astra-migrate-meta-layouts":"default","ast-page-background-enabled":"default","ast-page-background-meta":{"desktop":{"background-color":"var(--ast-global-color-5)","background-image":"","background-repeat":"repeat","background-position":"center center","background-size":"auto","background-attachment":"scroll","background-type":"","background-media":"","overlay-type":"","overlay-color":"","overlay-opacity":"","overlay-gradient":""},"tablet":{"background-color":"","background-image":"","background-repeat":"repeat","background-position":"center center","background-size":"auto","background-attachment":"scroll","background-type":"","background-media":"","overlay-type":"","overlay-color":"","overlay-opacity":"","overlay-gradient":""},"mobile":{"background-color":"","background-image":"","background-repeat":"repeat","background-position":"center center","background-size":"auto","background-attachment":"scroll","background-type":"","background-media":"","overlay-type":"","overlay-color":"","overlay-opacity":"","overlay-gradient":""}},"ast-content-background-meta":{"desktop":{"background-color":"var(--ast-global-color-4)","background-image":"","background-repeat":"repeat","background-position":"center center","background-size":"auto","background-attachment":"scroll","background-type":"","background-media":"","overlay-type":"","overlay-color":"","overlay-opacity":"","overlay-gradient":""},"tablet":{"background-color":"var(--ast-global-color-4)","background-image":"","background-repeat":"repeat","background-position":"center center","background-size":"auto","background-attachment":"scroll","background-type":"","background-media":"","overlay-type":"","overlay-color":"","overlay-opacity":"","overlay-gradient":""},"mobile":{"background-color":"var(--ast-global-color-4)","background-image":"","background-repeat":"repeat","background-position":"center center","background-size":"auto","background-attachment":"scroll","background-type":"","background-media":"","overlay-type":"","overlay-color":"","overlay-opacity":"","overlay-gradient":""}},"footnotes":""},"categories":[1],"tags":[],"class_list":["post-12435","post","type-post","status-publish","format-standard","hentry","category-sem-categoria"],"yoast_head":"<!-- This site is optimized with the Yoast SEO plugin v26.6 - https:\/\/yoast.com\/wordpress\/plugins\/seo\/ -->\n<title>Lauf S\u00e3o Lu\u00eds \u00e9 patrocinadora da Corrida S\u00e3o Lu\u00eds e ter\u00e1 estande no evento - Evandro Junior<\/title>\n<meta name=\"robots\" content=\"index, follow, max-snippet:-1, max-image-preview:large, max-video-preview:-1\" \/>\n<link rel=\"canonical\" href=\"https:\/\/www.blogsoestado.com\/evandrojunior\/2024\/07\/21\/lauf-sao-luis-e-patrocinadora-da-corrida-sao-luis-e-tera-estande-no-evento\/\" \/>\n<meta property=\"og:locale\" content=\"pt_BR\" \/>\n<meta property=\"og:type\" content=\"article\" \/>\n<meta property=\"og:title\" content=\"Lauf S\u00e3o Lu\u00eds \u00e9 patrocinadora da Corrida S\u00e3o Lu\u00eds e ter\u00e1 estande no evento - Evandro Junior\" \/>\n<meta property=\"og:description\" content=\"S\u00e3o Lu\u00eds &#8211; A Lauf S\u00e3o Lu\u00eds participar\u00e1, como patrocinadora, da 11\u00aa edi\u00e7\u00e3o da Corrida S\u00e3o Lu\u00eds, um dos eventos [&hellip;]\" \/>\n<meta property=\"og:url\" content=\"https:\/\/www.blogsoestado.com\/evandrojunior\/2024\/07\/21\/lauf-sao-luis-e-patrocinadora-da-corrida-sao-luis-e-tera-estande-no-evento\/\" \/>\n<meta property=\"og:site_name\" content=\"Evandro Junior\" \/>\n<meta property=\"article:published_time\" content=\"2024-07-21T16:57:46+00:00\" \/>\n<meta property=\"og:image\" content=\"https:\/\/www.blogsoestado.com\/evandrojunior\/files\/2024\/07\/2-1-732x1024.png\" \/>\n<meta name=\"author\" content=\"Evandro Junior\" \/>\n<meta name=\"twitter:card\" content=\"summary_large_image\" \/>\n<meta name=\"twitter:label1\" content=\"Escrito por\" \/>\n\t<meta name=\"twitter:data1\" content=\"Evandro Junior\" \/>\n\t<meta name=\"twitter:label2\" content=\"Est. tempo de leitura\" \/>\n\t<meta name=\"twitter:data2\" content=\"2 minutos\" \/>\n<script type=\"application\/ld+json\" class=\"yoast-schema-graph\">{\"@context\":\"https:\/\/schema.org\",\"@graph\":[{\"@type\":\"WebPage\",\"@id\":\"https:\/\/www.blogsoestado.com\/evandrojunior\/2024\/07\/21\/lauf-sao-luis-e-patrocinadora-da-corrida-sao-luis-e-tera-estande-no-evento\/\",\"url\":\"https:\/\/www.blogsoestado.com\/evandrojunior\/2024\/07\/21\/lauf-sao-luis-e-patrocinadora-da-corrida-sao-luis-e-tera-estande-no-evento\/\",\"name\":\"Lauf S\u00e3o Lu\u00eds \u00e9 patrocinadora da Corrida S\u00e3o Lu\u00eds e ter\u00e1 estande no evento - Evandro Junior\",\"isPartOf\":{\"@id\":\"https:\/\/www.blogsoestado.com\/evandrojunior\/#website\"},\"primaryImageOfPage\":{\"@id\":\"https:\/\/www.blogsoestado.com\/evandrojunior\/2024\/07\/21\/lauf-sao-luis-e-patrocinadora-da-corrida-sao-luis-e-tera-estande-no-evento\/#primaryimage\"},\"image\":{\"@id\":\"https:\/\/www.blogsoestado.com\/evandrojunior\/2024\/07\/21\/lauf-sao-luis-e-patrocinadora-da-corrida-sao-luis-e-tera-estande-no-evento\/#primaryimage\"},\"thumbnailUrl\":\"https:\/\/www.blogsoestado.com\/evandrojunior\/files\/2024\/07\/2-1-732x1024.png\",\"datePublished\":\"2024-07-21T16:57:46+00:00\",\"author\":{\"@id\":\"https:\/\/www.blogsoestado.com\/evandrojunior\/#\/schema\/person\/3e6c3d8dbb740d1c6878ebc935cfb3be\"},\"breadcrumb\":{\"@id\":\"https:\/\/www.blogsoestado.com\/evandrojunior\/2024\/07\/21\/lauf-sao-luis-e-patrocinadora-da-corrida-sao-luis-e-tera-estande-no-evento\/#breadcrumb\"},\"inLanguage\":\"pt-BR\",\"potentialAction\":[{\"@type\":\"ReadAction\",\"target\":[\"https:\/\/www.blogsoestado.com\/evandrojunior\/2024\/07\/21\/lauf-sao-luis-e-patrocinadora-da-corrida-sao-luis-e-tera-estande-no-evento\/\"]}]},{\"@type\":\"ImageObject\",\"inLanguage\":\"pt-BR\",\"@id\":\"https:\/\/www.blogsoestado.com\/evandrojunior\/2024\/07\/21\/lauf-sao-luis-e-patrocinadora-da-corrida-sao-luis-e-tera-estande-no-evento\/#primaryimage\",\"url\":\"https:\/\/www.blogsoestado.com\/evandrojunior\/files\/2024\/07\/2-1-732x1024.png\",\"contentUrl\":\"https:\/\/www.blogsoestado.com\/evandrojunior\/files\/2024\/07\/2-1-732x1024.png\"},{\"@type\":\"BreadcrumbList\",\"@id\":\"https:\/\/www.blogsoestado.com\/evandrojunior\/2024\/07\/21\/lauf-sao-luis-e-patrocinadora-da-corrida-sao-luis-e-tera-estande-no-evento\/#breadcrumb\",\"itemListElement\":[{\"@type\":\"ListItem\",\"position\":1,\"name\":\"In\u00edcio\",\"item\":\"https:\/\/www.blogsoestado.com\/evandrojunior\/\"},{\"@type\":\"ListItem\",\"position\":2,\"name\":\"Lauf S\u00e3o Lu\u00eds \u00e9 patrocinadora da Corrida S\u00e3o Lu\u00eds e ter\u00e1 estande no evento\"}]},{\"@type\":\"WebSite\",\"@id\":\"https:\/\/www.blogsoestado.com\/evandrojunior\/#website\",\"url\":\"https:\/\/www.blogsoestado.com\/evandrojunior\/\",\"name\":\"Evandro Junior\",\"description\":\"\",\"potentialAction\":[{\"@type\":\"SearchAction\",\"target\":{\"@type\":\"EntryPoint\",\"urlTemplate\":\"https:\/\/www.blogsoestado.com\/evandrojunior\/?s={search_term_string}\"},\"query-input\":{\"@type\":\"PropertyValueSpecification\",\"valueRequired\":true,\"valueName\":\"search_term_string\"}}],\"inLanguage\":\"pt-BR\"},{\"@type\":\"Person\",\"@id\":\"https:\/\/www.blogsoestado.com\/evandrojunior\/#\/schema\/person\/3e6c3d8dbb740d1c6878ebc935cfb3be\",\"name\":\"Evandro Junior\",\"image\":{\"@type\":\"ImageObject\",\"inLanguage\":\"pt-BR\",\"@id\":\"https:\/\/www.blogsoestado.com\/evandrojunior\/#\/schema\/person\/image\/\",\"url\":\"https:\/\/secure.gravatar.com\/avatar\/f80a03a2294a580cd2318bfb459bf354cfa8be661ef3d95b542cf9a04af8d129?s=96&d=mm&r=g\",\"contentUrl\":\"https:\/\/secure.gravatar.com\/avatar\/f80a03a2294a580cd2318bfb459bf354cfa8be661ef3d95b542cf9a04af8d129?s=96&d=mm&r=g\",\"caption\":\"Evandro Junior\"},\"url\":\"https:\/\/www.blogsoestado.com\/evandrojunior\/author\/evandrojunior\/\"}]}<\/script>\n<!-- \/ Yoast SEO plugin. -->","yoast_head_json":{"title":"Lauf S\u00e3o Lu\u00eds \u00e9 patrocinadora da Corrida S\u00e3o Lu\u00eds e ter\u00e1 estande no evento - Evandro Junior","robots":{"index":"index","follow":"follow","max-snippet":"max-snippet:-1","max-image-preview":"max-image-preview:large","max-video-preview":"max-video-preview:-1"},"canonical":"https:\/\/www.blogsoestado.com\/evandrojunior\/2024\/07\/21\/lauf-sao-luis-e-patrocinadora-da-corrida-sao-luis-e-tera-estande-no-evento\/","og_locale":"pt_BR","og_type":"article","og_title":"Lauf S\u00e3o Lu\u00eds \u00e9 patrocinadora da Corrida S\u00e3o Lu\u00eds e ter\u00e1 estande no evento - Evandro Junior","og_description":"S\u00e3o Lu\u00eds &#8211; A Lauf S\u00e3o Lu\u00eds participar\u00e1, como patrocinadora, da 11\u00aa edi\u00e7\u00e3o da Corrida S\u00e3o Lu\u00eds, um dos eventos [&hellip;]","og_url":"https:\/\/www.blogsoestado.com\/evandrojunior\/2024\/07\/21\/lauf-sao-luis-e-patrocinadora-da-corrida-sao-luis-e-tera-estande-no-evento\/","og_site_name":"Evandro Junior","article_published_time":"2024-07-21T16:57:46+00:00","og_image":[{"url":"https:\/\/www.blogsoestado.com\/evandrojunior\/files\/2024\/07\/2-1-732x1024.png","type":"","width":"","height":""}],"author":"Evandro Junior","twitter_card":"summary_large_image","twitter_misc":{"Escrito por":"Evandro Junior","Est. tempo de leitura":"2 minutos"},"schema":{"@context":"https:\/\/schema.org","@graph":[{"@type":"WebPage","@id":"https:\/\/www.blogsoestado.com\/evandrojunior\/2024\/07\/21\/lauf-sao-luis-e-patrocinadora-da-corrida-sao-luis-e-tera-estande-no-evento\/","url":"https:\/\/www.blogsoestado.com\/evandrojunior\/2024\/07\/21\/lauf-sao-luis-e-patrocinadora-da-corrida-sao-luis-e-tera-estande-no-evento\/","name":"Lauf S\u00e3o Lu\u00eds \u00e9 patrocinadora da Corrida S\u00e3o Lu\u00eds e ter\u00e1 estande no evento - Evandro Junior","isPartOf":{"@id":"https:\/\/www.blogsoestado.com\/evandrojunior\/#website"},"primaryImageOfPage":{"@id":"https:\/\/www.blogsoestado.com\/evandrojunior\/2024\/07\/21\/lauf-sao-luis-e-patrocinadora-da-corrida-sao-luis-e-tera-estande-no-evento\/#primaryimage"},"image":{"@id":"https:\/\/www.blogsoestado.com\/evandrojunior\/2024\/07\/21\/lauf-sao-luis-e-patrocinadora-da-corrida-sao-luis-e-tera-estande-no-evento\/#primaryimage"},"thumbnailUrl":"https:\/\/www.blogsoestado.com\/evandrojunior\/files\/2024\/07\/2-1-732x1024.png","datePublished":"2024-07-21T16:57:46+00:00","author":{"@id":"https:\/\/www.blogsoestado.com\/evandrojunior\/#\/schema\/person\/3e6c3d8dbb740d1c6878ebc935cfb3be"},"breadcrumb":{"@id":"https:\/\/www.blogsoestado.com\/evandrojunior\/2024\/07\/21\/lauf-sao-luis-e-patrocinadora-da-corrida-sao-luis-e-tera-estande-no-evento\/#breadcrumb"},"inLanguage":"pt-BR","potentialAction":[{"@type":"ReadAction","target":["https:\/\/www.blogsoestado.com\/evandrojunior\/2024\/07\/21\/lauf-sao-luis-e-patrocinadora-da-corrida-sao-luis-e-tera-estande-no-evento\/"]}]},{"@type":"ImageObject","inLanguage":"pt-BR","@id":"https:\/\/www.blogsoestado.com\/evandrojunior\/2024\/07\/21\/lauf-sao-luis-e-patrocinadora-da-corrida-sao-luis-e-tera-estande-no-evento\/#primaryimage","url":"https:\/\/www.blogsoestado.com\/evandrojunior\/files\/2024\/07\/2-1-732x1024.png","contentUrl":"https:\/\/www.blogsoestado.com\/evandrojunior\/files\/2024\/07\/2-1-732x1024.png"},{"@type":"BreadcrumbList","@id":"https:\/\/www.blogsoestado.com\/evandrojunior\/2024\/07\/21\/lauf-sao-luis-e-patrocinadora-da-corrida-sao-luis-e-tera-estande-no-evento\/#breadcrumb","itemListElement":[{"@type":"ListItem","position":1,"name":"In\u00edcio","item":"https:\/\/www.blogsoestado.com\/evandrojunior\/"},{"@type":"ListItem","position":2,"name":"Lauf S\u00e3o Lu\u00eds \u00e9 patrocinadora da Corrida S\u00e3o Lu\u00eds e ter\u00e1 estande no evento"}]},{"@type":"WebSite","@id":"https:\/\/www.blogsoestado.com\/evandrojunior\/#website","url":"https:\/\/www.blogsoestado.com\/evandrojunior\/","name":"Evandro Junior","description":"","potentialAction":[{"@type":"SearchAction","target":{"@type":"EntryPoint","urlTemplate":"https:\/\/www.blogsoestado.com\/evandrojunior\/?s={search_term_string}"},"query-input":{"@type":"PropertyValueSpecification","valueRequired":true,"valueName":"search_term_string"}}],"inLanguage":"pt-BR"},{"@type":"Person","@id":"https:\/\/www.blogsoestado.com\/evandrojunior\/#\/schema\/person\/3e6c3d8dbb740d1c6878ebc935cfb3be","name":"Evandro Junior","image":{"@type":"ImageObject","inLanguage":"pt-BR","@id":"https:\/\/www.blogsoestado.com\/evandrojunior\/#\/schema\/person\/image\/","url":"https:\/\/secure.gravatar.com\/avatar\/f80a03a2294a580cd2318bfb459bf354cfa8be661ef3d95b542cf9a04af8d129?s=96&d=mm&r=g","contentUrl":"https:\/\/secure.gravatar.com\/avatar\/f80a03a2294a580cd2318bfb459bf354cfa8be661ef3d95b542cf9a04af8d129?s=96&d=mm&r=g","caption":"Evandro Junior"},"url":"https:\/\/www.blogsoestado.com\/evandrojunior\/author\/evandrojunior\/"}]}},"jetpack_featured_media_url":"","_links":{"self":[{"href":"https:\/\/www.blogsoestado.com\/evandrojunior\/wp-json\/wp\/v2\/posts\/12435","targetHints":{"allow":["GET"]}}],"collection":[{"href":"https:\/\/www.blogsoestado.com\/evandrojunior\/wp-json\/wp\/v2\/posts"}],"about":[{"href":"https:\/\/www.blogsoestado.com\/evandrojunior\/wp-json\/wp\/v2\/types\/post"}],"author":[{"embeddable":true,"href":"https:\/\/www.blogsoestado.com\/evandrojunior\/wp-json\/wp\/v2\/users\/4"}],"replies":[{"embeddable":true,"href":"https:\/\/www.blogsoestado.com\/evandrojunior\/wp-json\/wp\/v2\/comments?post=12435"}],"version-history":[{"count":0,"href":"https:\/\/www.blogsoestado.com\/evandrojunior\/wp-json\/wp\/v2\/posts\/12435\/revisions"}],"wp:attachment":[{"href":"https:\/\/www.blogsoestado.com\/evandrojunior\/wp-json\/wp\/v2\/media?parent=12435"}],"wp:term":[{"taxonomy":"category","embeddable":true,"href":"https:\/\/www.blogsoestado.com\/evandrojunior\/wp-json\/wp\/v2\/categories?post=12435"},{"taxonomy":"post_tag","embeddable":true,"href":"https:\/\/www.blogsoestado.com\/evandrojunior\/wp-json\/wp\/v2\/tags?post=12435"}],"curies":[{"name":"wp","href":"https:\/\/api.w.org\/{rel}","templated":true}]}}